{"id":1231,"date":"2025-11-13T13:35:00","date_gmt":"2025-11-13T13:35:00","guid":{"rendered":"https:\/\/www.encontrasaogoncalo.com.br\/sobre\/prefeitura-divulga-esquema-de-transito-para-caminhada-do-outubro-rosa\/"},"modified":"2025-11-13T13:35:00","modified_gmt":"2025-11-13T13:35:00","slug":"prefeitura-divulga-esquema-de-transito-para-caminhada-do-outubro-rosa","status":"publish","type":"post","link":"https:\/\/www.encontrasaogoncalo.com.br\/sobre\/prefeitura-divulga-esquema-de-transito-para-caminhada-do-outubro-rosa\/","title":{"rendered":"Prefeitura divulga esquema de tr\u00e2nsito para Caminhada do Outubro Rosa"},"content":{"rendered":"<div class=\"558ebb280150f569344a3237cd236fe7\" data-index=\"1\" style=\"float: none; margin:0px;\">\n<!-- Anuncio display - global -->\r\n<ins class=\"adsbygoogle\"\r\n     style=\"display:block\"\r\n     data-ad-client=\"ca-pub-8585364105181520\"\r\n     data-ad-slot=\"8789329856\"\r\n     data-ad-format=\"auto\"\r\n     data-full-width-responsive=\"true\"><\/ins>\r\n<script>\r\n     (adsbygoogle = window.adsbygoogle || []).push({});\r\n<\/script>\n<\/div>\n<h2>O Que \u00e9 a Caminhada do Outubro Rosa?<\/h2>\n<p>A Caminhada do Outubro Rosa \u00e9 um evento de conscientiza\u00e7\u00e3o que acontece anualmente em diversas cidades do Brasil e do mundo, com o intuito de promover a preven\u00e7\u00e3o e o diagn\u00f3stico precoce do c\u00e2ncer de mama e do colo do \u00fatero. Este evento \u00e9 uma iniciativa que visa mobilizar a popula\u00e7\u00e3o, sensibilizando-a sobre a import\u00e2ncia da detec\u00e7\u00e3o precoce dessas doen\u00e7as, que, conforme estudos, podem ser tratadas com mais efici\u00eancia quando identificadas em est\u00e1gios iniciais.<\/p>\n<p>O Outubro Rosa \u00e9 um movimento mundial que ocorre em outubro, e a caminhada \u00e9 uma das atividades que integram essa campanha. Durante o m\u00eas, monumentos e pr\u00e9dios p\u00fablicos s\u00e3o iluminados com a cor rosa e v\u00e1rias a\u00e7\u00f5es s\u00e3o realizadas para informar e educar a popula\u00e7\u00e3o sobre os riscos e sintomas desses tipos de c\u00e2ncer. A caminhada, al\u00e9m de exercer um papel fundamental na conscientiza\u00e7\u00e3o, tamb\u00e9m busca fomentar a uni\u00e3o e solidariedade entre as pessoas, proporcionando um espa\u00e7o de apoio m\u00fatuo e troca de experi\u00eancias.<\/p>\n<h2>Data e Hor\u00e1rio do Evento<\/h2>\n<p>O evento est\u00e1 agendado para o dia 25 de outubro de 2025, com in\u00edcio marcado para as 8h da manh\u00e3, quando os participantes se concentrar\u00e3o em frente ao pr\u00e9dio do INSS, localizado no Centro da cidade. A caminhada est\u00e1 programada para come\u00e7ar \u00e0s 9h e seguir at\u00e9 a Pra\u00e7a Dr. Luiz Palmier, um percurso que simboliza a uni\u00e3o em prol da preven\u00e7\u00e3o e do cuidado com a sa\u00fade feminina.<\/p>\n<p><img decoding=\"async\" src=\"https:\/\/www.encontrasaogoncalo.com.br\/sobre\/wp-content\/uploads\/prefeitura-divulga-esquema-de-transito-para-caminhada-do-outubro-rosa.webp\" alt=\"Caminhada do Outubro Rosa\" loading=\"lazy\" \/><\/p>\n<p>\u00c9 importante que os participantes cheguem com anteced\u00eancia ao local de concentra\u00e7\u00e3o, para que possam se organizar e vivenciar os momentos iniciais da atividade, que incluem discursos motivacionais e informa\u00e7\u00f5es sobre a relev\u00e2ncia da luta contra o c\u00e2ncer de mama. O movimento solid\u00e1rio e as trocas de experi\u00eancias antes do in\u00edcio da marcha s\u00e3o fundamentais para criar um ambiente acolhedor e motivador para todos.<\/p>\n<h2>Local de Concentra\u00e7\u00e3o<\/h2>\n<p>O ponto de concentra\u00e7\u00e3o da Caminhada do Outubro Rosa ser\u00e1 em frente ao pr\u00e9dio do INSS, que \u00e9 um local de f\u00e1cil acesso e central na cidade. Esse ponto estrat\u00e9gico foi escolhido para facilitar a participa\u00e7\u00e3o de um grande n\u00famero de pessoas, promovendo um evento que n\u00e3o apenas envolve a comunidade local, mas tamb\u00e9m atrai visitantes de cidades vizinhas. A escolha do local \u00e9 significativa, pois o INSS \u00e9 um s\u00edmbolo de cuidado com a sa\u00fade e bem-estar da popula\u00e7\u00e3o.<\/p>\n<p>Os participantes devem observar a sinaliza\u00e7\u00e3o que indicar\u00e1 o espa\u00e7o reservado para a concentra\u00e7\u00e3o, que contar\u00e1 com diversas atividades, incluindo caminhadas aquecidas, orienta\u00e7\u00f5es de sa\u00fade e estandes com informa\u00e7\u00f5es sobre como proceder com os exames de preven\u00e7\u00e3o. Tamb\u00e9m haver\u00e1 a presen\u00e7a de profissionais de sa\u00fade para esclarecer d\u00favidas e oferecer orienta\u00e7\u00f5es sobre as melhores pr\u00e1ticas de autocuidado e exame cl\u00ednico. Essa intera\u00e7\u00e3o inicial prepara o terreno para um evento n\u00e3o apenas de mobiliza\u00e7\u00e3o, mas tamb\u00e9m de aprendizado e troca de informa\u00e7\u00f5es.<\/p>\n<h2>Interdi\u00e7\u00f5es de Tr\u00e2nsito<\/h2>\n<p>Para garantir a seguran\u00e7a dos participantes e a realiza\u00e7\u00e3o do evento, o tr\u00e2nsito na \u00e1rea do Centro ser\u00e1 alterado. A Rua Coronel Moreira C\u00e9sar, especificamente o trecho entre a Rua Lara Vilela e a Pra\u00e7a Luiz Palmier, ter\u00e1 uma pista interditada durante a realiza\u00e7\u00e3o da caminhada. Essa medida \u00e9 essencial para assegurar que os pedestres possam circular livremente, sem riscos de acidentes com ve\u00edculos. Al\u00e9m disso, durante o evento, as regulamenta\u00e7\u00f5es de estacionamento, pontos de t\u00e1xi e \u00e1reas de embarque e desembarque ser\u00e3o suspensas.<\/p>\n<p>A Prefeitura e os \u00f3rg\u00e3os de tr\u00e2nsito locais j\u00e1 iniciaram a comunica\u00e7\u00e3o sobre essas altera\u00e7\u00f5es, garantindo que a popula\u00e7\u00e3o esteja ciente das interdi\u00e7\u00f5es e possa planejar suas rotas de deslocamento. \u00c9 fundamental que os motoristas respeitem essas determina\u00e7\u00f5es e levem em considera\u00e7\u00e3o a mobiliza\u00e7\u00e3o, evitando estacionar em local inadequado para n\u00e3o ter seus ve\u00edculos removidos.<\/p>\n<h2>Medidas de Seguran\u00e7a<\/h2>\n<p>A seguran\u00e7a \u00e9 a prioridade n\u00famero um na realiza\u00e7\u00e3o da Caminhada do Outubro Rosa. Diversas medidas foram estabelecidas para garantir que todos os participantes possam aproveitar o evento de forma segura e tranquila. Em colabora\u00e7\u00e3o com as for\u00e7as de seguran\u00e7a locais, haver\u00e1 patrulhas que monitorar\u00e3o a \u00e1rea durante todo o evento, evitando qualquer tipo de incidentes.<\/p>\n<p>A organiza\u00e7\u00e3o fornecer\u00e1, ainda, pessoas identificadas como volunt\u00e1rios e coordenadores para orientar os participantes e prestar assist\u00eancia em caso de emerg\u00eancias. Todos s\u00e3o encorajados a manter o esp\u00edrito de camaradagem e apoio m\u00fatuo, contribuindo para um ambiente positivo e acolhedor, al\u00e9m de respeitar as orienta\u00e7\u00f5es dadas pelos organizadores e pela seguran\u00e7a. Essa estrutura n\u00e3o apenas auxilia na prote\u00e7\u00e3o dos participantes, mas tamb\u00e9m serve como um exemplo de como a comunidade pode se unir em torno de uma causa importante.<\/p>\n<h2>Import\u00e2ncia da Conscientiza\u00e7\u00e3o<\/h2>\n<p>A conscientiza\u00e7\u00e3o sobre o c\u00e2ncer de mama e o colo do \u00fatero \u00e9 crucial na luta contra essas doen\u00e7as. O c\u00e2ncer de mama, por exemplo, \u00e9 o mais comum entre as mulheres, e muitos casos podem ser tratados com sucesso quando diagnosticados precocemente. A Caminhada do Outubro Rosa \u00e9 uma oportunidade valiosa de disseminar informa\u00e7\u00f5es sobre a import\u00e2ncia dos exames regulares, incluindo mamografias e exames cl\u00ednicos.<\/p>\n<p>Atrav\u00e9s da mobiliza\u00e7\u00e3o social e da educa\u00e7\u00e3o, \u00e9 poss\u00edvel quebrar tabus e mitos que cercam essas condi\u00e7\u00f5es de sa\u00fade. Informar as mulheres e a popula\u00e7\u00e3o em geral sobre os sinais e sintomas do c\u00e2ncer, assim como as op\u00e7\u00f5es de tratamento e suporte, torna-se uma miss\u00e3o importante para a sociedade como um todo. Eventos como a Caminhada do Outubro Rosa n\u00e3o apenas ajudam a aumentar a conscientiza\u00e7\u00e3o, mas tamb\u00e9m promovem um ambiente de apoio e solidariedade entre amigos, familiares e pessoas que est\u00e3o lidando com a doen\u00e7a.<\/p>\n<h2>Como Participar da Caminhada<\/h2>\n<p>Participar da Caminhada do Outubro Rosa \u00e9 muito simples e envolve mais do que apenas comparecer ao evento. Aqueles que desejam se unir \u00e0 causa podem come\u00e7ar compartilhando informa\u00e7\u00f5es sobre o evento em suas redes sociais, convidando amigos e familiares para participar e se engajando com grupos que promovem a sa\u00fade e a preven\u00e7\u00e3o de doen\u00e7as. No dia do evento, basta chegar ao local de concentra\u00e7\u00e3o com disposi\u00e7\u00e3o e um bom esp\u00edrito de coletividade.<\/p>\n<p>\u00c9 recomend\u00e1vel que as pessoas venham vestidas com roupas confort\u00e1veis e, se poss\u00edvel, em tons de rosa, que \u00e9 a cor s\u00edmbolo da campanha. Al\u00e9m disso, trazer garrafa de \u00e1gua e protetor solar \u00e9 essencial, uma vez que muitas vezes os eventos ocorrem em dias ensolarados e quentes. Oferecer apoio ativo a mulheres que est\u00e3o lutando contra o c\u00e2ncer, ou mesmo que s\u00e3o sobreviventes, \u00e9 uma maneira maravilhosa de mostrar solidariedade e envolvimento na causa. &#8220;><\/p>\n<h2>Expectativas para o Evento<\/h2>\n<p>As expectativas para a Caminhada do Outubro Rosa s\u00e3o extremamente altas, com a esperan\u00e7a de reunir um grande n\u00famero de participantes que queiram se engajar nessa causa t\u00e3o importante. O evento deve criar um ambiente de celebra\u00e7\u00e3o e uni\u00e3o, onde as pessoas podem compartilhar hist\u00f3rias, experi\u00eancias e, acima de tudo, esperan\u00e7a.<\/p>\n<p>Al\u00e9m disso, a participa\u00e7\u00e3o de autoridades locais e representantes da sa\u00fade pode trazer um diferencial ao evento, uma vez que suas falas e abordagens tendem a impactar mais as pessoas presentes, aumentando o compromisso em fazer exames preventivos. Espera-se que, ao t\u00e9rmino da caminhada, os participantes n\u00e3o apenas tenham se exercitado fisicamente, mas tamb\u00e9m tenham se sentido motivados a continuar a luta pela sa\u00fade da mulher, levando a mensagem adiante em suas comunidades.<\/p>\n<h2>Informa\u00e7\u00f5es Adicionais sobre o Tr\u00e2nsito<\/h2>\n<p>Enquanto a Caminhada do Outubro Rosa estiver em andamento, alguns ajustes no tr\u00e2nsito ser\u00e3o implementados para facilitar o fluxo dos participantes. De acordo com a Prefeitura, as mudan\u00e7as no tr\u00e2nsito ocorrer\u00e3o apenas no dia do evento, garantindo o m\u00ednimo de perturba\u00e7\u00f5es ao cotidiano da cidade. Pedestres que forem ao evento devem se atentar \u00e0 sinaliza\u00e7\u00e3o local e \u00e0s comunica\u00e7\u00f5es das autoridades para escolher as melhores rotas a p\u00e9 ou utilizar transporte p\u00fablico.<\/p>\n<p>Os organizadores pedem que motoristas planejem suas rotas com anteced\u00eancia, evitando os trechos que estar\u00e3o interditados, em considera\u00e7\u00e3o ao fluxo do evento. Al\u00e9m disso, \u00e9 oportuno que aqueles que utilizam transporte p\u00fablico verifiquem os hor\u00e1rios dos coletivos e busquem op\u00e7\u00f5es que os deixem pr\u00f3ximos do ponto de concentra\u00e7\u00e3o. Dessa maneira, todos poder\u00e3o participar da caminhada sem maiores problemas.<\/p>\n<h2>Impacto da Caminhada na Comunidade<\/h2>\n<p>A Caminhada do Outubro Rosa \u00e9 mais do que um evento; \u00e9 uma a\u00e7\u00e3o comunit\u00e1ria que gera impacto duradouro. Ao promover o cuidado com a sa\u00fade e a conscientiza\u00e7\u00e3o sobre o c\u00e2ncer, ela se torna uma plataforma de transforma\u00e7\u00e3o social. Essa mobiliza\u00e7\u00e3o n\u00e3o apenas oferece uma voz \u00e0s quest\u00f5es de sa\u00fade, mas tamb\u00e9m fortalece os la\u00e7os sociais, unindo pessoas em torno de um objetivo comum.<\/p>\n<p>Ao incentivar a pr\u00e1tica de atividades f\u00edsicas e o autocuidado, a caminhada contribui para a sa\u00fade coletiva da popula\u00e7\u00e3o. Al\u00e9m disso, o evento costuma inspirar outros movimentos e iniciativas em favor da sa\u00fade e bem-estar da comunidade, resultando em campanhas que abrangem outros aspectos importantes da sa\u00fade, como sa\u00fade mental e cuidados preventivos.<\/p>\n<p>A Caminhada do Outubro Rosa representa, assim, um passo significativo n\u00e3o apenas na luta contra o c\u00e2ncer, mas na constru\u00e7\u00e3o de uma sociedade mais solid\u00e1ria e consciente da import\u00e2ncia da sa\u00fade. Atrav\u00e9s da uni\u00e3o, todos podem fazer a diferen\u00e7a e promover um futuro mais saud\u00e1vel e esperan\u00e7oso.<\/p>\n\n<div style=\"font-size: 0px; height: 0px; line-height: 0px; margin: 0; padding: 0; clear: both;\"><\/div>","protected":false},"excerpt":{"rendered":"<p>Caminhada do Outubro Rosa: saiba tudo sobre o esquema de tr\u00e2nsito preparado.<\/p>\n","protected":false},"author":1,"featured_media":1230,"comment_status":"open","ping_status":"closed","sticky":false,"template":"","format":"standard","meta":{"footnotes":""},"categories":[6],"tags":[],"class_list":["post-1231","post","type-post","status-publish","format-standard","has-post-thumbnail","hentry","category-noticias-em-sao-goncalo","has_thumb"],"aioseo_notices":[],"aioseo_head":"\n\t\t<!-- All in One SEO 5.0.0.1 - aioseo.com -->\n\t<meta name=\"robots\" content=\"max-image-preview:large\" \/>\n\t<meta name=\"author\" content=\"Encontra S\u00e3o Gon\u00e7alo\"\/>\n\t<link rel=\"canonical\" href=\"https:\/\/www.encontrasaogoncalo.com.br\/sobre\/prefeitura-divulga-esquema-de-transito-para-caminhada-do-outubro-rosa\/\" \/>\n\t<meta name=\"generator\" content=\"All in One SEO (AIOSEO) 5.0.0.1\" \/>\n\t\t<meta property=\"og:locale\" content=\"pt_BR\" \/>\n\t\t<meta property=\"og:site_name\" content=\"Encontra S\u00e3o Gon\u00e7alo | Not\u00edcias, eventos, informa\u00e7\u00f5es e dicas da cidade de S\u00e3o Gon\u00e7alo e regi\u00e3o\" \/>\n\t\t<meta property=\"og:type\" content=\"article\" \/>\n\t\t<meta property=\"og:title\" content=\"Prefeitura divulga esquema de tr\u00e2nsito para Caminhada do Outubro Rosa | Encontra S\u00e3o Gon\u00e7alo\" \/>\n\t\t<meta property=\"og:url\" content=\"https:\/\/www.encontrasaogoncalo.com.br\/sobre\/prefeitura-divulga-esquema-de-transito-para-caminhada-do-outubro-rosa\/\" \/>\n\t\t<meta property=\"article:published_time\" content=\"2025-11-13T13:35:00+00:00\" \/>\n\t\t<meta property=\"article:modified_time\" content=\"2025-11-13T13:35:00+00:00\" \/>\n\t\t<meta name=\"twitter:card\" content=\"summary\" \/>\n\t\t<meta name=\"twitter:title\" content=\"Prefeitura divulga esquema de tr\u00e2nsito para Caminhada do Outubro Rosa | Encontra S\u00e3o Gon\u00e7alo\" \/>\n\t\t<script type=\"application\/ld+json\" class=\"aioseo-schema\">\n\t\t\t{\"@context\":\"https:\\\/\\\/schema.org\",\"@graph\":[{\"@type\":\"Article\",\"@id\":\"https:\\\/\\\/www.encontrasaogoncalo.com.br\\\/sobre\\\/prefeitura-divulga-esquema-de-transito-para-caminhada-do-outubro-rosa\\\/#article\",\"name\":\"Prefeitura divulga esquema de tr\\u00e2nsito para Caminhada do Outubro Rosa | Encontra S\\u00e3o Gon\\u00e7alo\",\"headline\":\"Prefeitura divulga esquema de tr\\u00e2nsito para Caminhada do Outubro Rosa\",\"author\":{\"@id\":\"https:\\\/\\\/www.encontrasaogoncalo.com.br\\\/sobre\\\/author\\\/esaogoncalo\\\/#author\"},\"publisher\":{\"@id\":\"https:\\\/\\\/www.encontrasaogoncalo.com.br\\\/sobre\\\/#organization\"},\"image\":{\"@type\":\"ImageObject\",\"url\":\"https:\\\/\\\/www.encontrasaogoncalo.com.br\\\/sobre\\\/wp-content\\\/uploads\\\/prefeitura-divulga-esquema-de-transito-para-caminhada-do-outubro-rosa.webp\",\"width\":320,\"height\":280,\"caption\":\"Caminhada do Outubro Rosa\"},\"datePublished\":\"2025-11-13T13:35:00+00:00\",\"dateModified\":\"2025-11-13T13:35:00+00:00\",\"inLanguage\":\"pt-BR\",\"mainEntityOfPage\":{\"@id\":\"https:\\\/\\\/www.encontrasaogoncalo.com.br\\\/sobre\\\/prefeitura-divulga-esquema-de-transito-para-caminhada-do-outubro-rosa\\\/#webpage\"},\"isPartOf\":{\"@id\":\"https:\\\/\\\/www.encontrasaogoncalo.com.br\\\/sobre\\\/prefeitura-divulga-esquema-de-transito-para-caminhada-do-outubro-rosa\\\/#webpage\"},\"articleSection\":\"Not\\u00edcias S\\u00e3o Gon\\u00e7alo\"},{\"@type\":\"BreadcrumbList\",\"@id\":\"https:\\\/\\\/www.encontrasaogoncalo.com.br\\\/sobre\\\/prefeitura-divulga-esquema-de-transito-para-caminhada-do-outubro-rosa\\\/#breadcrumblist\",\"itemListElement\":[{\"@type\":\"ListItem\",\"@id\":\"https:\\\/\\\/www.encontrasaogoncalo.com.br\\\/sobre#listItem\",\"position\":1,\"name\":\"In\\u00edcio\",\"item\":\"https:\\\/\\\/www.encontrasaogoncalo.com.br\\\/sobre\",\"nextItem\":{\"@type\":\"ListItem\",\"@id\":\"https:\\\/\\\/www.encontrasaogoncalo.com.br\\\/sobre\\\/noticias-em-sao-goncalo\\\/#listItem\",\"name\":\"Not\\u00edcias S\\u00e3o Gon\\u00e7alo\"}},{\"@type\":\"ListItem\",\"@id\":\"https:\\\/\\\/www.encontrasaogoncalo.com.br\\\/sobre\\\/noticias-em-sao-goncalo\\\/#listItem\",\"position\":2,\"name\":\"Not\\u00edcias S\\u00e3o Gon\\u00e7alo\",\"item\":\"https:\\\/\\\/www.encontrasaogoncalo.com.br\\\/sobre\\\/noticias-em-sao-goncalo\\\/\",\"nextItem\":{\"@type\":\"ListItem\",\"@id\":\"https:\\\/\\\/www.encontrasaogoncalo.com.br\\\/sobre\\\/prefeitura-divulga-esquema-de-transito-para-caminhada-do-outubro-rosa\\\/#listItem\",\"name\":\"Prefeitura divulga esquema de tr\\u00e2nsito para Caminhada do Outubro Rosa\"},\"previousItem\":{\"@type\":\"ListItem\",\"@id\":\"https:\\\/\\\/www.encontrasaogoncalo.com.br\\\/sobre#listItem\",\"name\":\"In\\u00edcio\"}},{\"@type\":\"ListItem\",\"@id\":\"https:\\\/\\\/www.encontrasaogoncalo.com.br\\\/sobre\\\/prefeitura-divulga-esquema-de-transito-para-caminhada-do-outubro-rosa\\\/#listItem\",\"position\":3,\"name\":\"Prefeitura divulga esquema de tr\\u00e2nsito para Caminhada do Outubro Rosa\",\"previousItem\":{\"@type\":\"ListItem\",\"@id\":\"https:\\\/\\\/www.encontrasaogoncalo.com.br\\\/sobre\\\/noticias-em-sao-goncalo\\\/#listItem\",\"name\":\"Not\\u00edcias S\\u00e3o Gon\\u00e7alo\"}}]},{\"@type\":\"Organization\",\"@id\":\"https:\\\/\\\/www.encontrasaogoncalo.com.br\\\/sobre\\\/#organization\",\"name\":\"Encontra S\\u00e3o Gon\\u00e7alo\",\"description\":\"Not\\u00edcias, eventos, informa\\u00e7\\u00f5es e dicas da cidade de S\\u00e3o Gon\\u00e7alo e regi\\u00e3o\",\"url\":\"https:\\\/\\\/www.encontrasaogoncalo.com.br\\\/sobre\\\/\"},{\"@type\":\"Person\",\"@id\":\"https:\\\/\\\/www.encontrasaogoncalo.com.br\\\/sobre\\\/author\\\/esaogoncalo\\\/#author\",\"url\":\"https:\\\/\\\/www.encontrasaogoncalo.com.br\\\/sobre\\\/author\\\/esaogoncalo\\\/\",\"name\":\"Encontra S\\u00e3o Gon\\u00e7alo\",\"image\":{\"@type\":\"ImageObject\",\"@id\":\"https:\\\/\\\/www.encontrasaogoncalo.com.br\\\/sobre\\\/prefeitura-divulga-esquema-de-transito-para-caminhada-do-outubro-rosa\\\/#authorImage\",\"url\":\"https:\\\/\\\/secure.gravatar.com\\\/avatar\\\/507340682b8270222e1f208e23198b6ae7e2c6a1033ae84e99bc6bce4f82a387?s=96&d=mm&r=g\",\"width\":96,\"height\":96,\"caption\":\"Encontra S\\u00e3o Gon\\u00e7alo\"}},{\"@type\":\"WebPage\",\"@id\":\"https:\\\/\\\/www.encontrasaogoncalo.com.br\\\/sobre\\\/prefeitura-divulga-esquema-de-transito-para-caminhada-do-outubro-rosa\\\/#webpage\",\"url\":\"https:\\\/\\\/www.encontrasaogoncalo.com.br\\\/sobre\\\/prefeitura-divulga-esquema-de-transito-para-caminhada-do-outubro-rosa\\\/\",\"name\":\"Prefeitura divulga esquema de tr\\u00e2nsito para Caminhada do Outubro Rosa | Encontra S\\u00e3o Gon\\u00e7alo\",\"inLanguage\":\"pt-BR\",\"isPartOf\":{\"@id\":\"https:\\\/\\\/www.encontrasaogoncalo.com.br\\\/sobre\\\/#website\"},\"breadcrumb\":{\"@id\":\"https:\\\/\\\/www.encontrasaogoncalo.com.br\\\/sobre\\\/prefeitura-divulga-esquema-de-transito-para-caminhada-do-outubro-rosa\\\/#breadcrumblist\"},\"author\":{\"@id\":\"https:\\\/\\\/www.encontrasaogoncalo.com.br\\\/sobre\\\/author\\\/esaogoncalo\\\/#author\"},\"creator\":{\"@id\":\"https:\\\/\\\/www.encontrasaogoncalo.com.br\\\/sobre\\\/author\\\/esaogoncalo\\\/#author\"},\"image\":{\"@type\":\"ImageObject\",\"url\":\"https:\\\/\\\/www.encontrasaogoncalo.com.br\\\/sobre\\\/wp-content\\\/uploads\\\/prefeitura-divulga-esquema-de-transito-para-caminhada-do-outubro-rosa.webp\",\"@id\":\"https:\\\/\\\/www.encontrasaogoncalo.com.br\\\/sobre\\\/prefeitura-divulga-esquema-de-transito-para-caminhada-do-outubro-rosa\\\/#mainImage\",\"width\":320,\"height\":280,\"caption\":\"Caminhada do Outubro Rosa\"},\"primaryImageOfPage\":{\"@id\":\"https:\\\/\\\/www.encontrasaogoncalo.com.br\\\/sobre\\\/prefeitura-divulga-esquema-de-transito-para-caminhada-do-outubro-rosa\\\/#mainImage\"},\"datePublished\":\"2025-11-13T13:35:00+00:00\",\"dateModified\":\"2025-11-13T13:35:00+00:00\"},{\"@type\":\"WebSite\",\"@id\":\"https:\\\/\\\/www.encontrasaogoncalo.com.br\\\/sobre\\\/#website\",\"url\":\"https:\\\/\\\/www.encontrasaogoncalo.com.br\\\/sobre\\\/\",\"name\":\"Encontra S\\u00e3o Gon\\u00e7alo\",\"description\":\"Not\\u00edcias, eventos, informa\\u00e7\\u00f5es e dicas da cidade de S\\u00e3o Gon\\u00e7alo e regi\\u00e3o\",\"inLanguage\":\"pt-BR\",\"publisher\":{\"@id\":\"https:\\\/\\\/www.encontrasaogoncalo.com.br\\\/sobre\\\/#organization\"}}]}\n\t\t<\/script>\n\t\t<!-- All in One SEO -->\n\n","aioseo_head_json":{"title":"Prefeitura divulga esquema de tr\u00e2nsito para Caminhada do Outubro Rosa | Encontra S\u00e3o Gon\u00e7alo","description":"","canonical_url":"https:\/\/www.encontrasaogoncalo.com.br\/sobre\/prefeitura-divulga-esquema-de-transito-para-caminhada-do-outubro-rosa\/","robots":"max-image-preview:large","keywords":"","webmasterTools":{"miscellaneous":""},"schema":{"@context":"https:\/\/schema.org","@graph":[{"@type":"Article","@id":"https:\/\/www.encontrasaogoncalo.com.br\/sobre\/prefeitura-divulga-esquema-de-transito-para-caminhada-do-outubro-rosa\/#article","name":"Prefeitura divulga esquema de tr\u00e2nsito para Caminhada do Outubro Rosa | Encontra S\u00e3o Gon\u00e7alo","headline":"Prefeitura divulga esquema de tr\u00e2nsito para Caminhada do Outubro Rosa","author":{"@id":"https:\/\/www.encontrasaogoncalo.com.br\/sobre\/author\/esaogoncalo\/#author"},"publisher":{"@id":"https:\/\/www.encontrasaogoncalo.com.br\/sobre\/#organization"},"image":{"@type":"ImageObject","url":"https:\/\/www.encontrasaogoncalo.com.br\/sobre\/wp-content\/uploads\/prefeitura-divulga-esquema-de-transito-para-caminhada-do-outubro-rosa.webp","width":320,"height":280,"caption":"Caminhada do Outubro Rosa"},"datePublished":"2025-11-13T13:35:00+00:00","dateModified":"2025-11-13T13:35:00+00:00","inLanguage":"pt-BR","mainEntityOfPage":{"@id":"https:\/\/www.encontrasaogoncalo.com.br\/sobre\/prefeitura-divulga-esquema-de-transito-para-caminhada-do-outubro-rosa\/#webpage"},"isPartOf":{"@id":"https:\/\/www.encontrasaogoncalo.com.br\/sobre\/prefeitura-divulga-esquema-de-transito-para-caminhada-do-outubro-rosa\/#webpage"},"articleSection":"Not\u00edcias S\u00e3o Gon\u00e7alo"},{"@type":"BreadcrumbList","@id":"https:\/\/www.encontrasaogoncalo.com.br\/sobre\/prefeitura-divulga-esquema-de-transito-para-caminhada-do-outubro-rosa\/#breadcrumblist","itemListElement":[{"@type":"ListItem","@id":"https:\/\/www.encontrasaogoncalo.com.br\/sobre#listItem","position":1,"name":"In\u00edcio","item":"https:\/\/www.encontrasaogoncalo.com.br\/sobre","nextItem":{"@type":"ListItem","@id":"https:\/\/www.encontrasaogoncalo.com.br\/sobre\/noticias-em-sao-goncalo\/#listItem","name":"Not\u00edcias S\u00e3o Gon\u00e7alo"}},{"@type":"ListItem","@id":"https:\/\/www.encontrasaogoncalo.com.br\/sobre\/noticias-em-sao-goncalo\/#listItem","position":2,"name":"Not\u00edcias S\u00e3o Gon\u00e7alo","item":"https:\/\/www.encontrasaogoncalo.com.br\/sobre\/noticias-em-sao-goncalo\/","nextItem":{"@type":"ListItem","@id":"https:\/\/www.encontrasaogoncalo.com.br\/sobre\/prefeitura-divulga-esquema-de-transito-para-caminhada-do-outubro-rosa\/#listItem","name":"Prefeitura divulga esquema de tr\u00e2nsito para Caminhada do Outubro Rosa"},"previousItem":{"@type":"ListItem","@id":"https:\/\/www.encontrasaogoncalo.com.br\/sobre#listItem","name":"In\u00edcio"}},{"@type":"ListItem","@id":"https:\/\/www.encontrasaogoncalo.com.br\/sobre\/prefeitura-divulga-esquema-de-transito-para-caminhada-do-outubro-rosa\/#listItem","position":3,"name":"Prefeitura divulga esquema de tr\u00e2nsito para Caminhada do Outubro Rosa","previousItem":{"@type":"ListItem","@id":"https:\/\/www.encontrasaogoncalo.com.br\/sobre\/noticias-em-sao-goncalo\/#listItem","name":"Not\u00edcias S\u00e3o Gon\u00e7alo"}}]},{"@type":"Organization","@id":"https:\/\/www.encontrasaogoncalo.com.br\/sobre\/#organization","name":"Encontra S\u00e3o Gon\u00e7alo","description":"Not\u00edcias, eventos, informa\u00e7\u00f5es e dicas da cidade de S\u00e3o Gon\u00e7alo e regi\u00e3o","url":"https:\/\/www.encontrasaogoncalo.com.br\/sobre\/"},{"@type":"Person","@id":"https:\/\/www.encontrasaogoncalo.com.br\/sobre\/author\/esaogoncalo\/#author","url":"https:\/\/www.encontrasaogoncalo.com.br\/sobre\/author\/esaogoncalo\/","name":"Encontra S\u00e3o Gon\u00e7alo","image":{"@type":"ImageObject","@id":"https:\/\/www.encontrasaogoncalo.com.br\/sobre\/prefeitura-divulga-esquema-de-transito-para-caminhada-do-outubro-rosa\/#authorImage","url":"https:\/\/secure.gravatar.com\/avatar\/507340682b8270222e1f208e23198b6ae7e2c6a1033ae84e99bc6bce4f82a387?s=96&d=mm&r=g","width":96,"height":96,"caption":"Encontra S\u00e3o Gon\u00e7alo"}},{"@type":"WebPage","@id":"https:\/\/www.encontrasaogoncalo.com.br\/sobre\/prefeitura-divulga-esquema-de-transito-para-caminhada-do-outubro-rosa\/#webpage","url":"https:\/\/www.encontrasaogoncalo.com.br\/sobre\/prefeitura-divulga-esquema-de-transito-para-caminhada-do-outubro-rosa\/","name":"Prefeitura divulga esquema de tr\u00e2nsito para Caminhada do Outubro Rosa | Encontra S\u00e3o Gon\u00e7alo","inLanguage":"pt-BR","isPartOf":{"@id":"https:\/\/www.encontrasaogoncalo.com.br\/sobre\/#website"},"breadcrumb":{"@id":"https:\/\/www.encontrasaogoncalo.com.br\/sobre\/prefeitura-divulga-esquema-de-transito-para-caminhada-do-outubro-rosa\/#breadcrumblist"},"author":{"@id":"https:\/\/www.encontrasaogoncalo.com.br\/sobre\/author\/esaogoncalo\/#author"},"creator":{"@id":"https:\/\/www.encontrasaogoncalo.com.br\/sobre\/author\/esaogoncalo\/#author"},"image":{"@type":"ImageObject","url":"https:\/\/www.encontrasaogoncalo.com.br\/sobre\/wp-content\/uploads\/prefeitura-divulga-esquema-de-transito-para-caminhada-do-outubro-rosa.webp","@id":"https:\/\/www.encontrasaogoncalo.com.br\/sobre\/prefeitura-divulga-esquema-de-transito-para-caminhada-do-outubro-rosa\/#mainImage","width":320,"height":280,"caption":"Caminhada do Outubro Rosa"},"primaryImageOfPage":{"@id":"https:\/\/www.encontrasaogoncalo.com.br\/sobre\/prefeitura-divulga-esquema-de-transito-para-caminhada-do-outubro-rosa\/#mainImage"},"datePublished":"2025-11-13T13:35:00+00:00","dateModified":"2025-11-13T13:35:00+00:00"},{"@type":"WebSite","@id":"https:\/\/www.encontrasaogoncalo.com.br\/sobre\/#website","url":"https:\/\/www.encontrasaogoncalo.com.br\/sobre\/","name":"Encontra S\u00e3o Gon\u00e7alo","description":"Not\u00edcias, eventos, informa\u00e7\u00f5es e dicas da cidade de S\u00e3o Gon\u00e7alo e regi\u00e3o","inLanguage":"pt-BR","publisher":{"@id":"https:\/\/www.encontrasaogoncalo.com.br\/sobre\/#organization"}}]},"og:locale":"pt_BR","og:site_name":"Encontra S\u00e3o Gon\u00e7alo | Not\u00edcias, eventos, informa\u00e7\u00f5es e dicas da cidade de S\u00e3o Gon\u00e7alo e regi\u00e3o","og:type":"article","og:title":"Prefeitura divulga esquema de tr\u00e2nsito para Caminhada do Outubro Rosa | Encontra S\u00e3o Gon\u00e7alo","og:url":"https:\/\/www.encontrasaogoncalo.com.br\/sobre\/prefeitura-divulga-esquema-de-transito-para-caminhada-do-outubro-rosa\/","article:published_time":"2025-11-13T13:35:00+00:00","article:modified_time":"2025-11-13T13:35:00+00:00","twitter:card":"summary","twitter:title":"Prefeitura divulga esquema de tr\u00e2nsito para Caminhada do Outubro Rosa | Encontra S\u00e3o Gon\u00e7alo"},"aioseo_meta_data":{"post_id":"1231","title":null,"description":null,"keywords":null,"keyphrases":null,"primary_term":null,"canonical_url":null,"og_title":null,"og_description":null,"og_object_type":"default","og_image_type":"default","og_image_url":null,"og_image_width":null,"og_image_height":null,"og_image_custom_url":null,"og_image_custom_fields":null,"og_video":null,"og_custom_url":null,"og_article_section":null,"og_article_tags":null,"twitter_use_og":false,"twitter_card":"default","twitter_image_type":"default","twitter_image_url":null,"twitter_image_custom_url":null,"twitter_image_custom_fields":null,"twitter_title":null,"twitter_description":null,"schema":{"blockGraphs":[],"customGraphs":[],"default":{"data":{"Article":[],"Course":[],"Dataset":[],"FAQPage":[],"Movie":[],"Person":[],"Product":[],"ProductReview":[],"Car":[],"Recipe":[],"Service":[],"SoftwareApplication":[],"WebPage":[]},"graphName":"Article","isEnabled":true},"graphs":[]},"schema_type":"default","schema_type_options":null,"pillar_content":false,"robots_default":true,"robots_noindex":false,"robots_noarchive":false,"robots_nosnippet":false,"robots_nofollow":false,"robots_noimageindex":false,"robots_noodp":false,"robots_notranslate":false,"robots_max_snippet":null,"robots_max_videopreview":null,"robots_max_imagepreview":"large","priority":null,"frequency":null,"local_seo":null,"breadcrumb_settings":null,"limit_modified_date":false,"ai":null,"created":"2025-11-13 14:35:08","updated":"2026-04-02 05:29:07","focus_keyword":null,"additional_keywords":null,"truseo_locale":null,"seo_analyzer_scan_date":null},"aioseo_breadcrumb":"<div class=\"aioseo-breadcrumbs\"><span class=\"aioseo-breadcrumb\">\n\t\t\t<a href=\"https:\/\/www.encontrasaogoncalo.com.br\/sobre\" title=\"In\u00edcio\">In\u00edcio<\/a>\n\t\t<\/span><span class=\"aioseo-breadcrumb-separator\">&raquo;<\/span><span class=\"aioseo-breadcrumb\">\n\t\t\t<a href=\"https:\/\/www.encontrasaogoncalo.com.br\/sobre\/noticias-em-sao-goncalo\/\" title=\"Not\u00edcias S\u00e3o Gon\u00e7alo\">Not\u00edcias S\u00e3o Gon\u00e7alo<\/a>\n\t\t<\/span><span class=\"aioseo-breadcrumb-separator\">&raquo;<\/span><span class=\"aioseo-breadcrumb\">\n\t\t\tPrefeitura divulga esquema de tr\u00e2nsito para Caminhada do Outubro Rosa\n\t\t<\/span><\/div>","aioseo_breadcrumb_json":[{"label":"In\u00edcio","link":"https:\/\/www.encontrasaogoncalo.com.br\/sobre"},{"label":"Not\u00edcias S\u00e3o Gon\u00e7alo","link":"https:\/\/www.encontrasaogoncalo.com.br\/sobre\/noticias-em-sao-goncalo\/"},{"label":"Prefeitura divulga esquema de tr\u00e2nsito para Caminhada do Outubro Rosa","link":"https:\/\/www.encontrasaogoncalo.com.br\/sobre\/prefeitura-divulga-esquema-de-transito-para-caminhada-do-outubro-rosa\/"}],"_links":{"self":[{"href":"https:\/\/www.encontrasaogoncalo.com.br\/sobre\/wp-json\/wp\/v2\/posts\/1231","targetHints":{"allow":["GET"]}}],"collection":[{"href":"https:\/\/www.encontrasaogoncalo.com.br\/sobre\/wp-json\/wp\/v2\/posts"}],"about":[{"href":"https:\/\/www.encontrasaogoncalo.com.br\/sobre\/wp-json\/wp\/v2\/types\/post"}],"author":[{"embeddable":true,"href":"https:\/\/www.encontrasaogoncalo.com.br\/sobre\/wp-json\/wp\/v2\/users\/1"}],"replies":[{"embeddable":true,"href":"https:\/\/www.encontrasaogoncalo.com.br\/sobre\/wp-json\/wp\/v2\/comments?post=1231"}],"version-history":[{"count":0,"href":"https:\/\/www.encontrasaogoncalo.com.br\/sobre\/wp-json\/wp\/v2\/posts\/1231\/revisions"}],"wp:featuredmedia":[{"embeddable":true,"href":"https:\/\/www.encontrasaogoncalo.com.br\/sobre\/wp-json\/wp\/v2\/media\/1230"}],"wp:attachment":[{"href":"https:\/\/www.encontrasaogoncalo.com.br\/sobre\/wp-json\/wp\/v2\/media?parent=1231"}],"wp:term":[{"taxonomy":"category","embeddable":true,"href":"https:\/\/www.encontrasaogoncalo.com.br\/sobre\/wp-json\/wp\/v2\/categories?post=1231"},{"taxonomy":"post_tag","embeddable":true,"href":"https:\/\/www.encontrasaogoncalo.com.br\/sobre\/wp-json\/wp\/v2\/tags?post=1231"}],"curies":[{"name":"wp","href":"https:\/\/api.w.org\/{rel}","templated":true}]}}