{"id":1315,"date":"2025-11-30T14:15:00","date_gmt":"2025-11-30T14:15:00","guid":{"rendered":"https:\/\/www.encontrasaogoncalo.com.br\/sobre\/sao-goncalo-lanca-concurso-da-corte-do-carnaval-2026\/"},"modified":"2025-11-30T14:15:00","modified_gmt":"2025-11-30T14:15:00","slug":"sao-goncalo-lanca-concurso-da-corte-do-carnaval-2026","status":"publish","type":"post","link":"https:\/\/www.encontrasaogoncalo.com.br\/sobre\/sao-goncalo-lanca-concurso-da-corte-do-carnaval-2026\/","title":{"rendered":"S\u00e3o Gon\u00e7alo lan\u00e7a concurso da Corte do Carnaval 2026"},"content":{"rendered":"<div class=\"558ebb280150f569344a3237cd236fe7\" data-index=\"1\" style=\"float: none; margin:0px;\">\n<!-- Anuncio display - global -->\r\n<ins class=\"adsbygoogle\"\r\n     style=\"display:block\"\r\n     data-ad-client=\"ca-pub-8585364105181520\"\r\n     data-ad-slot=\"8789329856\"\r\n     data-ad-format=\"auto\"\r\n     data-full-width-responsive=\"true\"><\/ins>\r\n<script>\r\n     (adsbygoogle = window.adsbygoogle || []).push({});\r\n<\/script>\n<\/div>\n<h2>O Que \u00c9 o Concurso da Corte do Carnaval?<\/h2>\n<p>O <strong>Concurso da Corte do Carnaval<\/strong> \u00e9 um evento cultural que visa eleger representantes para a festividade de carnaval na cidade de S\u00e3o Gon\u00e7alo, no estado do Rio de Janeiro. Com o intuito de resgatar a tradi\u00e7\u00e3o do carnaval de rua que, ao longo dos anos, foi perdendo espa\u00e7o na cidade, o concurso \u00e9 parte do projeto \u201cCarnaval SG 2026 \u2013 O Carnaval da Retomada\u201d. Este evento representa um marco hist\u00f3rico na tentativa de revitalizar as festividades, trazendo de volta a alegria e a anima\u00e7\u00e3o que caracterizam essa \u00e9poca do ano.<\/p>\n<p>A corte ser\u00e1 composta pelo 1\u00ba Rei Momo, a Rainha do Carnaval e suas 1\u00aa e 2\u00aa Princesas. Esses t\u00edtulos s\u00e3o prestigiosos na cultura carnavalesca brasileira, simbolizando a ess\u00eancia, a cor, e a vivacidade do evento. O concurso tamb\u00e9m \u00e9 uma oportunidade para que os cidad\u00e3os gon\u00e7alenses se envolvam ativamente na celebra\u00e7\u00e3o e na representa\u00e7\u00e3o de sua cultura local.<\/p>\n<h2>Como Se Inscrever no Concurso?<\/h2>\n<p>Para os interessados em participar do <strong>Concurso da Corte do Carnaval<\/strong>, o processo de inscri\u00e7\u00e3o foi definido para ser acess\u00edvel e inclusivo. A inscri\u00e7\u00e3o deve ser feita por meio de um formul\u00e1rio espec\u00edfico dispon\u00edvel online, com o prazo para inscri\u00e7\u00f5es at\u00e9 o final do m\u00eas de novembro de 2025. O evento de coroa\u00e7\u00e3o da corte ser\u00e1 realizado no dia 6 de dezembro de 2025. As inscri\u00e7\u00f5es possibilitam que candidatos independentes, bem como representantes de escolas de samba e blocos de carnaval, possam participar, garantindo uma ampla representatividade de diversas comunidades da cidade.<\/p>\n<p><img decoding=\"async\" src=\"https:\/\/www.encontrasaogoncalo.com.br\/sobre\/wp-content\/uploads\/sao-goncalo-lanca-concurso-da-corte-do-carnaval-2026.webp\" alt=\"Concurso da Corte do Carnaval 2026\" loading=\"lazy\" \/><\/p>\n<p>Os procedimentos de inscri\u00e7\u00e3o s\u00e3o projetados para que todos possam participar facilmente, sem complica\u00e7\u00f5es. Al\u00e9m de se inscrever atrav\u00e9s do formul\u00e1rio disponibilizado, os candidatos devem atender a requisitos b\u00e1sicos, como idade m\u00ednima e outros crit\u00e9rios que garantir\u00e3o a promo\u00e7\u00e3o de um evento justo e representativo.<\/p>\n<h2>Data e Local do Evento<\/h2>\n<p>O <strong>Concurso da Corte do Carnaval 2026<\/strong> acontecer\u00e1 no dia 6 de dezembro de 2025, com a grande final marcada para ser realizada no Centro de Tradi\u00e7\u00f5es Nordestinas de S\u00e3o Gon\u00e7alo. Este espa\u00e7o foi escolhido para que o evento possa comportar um p\u00fablico consider\u00e1vel e proporcionar uma atmosfera festiva, alinhando-se \u00e0 tradi\u00e7\u00e3o carnavalesca da regi\u00e3o. O local \u00e9 refer\u00eancia em celebra\u00e7\u00f5es culturais e est\u00e1 conectado \u00e0s ra\u00edzes da cultura nordestina, proporcionando um ambiente ideal para a coroa\u00e7\u00e3o dos novos representantes do carnaval.<\/p>\n<p>A data \u00e9 especialmente significativa, pois marca o retorno das festividades oficiais ap\u00f3s um longo per\u00edodo sem desfiles na cidade. O evento n\u00e3o s\u00f3 re\u00fane os amantes do carnaval, mas tamb\u00e9m promove uma s\u00e9rie de atividades culturais e musicais, incluindo apresenta\u00e7\u00f5es de escolas de samba, especialmente do G.R.E.S. Portela, um \u00edcone do samba carioca.<\/p>\n<h2>Quem Pode Participar?<\/h2>\n<p>A participa\u00e7\u00e3o no <strong>Concurso da Corte do Carnaval<\/strong> \u00e9 aberta a todos os cidad\u00e3os interessados em representar a alegria e a diversidade da popula\u00e7\u00e3o de S\u00e3o Gon\u00e7alo. No entanto, h\u00e1 alguns crit\u00e9rios que os candidatos devem atender:<\/p>\n<ul>\n<li><strong>Idade M\u00ednima:<\/strong> Os candidatos devem ter no m\u00ednimo 18 anos para se inscrever como Rei Momo ou Rainha do Carnaval.<\/li>\n<li><strong>Representatividade:<\/strong> Escolas de samba filiadas ao concurso devem apresentar um candidato ao t\u00edtulo de Rei Momo e uma ao t\u00edtulo de Rainha do Carnaval.<\/li>\n<li><strong>Candidatos Independentes:<\/strong> Aqueles que desejam se inscrever de forma independente tamb\u00e9m s\u00e3o bem-vindos, promovendo a inclus\u00e3o de uma diversidade de representantes.<\/li>\n<li><strong>Crit\u00e9rios de Avalia\u00e7\u00e3o:<\/strong> Os candidatos ser\u00e3o avaliados com base em talento e desempenho durante o concurso.<\/li>\n<\/ul>\n<p>Essa diversidade nas inscri\u00e7\u00f5es assegura que a corte escolhida represente verdadeiramente o esp\u00edrito da cidade e as m\u00faltiplas facetas culturais de seus cidad\u00e3os.<\/p>\n<h2>Crit\u00e9rios de Avalia\u00e7\u00e3o<\/h2>\n<p>Os candidatos ao <strong>Concurso da Corte do Carnaval<\/strong> ser\u00e3o julgados por uma comiss\u00e3o composta por representantes da sociedade civil, artistas e jornalistas. Essa comiss\u00e3o ser\u00e1 respons\u00e1vel por avaliar os participantes com base em uma s\u00e9rie de crit\u00e9rios que refletem n\u00e3o apenas o talento individual, mas tamb\u00e9m a capacidade de representar a cultura da cidade. Os principais crit\u00e9rios incluem:<\/p>\n<ul>\n<li><strong>Samba no P\u00e9:<\/strong> Avalia\u00e7\u00e3o da habilidade de dan\u00e7a e do carisma do candidato enquanto desempenha as coreografias t\u00edpicas de carnaval.<\/li>\n<li><strong>Carisma e Simpatia:<\/strong> A presen\u00e7a de palco e a capacidade de interagir positivamente com o p\u00fablico s\u00e3o fatores cruciais para a avalia\u00e7\u00e3o.<\/li>\n<li><strong>Comunica\u00e7\u00e3o e Desempenho:<\/strong> A capacidade de se comunicar, expressar emo\u00e7\u00f5es e envolver a audi\u00eancia durante o evento ser\u00e1 essencial.<\/li>\n<li><strong>Engajamento Cultural:<\/strong> O candidato deve demonstrar envolvimento ativo com a cultura local e a tradi\u00e7\u00e3o do carnaval.<\/li>\n<\/ul>\n<p>Esses crit\u00e9rios visam garantir que os vencedores n\u00e3o apenas possuam habilidades de performance, mas tamb\u00e9m que abracem os valores e a hist\u00f3ria cultural da cidade de S\u00e3o Gon\u00e7alo.<\/p>\n<h2>Pr\u00eamios para os Vencedores<\/h2>\n<p>A participa\u00e7\u00e3o no <strong>Concurso da Corte do Carnaval<\/strong> vai al\u00e9m do glamour do carnaval. Os vencedores receber\u00e3o pr\u00eamios em dinheiro e o prest\u00edgio de atuar como embaixadores do Carnaval SG 2026. Al\u00e9m do pr\u00eamio monet\u00e1rio, a corte eleita ser\u00e1 convidada a participar de diversas atividades ao longo do carnaval, incluindo desfiles, eventos oficiais e a\u00e7\u00f5es culturais promovidas pela Prefeitura e pela Secretaria de Turismo e Cultura de S\u00e3o Gon\u00e7alo.<\/p>\n<p>Esses pr\u00eamios visam n\u00e3o apenas recompensar o talento e o esfor\u00e7o dos vencedores, mas tamb\u00e9m incentivar a participa\u00e7\u00e3o em eventos culturais e sociais que promovem a cidadania e o engajamento comunit\u00e1rio. Assim, a experi\u00eancia de ser parte da corte do carnaval ser\u00e1 enriquecedora e impactante para todos os vencedores.<\/p>\n<h2>A Import\u00e2ncia da Corte Popular<\/h2>\n<p>A <strong>Corte do Carnaval<\/strong> n\u00e3o apenas embeleza as festividades, mas tamb\u00e9m desempenha um papel crucial na valoriza\u00e7\u00e3o da cultura e do patrim\u00f4nio hist\u00f3rico de S\u00e3o Gon\u00e7alo. A presen\u00e7a do Rei Momo, da Rainha e das Princesas representando a popula\u00e7\u00e3o \u00e9 um s\u00edmbolo de orgulho e de resist\u00eancia cultural, especialmente em um momento em que a cidade busca reestabelecer suas tradi\u00e7\u00f5es que, muitas vezes, ficam ofuscadas por outros grandes eventos carnavalescos de capital, como o do Rio de Janeiro.<\/p>\n<p>A escolha representativa da corte tamb\u00e9m promove um senso de comunidade e pertencimento. As festas de carnaval se tornam uma celebra\u00e7\u00e3o coletiva onde todos se sentem parte de algo maior, celebrando n\u00e3o apenas a diversidade, mas tamb\u00e9m as tradi\u00e7\u00f5es espec\u00edficas da regi\u00e3o. Essa reaproxima\u00e7\u00e3o com as ra\u00edzes culturais proporciona um espa\u00e7o para que todos participem da festa, gerando um v\u00ednculo mais forte entre os cidad\u00e3os e a sua cultura.<\/p>\n<h2>O Significado do Carnaval em S\u00e3o Gon\u00e7alo<\/h2>\n<p>O <strong>Carnaval<\/strong> \u00e9 uma celebra\u00e7\u00e3o emblem\u00e1tica que vai al\u00e9m de ser um evento festivo; \u00e9 uma express\u00e3o cultural que une pessoas, independentemente de suas diferen\u00e7as. Em S\u00e3o Gon\u00e7alo, o carnaval representa uma oportunidade de resgatar a hist\u00f3ria local e celebrar a identidade do munic\u00edpio, refor\u00e7ando as tradi\u00e7\u00f5es e as caracter\u00edsticas culturais que tornam a cidade \u00fanica. <\/p>\n<p>Al\u00e9m disso, o carnaval promove o turismo e traz benef\u00edcios econ\u00f4micos para a cidade. A movimenta\u00e7\u00e3o de pessoas, a venda de produtos e a realiza\u00e7\u00e3o de eventos ajudam a fortalecer o com\u00e9rcio local e a gerar emprego para muitos habitantes. Portanto, a import\u00e2ncia do carnaval na cidade transcende a festividade em si. Retrata um momento de reconex\u00e3o com a cultura, com a comunidade e com as tradi\u00e7\u00f5es locais, promovendo um sentimento de uni\u00e3o e otimismo entre os participantes.<\/p>\n<h2>Eventos Relacionados ao Carnaval<\/h2>\n<p>O <strong>Carnaval SG 2026<\/strong> n\u00e3o se limita apenas ao concurso da corte. Uma variedade de eventos estar\u00e1 programada para acompanhar a festividade geral, abrangendo desfiles, apresenta\u00e7\u00f5es musicais, blocos de rua e outras atividades culturais que prometem entreter e engajar a comunidade durante todo o per\u00edodo do carnaval.<\/p>\n<p>Esses eventos receber\u00e3o apoio das escolas de samba da cidade, que desempenham um papel crucial na organiza\u00e7\u00e3o e na promo\u00e7\u00e3o das festividades. \u00c9 previsto tamb\u00e9m que haja parcerias com grupos culturais locais, artistas e m\u00fasicos, fortalecendo ainda mais a presen\u00e7a cultural do evento. O carnaval, portanto, se transforma em um verdadeiro festival de arte, alegria e tradi\u00e7\u00e3o, onde todos podem se envolver e celebrar a vida e a cultura de S\u00e3o Gon\u00e7alo.<\/p>\n<h2>O Impacto Cultural do Concurso<\/h2>\n<p>O <strong>Concurso da Corte do Carnaval<\/strong> promove um impacto cultural duradouro na cidade de S\u00e3o Gon\u00e7alo. Al\u00e9m de restaurar a tradi\u00e7\u00e3o do carnaval de rua, o evento cria um espa\u00e7o para o desenvolvimento de talentos locais e fortalece a identidade cultural da regi\u00e3o.<\/p>\n<p>Os candidatos, ao se prepararem e se apresentarem para o concurso, t\u00eam a chance de explorar e expressar sua conex\u00e3o com a cultura gon\u00e7alense, desenvolvendo habilidades que podem ser aplicadas em suas vidas pessoais e profissionais. Ademais, ao promover o envolvimento de escolas de samba e blocos de carnaval, o concurso incentiva uma din\u00e2mica colaborativa onde a diversidade cultural \u00e9 celebrada, refletindo a rica tape\u00e7aria social da cidade.<\/p>\n<p>Portanto, os impactos do concurso v\u00e3o al\u00e9m do evento em si, contribuindo para um futuro mais vibrante e culturalmente rico em S\u00e3o Gon\u00e7alo, estimulando a criatividade e a uni\u00e3o entre os cidad\u00e3os, al\u00e9m de criar uma tradi\u00e7\u00e3o que pode ser passada para gera\u00e7\u00f5es futuras.<\/p>\n\n<div style=\"font-size: 0px; height: 0px; line-height: 0px; margin: 0; padding: 0; clear: both;\"><\/div>","protected":false},"excerpt":{"rendered":"<p>S\u00e3o Gon\u00e7alo lan\u00e7a concurso da Corte do Carnaval 2026. Participe e mostre seu talento!<\/p>\n","protected":false},"author":1,"featured_media":1314,"comment_status":"open","ping_status":"closed","sticky":false,"template":"","format":"standard","meta":{"footnotes":""},"categories":[6],"tags":[],"class_list":["post-1315","post","type-post","status-publish","format-standard","has-post-thumbnail","hentry","category-noticias-em-sao-goncalo","has_thumb"],"aioseo_notices":[],"aioseo_head":"\n\t\t<!-- All in One SEO 5.0.0.1 - aioseo.com -->\n\t<meta name=\"robots\" content=\"max-image-preview:large\" \/>\n\t<meta name=\"author\" content=\"Encontra S\u00e3o Gon\u00e7alo\"\/>\n\t<link rel=\"canonical\" href=\"https:\/\/www.encontrasaogoncalo.com.br\/sobre\/sao-goncalo-lanca-concurso-da-corte-do-carnaval-2026\/\" \/>\n\t<meta name=\"generator\" content=\"All in One SEO (AIOSEO) 5.0.0.1\" \/>\n\t\t<meta property=\"og:locale\" content=\"pt_BR\" \/>\n\t\t<meta property=\"og:site_name\" content=\"Encontra S\u00e3o Gon\u00e7alo | Not\u00edcias, eventos, informa\u00e7\u00f5es e dicas da cidade de S\u00e3o Gon\u00e7alo e regi\u00e3o\" \/>\n\t\t<meta property=\"og:type\" content=\"article\" \/>\n\t\t<meta property=\"og:title\" content=\"S\u00e3o Gon\u00e7alo lan\u00e7a concurso da Corte do Carnaval 2026 | Encontra S\u00e3o Gon\u00e7alo\" \/>\n\t\t<meta property=\"og:url\" content=\"https:\/\/www.encontrasaogoncalo.com.br\/sobre\/sao-goncalo-lanca-concurso-da-corte-do-carnaval-2026\/\" \/>\n\t\t<meta property=\"article:published_time\" content=\"2025-11-30T14:15:00+00:00\" \/>\n\t\t<meta property=\"article:modified_time\" content=\"2025-11-30T14:15:00+00:00\" \/>\n\t\t<meta name=\"twitter:card\" content=\"summary\" \/>\n\t\t<meta name=\"twitter:title\" content=\"S\u00e3o Gon\u00e7alo lan\u00e7a concurso da Corte do Carnaval 2026 | Encontra S\u00e3o Gon\u00e7alo\" \/>\n\t\t<script type=\"application\/ld+json\" class=\"aioseo-schema\">\n\t\t\t{\"@context\":\"https:\\\/\\\/schema.org\",\"@graph\":[{\"@type\":\"Article\",\"@id\":\"https:\\\/\\\/www.encontrasaogoncalo.com.br\\\/sobre\\\/sao-goncalo-lanca-concurso-da-corte-do-carnaval-2026\\\/#article\",\"name\":\"S\\u00e3o Gon\\u00e7alo lan\\u00e7a concurso da Corte do Carnaval 2026 | Encontra S\\u00e3o Gon\\u00e7alo\",\"headline\":\"S\\u00e3o Gon\\u00e7alo lan\\u00e7a concurso da Corte do Carnaval 2026\",\"author\":{\"@id\":\"https:\\\/\\\/www.encontrasaogoncalo.com.br\\\/sobre\\\/author\\\/esaogoncalo\\\/#author\"},\"publisher\":{\"@id\":\"https:\\\/\\\/www.encontrasaogoncalo.com.br\\\/sobre\\\/#organization\"},\"image\":{\"@type\":\"ImageObject\",\"url\":\"https:\\\/\\\/www.encontrasaogoncalo.com.br\\\/sobre\\\/wp-content\\\/uploads\\\/sao-goncalo-lanca-concurso-da-corte-do-carnaval-2026.webp\",\"width\":320,\"height\":280,\"caption\":\"Concurso da Corte do Carnaval 2026\"},\"datePublished\":\"2025-11-30T14:15:00+00:00\",\"dateModified\":\"2025-11-30T14:15:00+00:00\",\"inLanguage\":\"pt-BR\",\"mainEntityOfPage\":{\"@id\":\"https:\\\/\\\/www.encontrasaogoncalo.com.br\\\/sobre\\\/sao-goncalo-lanca-concurso-da-corte-do-carnaval-2026\\\/#webpage\"},\"isPartOf\":{\"@id\":\"https:\\\/\\\/www.encontrasaogoncalo.com.br\\\/sobre\\\/sao-goncalo-lanca-concurso-da-corte-do-carnaval-2026\\\/#webpage\"},\"articleSection\":\"Not\\u00edcias S\\u00e3o Gon\\u00e7alo\"},{\"@type\":\"BreadcrumbList\",\"@id\":\"https:\\\/\\\/www.encontrasaogoncalo.com.br\\\/sobre\\\/sao-goncalo-lanca-concurso-da-corte-do-carnaval-2026\\\/#breadcrumblist\",\"itemListElement\":[{\"@type\":\"ListItem\",\"@id\":\"https:\\\/\\\/www.encontrasaogoncalo.com.br\\\/sobre#listItem\",\"position\":1,\"name\":\"In\\u00edcio\",\"item\":\"https:\\\/\\\/www.encontrasaogoncalo.com.br\\\/sobre\",\"nextItem\":{\"@type\":\"ListItem\",\"@id\":\"https:\\\/\\\/www.encontrasaogoncalo.com.br\\\/sobre\\\/noticias-em-sao-goncalo\\\/#listItem\",\"name\":\"Not\\u00edcias S\\u00e3o Gon\\u00e7alo\"}},{\"@type\":\"ListItem\",\"@id\":\"https:\\\/\\\/www.encontrasaogoncalo.com.br\\\/sobre\\\/noticias-em-sao-goncalo\\\/#listItem\",\"position\":2,\"name\":\"Not\\u00edcias S\\u00e3o Gon\\u00e7alo\",\"item\":\"https:\\\/\\\/www.encontrasaogoncalo.com.br\\\/sobre\\\/noticias-em-sao-goncalo\\\/\",\"nextItem\":{\"@type\":\"ListItem\",\"@id\":\"https:\\\/\\\/www.encontrasaogoncalo.com.br\\\/sobre\\\/sao-goncalo-lanca-concurso-da-corte-do-carnaval-2026\\\/#listItem\",\"name\":\"S\\u00e3o Gon\\u00e7alo lan\\u00e7a concurso da Corte do Carnaval 2026\"},\"previousItem\":{\"@type\":\"ListItem\",\"@id\":\"https:\\\/\\\/www.encontrasaogoncalo.com.br\\\/sobre#listItem\",\"name\":\"In\\u00edcio\"}},{\"@type\":\"ListItem\",\"@id\":\"https:\\\/\\\/www.encontrasaogoncalo.com.br\\\/sobre\\\/sao-goncalo-lanca-concurso-da-corte-do-carnaval-2026\\\/#listItem\",\"position\":3,\"name\":\"S\\u00e3o Gon\\u00e7alo lan\\u00e7a concurso da Corte do Carnaval 2026\",\"previousItem\":{\"@type\":\"ListItem\",\"@id\":\"https:\\\/\\\/www.encontrasaogoncalo.com.br\\\/sobre\\\/noticias-em-sao-goncalo\\\/#listItem\",\"name\":\"Not\\u00edcias S\\u00e3o Gon\\u00e7alo\"}}]},{\"@type\":\"Organization\",\"@id\":\"https:\\\/\\\/www.encontrasaogoncalo.com.br\\\/sobre\\\/#organization\",\"name\":\"Encontra S\\u00e3o Gon\\u00e7alo\",\"description\":\"Not\\u00edcias, eventos, informa\\u00e7\\u00f5es e dicas da cidade de S\\u00e3o Gon\\u00e7alo e regi\\u00e3o\",\"url\":\"https:\\\/\\\/www.encontrasaogoncalo.com.br\\\/sobre\\\/\"},{\"@type\":\"Person\",\"@id\":\"https:\\\/\\\/www.encontrasaogoncalo.com.br\\\/sobre\\\/author\\\/esaogoncalo\\\/#author\",\"url\":\"https:\\\/\\\/www.encontrasaogoncalo.com.br\\\/sobre\\\/author\\\/esaogoncalo\\\/\",\"name\":\"Encontra S\\u00e3o Gon\\u00e7alo\",\"image\":{\"@type\":\"ImageObject\",\"@id\":\"https:\\\/\\\/www.encontrasaogoncalo.com.br\\\/sobre\\\/sao-goncalo-lanca-concurso-da-corte-do-carnaval-2026\\\/#authorImage\",\"url\":\"https:\\\/\\\/secure.gravatar.com\\\/avatar\\\/507340682b8270222e1f208e23198b6ae7e2c6a1033ae84e99bc6bce4f82a387?s=96&d=mm&r=g\",\"width\":96,\"height\":96,\"caption\":\"Encontra S\\u00e3o Gon\\u00e7alo\"}},{\"@type\":\"WebPage\",\"@id\":\"https:\\\/\\\/www.encontrasaogoncalo.com.br\\\/sobre\\\/sao-goncalo-lanca-concurso-da-corte-do-carnaval-2026\\\/#webpage\",\"url\":\"https:\\\/\\\/www.encontrasaogoncalo.com.br\\\/sobre\\\/sao-goncalo-lanca-concurso-da-corte-do-carnaval-2026\\\/\",\"name\":\"S\\u00e3o Gon\\u00e7alo lan\\u00e7a concurso da Corte do Carnaval 2026 | Encontra S\\u00e3o Gon\\u00e7alo\",\"inLanguage\":\"pt-BR\",\"isPartOf\":{\"@id\":\"https:\\\/\\\/www.encontrasaogoncalo.com.br\\\/sobre\\\/#website\"},\"breadcrumb\":{\"@id\":\"https:\\\/\\\/www.encontrasaogoncalo.com.br\\\/sobre\\\/sao-goncalo-lanca-concurso-da-corte-do-carnaval-2026\\\/#breadcrumblist\"},\"author\":{\"@id\":\"https:\\\/\\\/www.encontrasaogoncalo.com.br\\\/sobre\\\/author\\\/esaogoncalo\\\/#author\"},\"creator\":{\"@id\":\"https:\\\/\\\/www.encontrasaogoncalo.com.br\\\/sobre\\\/author\\\/esaogoncalo\\\/#author\"},\"image\":{\"@type\":\"ImageObject\",\"url\":\"https:\\\/\\\/www.encontrasaogoncalo.com.br\\\/sobre\\\/wp-content\\\/uploads\\\/sao-goncalo-lanca-concurso-da-corte-do-carnaval-2026.webp\",\"@id\":\"https:\\\/\\\/www.encontrasaogoncalo.com.br\\\/sobre\\\/sao-goncalo-lanca-concurso-da-corte-do-carnaval-2026\\\/#mainImage\",\"width\":320,\"height\":280,\"caption\":\"Concurso da Corte do Carnaval 2026\"},\"primaryImageOfPage\":{\"@id\":\"https:\\\/\\\/www.encontrasaogoncalo.com.br\\\/sobre\\\/sao-goncalo-lanca-concurso-da-corte-do-carnaval-2026\\\/#mainImage\"},\"datePublished\":\"2025-11-30T14:15:00+00:00\",\"dateModified\":\"2025-11-30T14:15:00+00:00\"},{\"@type\":\"WebSite\",\"@id\":\"https:\\\/\\\/www.encontrasaogoncalo.com.br\\\/sobre\\\/#website\",\"url\":\"https:\\\/\\\/www.encontrasaogoncalo.com.br\\\/sobre\\\/\",\"name\":\"Encontra S\\u00e3o Gon\\u00e7alo\",\"description\":\"Not\\u00edcias, eventos, informa\\u00e7\\u00f5es e dicas da cidade de S\\u00e3o Gon\\u00e7alo e regi\\u00e3o\",\"inLanguage\":\"pt-BR\",\"publisher\":{\"@id\":\"https:\\\/\\\/www.encontrasaogoncalo.com.br\\\/sobre\\\/#organization\"}}]}\n\t\t<\/script>\n\t\t<!-- All in One SEO -->\n\n","aioseo_head_json":{"title":"S\u00e3o Gon\u00e7alo lan\u00e7a concurso da Corte do Carnaval 2026 | Encontra S\u00e3o Gon\u00e7alo","description":"","canonical_url":"https:\/\/www.encontrasaogoncalo.com.br\/sobre\/sao-goncalo-lanca-concurso-da-corte-do-carnaval-2026\/","robots":"max-image-preview:large","keywords":"","webmasterTools":{"miscellaneous":""},"schema":{"@context":"https:\/\/schema.org","@graph":[{"@type":"Article","@id":"https:\/\/www.encontrasaogoncalo.com.br\/sobre\/sao-goncalo-lanca-concurso-da-corte-do-carnaval-2026\/#article","name":"S\u00e3o Gon\u00e7alo lan\u00e7a concurso da Corte do Carnaval 2026 | Encontra S\u00e3o Gon\u00e7alo","headline":"S\u00e3o Gon\u00e7alo lan\u00e7a concurso da Corte do Carnaval 2026","author":{"@id":"https:\/\/www.encontrasaogoncalo.com.br\/sobre\/author\/esaogoncalo\/#author"},"publisher":{"@id":"https:\/\/www.encontrasaogoncalo.com.br\/sobre\/#organization"},"image":{"@type":"ImageObject","url":"https:\/\/www.encontrasaogoncalo.com.br\/sobre\/wp-content\/uploads\/sao-goncalo-lanca-concurso-da-corte-do-carnaval-2026.webp","width":320,"height":280,"caption":"Concurso da Corte do Carnaval 2026"},"datePublished":"2025-11-30T14:15:00+00:00","dateModified":"2025-11-30T14:15:00+00:00","inLanguage":"pt-BR","mainEntityOfPage":{"@id":"https:\/\/www.encontrasaogoncalo.com.br\/sobre\/sao-goncalo-lanca-concurso-da-corte-do-carnaval-2026\/#webpage"},"isPartOf":{"@id":"https:\/\/www.encontrasaogoncalo.com.br\/sobre\/sao-goncalo-lanca-concurso-da-corte-do-carnaval-2026\/#webpage"},"articleSection":"Not\u00edcias S\u00e3o Gon\u00e7alo"},{"@type":"BreadcrumbList","@id":"https:\/\/www.encontrasaogoncalo.com.br\/sobre\/sao-goncalo-lanca-concurso-da-corte-do-carnaval-2026\/#breadcrumblist","itemListElement":[{"@type":"ListItem","@id":"https:\/\/www.encontrasaogoncalo.com.br\/sobre#listItem","position":1,"name":"In\u00edcio","item":"https:\/\/www.encontrasaogoncalo.com.br\/sobre","nextItem":{"@type":"ListItem","@id":"https:\/\/www.encontrasaogoncalo.com.br\/sobre\/noticias-em-sao-goncalo\/#listItem","name":"Not\u00edcias S\u00e3o Gon\u00e7alo"}},{"@type":"ListItem","@id":"https:\/\/www.encontrasaogoncalo.com.br\/sobre\/noticias-em-sao-goncalo\/#listItem","position":2,"name":"Not\u00edcias S\u00e3o Gon\u00e7alo","item":"https:\/\/www.encontrasaogoncalo.com.br\/sobre\/noticias-em-sao-goncalo\/","nextItem":{"@type":"ListItem","@id":"https:\/\/www.encontrasaogoncalo.com.br\/sobre\/sao-goncalo-lanca-concurso-da-corte-do-carnaval-2026\/#listItem","name":"S\u00e3o Gon\u00e7alo lan\u00e7a concurso da Corte do Carnaval 2026"},"previousItem":{"@type":"ListItem","@id":"https:\/\/www.encontrasaogoncalo.com.br\/sobre#listItem","name":"In\u00edcio"}},{"@type":"ListItem","@id":"https:\/\/www.encontrasaogoncalo.com.br\/sobre\/sao-goncalo-lanca-concurso-da-corte-do-carnaval-2026\/#listItem","position":3,"name":"S\u00e3o Gon\u00e7alo lan\u00e7a concurso da Corte do Carnaval 2026","previousItem":{"@type":"ListItem","@id":"https:\/\/www.encontrasaogoncalo.com.br\/sobre\/noticias-em-sao-goncalo\/#listItem","name":"Not\u00edcias S\u00e3o Gon\u00e7alo"}}]},{"@type":"Organization","@id":"https:\/\/www.encontrasaogoncalo.com.br\/sobre\/#organization","name":"Encontra S\u00e3o Gon\u00e7alo","description":"Not\u00edcias, eventos, informa\u00e7\u00f5es e dicas da cidade de S\u00e3o Gon\u00e7alo e regi\u00e3o","url":"https:\/\/www.encontrasaogoncalo.com.br\/sobre\/"},{"@type":"Person","@id":"https:\/\/www.encontrasaogoncalo.com.br\/sobre\/author\/esaogoncalo\/#author","url":"https:\/\/www.encontrasaogoncalo.com.br\/sobre\/author\/esaogoncalo\/","name":"Encontra S\u00e3o Gon\u00e7alo","image":{"@type":"ImageObject","@id":"https:\/\/www.encontrasaogoncalo.com.br\/sobre\/sao-goncalo-lanca-concurso-da-corte-do-carnaval-2026\/#authorImage","url":"https:\/\/secure.gravatar.com\/avatar\/507340682b8270222e1f208e23198b6ae7e2c6a1033ae84e99bc6bce4f82a387?s=96&d=mm&r=g","width":96,"height":96,"caption":"Encontra S\u00e3o Gon\u00e7alo"}},{"@type":"WebPage","@id":"https:\/\/www.encontrasaogoncalo.com.br\/sobre\/sao-goncalo-lanca-concurso-da-corte-do-carnaval-2026\/#webpage","url":"https:\/\/www.encontrasaogoncalo.com.br\/sobre\/sao-goncalo-lanca-concurso-da-corte-do-carnaval-2026\/","name":"S\u00e3o Gon\u00e7alo lan\u00e7a concurso da Corte do Carnaval 2026 | Encontra S\u00e3o Gon\u00e7alo","inLanguage":"pt-BR","isPartOf":{"@id":"https:\/\/www.encontrasaogoncalo.com.br\/sobre\/#website"},"breadcrumb":{"@id":"https:\/\/www.encontrasaogoncalo.com.br\/sobre\/sao-goncalo-lanca-concurso-da-corte-do-carnaval-2026\/#breadcrumblist"},"author":{"@id":"https:\/\/www.encontrasaogoncalo.com.br\/sobre\/author\/esaogoncalo\/#author"},"creator":{"@id":"https:\/\/www.encontrasaogoncalo.com.br\/sobre\/author\/esaogoncalo\/#author"},"image":{"@type":"ImageObject","url":"https:\/\/www.encontrasaogoncalo.com.br\/sobre\/wp-content\/uploads\/sao-goncalo-lanca-concurso-da-corte-do-carnaval-2026.webp","@id":"https:\/\/www.encontrasaogoncalo.com.br\/sobre\/sao-goncalo-lanca-concurso-da-corte-do-carnaval-2026\/#mainImage","width":320,"height":280,"caption":"Concurso da Corte do Carnaval 2026"},"primaryImageOfPage":{"@id":"https:\/\/www.encontrasaogoncalo.com.br\/sobre\/sao-goncalo-lanca-concurso-da-corte-do-carnaval-2026\/#mainImage"},"datePublished":"2025-11-30T14:15:00+00:00","dateModified":"2025-11-30T14:15:00+00:00"},{"@type":"WebSite","@id":"https:\/\/www.encontrasaogoncalo.com.br\/sobre\/#website","url":"https:\/\/www.encontrasaogoncalo.com.br\/sobre\/","name":"Encontra S\u00e3o Gon\u00e7alo","description":"Not\u00edcias, eventos, informa\u00e7\u00f5es e dicas da cidade de S\u00e3o Gon\u00e7alo e regi\u00e3o","inLanguage":"pt-BR","publisher":{"@id":"https:\/\/www.encontrasaogoncalo.com.br\/sobre\/#organization"}}]},"og:locale":"pt_BR","og:site_name":"Encontra S\u00e3o Gon\u00e7alo | Not\u00edcias, eventos, informa\u00e7\u00f5es e dicas da cidade de S\u00e3o Gon\u00e7alo e regi\u00e3o","og:type":"article","og:title":"S\u00e3o Gon\u00e7alo lan\u00e7a concurso da Corte do Carnaval 2026 | Encontra S\u00e3o Gon\u00e7alo","og:url":"https:\/\/www.encontrasaogoncalo.com.br\/sobre\/sao-goncalo-lanca-concurso-da-corte-do-carnaval-2026\/","article:published_time":"2025-11-30T14:15:00+00:00","article:modified_time":"2025-11-30T14:15:00+00:00","twitter:card":"summary","twitter:title":"S\u00e3o Gon\u00e7alo lan\u00e7a concurso da Corte do Carnaval 2026 | Encontra S\u00e3o Gon\u00e7alo"},"aioseo_meta_data":{"post_id":"1315","title":null,"description":null,"keywords":null,"keyphrases":null,"primary_term":null,"canonical_url":null,"og_title":null,"og_description":null,"og_object_type":"default","og_image_type":"default","og_image_url":null,"og_image_width":null,"og_image_height":null,"og_image_custom_url":null,"og_image_custom_fields":null,"og_video":null,"og_custom_url":null,"og_article_section":null,"og_article_tags":null,"twitter_use_og":false,"twitter_card":"default","twitter_image_type":"default","twitter_image_url":null,"twitter_image_custom_url":null,"twitter_image_custom_fields":null,"twitter_title":null,"twitter_description":null,"schema":{"blockGraphs":[],"customGraphs":[],"default":{"data":{"Article":[],"Course":[],"Dataset":[],"FAQPage":[],"Movie":[],"Person":[],"Product":[],"ProductReview":[],"Car":[],"Recipe":[],"Service":[],"SoftwareApplication":[],"WebPage":[]},"graphName":"Article","isEnabled":true},"graphs":[]},"schema_type":"default","schema_type_options":null,"pillar_content":false,"robots_default":true,"robots_noindex":false,"robots_noarchive":false,"robots_nosnippet":false,"robots_nofollow":false,"robots_noimageindex":false,"robots_noodp":false,"robots_notranslate":false,"robots_max_snippet":null,"robots_max_videopreview":null,"robots_max_imagepreview":"large","priority":null,"frequency":null,"local_seo":null,"breadcrumb_settings":null,"limit_modified_date":false,"ai":null,"created":"2025-12-02 07:57:56","updated":"2026-04-02 06:15:19","focus_keyword":null,"additional_keywords":null,"truseo_locale":null,"seo_analyzer_scan_date":null},"aioseo_breadcrumb":"<div class=\"aioseo-breadcrumbs\"><span class=\"aioseo-breadcrumb\">\n\t\t\t<a href=\"https:\/\/www.encontrasaogoncalo.com.br\/sobre\" title=\"In\u00edcio\">In\u00edcio<\/a>\n\t\t<\/span><span class=\"aioseo-breadcrumb-separator\">&raquo;<\/span><span class=\"aioseo-breadcrumb\">\n\t\t\t<a href=\"https:\/\/www.encontrasaogoncalo.com.br\/sobre\/noticias-em-sao-goncalo\/\" title=\"Not\u00edcias S\u00e3o Gon\u00e7alo\">Not\u00edcias S\u00e3o Gon\u00e7alo<\/a>\n\t\t<\/span><span class=\"aioseo-breadcrumb-separator\">&raquo;<\/span><span class=\"aioseo-breadcrumb\">\n\t\t\tS\u00e3o Gon\u00e7alo lan\u00e7a concurso da Corte do Carnaval 2026\n\t\t<\/span><\/div>","aioseo_breadcrumb_json":[{"label":"In\u00edcio","link":"https:\/\/www.encontrasaogoncalo.com.br\/sobre"},{"label":"Not\u00edcias S\u00e3o Gon\u00e7alo","link":"https:\/\/www.encontrasaogoncalo.com.br\/sobre\/noticias-em-sao-goncalo\/"},{"label":"S\u00e3o Gon\u00e7alo lan\u00e7a concurso da Corte do Carnaval 2026","link":"https:\/\/www.encontrasaogoncalo.com.br\/sobre\/sao-goncalo-lanca-concurso-da-corte-do-carnaval-2026\/"}],"_links":{"self":[{"href":"https:\/\/www.encontrasaogoncalo.com.br\/sobre\/wp-json\/wp\/v2\/posts\/1315","targetHints":{"allow":["GET"]}}],"collection":[{"href":"https:\/\/www.encontrasaogoncalo.com.br\/sobre\/wp-json\/wp\/v2\/posts"}],"about":[{"href":"https:\/\/www.encontrasaogoncalo.com.br\/sobre\/wp-json\/wp\/v2\/types\/post"}],"author":[{"embeddable":true,"href":"https:\/\/www.encontrasaogoncalo.com.br\/sobre\/wp-json\/wp\/v2\/users\/1"}],"replies":[{"embeddable":true,"href":"https:\/\/www.encontrasaogoncalo.com.br\/sobre\/wp-json\/wp\/v2\/comments?post=1315"}],"version-history":[{"count":0,"href":"https:\/\/www.encontrasaogoncalo.com.br\/sobre\/wp-json\/wp\/v2\/posts\/1315\/revisions"}],"wp:featuredmedia":[{"embeddable":true,"href":"https:\/\/www.encontrasaogoncalo.com.br\/sobre\/wp-json\/wp\/v2\/media\/1314"}],"wp:attachment":[{"href":"https:\/\/www.encontrasaogoncalo.com.br\/sobre\/wp-json\/wp\/v2\/media?parent=1315"}],"wp:term":[{"taxonomy":"category","embeddable":true,"href":"https:\/\/www.encontrasaogoncalo.com.br\/sobre\/wp-json\/wp\/v2\/categories?post=1315"},{"taxonomy":"post_tag","embeddable":true,"href":"https:\/\/www.encontrasaogoncalo.com.br\/sobre\/wp-json\/wp\/v2\/tags?post=1315"}],"curies":[{"name":"wp","href":"https:\/\/api.w.org\/{rel}","templated":true}]}}