{"id":1394,"date":"2025-12-15T12:25:00","date_gmt":"2025-12-15T12:25:00","guid":{"rendered":"https:\/\/www.encontrasaogoncalo.com.br\/sobre\/obras-do-muvi-no-alcantara-comecam-a-tomar-forma\/"},"modified":"2025-12-15T12:25:00","modified_gmt":"2025-12-15T12:25:00","slug":"obras-do-muvi-no-alcantara-comecam-a-tomar-forma","status":"publish","type":"post","link":"https:\/\/www.encontrasaogoncalo.com.br\/sobre\/obras-do-muvi-no-alcantara-comecam-a-tomar-forma\/","title":{"rendered":"Obras do MUVI no Alc\u00e2ntara come\u00e7am a tomar forma"},"content":{"rendered":"<div class=\"558ebb280150f569344a3237cd236fe7\" data-index=\"1\" style=\"float: none; margin:0px;\">\n<!-- Anuncio display - global -->\r\n<ins class=\"adsbygoogle\"\r\n     style=\"display:block\"\r\n     data-ad-client=\"ca-pub-8585364105181520\"\r\n     data-ad-slot=\"8789329856\"\r\n     data-ad-format=\"auto\"\r\n     data-full-width-responsive=\"true\"><\/ins>\r\n<script>\r\n     (adsbygoogle = window.adsbygoogle || []).push({});\r\n<\/script>\n<\/div>\n<h2>O que \u00e9 o MUVI?<\/h2>\n<p>O <strong>Mobilidade Urbana Verde Integrada<\/strong>, mais conhecido como MUVI, \u00e9 um projeto inovador que visa a moderniza\u00e7\u00e3o e melhoria da infraestrutura de mobilidade urbana na cidade de <strong>S\u00e3o Gon\u00e7alo<\/strong>. Este projeto \u00e9 uma resposta direta aos desafios enfrentados em termos de tr\u00e2nsito, acessibilidade e qualidade de vida dos habitantes. O MUVI n\u00e3o s\u00f3 se preocupa em melhorar a circula\u00e7\u00e3o de ve\u00edculos, mas tamb\u00e9m integra elementos que favorecem pedestres e ciclistas, al\u00e9m de promover a sustentabilidade atrav\u00e9s da implementa\u00e7\u00e3o de \u00e1reas verdes ao longo de seu trajeto.<\/p>\n<p>A extens\u00e3o total do projeto MUVI \u00e9 de 18 quil\u00f4metros, abrangendo diversas \u00e1reas significativas dentro da cidade, como o bairro de <strong>Alc\u00e2ntara<\/strong>. O MUVI \u00e9 projetado para ser um corredor vi\u00e1rio com v\u00e1rias pistas de rolamento, cal\u00e7adas, ciclovias e espa\u00e7os para o paisagismo, que tamb\u00e9m incluem sistemas de drenagem eficazes. O objetivo \u00e9 proporcionar uma mobilidade mais fluida e sustent\u00e1vel, refletindo a necessidade crescente de solu\u00e7\u00f5es de transporte que respeitem tanto o meio ambiente quanto a sociedade.<\/p>\n<h2>Import\u00e2ncia das Obras de Mobilidade<\/h2>\n<p>A realiza\u00e7\u00e3o de obras de mobilidade urbana \u00e9 essencial para o desenvolvimento de qualquer cidade, e S\u00e3o Gon\u00e7alo n\u00e3o \u00e9 exce\u00e7\u00e3o. A falta de infraestrutura adequada tem sido um dos principais fatores respons\u00e1veis pela dificuldade de locomo\u00e7\u00e3o na cidade, resultando em congestionamentos e insatisfa\u00e7\u00e3o por parte da popula\u00e7\u00e3o. O MUVI se apresenta como uma solu\u00e7\u00e3o estruturante, direcionada a sanar esses problemas e oferecer uma alternativa vi\u00e1vel para o transporte di\u00e1rio dos cidad\u00e3os.<\/p>\n<p><img decoding=\"async\" src=\"https:\/\/www.encontrasaogoncalo.com.br\/sobre\/wp-content\/uploads\/obras-do-muvi-no-alcantara-comecam-a-tomar-forma.webp\" alt=\"obras do MUVI no Alc\u00e2ntara\" loading=\"lazy\" \/><\/p>\n<p>Al\u00e9m de melhorar o fluxo de ve\u00edculos, as obras do MUVI s\u00e3o fundamentais para garantir que todas as camadas da popula\u00e7\u00e3o tenham acesso a meios de transporte dignos. A inclus\u00e3o de cal\u00e7adas e ciclovias \u00e9 especialmente importante, pois promove a seguran\u00e7a e o bem-estar dos pedestres e ciclistas, incentivando uma cultura de mobilidade mais saud\u00e1vel. Ao priorizar a mobilidade sustent\u00e1vel, o MUVI busca n\u00e3o apenas a melhoria no tr\u00e2nsito, mas tamb\u00e9m contribuir significativamente para a qualidade de vida dos moradores.<\/p>\n<p>Essas obras t\u00eam a capacidade de transformar completamente a din\u00e2mica de uma cidade, reduzindo o tempo de deslocamento e, consequentemente, aumentando a produtividade e a satisfa\u00e7\u00e3o dos cidad\u00e3os. Um sistema de transporte eficiente e eficaz tamb\u00e9m pode atrair novos investimentos e neg\u00f3cios, criando um ambiente mais atrativo para moradia e trabalho.<\/p>\n<h2>Detalhes da Ponte sobre o Rio Alc\u00e2ntara<\/h2>\n<p>A constru\u00e7\u00e3o da ponte sobre o <strong>Rio Alc\u00e2ntara<\/strong> \u00e9 um dos destaques mais significativos do projeto do MUVI. Com uma extens\u00e3o de 40 metros e largura de 14 metros, ela se torna a maior ponte de todo o trajeto do MUVI. As vigas respons\u00e1veis pela sustenta\u00e7\u00e3o j\u00e1 foram instaladas, e as pr\u00e9-lajes est\u00e3o em processo de coloca\u00e7\u00e3o, evidenciando o avan\u00e7o das obras.<\/p>\n<p>A ponte est\u00e1 projetada para permitir o tr\u00e1fego de quatro pistas de rolamento: duas destinadas ao sentido Guaxindiba e outras duas para o sentido Neves. Este projeto est\u00e1 sendo meticulosamente elaborado para n\u00e3o s\u00f3 suportar o fluxo de ve\u00edculos, mas tamb\u00e9m para ser resistente e duradouro, promovendo uma infraestrutura segura para os usu\u00e1rios.<\/p>\n<p>Juntamente com a ponte, est\u00e1 sendo constru\u00eddo um muro de conten\u00e7\u00e3o que contribuir\u00e1 para a seguran\u00e7a das pistas de rolamento, al\u00e9m de uma cal\u00e7ada e ciclovias que acompanham todo o trecho. Esses elementos visam garantir um ambiente seguro e acess\u00edvel para todos os usu\u00e1rios, refletindo a preocupa\u00e7\u00e3o do governo com a mobilidade de todos os cidad\u00e3os.<\/p>\n<h2>Benef\u00edcios das Ciclovias e Cal\u00e7adas<\/h2>\n<p>A inclus\u00e3o de <strong>ciclovias<\/strong> e <strong>cal\u00e7adas<\/strong> dentro do projeto MUVI apresenta benef\u00edcios multifacetados, n\u00e3o apenas para os ciclistas e pedestres, mas tamb\u00e9m para a comunidade como um todo. A cria\u00e7\u00e3o de ciclovias, em particular, \u00e9 um incentivo direto ao uso de bicicletas como meio de transporte, promovendo uma alternativa sustent\u00e1vel ao carro.<\/p>\n<p>As ciclovias tornam a pr\u00e1tica do ciclismo mais segura e acess\u00edvel, reduzindo o risco de acidentes e incentivando mais pessoas a adotarem esta pr\u00e1tica. Al\u00e9m disso, a bicicleta \u00e9 uma alternativa que impacta positivamente o meio ambiente, diminuindo a emiss\u00e3o de poluentes e contribuindo para a redu\u00e7\u00e3o do aquecimento global.<\/p>\n<p>As cal\u00e7adas, por sua vez, garantem acessibilidade para todos, especialmente para pessoas com defici\u00eancia ou mobilidade reduzida. Uma cal\u00e7ada bem planejada e mantida \u00e9 fundamental para que todos possam transitar com seguran\u00e7a e conforto. Portanto, a qualidade das cal\u00e7adas est\u00e1 diretamente relacionada ao aumento da mobilidade e qualidade de vida da popula\u00e7\u00e3o.<\/p>\n<p>O aumento de espa\u00e7os voltados para pedestres e ciclistas tamb\u00e9m tem um efeito positivo sobre a economia local, j\u00e1 que pessoas que se deslocam a p\u00e9 ou de bicicleta tendem a consumir mais em estabelecimentos locais, contribuindo para o fortalecimento do com\u00e9rcio nas regi\u00f5es urbanas.<\/p>\n<h2>Hist\u00f3rico do MUVI em S\u00e3o Gon\u00e7alo<\/h2>\n<p>O projeto do MUVI surgiu como uma solu\u00e7\u00e3o necess\u00e1ria para os problemas enfrentados por S\u00e3o Gon\u00e7alo ao longo dos anos. A cidade, que por muito tempo foi vista como uma &#8220;cidade dormit\u00f3rio&#8221;, enfrentou grandes desafios em rela\u00e7\u00e3o ao tr\u00e1fego e \u00e0 falta de infraestrutura urbana. A inatividade na constru\u00e7\u00e3o de importantes obras de mobilidade contribuiu para a exclus\u00e3o dos seus cidad\u00e3os de um transporte de qualidade.<\/p>\n<p>Com a implementa\u00e7\u00e3o do MUVI, a Prefeitura de S\u00e3o Gon\u00e7alo, junto com o Governo do Estado do Rio de Janeiro, come\u00e7ou a tra\u00e7ar um novo caminho para a cidade. O governo comprometeu-se com um investimento significativo e trouxe \u00e0 tona um planejamento urbano que visa transformar o cen\u00e1rio da mobilidade local.<\/p>\n<p>Desde que as obras come\u00e7aram, a popula\u00e7\u00e3o tem demonstrado um aumento no otimismo em rela\u00e7\u00e3o ao futuro urbano da cidade. A ideia de que S\u00e3o Gon\u00e7alo pode ter uma infraestrutura eficiente e acess\u00edvel est\u00e1 se tornando cada vez mais realidade, criando assim um ambiente prop\u00edcio para o desenvolvimento social e econ\u00f4mico.<\/p>\n<h2>Investimentos e Parcerias Envolvidas<\/h2>\n<p>O MUVI \u00e9 o resultado de um investimento estimado em R$287 milh\u00f5es, uma quantia significativa que reflete a determina\u00e7\u00e3o do governo em transformar a mobilidade urbana da cidade. Este investimento foi poss\u00edvel atrav\u00e9s de uma parceria entre o <strong>Governo do Estado do Rio de Janeiro<\/strong> e a <strong>Prefeitura de S\u00e3o Gon\u00e7alo<\/strong>, juntamente com o apoio de v\u00e1rias entidades e organiza\u00e7\u00f5es que acreditam na necessidade de melhorias na infraestrutura urbana.<\/p>\n<p>As parcerias s\u00e3o essenciais para o sucesso do MUVI, uma vez que o projeto n\u00e3o est\u00e1 apenas focado em infraestrutura, mas tamb\u00e9m em engajamento social e participa\u00e7\u00e3o comunit\u00e1ria. Incluem-se, por exemplo, programas que incentivam a popula\u00e7\u00e3o a se engajar nas discuss\u00f5es e decis\u00f5es sobre mobilidade urbana.<\/p>\n<p>Al\u00e9m dos investimentos financeiros, \u00e9 fundamental que haja tamb\u00e9m um compromisso das partes envolvidas em garantir que as obras sejam conclu\u00eddas com qualidade dentro dos prazos estipulados. A colabora\u00e7\u00e3o cont\u00ednua entre o governo e a popula\u00e7\u00e3o \u00e9 um fator determinante para o sucesso do projeto MUVI.<\/p>\n<h2>Depoimentos do Prefeito e Secret\u00e1rios<\/h2>\n<p>Os depoimentos de autoridades locais concorrem para ilustrar o impacto positivo que o MUVI j\u00e1 tem gerado. O <strong>prefeito de S\u00e3o Gon\u00e7alo, Capit\u00e3o Nelson<\/strong>, destaca que as obras trazem n\u00e3o apenas uma melhoria na mobilidade, mas tamb\u00e9m um efeito significativo na autoestima da popula\u00e7\u00e3o. O projeto \u00e9 visto como um divisor de \u00e1guas para quem vive na cidade, que por muito tempo experimentou neglig\u00eancia em termos de infraestrutura.<\/p>\n<p>O <strong>secret\u00e1rio de Estado das Cidades, Douglas Ruas<\/strong>, elogia o ritmo acelerado das obras e salienta que o MUVI n\u00e3o apenas transforma as estruturas f\u00edsicas, mas tamb\u00e9m traz uma nova perspectiva sobre a mobilidade no estado do Rio de Janeiro. Reiterando que o compromisso do governo \u00e9 garantir que a popula\u00e7\u00e3o tenha acesso \u00e0 infraestrutura adequada, Ruas menciona que as melhorias facilitar\u00e3o a vida dos cidad\u00e3os que precisam se deslocar pela cidade diariamente.<\/p>\n<p>Esses depoimentos refletem a determina\u00e7\u00e3o das autoridades em fazer do MUVI n\u00e3o um projeto passageiro, mas uma mudan\u00e7a sustent\u00e1vel que realmente beneficie todos os cidad\u00e3os de S\u00e3o Gon\u00e7alo.<\/p>\n<h2>Impacto na Qualidade de Vida da Popula\u00e7\u00e3o<\/h2>\n<p>O MUVI claramente impacta a qualidade de vida da popula\u00e7\u00e3o em diversos n\u00edveis. Ao oferecer um sistema de transporte mais eficiente, ele diminui o tempo gasto em deslocamentos e aumenta a seguran\u00e7a dos usu\u00e1rios. A redu\u00e7\u00e3o nos congestionamentos contribui para um ar mais limpo e saud\u00e1vel, o que no longo prazo pode levar \u00e0 diminui\u00e7\u00e3o de problemas de sa\u00fade relacionados \u00e0 polui\u00e7\u00e3o.<\/p>\n<p>Al\u00e9m disso, a melhoria na mobilidade promove a acessibilidade, permitindo que mais pessoas possam chegar a empregos, escolas e servi\u00e7os de sa\u00fade com maior facilidade. Ao incluir cal\u00e7adas e ciclovias, a cidade tamb\u00e9m se torna um espa\u00e7o que incentiva um estilo de vida ativo e saud\u00e1vel.<\/p>\n<p>O efeito multiplicador das obras do MUVI no com\u00e9rcio local e no turismo tamb\u00e9m n\u00e3o deve ser subestimado. Uma cidade bem conectada e acess\u00edvel \u00e9, sem d\u00favida, mais atraente para visitantes e investidores, o que pode gerar novas oportunidades de emprego e desenvolvimento econ\u00f4mico.<\/p>\n<h2>Pr\u00f3ximos Passos para o Projeto<\/h2>\n<p>\u00c0 medida que as obras do MUVI avan\u00e7am, \u00e9 vital que haja um plano claro para a continuidade e manuten\u00e7\u00e3o do projeto. Nos pr\u00f3ximos passos, a integra\u00e7\u00e3o de sistemas de transporte p\u00fablicos com o novo corredor vi\u00e1rio ser\u00e1 crucial. Isso inclui a evolu\u00e7\u00e3o das linhas de \u00f4nibus, integra\u00e7\u00e3o com trens e metr\u00f4s e a implementa\u00e7\u00e3o de sistemas de monitoramento e controle de tr\u00e1fego.<\/p>\n<p>Al\u00e9m disso, o envolvimento da comunidade durante as fases finais da obra \u00e9 imperativo. A participa\u00e7\u00e3o ativa da popula\u00e7\u00e3o nas discuss\u00f5es sobre o uso de espa\u00e7os p\u00fablicos, seguran\u00e7a e manuten\u00e7\u00e3o \u00e9 essencial para garantir que o MUVI atenda \u00e0s necessidades reais dos cidad\u00e3os.<\/p>\n<p>A expectativa \u00e9 que n\u00e3o apenas as obras em si gerem resultados positivos, mas que todo o processo de constru\u00e7\u00e3o promova uma maior uni\u00e3o entre a popula\u00e7\u00e3o e o governo, estabelecendo um novo padr\u00e3o de colabora\u00e7\u00e3o na governan\u00e7a local.<\/p>\n<h2>Expectativas para o Futuro de S\u00e3o Gon\u00e7alo<\/h2>\n<p>Com o MUVI em andamento, as expectativas para o futuro de S\u00e3o Gon\u00e7alo s\u00e3o elevadas. O projeto \u00e9 visto como um catalisador para um desenvolvimento mais sustent\u00e1vel e inclusivo. A capacidade de realizar melhorias significativas nas condi\u00e7\u00f5es de mobilidade urbana representa uma mudan\u00e7a radical para a cidade, que logo poder\u00e1 ser vista como um lugar onde as pessoas n\u00e3o s\u00e3o apenas obrigadas a se deslocar, mas podem faz\u00ea-lo de forma r\u00e1pida, segura e agrad\u00e1vel.<\/p>\n<p>As melhorias no transporte urbano podem tamb\u00e9m inspirar iniciativas semelhantes em outras cidades, refor\u00e7ando a ideia de que mudan\u00e7as significativas na infraestrutura podem ajudar a resolver problemas de longa data. Com a continuidade do MUVI e a possibilidade de futuras expans\u00f5es, S\u00e3o Gon\u00e7alo pode se tornar um modelo de mobilidade sustent\u00e1vel para todo o pa\u00eds.<\/p>\n<p>Assim, o MUVI n\u00e3o \u00e9 apenas um projeto de mobilidade; \u00e9 uma oportunidade transformadora que pode reconfigurar a identidade de S\u00e3o Gon\u00e7alo e melhorar a vida de seus habitantes, construindo um futuro onde a mobilidade urbana \u00e9 acess\u00edvel e eficiente para todos.<\/p>\n\n<div style=\"font-size: 0px; height: 0px; line-height: 0px; margin: 0; padding: 0; clear: both;\"><\/div>","protected":false},"excerpt":{"rendered":"<p>Obras do MUVI no Alc\u00e2ntara trazem melhorias significativas para a cidade.<\/p>\n","protected":false},"author":1,"featured_media":1393,"comment_status":"open","ping_status":"closed","sticky":false,"template":"","format":"standard","meta":{"footnotes":""},"categories":[6],"tags":[],"class_list":["post-1394","post","type-post","status-publish","format-standard","has-post-thumbnail","hentry","category-noticias-em-sao-goncalo","has_thumb"],"aioseo_notices":[],"aioseo_head":"\n\t\t<!-- All in One SEO 5.0.0.1 - aioseo.com -->\n\t<meta name=\"robots\" content=\"max-image-preview:large\" \/>\n\t<meta name=\"author\" content=\"Encontra S\u00e3o Gon\u00e7alo\"\/>\n\t<link rel=\"canonical\" href=\"https:\/\/www.encontrasaogoncalo.com.br\/sobre\/obras-do-muvi-no-alcantara-comecam-a-tomar-forma\/\" \/>\n\t<meta name=\"generator\" content=\"All in One SEO (AIOSEO) 5.0.0.1\" \/>\n\t\t<meta property=\"og:locale\" content=\"pt_BR\" \/>\n\t\t<meta property=\"og:site_name\" content=\"Encontra S\u00e3o Gon\u00e7alo | Not\u00edcias, eventos, informa\u00e7\u00f5es e dicas da cidade de S\u00e3o Gon\u00e7alo e regi\u00e3o\" \/>\n\t\t<meta property=\"og:type\" content=\"article\" \/>\n\t\t<meta property=\"og:title\" content=\"Obras do MUVI no Alc\u00e2ntara come\u00e7am a tomar forma | Encontra S\u00e3o Gon\u00e7alo\" \/>\n\t\t<meta property=\"og:url\" content=\"https:\/\/www.encontrasaogoncalo.com.br\/sobre\/obras-do-muvi-no-alcantara-comecam-a-tomar-forma\/\" \/>\n\t\t<meta property=\"article:published_time\" content=\"2025-12-15T12:25:00+00:00\" \/>\n\t\t<meta property=\"article:modified_time\" content=\"2025-12-15T12:25:00+00:00\" \/>\n\t\t<meta name=\"twitter:card\" content=\"summary\" \/>\n\t\t<meta name=\"twitter:title\" content=\"Obras do MUVI no Alc\u00e2ntara come\u00e7am a tomar forma | Encontra S\u00e3o Gon\u00e7alo\" \/>\n\t\t<script type=\"application\/ld+json\" class=\"aioseo-schema\">\n\t\t\t{\"@context\":\"https:\\\/\\\/schema.org\",\"@graph\":[{\"@type\":\"Article\",\"@id\":\"https:\\\/\\\/www.encontrasaogoncalo.com.br\\\/sobre\\\/obras-do-muvi-no-alcantara-comecam-a-tomar-forma\\\/#article\",\"name\":\"Obras do MUVI no Alc\\u00e2ntara come\\u00e7am a tomar forma | Encontra S\\u00e3o Gon\\u00e7alo\",\"headline\":\"Obras do MUVI no Alc\\u00e2ntara come\\u00e7am a tomar forma\",\"author\":{\"@id\":\"https:\\\/\\\/www.encontrasaogoncalo.com.br\\\/sobre\\\/author\\\/esaogoncalo\\\/#author\"},\"publisher\":{\"@id\":\"https:\\\/\\\/www.encontrasaogoncalo.com.br\\\/sobre\\\/#organization\"},\"image\":{\"@type\":\"ImageObject\",\"url\":\"https:\\\/\\\/www.encontrasaogoncalo.com.br\\\/sobre\\\/wp-content\\\/uploads\\\/obras-do-muvi-no-alcantara-comecam-a-tomar-forma.webp\",\"width\":320,\"height\":280,\"caption\":\"obras do MUVI no Alc\\u00e2ntara\"},\"datePublished\":\"2025-12-15T12:25:00+00:00\",\"dateModified\":\"2025-12-15T12:25:00+00:00\",\"inLanguage\":\"pt-BR\",\"mainEntityOfPage\":{\"@id\":\"https:\\\/\\\/www.encontrasaogoncalo.com.br\\\/sobre\\\/obras-do-muvi-no-alcantara-comecam-a-tomar-forma\\\/#webpage\"},\"isPartOf\":{\"@id\":\"https:\\\/\\\/www.encontrasaogoncalo.com.br\\\/sobre\\\/obras-do-muvi-no-alcantara-comecam-a-tomar-forma\\\/#webpage\"},\"articleSection\":\"Not\\u00edcias S\\u00e3o Gon\\u00e7alo\"},{\"@type\":\"BreadcrumbList\",\"@id\":\"https:\\\/\\\/www.encontrasaogoncalo.com.br\\\/sobre\\\/obras-do-muvi-no-alcantara-comecam-a-tomar-forma\\\/#breadcrumblist\",\"itemListElement\":[{\"@type\":\"ListItem\",\"@id\":\"https:\\\/\\\/www.encontrasaogoncalo.com.br\\\/sobre#listItem\",\"position\":1,\"name\":\"In\\u00edcio\",\"item\":\"https:\\\/\\\/www.encontrasaogoncalo.com.br\\\/sobre\",\"nextItem\":{\"@type\":\"ListItem\",\"@id\":\"https:\\\/\\\/www.encontrasaogoncalo.com.br\\\/sobre\\\/noticias-em-sao-goncalo\\\/#listItem\",\"name\":\"Not\\u00edcias S\\u00e3o Gon\\u00e7alo\"}},{\"@type\":\"ListItem\",\"@id\":\"https:\\\/\\\/www.encontrasaogoncalo.com.br\\\/sobre\\\/noticias-em-sao-goncalo\\\/#listItem\",\"position\":2,\"name\":\"Not\\u00edcias S\\u00e3o Gon\\u00e7alo\",\"item\":\"https:\\\/\\\/www.encontrasaogoncalo.com.br\\\/sobre\\\/noticias-em-sao-goncalo\\\/\",\"nextItem\":{\"@type\":\"ListItem\",\"@id\":\"https:\\\/\\\/www.encontrasaogoncalo.com.br\\\/sobre\\\/obras-do-muvi-no-alcantara-comecam-a-tomar-forma\\\/#listItem\",\"name\":\"Obras do MUVI no Alc\\u00e2ntara come\\u00e7am a tomar forma\"},\"previousItem\":{\"@type\":\"ListItem\",\"@id\":\"https:\\\/\\\/www.encontrasaogoncalo.com.br\\\/sobre#listItem\",\"name\":\"In\\u00edcio\"}},{\"@type\":\"ListItem\",\"@id\":\"https:\\\/\\\/www.encontrasaogoncalo.com.br\\\/sobre\\\/obras-do-muvi-no-alcantara-comecam-a-tomar-forma\\\/#listItem\",\"position\":3,\"name\":\"Obras do MUVI no Alc\\u00e2ntara come\\u00e7am a tomar forma\",\"previousItem\":{\"@type\":\"ListItem\",\"@id\":\"https:\\\/\\\/www.encontrasaogoncalo.com.br\\\/sobre\\\/noticias-em-sao-goncalo\\\/#listItem\",\"name\":\"Not\\u00edcias S\\u00e3o Gon\\u00e7alo\"}}]},{\"@type\":\"Organization\",\"@id\":\"https:\\\/\\\/www.encontrasaogoncalo.com.br\\\/sobre\\\/#organization\",\"name\":\"Encontra S\\u00e3o Gon\\u00e7alo\",\"description\":\"Not\\u00edcias, eventos, informa\\u00e7\\u00f5es e dicas da cidade de S\\u00e3o Gon\\u00e7alo e regi\\u00e3o\",\"url\":\"https:\\\/\\\/www.encontrasaogoncalo.com.br\\\/sobre\\\/\"},{\"@type\":\"Person\",\"@id\":\"https:\\\/\\\/www.encontrasaogoncalo.com.br\\\/sobre\\\/author\\\/esaogoncalo\\\/#author\",\"url\":\"https:\\\/\\\/www.encontrasaogoncalo.com.br\\\/sobre\\\/author\\\/esaogoncalo\\\/\",\"name\":\"Encontra S\\u00e3o Gon\\u00e7alo\",\"image\":{\"@type\":\"ImageObject\",\"@id\":\"https:\\\/\\\/www.encontrasaogoncalo.com.br\\\/sobre\\\/obras-do-muvi-no-alcantara-comecam-a-tomar-forma\\\/#authorImage\",\"url\":\"https:\\\/\\\/secure.gravatar.com\\\/avatar\\\/507340682b8270222e1f208e23198b6ae7e2c6a1033ae84e99bc6bce4f82a387?s=96&d=mm&r=g\",\"width\":96,\"height\":96,\"caption\":\"Encontra S\\u00e3o Gon\\u00e7alo\"}},{\"@type\":\"WebPage\",\"@id\":\"https:\\\/\\\/www.encontrasaogoncalo.com.br\\\/sobre\\\/obras-do-muvi-no-alcantara-comecam-a-tomar-forma\\\/#webpage\",\"url\":\"https:\\\/\\\/www.encontrasaogoncalo.com.br\\\/sobre\\\/obras-do-muvi-no-alcantara-comecam-a-tomar-forma\\\/\",\"name\":\"Obras do MUVI no Alc\\u00e2ntara come\\u00e7am a tomar forma | Encontra S\\u00e3o Gon\\u00e7alo\",\"inLanguage\":\"pt-BR\",\"isPartOf\":{\"@id\":\"https:\\\/\\\/www.encontrasaogoncalo.com.br\\\/sobre\\\/#website\"},\"breadcrumb\":{\"@id\":\"https:\\\/\\\/www.encontrasaogoncalo.com.br\\\/sobre\\\/obras-do-muvi-no-alcantara-comecam-a-tomar-forma\\\/#breadcrumblist\"},\"author\":{\"@id\":\"https:\\\/\\\/www.encontrasaogoncalo.com.br\\\/sobre\\\/author\\\/esaogoncalo\\\/#author\"},\"creator\":{\"@id\":\"https:\\\/\\\/www.encontrasaogoncalo.com.br\\\/sobre\\\/author\\\/esaogoncalo\\\/#author\"},\"image\":{\"@type\":\"ImageObject\",\"url\":\"https:\\\/\\\/www.encontrasaogoncalo.com.br\\\/sobre\\\/wp-content\\\/uploads\\\/obras-do-muvi-no-alcantara-comecam-a-tomar-forma.webp\",\"@id\":\"https:\\\/\\\/www.encontrasaogoncalo.com.br\\\/sobre\\\/obras-do-muvi-no-alcantara-comecam-a-tomar-forma\\\/#mainImage\",\"width\":320,\"height\":280,\"caption\":\"obras do MUVI no Alc\\u00e2ntara\"},\"primaryImageOfPage\":{\"@id\":\"https:\\\/\\\/www.encontrasaogoncalo.com.br\\\/sobre\\\/obras-do-muvi-no-alcantara-comecam-a-tomar-forma\\\/#mainImage\"},\"datePublished\":\"2025-12-15T12:25:00+00:00\",\"dateModified\":\"2025-12-15T12:25:00+00:00\"},{\"@type\":\"WebSite\",\"@id\":\"https:\\\/\\\/www.encontrasaogoncalo.com.br\\\/sobre\\\/#website\",\"url\":\"https:\\\/\\\/www.encontrasaogoncalo.com.br\\\/sobre\\\/\",\"name\":\"Encontra S\\u00e3o Gon\\u00e7alo\",\"description\":\"Not\\u00edcias, eventos, informa\\u00e7\\u00f5es e dicas da cidade de S\\u00e3o Gon\\u00e7alo e regi\\u00e3o\",\"inLanguage\":\"pt-BR\",\"publisher\":{\"@id\":\"https:\\\/\\\/www.encontrasaogoncalo.com.br\\\/sobre\\\/#organization\"}}]}\n\t\t<\/script>\n\t\t<!-- All in One SEO -->\n\n","aioseo_head_json":{"title":"Obras do MUVI no Alc\u00e2ntara come\u00e7am a tomar forma | Encontra S\u00e3o Gon\u00e7alo","description":"","canonical_url":"https:\/\/www.encontrasaogoncalo.com.br\/sobre\/obras-do-muvi-no-alcantara-comecam-a-tomar-forma\/","robots":"max-image-preview:large","keywords":"","webmasterTools":{"miscellaneous":""},"schema":{"@context":"https:\/\/schema.org","@graph":[{"@type":"Article","@id":"https:\/\/www.encontrasaogoncalo.com.br\/sobre\/obras-do-muvi-no-alcantara-comecam-a-tomar-forma\/#article","name":"Obras do MUVI no Alc\u00e2ntara come\u00e7am a tomar forma | Encontra S\u00e3o Gon\u00e7alo","headline":"Obras do MUVI no Alc\u00e2ntara come\u00e7am a tomar forma","author":{"@id":"https:\/\/www.encontrasaogoncalo.com.br\/sobre\/author\/esaogoncalo\/#author"},"publisher":{"@id":"https:\/\/www.encontrasaogoncalo.com.br\/sobre\/#organization"},"image":{"@type":"ImageObject","url":"https:\/\/www.encontrasaogoncalo.com.br\/sobre\/wp-content\/uploads\/obras-do-muvi-no-alcantara-comecam-a-tomar-forma.webp","width":320,"height":280,"caption":"obras do MUVI no Alc\u00e2ntara"},"datePublished":"2025-12-15T12:25:00+00:00","dateModified":"2025-12-15T12:25:00+00:00","inLanguage":"pt-BR","mainEntityOfPage":{"@id":"https:\/\/www.encontrasaogoncalo.com.br\/sobre\/obras-do-muvi-no-alcantara-comecam-a-tomar-forma\/#webpage"},"isPartOf":{"@id":"https:\/\/www.encontrasaogoncalo.com.br\/sobre\/obras-do-muvi-no-alcantara-comecam-a-tomar-forma\/#webpage"},"articleSection":"Not\u00edcias S\u00e3o Gon\u00e7alo"},{"@type":"BreadcrumbList","@id":"https:\/\/www.encontrasaogoncalo.com.br\/sobre\/obras-do-muvi-no-alcantara-comecam-a-tomar-forma\/#breadcrumblist","itemListElement":[{"@type":"ListItem","@id":"https:\/\/www.encontrasaogoncalo.com.br\/sobre#listItem","position":1,"name":"In\u00edcio","item":"https:\/\/www.encontrasaogoncalo.com.br\/sobre","nextItem":{"@type":"ListItem","@id":"https:\/\/www.encontrasaogoncalo.com.br\/sobre\/noticias-em-sao-goncalo\/#listItem","name":"Not\u00edcias S\u00e3o Gon\u00e7alo"}},{"@type":"ListItem","@id":"https:\/\/www.encontrasaogoncalo.com.br\/sobre\/noticias-em-sao-goncalo\/#listItem","position":2,"name":"Not\u00edcias S\u00e3o Gon\u00e7alo","item":"https:\/\/www.encontrasaogoncalo.com.br\/sobre\/noticias-em-sao-goncalo\/","nextItem":{"@type":"ListItem","@id":"https:\/\/www.encontrasaogoncalo.com.br\/sobre\/obras-do-muvi-no-alcantara-comecam-a-tomar-forma\/#listItem","name":"Obras do MUVI no Alc\u00e2ntara come\u00e7am a tomar forma"},"previousItem":{"@type":"ListItem","@id":"https:\/\/www.encontrasaogoncalo.com.br\/sobre#listItem","name":"In\u00edcio"}},{"@type":"ListItem","@id":"https:\/\/www.encontrasaogoncalo.com.br\/sobre\/obras-do-muvi-no-alcantara-comecam-a-tomar-forma\/#listItem","position":3,"name":"Obras do MUVI no Alc\u00e2ntara come\u00e7am a tomar forma","previousItem":{"@type":"ListItem","@id":"https:\/\/www.encontrasaogoncalo.com.br\/sobre\/noticias-em-sao-goncalo\/#listItem","name":"Not\u00edcias S\u00e3o Gon\u00e7alo"}}]},{"@type":"Organization","@id":"https:\/\/www.encontrasaogoncalo.com.br\/sobre\/#organization","name":"Encontra S\u00e3o Gon\u00e7alo","description":"Not\u00edcias, eventos, informa\u00e7\u00f5es e dicas da cidade de S\u00e3o Gon\u00e7alo e regi\u00e3o","url":"https:\/\/www.encontrasaogoncalo.com.br\/sobre\/"},{"@type":"Person","@id":"https:\/\/www.encontrasaogoncalo.com.br\/sobre\/author\/esaogoncalo\/#author","url":"https:\/\/www.encontrasaogoncalo.com.br\/sobre\/author\/esaogoncalo\/","name":"Encontra S\u00e3o Gon\u00e7alo","image":{"@type":"ImageObject","@id":"https:\/\/www.encontrasaogoncalo.com.br\/sobre\/obras-do-muvi-no-alcantara-comecam-a-tomar-forma\/#authorImage","url":"https:\/\/secure.gravatar.com\/avatar\/507340682b8270222e1f208e23198b6ae7e2c6a1033ae84e99bc6bce4f82a387?s=96&d=mm&r=g","width":96,"height":96,"caption":"Encontra S\u00e3o Gon\u00e7alo"}},{"@type":"WebPage","@id":"https:\/\/www.encontrasaogoncalo.com.br\/sobre\/obras-do-muvi-no-alcantara-comecam-a-tomar-forma\/#webpage","url":"https:\/\/www.encontrasaogoncalo.com.br\/sobre\/obras-do-muvi-no-alcantara-comecam-a-tomar-forma\/","name":"Obras do MUVI no Alc\u00e2ntara come\u00e7am a tomar forma | Encontra S\u00e3o Gon\u00e7alo","inLanguage":"pt-BR","isPartOf":{"@id":"https:\/\/www.encontrasaogoncalo.com.br\/sobre\/#website"},"breadcrumb":{"@id":"https:\/\/www.encontrasaogoncalo.com.br\/sobre\/obras-do-muvi-no-alcantara-comecam-a-tomar-forma\/#breadcrumblist"},"author":{"@id":"https:\/\/www.encontrasaogoncalo.com.br\/sobre\/author\/esaogoncalo\/#author"},"creator":{"@id":"https:\/\/www.encontrasaogoncalo.com.br\/sobre\/author\/esaogoncalo\/#author"},"image":{"@type":"ImageObject","url":"https:\/\/www.encontrasaogoncalo.com.br\/sobre\/wp-content\/uploads\/obras-do-muvi-no-alcantara-comecam-a-tomar-forma.webp","@id":"https:\/\/www.encontrasaogoncalo.com.br\/sobre\/obras-do-muvi-no-alcantara-comecam-a-tomar-forma\/#mainImage","width":320,"height":280,"caption":"obras do MUVI no Alc\u00e2ntara"},"primaryImageOfPage":{"@id":"https:\/\/www.encontrasaogoncalo.com.br\/sobre\/obras-do-muvi-no-alcantara-comecam-a-tomar-forma\/#mainImage"},"datePublished":"2025-12-15T12:25:00+00:00","dateModified":"2025-12-15T12:25:00+00:00"},{"@type":"WebSite","@id":"https:\/\/www.encontrasaogoncalo.com.br\/sobre\/#website","url":"https:\/\/www.encontrasaogoncalo.com.br\/sobre\/","name":"Encontra S\u00e3o Gon\u00e7alo","description":"Not\u00edcias, eventos, informa\u00e7\u00f5es e dicas da cidade de S\u00e3o Gon\u00e7alo e regi\u00e3o","inLanguage":"pt-BR","publisher":{"@id":"https:\/\/www.encontrasaogoncalo.com.br\/sobre\/#organization"}}]},"og:locale":"pt_BR","og:site_name":"Encontra S\u00e3o Gon\u00e7alo | Not\u00edcias, eventos, informa\u00e7\u00f5es e dicas da cidade de S\u00e3o Gon\u00e7alo e regi\u00e3o","og:type":"article","og:title":"Obras do MUVI no Alc\u00e2ntara come\u00e7am a tomar forma | Encontra S\u00e3o Gon\u00e7alo","og:url":"https:\/\/www.encontrasaogoncalo.com.br\/sobre\/obras-do-muvi-no-alcantara-comecam-a-tomar-forma\/","article:published_time":"2025-12-15T12:25:00+00:00","article:modified_time":"2025-12-15T12:25:00+00:00","twitter:card":"summary","twitter:title":"Obras do MUVI no Alc\u00e2ntara come\u00e7am a tomar forma | Encontra S\u00e3o Gon\u00e7alo"},"aioseo_meta_data":{"post_id":"1394","title":null,"description":null,"keywords":null,"keyphrases":null,"primary_term":null,"canonical_url":null,"og_title":null,"og_description":null,"og_object_type":"default","og_image_type":"default","og_image_url":null,"og_image_width":null,"og_image_height":null,"og_image_custom_url":null,"og_image_custom_fields":null,"og_video":null,"og_custom_url":null,"og_article_section":null,"og_article_tags":null,"twitter_use_og":false,"twitter_card":"default","twitter_image_type":"default","twitter_image_url":null,"twitter_image_custom_url":null,"twitter_image_custom_fields":null,"twitter_title":null,"twitter_description":null,"schema":{"blockGraphs":[],"customGraphs":[],"default":{"data":{"Article":[],"Course":[],"Dataset":[],"FAQPage":[],"Movie":[],"Person":[],"Product":[],"ProductReview":[],"Car":[],"Recipe":[],"Service":[],"SoftwareApplication":[],"WebPage":[]},"graphName":"Article","isEnabled":true},"graphs":[]},"schema_type":"default","schema_type_options":null,"pillar_content":false,"robots_default":true,"robots_noindex":false,"robots_noarchive":false,"robots_nosnippet":false,"robots_nofollow":false,"robots_noimageindex":false,"robots_noodp":false,"robots_notranslate":false,"robots_max_snippet":null,"robots_max_videopreview":null,"robots_max_imagepreview":"large","priority":null,"frequency":null,"local_seo":null,"breadcrumb_settings":null,"limit_modified_date":false,"ai":null,"created":"2025-12-16 23:07:03","updated":"2026-04-02 06:43:18","focus_keyword":null,"additional_keywords":null,"truseo_locale":null,"seo_analyzer_scan_date":null},"aioseo_breadcrumb":"<div class=\"aioseo-breadcrumbs\"><span class=\"aioseo-breadcrumb\">\n\t\t\t<a href=\"https:\/\/www.encontrasaogoncalo.com.br\/sobre\" title=\"In\u00edcio\">In\u00edcio<\/a>\n\t\t<\/span><span class=\"aioseo-breadcrumb-separator\">&raquo;<\/span><span class=\"aioseo-breadcrumb\">\n\t\t\t<a href=\"https:\/\/www.encontrasaogoncalo.com.br\/sobre\/noticias-em-sao-goncalo\/\" title=\"Not\u00edcias S\u00e3o Gon\u00e7alo\">Not\u00edcias S\u00e3o Gon\u00e7alo<\/a>\n\t\t<\/span><span class=\"aioseo-breadcrumb-separator\">&raquo;<\/span><span class=\"aioseo-breadcrumb\">\n\t\t\tObras do MUVI no Alc\u00e2ntara come\u00e7am a tomar forma\n\t\t<\/span><\/div>","aioseo_breadcrumb_json":[{"label":"In\u00edcio","link":"https:\/\/www.encontrasaogoncalo.com.br\/sobre"},{"label":"Not\u00edcias S\u00e3o Gon\u00e7alo","link":"https:\/\/www.encontrasaogoncalo.com.br\/sobre\/noticias-em-sao-goncalo\/"},{"label":"Obras do MUVI no Alc\u00e2ntara come\u00e7am a tomar forma","link":"https:\/\/www.encontrasaogoncalo.com.br\/sobre\/obras-do-muvi-no-alcantara-comecam-a-tomar-forma\/"}],"_links":{"self":[{"href":"https:\/\/www.encontrasaogoncalo.com.br\/sobre\/wp-json\/wp\/v2\/posts\/1394","targetHints":{"allow":["GET"]}}],"collection":[{"href":"https:\/\/www.encontrasaogoncalo.com.br\/sobre\/wp-json\/wp\/v2\/posts"}],"about":[{"href":"https:\/\/www.encontrasaogoncalo.com.br\/sobre\/wp-json\/wp\/v2\/types\/post"}],"author":[{"embeddable":true,"href":"https:\/\/www.encontrasaogoncalo.com.br\/sobre\/wp-json\/wp\/v2\/users\/1"}],"replies":[{"embeddable":true,"href":"https:\/\/www.encontrasaogoncalo.com.br\/sobre\/wp-json\/wp\/v2\/comments?post=1394"}],"version-history":[{"count":0,"href":"https:\/\/www.encontrasaogoncalo.com.br\/sobre\/wp-json\/wp\/v2\/posts\/1394\/revisions"}],"wp:featuredmedia":[{"embeddable":true,"href":"https:\/\/www.encontrasaogoncalo.com.br\/sobre\/wp-json\/wp\/v2\/media\/1393"}],"wp:attachment":[{"href":"https:\/\/www.encontrasaogoncalo.com.br\/sobre\/wp-json\/wp\/v2\/media?parent=1394"}],"wp:term":[{"taxonomy":"category","embeddable":true,"href":"https:\/\/www.encontrasaogoncalo.com.br\/sobre\/wp-json\/wp\/v2\/categories?post=1394"},{"taxonomy":"post_tag","embeddable":true,"href":"https:\/\/www.encontrasaogoncalo.com.br\/sobre\/wp-json\/wp\/v2\/tags?post=1394"}],"curies":[{"name":"wp","href":"https:\/\/api.w.org\/{rel}","templated":true}]}}