{"id":1435,"date":"2026-01-11T07:13:03","date_gmt":"2026-01-11T07:13:03","guid":{"rendered":"https:\/\/www.encontrasaogoncalo.com.br\/sobre\/em-sao-goncalo-criancas-propoem-projeto-de-praca-para-promover-melhorias-no-bairro\/"},"modified":"2026-01-11T07:13:03","modified_gmt":"2026-01-11T07:13:03","slug":"em-sao-goncalo-criancas-propoem-projeto-de-praca-para-promover-melhorias-no-bairro","status":"publish","type":"post","link":"https:\/\/www.encontrasaogoncalo.com.br\/sobre\/em-sao-goncalo-criancas-propoem-projeto-de-praca-para-promover-melhorias-no-bairro\/","title":{"rendered":"Em S\u00e3o Gon\u00e7alo, crian\u00e7as prop\u00f5em projeto de pra\u00e7a para promover melhorias no bairro"},"content":{"rendered":"<div class=\"558ebb280150f569344a3237cd236fe7\" data-index=\"1\" style=\"float: none; margin:0px;\">\n<!-- Anuncio display - global -->\r\n<ins class=\"adsbygoogle\"\r\n     style=\"display:block\"\r\n     data-ad-client=\"ca-pub-8585364105181520\"\r\n     data-ad-slot=\"8789329856\"\r\n     data-ad-format=\"auto\"\r\n     data-full-width-responsive=\"true\"><\/ins>\r\n<script>\r\n     (adsbygoogle = window.adsbygoogle || []).push({});\r\n<\/script>\n<\/div>\n<h2>Oficinas Criativas para a Comunidade<\/h2>\n<p>A proposta de oficinas criativas em S\u00e3o Gon\u00e7alo, no bairro Jardim Catarina, trouxe \u00e0 tona a import\u00e2ncia da participa\u00e7\u00e3o da juventude na constru\u00e7\u00e3o de espa\u00e7os p\u00fablicos. As oficinas, que reuniram crian\u00e7as e adolescentes de 11 a 16 anos, foram conduzidas pela Prefeitura de S\u00e3o Gon\u00e7alo em parceria com o Programa das Na\u00e7\u00f5es Unidas para os Assentamentos Humanos, o ONU-Habitat. Este tipo de atividade n\u00e3o apenas estimula a criatividade, mas tamb\u00e9m promove um senso de pertencimento e engajamento comunit\u00e1rio. O enfoque na cria\u00e7\u00e3o de pra\u00e7as e espa\u00e7os p\u00fablicos adequados \u00e0s necessidades dos moradores reflete a ess\u00eancia de um planejamento urbano acess\u00edvel e inclusivo.<\/p>\n<p>As atividades de desenho e elabora\u00e7\u00e3o de projetos brilhantemente executadas trouxeram ao grupo a experi\u00eancia pr\u00e1tica de mapear suas ideias e transformar preocupa\u00e7\u00f5es em propostas concretas. Por meio de exerc\u00edcios como a constru\u00e7\u00e3o de maquetes f\u00edsicas e a elabora\u00e7\u00e3o de mapas afetivos, as crian\u00e7as e adolescentes puderam visualizar suas ideias e, ao mesmo tempo, entender melhor o que constitui um espa\u00e7o comunit\u00e1rio agrad\u00e1vel e funcional.<\/p>\n<p>Os facilitadores das oficinas utilizaram uma abordagem l\u00fadica, integrando t\u00e9cnicas de brainstorming e escuta ativa, o que garantiu que todos os participantes se sentissem ouvidos e valorizados. Essa metodologia n\u00e3o s\u00f3 favoreceu um ambiente criativo, mas tamb\u00e9m garantiu que o resultado final fosse um reflexo genu\u00edno dos desejos e necessidades das crian\u00e7as da comunidade.<\/p>\n<p><img decoding=\"async\" src=\"https:\/\/www.encontrasaogoncalo.com.br\/sobre\/wp-content\/uploads\/em-sao-goncalo-criancas-propoem-projeto-de-praca-para-promover-melhorias-no-bairro.webp\" alt=\"projeto de pra\u00e7a\" loading=\"lazy\" \/><\/p>\n<h2>O Impacto do Envolvimento Juvenil<\/h2>\n<p>O envolvimento dos jovens em iniciativas comunit\u00e1rias tem mostrado ser uma estrat\u00e9gia poderosa de transforma\u00e7\u00e3o social. Quando as crian\u00e7as e adolescentes se sentem parte do processo de decis\u00e3o, isso n\u00e3o apenas gera um impacto positivo nos espa\u00e7os p\u00fablicos, mas tamb\u00e9m nas suas vidas pessoais. O exemplo da oficina de desenho de espa\u00e7os p\u00fablicos no Jardim Catarina \u00e9 revelador: as crian\u00e7as contribu\u00edram ativamente na identifica\u00e7\u00e3o de problemas e solu\u00e7\u00f5es que refletissem suas realidades di\u00e1rias.<\/p>\n<p>Um dos participantes, Alexsandro, expressou sua satisfa\u00e7\u00e3o em ver suas ideias sendo ouvidas. A experi\u00eancia gerou n\u00e3o apenas um espa\u00e7o de fala, mas tamb\u00e9m um entendimento claro de que a juventude tem a capacidade de influenciar suas comunidades de maneira significativa. Al\u00e9m disso, essa participa\u00e7\u00e3o ativa fomenta o desenvolvimento de habilidades como trabalho em equipe, comunica\u00e7\u00e3o e lideran\u00e7a, que ser\u00e3o essenciais para o crescimento pessoal e profissional dos jovens no futuro.<\/p>\n<p>Portanto, ao facilitar o engajamento juvenil, o projeto n\u00e3o s\u00f3 melhora os espa\u00e7os urbanos, mas tamb\u00e9m contribui para a forma\u00e7\u00e3o de futuros cidad\u00e3os mais conscientes e respons\u00e1veis, que estar\u00e3o mais dispostos a cuidar de sua comunidade e lutar por melhorias necess\u00e1rias.<\/p>\n<h2>A Fun\u00e7\u00e3o das Pra\u00e7as na Vida Comunit\u00e1ria<\/h2>\n<p>As pra\u00e7as desempenham um papel essencial na vida urbana, al\u00e9m de serem espa\u00e7os de conviv\u00eancia e lazer, s\u00e3o locais onde a comunidade se re\u00fane, interage e constr\u00f3i la\u00e7os sociais. No contexto do Jardim Catarina, onde a proposta de um novo espa\u00e7o p\u00fablico est\u00e1 em pauta, a constru\u00e7\u00e3o de uma pra\u00e7a pode ser a resposta para a aus\u00eancia de \u00e1reas de lazer adequadas.<\/p>\n<p>Espa\u00e7os bem planejados t\u00eam o potencial de aumentar o senso de comunidade e promover atividades como eventos culturais, esportivos e educativos. A proposta apresentada pelos jovens no projeto inclui elementos como quadras esportivas, bancos e brinquedos que atendem n\u00e3o apenas a crian\u00e7as, mas tamb\u00e9m a idosos e fam\u00edlias. Essa diversidade de op\u00e7\u00f5es assegura que a pra\u00e7a se torne um espa\u00e7o inclusivo, atraindo uma variedade de p\u00fablicos e promovendo um sentimento de pertencimento entre os moradores.<\/p>\n<p>Al\u00e9m disso, as pra\u00e7as podem ser fundamentais para a sa\u00fade mental dos indiv\u00edduos. Elas oferecem um espa\u00e7o para relaxamento, divers\u00e3o e contempla\u00e7\u00e3o, aspectos essenciais para melhorar a qualidade de vida urbana. Um ambiente agrad\u00e1vel e bem-cuidado motiva as pessoas a se deslocarem, socializarem e desfrutarem de momentos ao ar livre.<\/p>\n<h2>Estrat\u00e9gias para Melhorar Espa\u00e7os Urbanos<\/h2>\n<p>A melhoria de espa\u00e7os urbanos requer planejamento e a colabora\u00e7\u00e3o da comunidade. No caso das oficinas no Jardim Catarina, o foco em ouvir os moradores foi um passo importante para a cria\u00e7\u00e3o de um planejamento urbano mais eficiente. As sugest\u00f5es apresentadas pelos jovens incluem a utiliza\u00e7\u00e3o de \u00e1rvores, a instala\u00e7\u00e3o de bebedouros e chuveir\u00f5es, que s\u00e3o medidas pr\u00e1ticas e necess\u00e1rias em ambientes urbanos, especialmente em \u00e1reas onde a infraestrutura \u00e9 deficiente.<\/p>\n<p>Uma estrat\u00e9gia fundamental consiste em incentivar a participa\u00e7\u00e3o ativa dos usu\u00e1rios no diagn\u00f3stico e na solu\u00e7\u00e3o de problemas do espa\u00e7o. Mapas afetivos podem ser ferramentas \u00fateis, pois ajudam a identificar os locais preferidos pelos moradores e os que necessitam de interven\u00e7\u00f5es. Al\u00e9m disso, essa pr\u00e1tica tamb\u00e9m traz \u00e0 tona hist\u00f3rias e experi\u00eancias que est\u00e3o ligadas a esses espa\u00e7os, tornando o processo de transforma\u00e7\u00e3o mais humano e assertivo.<\/p>\n<p>Outras estrat\u00e9gias incluem a cria\u00e7\u00e3o de parcerias s\u00f3lidas com entidades locais, como escolas e grupos de jovens, que podem auxiliar na manuten\u00e7\u00e3o e no cuidado dos espa\u00e7os criados. Promover atividades comunit\u00e1rias regulares, como limpeza, plantio de \u00e1rvores e eventos culturais, fortalece a conex\u00e3o dos moradores com seus espa\u00e7os, resultando em uma prote\u00e7\u00e3o e valoriza\u00e7\u00e3o cont\u00ednuas do ambiente.<\/p>\n<h2>A Import\u00e2ncia da Escuta Ativa<\/h2>\n<p>A escuta ativa \u00e9 uma habilidade essencial em projetos participativos. No contexto das oficinas em S\u00e3o Gon\u00e7alo, este aspecto foi crucial para o sucesso do projeto. A escuta n\u00e3o se restringe apenas \u00e0 coleta de informa\u00e7\u00f5es, mas envolve a cria\u00e7\u00e3o de um espa\u00e7o seguro onde as pessoas se sentem aut\u00eanticas e livres para compartilhar suas opini\u00f5es.<\/p>\n<p>A implementa\u00e7\u00e3o de estrat\u00e9gias de escuta ativa permite que as necessidades e desejos dos moradores sejam identificados e priorizados no planejamento. Quando os facilitadores e organizadores do projeto projetam sua abordagem de maneira democr\u00e1tica, eles criam um ambiente que respeita e valoriza as vozes de todos os participantes. Essa engajamento \u00e9 essencial para garantir que o resultado reflita verdadeiramente as expectativas da comunidade.<\/p>\n<p>As oficinas demonstraram que investir tempo e energia em escuta ativa gera frutos. Os participantes n\u00e3o apenas apresentaram ideias inovadoras, como tamb\u00e9m se mostraram mais motivados e comprometidos com o resultado final do projeto. A escuta ativa deve ser continuada mesmo ap\u00f3s a conclus\u00e3o das oficinas; essa pr\u00e1tica garante uma rela\u00e7\u00e3o de confian\u00e7a e parceria entre a comunidade e as institui\u00e7\u00f5es envolvidas.<\/p>\n<h2>Como Projetos Participativos Transformam Vidas<\/h2>\n<p>Os projetos participativos t\u00eam o poder de transformar vidas, especialmente em comunidades vulner\u00e1veis. A proposta de revitaliza\u00e7\u00e3o de pra\u00e7as em Jardim Catarina n\u00e3o se resume apenas \u00e0 constru\u00e7\u00e3o f\u00edsica de um espa\u00e7o, mas sim ao fortalecimento da coes\u00e3o social e ao empoderamento dos jovens. Essa experi\u00eancia \u00e9 formativa e pode influenciar a trajet\u00f3ria pessoal e profissional dos participantes.<\/p>\n<p>Por meio da participa\u00e7\u00e3o ativa em processos de planejamento, os jovens se tornam mais conscientes de seu papel como cidad\u00e3os. Eles aprendem a import\u00e2ncia de se expressar e a se envolver na pol\u00edtica local, tornando-se agentes de mudan\u00e7a em suas comunidades. Essa transforma\u00e7\u00e3o cultural \u00e9 frequentemente um resultado positivo de iniciativas lideradas pelo ONU-Habitat e outras organiza\u00e7\u00f5es que buscam o desenvolvimento sustent\u00e1vel e inclusivo.<\/p>\n<p>Al\u00e9m disso, a constru\u00e7\u00e3o de espa\u00e7os p\u00fablicos que levam em conta as necessidades locais tem um impacto significativo na sa\u00fade f\u00edsica e mental da comunidade. Ao proporcionar locais para o lazer e a intera\u00e7\u00e3o social, essas iniciativas promovem uma vida comunit\u00e1ria mais vibrante e saud\u00e1vel.<\/p>\n<h2>Desafios Urbanos no Jardim Catarina<\/h2>\n<p>O bairro Jardim Catarina enfrenta desafios urbanos t\u00edpicos de \u00e1reas mais vulner\u00e1veis, tais como a falta de infraestrutura adequada, escassez de espa\u00e7os de lazer e alta densidade populacional. Esses fatores contribuem para a necessidade urgente de interven\u00e7\u00f5es que promovam melhorias na qualidade de vida dos moradores.<\/p>\n<p>Um dos principais desafios identificados nas oficinas \u00e9 a aus\u00eancia de pra\u00e7as ou espa\u00e7os de lazer a menos de 20 minutos a p\u00e9 das resid\u00eancias. Isso n\u00e3o apenas limita as op\u00e7\u00f5es de entretenimento, mas tamb\u00e9m diminui as oportunidades de intera\u00e7\u00e3o social e desenvolvimento comunit\u00e1rio. As ideias propostas pelos jovens visam n\u00e3o apenas preencher essas lacunas, mas tamb\u00e9m garantir que a nova infraestrutura seja acess\u00edvel e inclusiva.<\/p>\n<p>Adicionalmente, a falta de manuten\u00e7\u00e3o de espa\u00e7os p\u00fablicos existentes e a escassez de recursos financeiros para novas interven\u00e7\u00f5es representam obst\u00e1culos significativos. Assim, iniciativas que integrem o conhecimento e a criatividade dos jovens com a experi\u00eancia de profissionais do urbanismo, como as oferecidas pelo ONU-Habitat, s\u00e3o essenciais para driblar esses problemas.<\/p>\n<h2>O Papel do ONU-Habitat em Iniciativas Locais<\/h2>\n<p>O ONU-Habitat desempenha um papel crucial no apoio a projetos comunit\u00e1rios de revitaliza\u00e7\u00e3o urbana e na promo\u00e7\u00e3o de boas pr\u00e1ticas no planejamento urbano. Por meio da parceria com a Prefeitura de S\u00e3o Gon\u00e7alo, o ONU-Habitat contribuiu para levar pr\u00e1ticas globais de urbanismo participativo para o contexto local, fortalecendo a capacidade de planejamento da comunidade.<\/p>\n<p>Al\u00e9m disso, o suporte do ONU-Habitat j\u00e1 demonstrou resultados positivos em campanhas semelhantes em outras regi\u00f5es, onde a envolvimento local resultou em transforma\u00e7\u00f5es significativas. O foco nas ideias e nas necessidades dos moradores \u00e9 o que torna essas interven\u00e7\u00f5es eficazes, trazendo n\u00e3o apenas melhorias f\u00edsicas, mas tamb\u00e9m mudan\u00e7as sociais profundas.<\/p>\n<p>O trabalho do ONU-Habitat tamb\u00e9m envolve a capacita\u00e7\u00e3o de jovens para que possam se tornar l\u00edderes em suas comunidades. Isso n\u00e3o s\u00f3 complementa a habilidade deles, mas tamb\u00e9m incentiva um ciclo de aprendizado colaborativo que beneficia toda a comunidade.<\/p>\n<h2>Ideias de Melhorias Apresentadas pelos Jovens<\/h2>\n<p>As sugest\u00f5es apresentadas pelos jovens durante as oficinas de desenho de espa\u00e7os p\u00fablicos refletem uma compreens\u00e3o profunda das necessidades locais. As propostas inclu\u00edram a cria\u00e7\u00e3o de quadras esportivas, o plantio de \u00e1rvores, a instala\u00e7\u00e3o de equipamentos de lazer apropriados para crian\u00e7as e idosos, al\u00e9m da implementa\u00e7\u00e3o de ilumina\u00e7\u00e3o p\u00fablica adequada e bebedouros.<\/p>\n<p>A diversidade das sugest\u00f5es destaca a capacidade inovadora das crian\u00e7as e adolescentes em imaginar um ambiente urbano ideal. Um dos aspectos mais importantes dessas propostas \u00e9 que elas foram pensadas para serem inclusivas e acess\u00edveis a todos os moradores, independentemente da idade ou das habilidades.<\/p>\n<p>Essas ideias pr\u00e1ticas, juntamente com o envolvimento da juventude no planejamento de espa\u00e7os p\u00fablicos, refor\u00e7am a ideia de que as solu\u00e7\u00f5es para os problemas urbanos devem vir da pr\u00f3pria comunidade, que melhor conhece suas necessidades e aspira\u00e7\u00f5es.<\/p>\n<h2>Pr\u00f3ximos Passos para Interven\u00e7\u00f5es Comunit\u00e1rias<\/h2>\n<p>Com a finaliza\u00e7\u00e3o das oficinas, os pr\u00f3ximos passos envolvem a integra\u00e7\u00e3o das ideias coletadas no plano de a\u00e7\u00e3o que ser\u00e1 desenvolvido pela equipe de arquitetura e paisagismo da Prefeitura de S\u00e3o Gon\u00e7alo com o suporte do ONU-Habitat. O objetivo \u00e9 que as propostas apresentadas pelos jovens sejam traduzidas em a\u00e7\u00f5es concretas em um futuro pr\u00f3ximo.<\/p>\n<p>Al\u00e9m disso, a continuidade das oficinas e o envolvimento de novas comunidades tamb\u00e9m est\u00e3o nos planos para 2026, quando novas atividades ser\u00e3o realizadas em outros bairros, como Ipuca. Esse crescimento na inclus\u00e3o social e na participa\u00e7\u00e3o da juventude nos processos de planejamento urbano \u00e9 um exemplo claro de como pequenas a\u00e7\u00f5es podem gerar grandes mudan\u00e7as e inspirar uma nova gera\u00e7\u00e3o a se envolver.<\/p>\n<p>Em resumo, as interven\u00e7\u00f5es visam proporcionar solu\u00e7\u00f5es que n\u00e3o apenas melhorem o espa\u00e7o urbano, mas que tamb\u00e9m criem la\u00e7os comunit\u00e1rios mais s\u00f3lidos. Ao abra\u00e7ar a vis\u00e3o e as ideias das crian\u00e7as e adolescentes, a Prefeitura de S\u00e3o Gon\u00e7alo, em parceria com o ONU-Habitat, prioriza uma abordagem colaborativa que promete transformar a vida no Jardim Catarina e em outras \u00e1reas.<\/p>\n\n<div style=\"font-size: 0px; height: 0px; line-height: 0px; margin: 0; padding: 0; clear: both;\"><\/div>","protected":false},"excerpt":{"rendered":"<p>Crian\u00e7as do Jardim Catarina prop\u00f5em melhorias para pra\u00e7a no bairro.<\/p>\n","protected":false},"author":1,"featured_media":1434,"comment_status":"open","ping_status":"closed","sticky":false,"template":"","format":"standard","meta":{"footnotes":""},"categories":[6],"tags":[],"class_list":["post-1435","post","type-post","status-publish","format-standard","has-post-thumbnail","hentry","category-noticias-em-sao-goncalo","has_thumb"],"aioseo_notices":[],"aioseo_head":"\n\t\t<!-- All in One SEO 5.0.0.1 - aioseo.com -->\n\t<meta name=\"robots\" content=\"max-image-preview:large\" \/>\n\t<meta name=\"author\" content=\"Encontra S\u00e3o Gon\u00e7alo\"\/>\n\t<link rel=\"canonical\" href=\"https:\/\/www.encontrasaogoncalo.com.br\/sobre\/em-sao-goncalo-criancas-propoem-projeto-de-praca-para-promover-melhorias-no-bairro\/\" \/>\n\t<meta name=\"generator\" content=\"All in One SEO (AIOSEO) 5.0.0.1\" \/>\n\t\t<meta property=\"og:locale\" content=\"pt_BR\" \/>\n\t\t<meta property=\"og:site_name\" content=\"Encontra S\u00e3o Gon\u00e7alo | Not\u00edcias, eventos, informa\u00e7\u00f5es e dicas da cidade de S\u00e3o Gon\u00e7alo e regi\u00e3o\" \/>\n\t\t<meta property=\"og:type\" content=\"article\" \/>\n\t\t<meta property=\"og:title\" content=\"Em S\u00e3o Gon\u00e7alo, crian\u00e7as prop\u00f5em projeto de pra\u00e7a para promover melhorias no bairro | Encontra S\u00e3o Gon\u00e7alo\" \/>\n\t\t<meta property=\"og:url\" content=\"https:\/\/www.encontrasaogoncalo.com.br\/sobre\/em-sao-goncalo-criancas-propoem-projeto-de-praca-para-promover-melhorias-no-bairro\/\" \/>\n\t\t<meta property=\"article:published_time\" content=\"2026-01-11T07:13:03+00:00\" \/>\n\t\t<meta property=\"article:modified_time\" content=\"2026-01-11T07:13:03+00:00\" \/>\n\t\t<meta name=\"twitter:card\" content=\"summary\" \/>\n\t\t<meta name=\"twitter:title\" content=\"Em S\u00e3o Gon\u00e7alo, crian\u00e7as prop\u00f5em projeto de pra\u00e7a para promover melhorias no bairro | Encontra S\u00e3o Gon\u00e7alo\" \/>\n\t\t<script type=\"application\/ld+json\" class=\"aioseo-schema\">\n\t\t\t{\"@context\":\"https:\\\/\\\/schema.org\",\"@graph\":[{\"@type\":\"Article\",\"@id\":\"https:\\\/\\\/www.encontrasaogoncalo.com.br\\\/sobre\\\/em-sao-goncalo-criancas-propoem-projeto-de-praca-para-promover-melhorias-no-bairro\\\/#article\",\"name\":\"Em S\\u00e3o Gon\\u00e7alo, crian\\u00e7as prop\\u00f5em projeto de pra\\u00e7a para promover melhorias no bairro | Encontra S\\u00e3o Gon\\u00e7alo\",\"headline\":\"Em S\\u00e3o Gon\\u00e7alo, crian\\u00e7as prop\\u00f5em projeto de pra\\u00e7a para promover melhorias no bairro\",\"author\":{\"@id\":\"https:\\\/\\\/www.encontrasaogoncalo.com.br\\\/sobre\\\/author\\\/esaogoncalo\\\/#author\"},\"publisher\":{\"@id\":\"https:\\\/\\\/www.encontrasaogoncalo.com.br\\\/sobre\\\/#organization\"},\"image\":{\"@type\":\"ImageObject\",\"url\":\"https:\\\/\\\/www.encontrasaogoncalo.com.br\\\/sobre\\\/wp-content\\\/uploads\\\/em-sao-goncalo-criancas-propoem-projeto-de-praca-para-promover-melhorias-no-bairro.webp\",\"width\":320,\"height\":280,\"caption\":\"projeto de pra\\u00e7a\"},\"datePublished\":\"2026-01-11T07:13:03+00:00\",\"dateModified\":\"2026-01-11T07:13:03+00:00\",\"inLanguage\":\"pt-BR\",\"mainEntityOfPage\":{\"@id\":\"https:\\\/\\\/www.encontrasaogoncalo.com.br\\\/sobre\\\/em-sao-goncalo-criancas-propoem-projeto-de-praca-para-promover-melhorias-no-bairro\\\/#webpage\"},\"isPartOf\":{\"@id\":\"https:\\\/\\\/www.encontrasaogoncalo.com.br\\\/sobre\\\/em-sao-goncalo-criancas-propoem-projeto-de-praca-para-promover-melhorias-no-bairro\\\/#webpage\"},\"articleSection\":\"Not\\u00edcias S\\u00e3o Gon\\u00e7alo\"},{\"@type\":\"BreadcrumbList\",\"@id\":\"https:\\\/\\\/www.encontrasaogoncalo.com.br\\\/sobre\\\/em-sao-goncalo-criancas-propoem-projeto-de-praca-para-promover-melhorias-no-bairro\\\/#breadcrumblist\",\"itemListElement\":[{\"@type\":\"ListItem\",\"@id\":\"https:\\\/\\\/www.encontrasaogoncalo.com.br\\\/sobre#listItem\",\"position\":1,\"name\":\"In\\u00edcio\",\"item\":\"https:\\\/\\\/www.encontrasaogoncalo.com.br\\\/sobre\",\"nextItem\":{\"@type\":\"ListItem\",\"@id\":\"https:\\\/\\\/www.encontrasaogoncalo.com.br\\\/sobre\\\/noticias-em-sao-goncalo\\\/#listItem\",\"name\":\"Not\\u00edcias S\\u00e3o Gon\\u00e7alo\"}},{\"@type\":\"ListItem\",\"@id\":\"https:\\\/\\\/www.encontrasaogoncalo.com.br\\\/sobre\\\/noticias-em-sao-goncalo\\\/#listItem\",\"position\":2,\"name\":\"Not\\u00edcias S\\u00e3o Gon\\u00e7alo\",\"item\":\"https:\\\/\\\/www.encontrasaogoncalo.com.br\\\/sobre\\\/noticias-em-sao-goncalo\\\/\",\"nextItem\":{\"@type\":\"ListItem\",\"@id\":\"https:\\\/\\\/www.encontrasaogoncalo.com.br\\\/sobre\\\/em-sao-goncalo-criancas-propoem-projeto-de-praca-para-promover-melhorias-no-bairro\\\/#listItem\",\"name\":\"Em S\\u00e3o Gon\\u00e7alo, crian\\u00e7as prop\\u00f5em projeto de pra\\u00e7a para promover melhorias no bairro\"},\"previousItem\":{\"@type\":\"ListItem\",\"@id\":\"https:\\\/\\\/www.encontrasaogoncalo.com.br\\\/sobre#listItem\",\"name\":\"In\\u00edcio\"}},{\"@type\":\"ListItem\",\"@id\":\"https:\\\/\\\/www.encontrasaogoncalo.com.br\\\/sobre\\\/em-sao-goncalo-criancas-propoem-projeto-de-praca-para-promover-melhorias-no-bairro\\\/#listItem\",\"position\":3,\"name\":\"Em S\\u00e3o Gon\\u00e7alo, crian\\u00e7as prop\\u00f5em projeto de pra\\u00e7a para promover melhorias no bairro\",\"previousItem\":{\"@type\":\"ListItem\",\"@id\":\"https:\\\/\\\/www.encontrasaogoncalo.com.br\\\/sobre\\\/noticias-em-sao-goncalo\\\/#listItem\",\"name\":\"Not\\u00edcias S\\u00e3o Gon\\u00e7alo\"}}]},{\"@type\":\"Organization\",\"@id\":\"https:\\\/\\\/www.encontrasaogoncalo.com.br\\\/sobre\\\/#organization\",\"name\":\"Encontra S\\u00e3o Gon\\u00e7alo\",\"description\":\"Not\\u00edcias, eventos, informa\\u00e7\\u00f5es e dicas da cidade de S\\u00e3o Gon\\u00e7alo e regi\\u00e3o\",\"url\":\"https:\\\/\\\/www.encontrasaogoncalo.com.br\\\/sobre\\\/\"},{\"@type\":\"Person\",\"@id\":\"https:\\\/\\\/www.encontrasaogoncalo.com.br\\\/sobre\\\/author\\\/esaogoncalo\\\/#author\",\"url\":\"https:\\\/\\\/www.encontrasaogoncalo.com.br\\\/sobre\\\/author\\\/esaogoncalo\\\/\",\"name\":\"Encontra S\\u00e3o Gon\\u00e7alo\",\"image\":{\"@type\":\"ImageObject\",\"@id\":\"https:\\\/\\\/www.encontrasaogoncalo.com.br\\\/sobre\\\/em-sao-goncalo-criancas-propoem-projeto-de-praca-para-promover-melhorias-no-bairro\\\/#authorImage\",\"url\":\"https:\\\/\\\/secure.gravatar.com\\\/avatar\\\/507340682b8270222e1f208e23198b6ae7e2c6a1033ae84e99bc6bce4f82a387?s=96&d=mm&r=g\",\"width\":96,\"height\":96,\"caption\":\"Encontra S\\u00e3o Gon\\u00e7alo\"}},{\"@type\":\"WebPage\",\"@id\":\"https:\\\/\\\/www.encontrasaogoncalo.com.br\\\/sobre\\\/em-sao-goncalo-criancas-propoem-projeto-de-praca-para-promover-melhorias-no-bairro\\\/#webpage\",\"url\":\"https:\\\/\\\/www.encontrasaogoncalo.com.br\\\/sobre\\\/em-sao-goncalo-criancas-propoem-projeto-de-praca-para-promover-melhorias-no-bairro\\\/\",\"name\":\"Em S\\u00e3o Gon\\u00e7alo, crian\\u00e7as prop\\u00f5em projeto de pra\\u00e7a para promover melhorias no bairro | Encontra S\\u00e3o Gon\\u00e7alo\",\"inLanguage\":\"pt-BR\",\"isPartOf\":{\"@id\":\"https:\\\/\\\/www.encontrasaogoncalo.com.br\\\/sobre\\\/#website\"},\"breadcrumb\":{\"@id\":\"https:\\\/\\\/www.encontrasaogoncalo.com.br\\\/sobre\\\/em-sao-goncalo-criancas-propoem-projeto-de-praca-para-promover-melhorias-no-bairro\\\/#breadcrumblist\"},\"author\":{\"@id\":\"https:\\\/\\\/www.encontrasaogoncalo.com.br\\\/sobre\\\/author\\\/esaogoncalo\\\/#author\"},\"creator\":{\"@id\":\"https:\\\/\\\/www.encontrasaogoncalo.com.br\\\/sobre\\\/author\\\/esaogoncalo\\\/#author\"},\"image\":{\"@type\":\"ImageObject\",\"url\":\"https:\\\/\\\/www.encontrasaogoncalo.com.br\\\/sobre\\\/wp-content\\\/uploads\\\/em-sao-goncalo-criancas-propoem-projeto-de-praca-para-promover-melhorias-no-bairro.webp\",\"@id\":\"https:\\\/\\\/www.encontrasaogoncalo.com.br\\\/sobre\\\/em-sao-goncalo-criancas-propoem-projeto-de-praca-para-promover-melhorias-no-bairro\\\/#mainImage\",\"width\":320,\"height\":280,\"caption\":\"projeto de pra\\u00e7a\"},\"primaryImageOfPage\":{\"@id\":\"https:\\\/\\\/www.encontrasaogoncalo.com.br\\\/sobre\\\/em-sao-goncalo-criancas-propoem-projeto-de-praca-para-promover-melhorias-no-bairro\\\/#mainImage\"},\"datePublished\":\"2026-01-11T07:13:03+00:00\",\"dateModified\":\"2026-01-11T07:13:03+00:00\"},{\"@type\":\"WebSite\",\"@id\":\"https:\\\/\\\/www.encontrasaogoncalo.com.br\\\/sobre\\\/#website\",\"url\":\"https:\\\/\\\/www.encontrasaogoncalo.com.br\\\/sobre\\\/\",\"name\":\"Encontra S\\u00e3o Gon\\u00e7alo\",\"description\":\"Not\\u00edcias, eventos, informa\\u00e7\\u00f5es e dicas da cidade de S\\u00e3o Gon\\u00e7alo e regi\\u00e3o\",\"inLanguage\":\"pt-BR\",\"publisher\":{\"@id\":\"https:\\\/\\\/www.encontrasaogoncalo.com.br\\\/sobre\\\/#organization\"}}]}\n\t\t<\/script>\n\t\t<!-- All in One SEO -->\n\n","aioseo_head_json":{"title":"Em S\u00e3o Gon\u00e7alo, crian\u00e7as prop\u00f5em projeto de pra\u00e7a para promover melhorias no bairro | Encontra S\u00e3o Gon\u00e7alo","description":"","canonical_url":"https:\/\/www.encontrasaogoncalo.com.br\/sobre\/em-sao-goncalo-criancas-propoem-projeto-de-praca-para-promover-melhorias-no-bairro\/","robots":"max-image-preview:large","keywords":"","webmasterTools":{"miscellaneous":""},"schema":{"@context":"https:\/\/schema.org","@graph":[{"@type":"Article","@id":"https:\/\/www.encontrasaogoncalo.com.br\/sobre\/em-sao-goncalo-criancas-propoem-projeto-de-praca-para-promover-melhorias-no-bairro\/#article","name":"Em S\u00e3o Gon\u00e7alo, crian\u00e7as prop\u00f5em projeto de pra\u00e7a para promover melhorias no bairro | Encontra S\u00e3o Gon\u00e7alo","headline":"Em S\u00e3o Gon\u00e7alo, crian\u00e7as prop\u00f5em projeto de pra\u00e7a para promover melhorias no bairro","author":{"@id":"https:\/\/www.encontrasaogoncalo.com.br\/sobre\/author\/esaogoncalo\/#author"},"publisher":{"@id":"https:\/\/www.encontrasaogoncalo.com.br\/sobre\/#organization"},"image":{"@type":"ImageObject","url":"https:\/\/www.encontrasaogoncalo.com.br\/sobre\/wp-content\/uploads\/em-sao-goncalo-criancas-propoem-projeto-de-praca-para-promover-melhorias-no-bairro.webp","width":320,"height":280,"caption":"projeto de pra\u00e7a"},"datePublished":"2026-01-11T07:13:03+00:00","dateModified":"2026-01-11T07:13:03+00:00","inLanguage":"pt-BR","mainEntityOfPage":{"@id":"https:\/\/www.encontrasaogoncalo.com.br\/sobre\/em-sao-goncalo-criancas-propoem-projeto-de-praca-para-promover-melhorias-no-bairro\/#webpage"},"isPartOf":{"@id":"https:\/\/www.encontrasaogoncalo.com.br\/sobre\/em-sao-goncalo-criancas-propoem-projeto-de-praca-para-promover-melhorias-no-bairro\/#webpage"},"articleSection":"Not\u00edcias S\u00e3o Gon\u00e7alo"},{"@type":"BreadcrumbList","@id":"https:\/\/www.encontrasaogoncalo.com.br\/sobre\/em-sao-goncalo-criancas-propoem-projeto-de-praca-para-promover-melhorias-no-bairro\/#breadcrumblist","itemListElement":[{"@type":"ListItem","@id":"https:\/\/www.encontrasaogoncalo.com.br\/sobre#listItem","position":1,"name":"In\u00edcio","item":"https:\/\/www.encontrasaogoncalo.com.br\/sobre","nextItem":{"@type":"ListItem","@id":"https:\/\/www.encontrasaogoncalo.com.br\/sobre\/noticias-em-sao-goncalo\/#listItem","name":"Not\u00edcias S\u00e3o Gon\u00e7alo"}},{"@type":"ListItem","@id":"https:\/\/www.encontrasaogoncalo.com.br\/sobre\/noticias-em-sao-goncalo\/#listItem","position":2,"name":"Not\u00edcias S\u00e3o Gon\u00e7alo","item":"https:\/\/www.encontrasaogoncalo.com.br\/sobre\/noticias-em-sao-goncalo\/","nextItem":{"@type":"ListItem","@id":"https:\/\/www.encontrasaogoncalo.com.br\/sobre\/em-sao-goncalo-criancas-propoem-projeto-de-praca-para-promover-melhorias-no-bairro\/#listItem","name":"Em S\u00e3o Gon\u00e7alo, crian\u00e7as prop\u00f5em projeto de pra\u00e7a para promover melhorias no bairro"},"previousItem":{"@type":"ListItem","@id":"https:\/\/www.encontrasaogoncalo.com.br\/sobre#listItem","name":"In\u00edcio"}},{"@type":"ListItem","@id":"https:\/\/www.encontrasaogoncalo.com.br\/sobre\/em-sao-goncalo-criancas-propoem-projeto-de-praca-para-promover-melhorias-no-bairro\/#listItem","position":3,"name":"Em S\u00e3o Gon\u00e7alo, crian\u00e7as prop\u00f5em projeto de pra\u00e7a para promover melhorias no bairro","previousItem":{"@type":"ListItem","@id":"https:\/\/www.encontrasaogoncalo.com.br\/sobre\/noticias-em-sao-goncalo\/#listItem","name":"Not\u00edcias S\u00e3o Gon\u00e7alo"}}]},{"@type":"Organization","@id":"https:\/\/www.encontrasaogoncalo.com.br\/sobre\/#organization","name":"Encontra S\u00e3o Gon\u00e7alo","description":"Not\u00edcias, eventos, informa\u00e7\u00f5es e dicas da cidade de S\u00e3o Gon\u00e7alo e regi\u00e3o","url":"https:\/\/www.encontrasaogoncalo.com.br\/sobre\/"},{"@type":"Person","@id":"https:\/\/www.encontrasaogoncalo.com.br\/sobre\/author\/esaogoncalo\/#author","url":"https:\/\/www.encontrasaogoncalo.com.br\/sobre\/author\/esaogoncalo\/","name":"Encontra S\u00e3o Gon\u00e7alo","image":{"@type":"ImageObject","@id":"https:\/\/www.encontrasaogoncalo.com.br\/sobre\/em-sao-goncalo-criancas-propoem-projeto-de-praca-para-promover-melhorias-no-bairro\/#authorImage","url":"https:\/\/secure.gravatar.com\/avatar\/507340682b8270222e1f208e23198b6ae7e2c6a1033ae84e99bc6bce4f82a387?s=96&d=mm&r=g","width":96,"height":96,"caption":"Encontra S\u00e3o Gon\u00e7alo"}},{"@type":"WebPage","@id":"https:\/\/www.encontrasaogoncalo.com.br\/sobre\/em-sao-goncalo-criancas-propoem-projeto-de-praca-para-promover-melhorias-no-bairro\/#webpage","url":"https:\/\/www.encontrasaogoncalo.com.br\/sobre\/em-sao-goncalo-criancas-propoem-projeto-de-praca-para-promover-melhorias-no-bairro\/","name":"Em S\u00e3o Gon\u00e7alo, crian\u00e7as prop\u00f5em projeto de pra\u00e7a para promover melhorias no bairro | Encontra S\u00e3o Gon\u00e7alo","inLanguage":"pt-BR","isPartOf":{"@id":"https:\/\/www.encontrasaogoncalo.com.br\/sobre\/#website"},"breadcrumb":{"@id":"https:\/\/www.encontrasaogoncalo.com.br\/sobre\/em-sao-goncalo-criancas-propoem-projeto-de-praca-para-promover-melhorias-no-bairro\/#breadcrumblist"},"author":{"@id":"https:\/\/www.encontrasaogoncalo.com.br\/sobre\/author\/esaogoncalo\/#author"},"creator":{"@id":"https:\/\/www.encontrasaogoncalo.com.br\/sobre\/author\/esaogoncalo\/#author"},"image":{"@type":"ImageObject","url":"https:\/\/www.encontrasaogoncalo.com.br\/sobre\/wp-content\/uploads\/em-sao-goncalo-criancas-propoem-projeto-de-praca-para-promover-melhorias-no-bairro.webp","@id":"https:\/\/www.encontrasaogoncalo.com.br\/sobre\/em-sao-goncalo-criancas-propoem-projeto-de-praca-para-promover-melhorias-no-bairro\/#mainImage","width":320,"height":280,"caption":"projeto de pra\u00e7a"},"primaryImageOfPage":{"@id":"https:\/\/www.encontrasaogoncalo.com.br\/sobre\/em-sao-goncalo-criancas-propoem-projeto-de-praca-para-promover-melhorias-no-bairro\/#mainImage"},"datePublished":"2026-01-11T07:13:03+00:00","dateModified":"2026-01-11T07:13:03+00:00"},{"@type":"WebSite","@id":"https:\/\/www.encontrasaogoncalo.com.br\/sobre\/#website","url":"https:\/\/www.encontrasaogoncalo.com.br\/sobre\/","name":"Encontra S\u00e3o Gon\u00e7alo","description":"Not\u00edcias, eventos, informa\u00e7\u00f5es e dicas da cidade de S\u00e3o Gon\u00e7alo e regi\u00e3o","inLanguage":"pt-BR","publisher":{"@id":"https:\/\/www.encontrasaogoncalo.com.br\/sobre\/#organization"}}]},"og:locale":"pt_BR","og:site_name":"Encontra S\u00e3o Gon\u00e7alo | Not\u00edcias, eventos, informa\u00e7\u00f5es e dicas da cidade de S\u00e3o Gon\u00e7alo e regi\u00e3o","og:type":"article","og:title":"Em S\u00e3o Gon\u00e7alo, crian\u00e7as prop\u00f5em projeto de pra\u00e7a para promover melhorias no bairro | Encontra S\u00e3o Gon\u00e7alo","og:url":"https:\/\/www.encontrasaogoncalo.com.br\/sobre\/em-sao-goncalo-criancas-propoem-projeto-de-praca-para-promover-melhorias-no-bairro\/","article:published_time":"2026-01-11T07:13:03+00:00","article:modified_time":"2026-01-11T07:13:03+00:00","twitter:card":"summary","twitter:title":"Em S\u00e3o Gon\u00e7alo, crian\u00e7as prop\u00f5em projeto de pra\u00e7a para promover melhorias no bairro | Encontra S\u00e3o Gon\u00e7alo"},"aioseo_meta_data":{"post_id":"1435","title":null,"description":null,"keywords":null,"keyphrases":null,"primary_term":null,"canonical_url":null,"og_title":null,"og_description":null,"og_object_type":"default","og_image_type":"default","og_image_url":null,"og_image_width":null,"og_image_height":null,"og_image_custom_url":null,"og_image_custom_fields":null,"og_video":null,"og_custom_url":null,"og_article_section":null,"og_article_tags":null,"twitter_use_og":false,"twitter_card":"default","twitter_image_type":"default","twitter_image_url":null,"twitter_image_custom_url":null,"twitter_image_custom_fields":null,"twitter_title":null,"twitter_description":null,"schema":{"blockGraphs":[],"customGraphs":[],"default":{"data":{"Article":[],"Course":[],"Dataset":[],"FAQPage":[],"Movie":[],"Person":[],"Product":[],"ProductReview":[],"Car":[],"Recipe":[],"Service":[],"SoftwareApplication":[],"WebPage":[]},"graphName":"Article","isEnabled":true},"graphs":[]},"schema_type":"default","schema_type_options":null,"pillar_content":false,"robots_default":true,"robots_noindex":false,"robots_noarchive":false,"robots_nosnippet":false,"robots_nofollow":false,"robots_noimageindex":false,"robots_noodp":false,"robots_notranslate":false,"robots_max_snippet":null,"robots_max_videopreview":null,"robots_max_imagepreview":"large","priority":null,"frequency":null,"local_seo":null,"breadcrumb_settings":null,"limit_modified_date":false,"ai":null,"created":"2026-01-11 07:13:05","updated":"2026-04-02 06:54:57","focus_keyword":null,"additional_keywords":null,"truseo_locale":null,"seo_analyzer_scan_date":null},"aioseo_breadcrumb":"<div class=\"aioseo-breadcrumbs\"><span class=\"aioseo-breadcrumb\">\n\t\t\t<a href=\"https:\/\/www.encontrasaogoncalo.com.br\/sobre\" title=\"In\u00edcio\">In\u00edcio<\/a>\n\t\t<\/span><span class=\"aioseo-breadcrumb-separator\">&raquo;<\/span><span class=\"aioseo-breadcrumb\">\n\t\t\t<a href=\"https:\/\/www.encontrasaogoncalo.com.br\/sobre\/noticias-em-sao-goncalo\/\" title=\"Not\u00edcias S\u00e3o Gon\u00e7alo\">Not\u00edcias S\u00e3o Gon\u00e7alo<\/a>\n\t\t<\/span><span class=\"aioseo-breadcrumb-separator\">&raquo;<\/span><span class=\"aioseo-breadcrumb\">\n\t\t\tEm S\u00e3o Gon\u00e7alo, crian\u00e7as prop\u00f5em projeto de pra\u00e7a para promover melhorias no bairro\n\t\t<\/span><\/div>","aioseo_breadcrumb_json":[{"label":"In\u00edcio","link":"https:\/\/www.encontrasaogoncalo.com.br\/sobre"},{"label":"Not\u00edcias S\u00e3o Gon\u00e7alo","link":"https:\/\/www.encontrasaogoncalo.com.br\/sobre\/noticias-em-sao-goncalo\/"},{"label":"Em S\u00e3o Gon\u00e7alo, crian\u00e7as prop\u00f5em projeto de pra\u00e7a para promover melhorias no bairro","link":"https:\/\/www.encontrasaogoncalo.com.br\/sobre\/em-sao-goncalo-criancas-propoem-projeto-de-praca-para-promover-melhorias-no-bairro\/"}],"_links":{"self":[{"href":"https:\/\/www.encontrasaogoncalo.com.br\/sobre\/wp-json\/wp\/v2\/posts\/1435","targetHints":{"allow":["GET"]}}],"collection":[{"href":"https:\/\/www.encontrasaogoncalo.com.br\/sobre\/wp-json\/wp\/v2\/posts"}],"about":[{"href":"https:\/\/www.encontrasaogoncalo.com.br\/sobre\/wp-json\/wp\/v2\/types\/post"}],"author":[{"embeddable":true,"href":"https:\/\/www.encontrasaogoncalo.com.br\/sobre\/wp-json\/wp\/v2\/users\/1"}],"replies":[{"embeddable":true,"href":"https:\/\/www.encontrasaogoncalo.com.br\/sobre\/wp-json\/wp\/v2\/comments?post=1435"}],"version-history":[{"count":0,"href":"https:\/\/www.encontrasaogoncalo.com.br\/sobre\/wp-json\/wp\/v2\/posts\/1435\/revisions"}],"wp:featuredmedia":[{"embeddable":true,"href":"https:\/\/www.encontrasaogoncalo.com.br\/sobre\/wp-json\/wp\/v2\/media\/1434"}],"wp:attachment":[{"href":"https:\/\/www.encontrasaogoncalo.com.br\/sobre\/wp-json\/wp\/v2\/media?parent=1435"}],"wp:term":[{"taxonomy":"category","embeddable":true,"href":"https:\/\/www.encontrasaogoncalo.com.br\/sobre\/wp-json\/wp\/v2\/categories?post=1435"},{"taxonomy":"post_tag","embeddable":true,"href":"https:\/\/www.encontrasaogoncalo.com.br\/sobre\/wp-json\/wp\/v2\/tags?post=1435"}],"curies":[{"name":"wp","href":"https:\/\/api.w.org\/{rel}","templated":true}]}}