{"id":1495,"date":"2026-01-20T09:31:19","date_gmt":"2026-01-20T09:31:19","guid":{"rendered":"https:\/\/www.encontrasaogoncalo.com.br\/sobre\/sao-goncalo-vai-realizar-evento-de-combate-a-intolerancia-religiosa\/"},"modified":"2026-01-20T09:31:19","modified_gmt":"2026-01-20T09:31:19","slug":"sao-goncalo-vai-realizar-evento-de-combate-a-intolerancia-religiosa","status":"publish","type":"post","link":"https:\/\/www.encontrasaogoncalo.com.br\/sobre\/sao-goncalo-vai-realizar-evento-de-combate-a-intolerancia-religiosa\/","title":{"rendered":"S\u00e3o Gon\u00e7alo vai realizar evento de combate \u00e0 intoler\u00e2ncia religiosa"},"content":{"rendered":"<div class=\"558ebb280150f569344a3237cd236fe7\" data-index=\"1\" style=\"float: none; margin:0px;\">\n<!-- Anuncio display - global -->\r\n<ins class=\"adsbygoogle\"\r\n     style=\"display:block\"\r\n     data-ad-client=\"ca-pub-8585364105181520\"\r\n     data-ad-slot=\"8789329856\"\r\n     data-ad-format=\"auto\"\r\n     data-full-width-responsive=\"true\"><\/ins>\r\n<script>\r\n     (adsbygoogle = window.adsbygoogle || []).push({});\r\n<\/script>\n<\/div>\n<h2>O que \u00e9 o evento S\u00e3o Gon\u00e7alo Segue em F\u00e9?<\/h2>\n<p>O evento S\u00e3o Gon\u00e7alo Segue em F\u00e9 \u00e9 uma iniciativa promovida pela Coordenadoria de Assuntos Religiosos da Secretaria de Assist\u00eancia Social da Prefeitura de S\u00e3o Gon\u00e7alo. Esta\u00e7\u00f5es com encontros inter-religiosos envolvem diversas lideran\u00e7as e comunidades de f\u00e9, com o objetivo de promover a harmonia e a conviv\u00eancia pac\u00edfica entre diferentes cren\u00e7as no munic\u00edpio. A partir de palestras e atividades interativas, este evento busca abordar quest\u00f5es importantes relacionadas \u00e0 intoler\u00e2ncia religiosa, dando voz a autoridades e representantes de v\u00e1rias tradi\u00e7\u00f5es de f\u00e9.<\/p>\n<h2>Quando e onde acontecer\u00e1 o evento?<\/h2>\n<p>O evento ocorrer\u00e1 no dia 21 de janeiro de 2026, no audit\u00f3rio da OAB \u2013 S\u00e3o Gon\u00e7alo, situado no bairro Z\u00e9 Garoto. As atividades est\u00e3o programadas para acontecer das 16h \u00e0s 19h, proporcionando um espa\u00e7o amplo e acess\u00edvel para a troca de ideias e reflex\u00f5es. O audit\u00f3rio foi escolhido devido \u00e0 sua capacidade de receber um n\u00famero expressivo de participantes, favorecendo o di\u00e1logo e a intera\u00e7\u00e3o entre os convidados e o p\u00fablico presente.<\/p>\n<h2>Como se inscrever para participar?<\/h2>\n<p>Os interessados em participar do evento podem realizar suas inscri\u00e7\u00f5es de uma forma pr\u00e1tica e r\u00e1pida, acessando o link disponibilizado pela organiza\u00e7\u00e3o. Por meio de um formul\u00e1rio online, os participantes poder\u00e3o fornecer os dados necess\u00e1rios e confirmar sua presen\u00e7a no encontro. \u00c9 fundamental que as inscri\u00e7\u00f5es sejam feitas com anteced\u00eancia, uma vez que o n\u00famero de vagas pode ser limitado. O link para a inscri\u00e7\u00e3o \u00e9:<a href=\"https:\/\/docs.google.com\/forms\/d\/e\/1FAIpQLScCT6lioh0DFSXan7Loa_cMl0V4zFl3QkSAU64XtvlglZhqvQ\/viewform?usp=header\">Inscri\u00e7\u00e3o S\u00e3o Gon\u00e7alo Segue em F\u00e9<\/a>.<\/p>\n<p><img decoding=\"async\" src=\"https:\/\/www.encontrasaogoncalo.com.br\/sobre\/wp-content\/uploads\/sao-goncalo-vai-realizar-evento-de-combate-a-intolerancia-religiosa.webp\" alt=\"\" loading=\"lazy\" \/><\/p>\n<h2>Quais s\u00e3o os objetivos do evento?<\/h2>\n<p>Os principais objetivos do evento S\u00e3o Gon\u00e7alo Segue em F\u00e9 incluem:<\/p>\n<ul>\n<li><strong>Promover o Di\u00e1logo Inter-religioso:<\/strong> Encorajar a comunica\u00e7\u00e3o e a intera\u00e7\u00e3o entre diferentes cren\u00e7as religiosas, abordando temas importantes sobre a conviv\u00eancia e o respeito m\u00fatuo.<\/li>\n<li><strong>Combater a Intoler\u00e2ncia Religiosa:<\/strong> Sensibilizar a popula\u00e7\u00e3o sobre a import\u00e2ncia do respeito \u00e0 diversidade religiosa, buscando mitigar pr\u00e1ticas de preconceito e discrimina\u00e7\u00e3o.<\/li>\n<li><strong>Fortalecer a Conviv\u00eancia Pac\u00edfica:<\/strong> Criar um ambiente prop\u00edcio para o entendimento e a paz entre comunidades de diferentes tradi\u00e7\u00f5es religiosas, promovendo uma cultura de paz.<\/li>\n<li><strong>Refletir sobre Desafios Contempor\u00e2neos:<\/strong> Discutir os desafios que a pr\u00e1tica religiosa enfrenta no mundo contempor\u00e2neo, especialmente no que tange \u00e0 conviv\u00eancia entre diferentes culturas e cren\u00e7as.<\/li>\n<\/ul>\n<h2>A import\u00e2ncia do di\u00e1logo inter-religioso<\/h2>\n<p>O di\u00e1logo inter-religioso \u00e9 essencial em sociedades cada vez mais diversas. Ele permite que as diferentes tradi\u00e7\u00f5es de f\u00e9 contribuam para a constru\u00e7\u00e3o de um espa\u00e7o comum e respeitoso. Por meio do di\u00e1logo, \u00e9 poss\u00edvel n\u00e3o apenas esclarecer d\u00favidas e mitos relacionados \u00e0s diversas religi\u00f5es, mas tamb\u00e9m fomentar a empatia e a compreens\u00e3o entre os seguidores de diferentes cren\u00e7as. Assim, o di\u00e1logo inter-religioso combate a intoler\u00e2ncia e promove um ambiente de paz e respeito, onde todos s\u00e3o convid\u00e1veis a compartilhar e celebrar suas pr\u00e1ticas e valores.<\/p>\n<h2>Palestras e atividades programadas<\/h2>\n<p>Durante o evento S\u00e3o Gon\u00e7alo Segue em F\u00e9, uma das principais atividades ser\u00e1 a palestra intitulada &#8220;Os desafios da rela\u00e7\u00e3o inter-religiosa no s\u00e9culo XXI&#8221;. Esta palestra contar\u00e1 com a participa\u00e7\u00e3o de renomados especialistas no tema, que abordar\u00e3o quest\u00f5es relacionadas \u00e0 conviv\u00eancia entre diferentes tradi\u00e7\u00f5es de f\u00e9 no mundo atual. Al\u00e9m disso, o evento incluir\u00e1 debates interativos, momentos de reflex\u00e3o e a possibilidade de perguntas do p\u00fablico aos palestrantes, fomentando um ambiente enriquecedor de aprendizado e troca de experi\u00eancias.<\/p>\n<h2>Quem s\u00e3o os palestrantes convidados?<\/h2>\n<p>Os palestrantes convidados para o evento S\u00e3o Gon\u00e7alo Segue em F\u00e9 s\u00e3o figuras proeminentes em suas respectivas \u00e1reas, com ampla experi\u00eancia em quest\u00f5es relacionadas \u00e0 conviv\u00eancia inter-religiosa. Espera-se que l\u00edderes religiosos, acad\u00eamicos e especialistas em sociologia e psicologia social estejam presentes, promovendo uma rica troca de conhecimentos e experi\u00eancias. A diversidade dos palestrantes reflete a proposta do evento, que \u00e9 justamente reunir diferentes vozes para dialogar sobre a import\u00e2ncia do respeito e da paz entre as religi\u00f5es.<\/p>\n<h2>Expectativas da comunidade para o evento<\/h2>\n<p>A comunidade de S\u00e3o Gon\u00e7alo tem grandes expectativas em rela\u00e7\u00e3o ao evento S\u00e3o Gon\u00e7alo Segue em F\u00e9. Muitas pessoas veem essa iniciativa como uma oportunidade \u00fanica de aprender e entender melhor as rela\u00e7\u00f5es entre diferentes cren\u00e7as. Al\u00e9m disso, espera-se que a participa\u00e7\u00e3o da popula\u00e7\u00e3o seja expressiva, contribuindo para o fortalecimento de um ambiente de paz e respeito. Os habitantes de S\u00e3o Gon\u00e7alo anseiam por mais eventos dessa natureza, que promovam o di\u00e1logo e a conviv\u00eancia pac\u00edfica entre as diferentes comunidades religiosas.<\/p>\n<h2>Como a intoler\u00e2ncia religiosa afeta a sociedade?<\/h2>\n<p>A intoler\u00e2ncia religiosa tem um impacto profundo e negativo na sociedade. Ela gera divis\u00f5es entre comunidades, fomenta conflitos e, muitas vezes, resulta em viol\u00eancia. A intoler\u00e2ncia pode se manifestar de diversas formas, desde discrimina\u00e7\u00e3o e preconceito at\u00e9 agress\u00f5es f\u00edsicas e verbais. Este cen\u00e1rio prejudica o bem-estar social e emocional dos indiv\u00edduos, al\u00e9m de afetar a harmonia em comunidades mais amplas. Portanto, \u00e9 fundamental realizar eventos como o S\u00e3o Gon\u00e7alo Segue em F\u00e9, que visam reduzir a intoler\u00e2ncia e promover o respeito entre todas as tradi\u00e7\u00f5es de f\u00e9.<\/p>\n<h2>O papel da Secretaria de Assist\u00eancia Social<\/h2>\n<p>A Secretaria de Assist\u00eancia Social desempenha um papel crucial na realiza\u00e7\u00e3o do evento S\u00e3o Gon\u00e7alo Segue em F\u00e9. Por meio de suas a\u00e7\u00f5es, demonstra compromisso com a promo\u00e7\u00e3o da sa\u00fade social, do respeito \u00e0 diversidade e do di\u00e1logo inter-religioso. A secretaria atua na organiza\u00e7\u00e3o e na mobiliza\u00e7\u00e3o da comunidade, garantindo que todos tenham acesso \u00e0s informa\u00e7\u00f5es e participa\u00e7\u00f5es. Al\u00e9m disso, ela \u00e9 respons\u00e1vel por articular as demandas e necessidades dos diferentes grupos religiosos, facilitando assim a integra\u00e7\u00e3o e a conviv\u00eancia pac\u00edfica. Ao fomentar iniciativas como essa, a Secretaria de Assist\u00eancia Social contribui significativamente para a constru\u00e7\u00e3o de uma sociedade mais justa e coerente em S\u00e3o Gon\u00e7alo.<\/p>\n\n<div style=\"font-size: 0px; height: 0px; line-height: 0px; margin: 0; padding: 0; clear: both;\"><\/div>","protected":false},"excerpt":{"rendered":"<p>S\u00e3o Gon\u00e7alo realiza evento contra intoler\u00e2ncia religiosa com inscri\u00e7\u00f5es abertas.<\/p>\n","protected":false},"author":1,"featured_media":1494,"comment_status":"open","ping_status":"closed","sticky":false,"template":"","format":"standard","meta":{"footnotes":""},"categories":[6],"tags":[],"class_list":["post-1495","post","type-post","status-publish","format-standard","has-post-thumbnail","hentry","category-noticias-em-sao-goncalo","has_thumb"],"aioseo_notices":[],"aioseo_head":"\n\t\t<!-- All in One SEO 5.0.0.1 - aioseo.com -->\n\t<meta name=\"robots\" content=\"max-image-preview:large\" \/>\n\t<meta name=\"author\" content=\"Encontra S\u00e3o Gon\u00e7alo\"\/>\n\t<link rel=\"canonical\" href=\"https:\/\/www.encontrasaogoncalo.com.br\/sobre\/sao-goncalo-vai-realizar-evento-de-combate-a-intolerancia-religiosa\/\" \/>\n\t<meta name=\"generator\" content=\"All in One SEO (AIOSEO) 5.0.0.1\" \/>\n\t\t<meta property=\"og:locale\" content=\"pt_BR\" \/>\n\t\t<meta property=\"og:site_name\" content=\"Encontra S\u00e3o Gon\u00e7alo | Not\u00edcias, eventos, informa\u00e7\u00f5es e dicas da cidade de S\u00e3o Gon\u00e7alo e regi\u00e3o\" \/>\n\t\t<meta property=\"og:type\" content=\"article\" \/>\n\t\t<meta property=\"og:title\" content=\"S\u00e3o Gon\u00e7alo vai realizar evento de combate \u00e0 intoler\u00e2ncia religiosa | Encontra S\u00e3o Gon\u00e7alo\" \/>\n\t\t<meta property=\"og:url\" content=\"https:\/\/www.encontrasaogoncalo.com.br\/sobre\/sao-goncalo-vai-realizar-evento-de-combate-a-intolerancia-religiosa\/\" \/>\n\t\t<meta property=\"article:published_time\" content=\"2026-01-20T09:31:19+00:00\" \/>\n\t\t<meta property=\"article:modified_time\" content=\"2026-01-20T09:31:19+00:00\" \/>\n\t\t<meta name=\"twitter:card\" content=\"summary\" \/>\n\t\t<meta name=\"twitter:title\" content=\"S\u00e3o Gon\u00e7alo vai realizar evento de combate \u00e0 intoler\u00e2ncia religiosa | Encontra S\u00e3o Gon\u00e7alo\" \/>\n\t\t<script type=\"application\/ld+json\" class=\"aioseo-schema\">\n\t\t\t{\"@context\":\"https:\\\/\\\/schema.org\",\"@graph\":[{\"@type\":\"Article\",\"@id\":\"https:\\\/\\\/www.encontrasaogoncalo.com.br\\\/sobre\\\/sao-goncalo-vai-realizar-evento-de-combate-a-intolerancia-religiosa\\\/#article\",\"name\":\"S\\u00e3o Gon\\u00e7alo vai realizar evento de combate \\u00e0 intoler\\u00e2ncia religiosa | Encontra S\\u00e3o Gon\\u00e7alo\",\"headline\":\"S\\u00e3o Gon\\u00e7alo vai realizar evento de combate \\u00e0 intoler\\u00e2ncia religiosa\",\"author\":{\"@id\":\"https:\\\/\\\/www.encontrasaogoncalo.com.br\\\/sobre\\\/author\\\/esaogoncalo\\\/#author\"},\"publisher\":{\"@id\":\"https:\\\/\\\/www.encontrasaogoncalo.com.br\\\/sobre\\\/#organization\"},\"image\":{\"@type\":\"ImageObject\",\"url\":\"https:\\\/\\\/www.encontrasaogoncalo.com.br\\\/sobre\\\/wp-content\\\/uploads\\\/sao-goncalo-vai-realizar-evento-de-combate-a-intolerancia-religiosa.webp\",\"width\":280,\"height\":280},\"datePublished\":\"2026-01-20T09:31:19+00:00\",\"dateModified\":\"2026-01-20T09:31:19+00:00\",\"inLanguage\":\"pt-BR\",\"mainEntityOfPage\":{\"@id\":\"https:\\\/\\\/www.encontrasaogoncalo.com.br\\\/sobre\\\/sao-goncalo-vai-realizar-evento-de-combate-a-intolerancia-religiosa\\\/#webpage\"},\"isPartOf\":{\"@id\":\"https:\\\/\\\/www.encontrasaogoncalo.com.br\\\/sobre\\\/sao-goncalo-vai-realizar-evento-de-combate-a-intolerancia-religiosa\\\/#webpage\"},\"articleSection\":\"Not\\u00edcias S\\u00e3o Gon\\u00e7alo\"},{\"@type\":\"BreadcrumbList\",\"@id\":\"https:\\\/\\\/www.encontrasaogoncalo.com.br\\\/sobre\\\/sao-goncalo-vai-realizar-evento-de-combate-a-intolerancia-religiosa\\\/#breadcrumblist\",\"itemListElement\":[{\"@type\":\"ListItem\",\"@id\":\"https:\\\/\\\/www.encontrasaogoncalo.com.br\\\/sobre#listItem\",\"position\":1,\"name\":\"In\\u00edcio\",\"item\":\"https:\\\/\\\/www.encontrasaogoncalo.com.br\\\/sobre\",\"nextItem\":{\"@type\":\"ListItem\",\"@id\":\"https:\\\/\\\/www.encontrasaogoncalo.com.br\\\/sobre\\\/noticias-em-sao-goncalo\\\/#listItem\",\"name\":\"Not\\u00edcias S\\u00e3o Gon\\u00e7alo\"}},{\"@type\":\"ListItem\",\"@id\":\"https:\\\/\\\/www.encontrasaogoncalo.com.br\\\/sobre\\\/noticias-em-sao-goncalo\\\/#listItem\",\"position\":2,\"name\":\"Not\\u00edcias S\\u00e3o Gon\\u00e7alo\",\"item\":\"https:\\\/\\\/www.encontrasaogoncalo.com.br\\\/sobre\\\/noticias-em-sao-goncalo\\\/\",\"nextItem\":{\"@type\":\"ListItem\",\"@id\":\"https:\\\/\\\/www.encontrasaogoncalo.com.br\\\/sobre\\\/sao-goncalo-vai-realizar-evento-de-combate-a-intolerancia-religiosa\\\/#listItem\",\"name\":\"S\\u00e3o Gon\\u00e7alo vai realizar evento de combate \\u00e0 intoler\\u00e2ncia religiosa\"},\"previousItem\":{\"@type\":\"ListItem\",\"@id\":\"https:\\\/\\\/www.encontrasaogoncalo.com.br\\\/sobre#listItem\",\"name\":\"In\\u00edcio\"}},{\"@type\":\"ListItem\",\"@id\":\"https:\\\/\\\/www.encontrasaogoncalo.com.br\\\/sobre\\\/sao-goncalo-vai-realizar-evento-de-combate-a-intolerancia-religiosa\\\/#listItem\",\"position\":3,\"name\":\"S\\u00e3o Gon\\u00e7alo vai realizar evento de combate \\u00e0 intoler\\u00e2ncia religiosa\",\"previousItem\":{\"@type\":\"ListItem\",\"@id\":\"https:\\\/\\\/www.encontrasaogoncalo.com.br\\\/sobre\\\/noticias-em-sao-goncalo\\\/#listItem\",\"name\":\"Not\\u00edcias S\\u00e3o Gon\\u00e7alo\"}}]},{\"@type\":\"Organization\",\"@id\":\"https:\\\/\\\/www.encontrasaogoncalo.com.br\\\/sobre\\\/#organization\",\"name\":\"Encontra S\\u00e3o Gon\\u00e7alo\",\"description\":\"Not\\u00edcias, eventos, informa\\u00e7\\u00f5es e dicas da cidade de S\\u00e3o Gon\\u00e7alo e regi\\u00e3o\",\"url\":\"https:\\\/\\\/www.encontrasaogoncalo.com.br\\\/sobre\\\/\"},{\"@type\":\"Person\",\"@id\":\"https:\\\/\\\/www.encontrasaogoncalo.com.br\\\/sobre\\\/author\\\/esaogoncalo\\\/#author\",\"url\":\"https:\\\/\\\/www.encontrasaogoncalo.com.br\\\/sobre\\\/author\\\/esaogoncalo\\\/\",\"name\":\"Encontra S\\u00e3o Gon\\u00e7alo\",\"image\":{\"@type\":\"ImageObject\",\"@id\":\"https:\\\/\\\/www.encontrasaogoncalo.com.br\\\/sobre\\\/sao-goncalo-vai-realizar-evento-de-combate-a-intolerancia-religiosa\\\/#authorImage\",\"url\":\"https:\\\/\\\/secure.gravatar.com\\\/avatar\\\/507340682b8270222e1f208e23198b6ae7e2c6a1033ae84e99bc6bce4f82a387?s=96&d=mm&r=g\",\"width\":96,\"height\":96,\"caption\":\"Encontra S\\u00e3o Gon\\u00e7alo\"}},{\"@type\":\"WebPage\",\"@id\":\"https:\\\/\\\/www.encontrasaogoncalo.com.br\\\/sobre\\\/sao-goncalo-vai-realizar-evento-de-combate-a-intolerancia-religiosa\\\/#webpage\",\"url\":\"https:\\\/\\\/www.encontrasaogoncalo.com.br\\\/sobre\\\/sao-goncalo-vai-realizar-evento-de-combate-a-intolerancia-religiosa\\\/\",\"name\":\"S\\u00e3o Gon\\u00e7alo vai realizar evento de combate \\u00e0 intoler\\u00e2ncia religiosa | Encontra S\\u00e3o Gon\\u00e7alo\",\"inLanguage\":\"pt-BR\",\"isPartOf\":{\"@id\":\"https:\\\/\\\/www.encontrasaogoncalo.com.br\\\/sobre\\\/#website\"},\"breadcrumb\":{\"@id\":\"https:\\\/\\\/www.encontrasaogoncalo.com.br\\\/sobre\\\/sao-goncalo-vai-realizar-evento-de-combate-a-intolerancia-religiosa\\\/#breadcrumblist\"},\"author\":{\"@id\":\"https:\\\/\\\/www.encontrasaogoncalo.com.br\\\/sobre\\\/author\\\/esaogoncalo\\\/#author\"},\"creator\":{\"@id\":\"https:\\\/\\\/www.encontrasaogoncalo.com.br\\\/sobre\\\/author\\\/esaogoncalo\\\/#author\"},\"image\":{\"@type\":\"ImageObject\",\"url\":\"https:\\\/\\\/www.encontrasaogoncalo.com.br\\\/sobre\\\/wp-content\\\/uploads\\\/sao-goncalo-vai-realizar-evento-de-combate-a-intolerancia-religiosa.webp\",\"@id\":\"https:\\\/\\\/www.encontrasaogoncalo.com.br\\\/sobre\\\/sao-goncalo-vai-realizar-evento-de-combate-a-intolerancia-religiosa\\\/#mainImage\",\"width\":280,\"height\":280},\"primaryImageOfPage\":{\"@id\":\"https:\\\/\\\/www.encontrasaogoncalo.com.br\\\/sobre\\\/sao-goncalo-vai-realizar-evento-de-combate-a-intolerancia-religiosa\\\/#mainImage\"},\"datePublished\":\"2026-01-20T09:31:19+00:00\",\"dateModified\":\"2026-01-20T09:31:19+00:00\"},{\"@type\":\"WebSite\",\"@id\":\"https:\\\/\\\/www.encontrasaogoncalo.com.br\\\/sobre\\\/#website\",\"url\":\"https:\\\/\\\/www.encontrasaogoncalo.com.br\\\/sobre\\\/\",\"name\":\"Encontra S\\u00e3o Gon\\u00e7alo\",\"description\":\"Not\\u00edcias, eventos, informa\\u00e7\\u00f5es e dicas da cidade de S\\u00e3o Gon\\u00e7alo e regi\\u00e3o\",\"inLanguage\":\"pt-BR\",\"publisher\":{\"@id\":\"https:\\\/\\\/www.encontrasaogoncalo.com.br\\\/sobre\\\/#organization\"}}]}\n\t\t<\/script>\n\t\t<!-- All in One SEO -->\n\n","aioseo_head_json":{"title":"S\u00e3o Gon\u00e7alo vai realizar evento de combate \u00e0 intoler\u00e2ncia religiosa | Encontra S\u00e3o Gon\u00e7alo","description":"","canonical_url":"https:\/\/www.encontrasaogoncalo.com.br\/sobre\/sao-goncalo-vai-realizar-evento-de-combate-a-intolerancia-religiosa\/","robots":"max-image-preview:large","keywords":"","webmasterTools":{"miscellaneous":""},"schema":{"@context":"https:\/\/schema.org","@graph":[{"@type":"Article","@id":"https:\/\/www.encontrasaogoncalo.com.br\/sobre\/sao-goncalo-vai-realizar-evento-de-combate-a-intolerancia-religiosa\/#article","name":"S\u00e3o Gon\u00e7alo vai realizar evento de combate \u00e0 intoler\u00e2ncia religiosa | Encontra S\u00e3o Gon\u00e7alo","headline":"S\u00e3o Gon\u00e7alo vai realizar evento de combate \u00e0 intoler\u00e2ncia religiosa","author":{"@id":"https:\/\/www.encontrasaogoncalo.com.br\/sobre\/author\/esaogoncalo\/#author"},"publisher":{"@id":"https:\/\/www.encontrasaogoncalo.com.br\/sobre\/#organization"},"image":{"@type":"ImageObject","url":"https:\/\/www.encontrasaogoncalo.com.br\/sobre\/wp-content\/uploads\/sao-goncalo-vai-realizar-evento-de-combate-a-intolerancia-religiosa.webp","width":280,"height":280},"datePublished":"2026-01-20T09:31:19+00:00","dateModified":"2026-01-20T09:31:19+00:00","inLanguage":"pt-BR","mainEntityOfPage":{"@id":"https:\/\/www.encontrasaogoncalo.com.br\/sobre\/sao-goncalo-vai-realizar-evento-de-combate-a-intolerancia-religiosa\/#webpage"},"isPartOf":{"@id":"https:\/\/www.encontrasaogoncalo.com.br\/sobre\/sao-goncalo-vai-realizar-evento-de-combate-a-intolerancia-religiosa\/#webpage"},"articleSection":"Not\u00edcias S\u00e3o Gon\u00e7alo"},{"@type":"BreadcrumbList","@id":"https:\/\/www.encontrasaogoncalo.com.br\/sobre\/sao-goncalo-vai-realizar-evento-de-combate-a-intolerancia-religiosa\/#breadcrumblist","itemListElement":[{"@type":"ListItem","@id":"https:\/\/www.encontrasaogoncalo.com.br\/sobre#listItem","position":1,"name":"In\u00edcio","item":"https:\/\/www.encontrasaogoncalo.com.br\/sobre","nextItem":{"@type":"ListItem","@id":"https:\/\/www.encontrasaogoncalo.com.br\/sobre\/noticias-em-sao-goncalo\/#listItem","name":"Not\u00edcias S\u00e3o Gon\u00e7alo"}},{"@type":"ListItem","@id":"https:\/\/www.encontrasaogoncalo.com.br\/sobre\/noticias-em-sao-goncalo\/#listItem","position":2,"name":"Not\u00edcias S\u00e3o Gon\u00e7alo","item":"https:\/\/www.encontrasaogoncalo.com.br\/sobre\/noticias-em-sao-goncalo\/","nextItem":{"@type":"ListItem","@id":"https:\/\/www.encontrasaogoncalo.com.br\/sobre\/sao-goncalo-vai-realizar-evento-de-combate-a-intolerancia-religiosa\/#listItem","name":"S\u00e3o Gon\u00e7alo vai realizar evento de combate \u00e0 intoler\u00e2ncia religiosa"},"previousItem":{"@type":"ListItem","@id":"https:\/\/www.encontrasaogoncalo.com.br\/sobre#listItem","name":"In\u00edcio"}},{"@type":"ListItem","@id":"https:\/\/www.encontrasaogoncalo.com.br\/sobre\/sao-goncalo-vai-realizar-evento-de-combate-a-intolerancia-religiosa\/#listItem","position":3,"name":"S\u00e3o Gon\u00e7alo vai realizar evento de combate \u00e0 intoler\u00e2ncia religiosa","previousItem":{"@type":"ListItem","@id":"https:\/\/www.encontrasaogoncalo.com.br\/sobre\/noticias-em-sao-goncalo\/#listItem","name":"Not\u00edcias S\u00e3o Gon\u00e7alo"}}]},{"@type":"Organization","@id":"https:\/\/www.encontrasaogoncalo.com.br\/sobre\/#organization","name":"Encontra S\u00e3o Gon\u00e7alo","description":"Not\u00edcias, eventos, informa\u00e7\u00f5es e dicas da cidade de S\u00e3o Gon\u00e7alo e regi\u00e3o","url":"https:\/\/www.encontrasaogoncalo.com.br\/sobre\/"},{"@type":"Person","@id":"https:\/\/www.encontrasaogoncalo.com.br\/sobre\/author\/esaogoncalo\/#author","url":"https:\/\/www.encontrasaogoncalo.com.br\/sobre\/author\/esaogoncalo\/","name":"Encontra S\u00e3o Gon\u00e7alo","image":{"@type":"ImageObject","@id":"https:\/\/www.encontrasaogoncalo.com.br\/sobre\/sao-goncalo-vai-realizar-evento-de-combate-a-intolerancia-religiosa\/#authorImage","url":"https:\/\/secure.gravatar.com\/avatar\/507340682b8270222e1f208e23198b6ae7e2c6a1033ae84e99bc6bce4f82a387?s=96&d=mm&r=g","width":96,"height":96,"caption":"Encontra S\u00e3o Gon\u00e7alo"}},{"@type":"WebPage","@id":"https:\/\/www.encontrasaogoncalo.com.br\/sobre\/sao-goncalo-vai-realizar-evento-de-combate-a-intolerancia-religiosa\/#webpage","url":"https:\/\/www.encontrasaogoncalo.com.br\/sobre\/sao-goncalo-vai-realizar-evento-de-combate-a-intolerancia-religiosa\/","name":"S\u00e3o Gon\u00e7alo vai realizar evento de combate \u00e0 intoler\u00e2ncia religiosa | Encontra S\u00e3o Gon\u00e7alo","inLanguage":"pt-BR","isPartOf":{"@id":"https:\/\/www.encontrasaogoncalo.com.br\/sobre\/#website"},"breadcrumb":{"@id":"https:\/\/www.encontrasaogoncalo.com.br\/sobre\/sao-goncalo-vai-realizar-evento-de-combate-a-intolerancia-religiosa\/#breadcrumblist"},"author":{"@id":"https:\/\/www.encontrasaogoncalo.com.br\/sobre\/author\/esaogoncalo\/#author"},"creator":{"@id":"https:\/\/www.encontrasaogoncalo.com.br\/sobre\/author\/esaogoncalo\/#author"},"image":{"@type":"ImageObject","url":"https:\/\/www.encontrasaogoncalo.com.br\/sobre\/wp-content\/uploads\/sao-goncalo-vai-realizar-evento-de-combate-a-intolerancia-religiosa.webp","@id":"https:\/\/www.encontrasaogoncalo.com.br\/sobre\/sao-goncalo-vai-realizar-evento-de-combate-a-intolerancia-religiosa\/#mainImage","width":280,"height":280},"primaryImageOfPage":{"@id":"https:\/\/www.encontrasaogoncalo.com.br\/sobre\/sao-goncalo-vai-realizar-evento-de-combate-a-intolerancia-religiosa\/#mainImage"},"datePublished":"2026-01-20T09:31:19+00:00","dateModified":"2026-01-20T09:31:19+00:00"},{"@type":"WebSite","@id":"https:\/\/www.encontrasaogoncalo.com.br\/sobre\/#website","url":"https:\/\/www.encontrasaogoncalo.com.br\/sobre\/","name":"Encontra S\u00e3o Gon\u00e7alo","description":"Not\u00edcias, eventos, informa\u00e7\u00f5es e dicas da cidade de S\u00e3o Gon\u00e7alo e regi\u00e3o","inLanguage":"pt-BR","publisher":{"@id":"https:\/\/www.encontrasaogoncalo.com.br\/sobre\/#organization"}}]},"og:locale":"pt_BR","og:site_name":"Encontra S\u00e3o Gon\u00e7alo | Not\u00edcias, eventos, informa\u00e7\u00f5es e dicas da cidade de S\u00e3o Gon\u00e7alo e regi\u00e3o","og:type":"article","og:title":"S\u00e3o Gon\u00e7alo vai realizar evento de combate \u00e0 intoler\u00e2ncia religiosa | Encontra S\u00e3o Gon\u00e7alo","og:url":"https:\/\/www.encontrasaogoncalo.com.br\/sobre\/sao-goncalo-vai-realizar-evento-de-combate-a-intolerancia-religiosa\/","article:published_time":"2026-01-20T09:31:19+00:00","article:modified_time":"2026-01-20T09:31:19+00:00","twitter:card":"summary","twitter:title":"S\u00e3o Gon\u00e7alo vai realizar evento de combate \u00e0 intoler\u00e2ncia religiosa | Encontra S\u00e3o Gon\u00e7alo"},"aioseo_meta_data":{"post_id":"1495","title":null,"description":null,"keywords":null,"keyphrases":null,"primary_term":null,"canonical_url":null,"og_title":null,"og_description":null,"og_object_type":"default","og_image_type":"default","og_image_url":null,"og_image_width":null,"og_image_height":null,"og_image_custom_url":null,"og_image_custom_fields":null,"og_video":null,"og_custom_url":null,"og_article_section":null,"og_article_tags":null,"twitter_use_og":false,"twitter_card":"default","twitter_image_type":"default","twitter_image_url":null,"twitter_image_custom_url":null,"twitter_image_custom_fields":null,"twitter_title":null,"twitter_description":null,"schema":{"blockGraphs":[],"customGraphs":[],"default":{"data":{"Article":[],"Course":[],"Dataset":[],"FAQPage":[],"Movie":[],"Person":[],"Product":[],"ProductReview":[],"Car":[],"Recipe":[],"Service":[],"SoftwareApplication":[],"WebPage":[]},"graphName":"Article","isEnabled":true},"graphs":[]},"schema_type":"default","schema_type_options":null,"pillar_content":false,"robots_default":true,"robots_noindex":false,"robots_noarchive":false,"robots_nosnippet":false,"robots_nofollow":false,"robots_noimageindex":false,"robots_noodp":false,"robots_notranslate":false,"robots_max_snippet":null,"robots_max_videopreview":null,"robots_max_imagepreview":"large","priority":null,"frequency":null,"local_seo":null,"breadcrumb_settings":null,"limit_modified_date":false,"ai":null,"created":"2026-01-20 09:31:22","updated":"2026-04-02 07:44:30","focus_keyword":null,"additional_keywords":null,"truseo_locale":null,"seo_analyzer_scan_date":null},"aioseo_breadcrumb":"<div class=\"aioseo-breadcrumbs\"><span class=\"aioseo-breadcrumb\">\n\t\t\t<a href=\"https:\/\/www.encontrasaogoncalo.com.br\/sobre\" title=\"In\u00edcio\">In\u00edcio<\/a>\n\t\t<\/span><span class=\"aioseo-breadcrumb-separator\">&raquo;<\/span><span class=\"aioseo-breadcrumb\">\n\t\t\t<a href=\"https:\/\/www.encontrasaogoncalo.com.br\/sobre\/noticias-em-sao-goncalo\/\" title=\"Not\u00edcias S\u00e3o Gon\u00e7alo\">Not\u00edcias S\u00e3o Gon\u00e7alo<\/a>\n\t\t<\/span><span class=\"aioseo-breadcrumb-separator\">&raquo;<\/span><span class=\"aioseo-breadcrumb\">\n\t\t\tS\u00e3o Gon\u00e7alo vai realizar evento de combate \u00e0 intoler\u00e2ncia religiosa\n\t\t<\/span><\/div>","aioseo_breadcrumb_json":[{"label":"In\u00edcio","link":"https:\/\/www.encontrasaogoncalo.com.br\/sobre"},{"label":"Not\u00edcias S\u00e3o Gon\u00e7alo","link":"https:\/\/www.encontrasaogoncalo.com.br\/sobre\/noticias-em-sao-goncalo\/"},{"label":"S\u00e3o Gon\u00e7alo vai realizar evento de combate \u00e0 intoler\u00e2ncia religiosa","link":"https:\/\/www.encontrasaogoncalo.com.br\/sobre\/sao-goncalo-vai-realizar-evento-de-combate-a-intolerancia-religiosa\/"}],"_links":{"self":[{"href":"https:\/\/www.encontrasaogoncalo.com.br\/sobre\/wp-json\/wp\/v2\/posts\/1495","targetHints":{"allow":["GET"]}}],"collection":[{"href":"https:\/\/www.encontrasaogoncalo.com.br\/sobre\/wp-json\/wp\/v2\/posts"}],"about":[{"href":"https:\/\/www.encontrasaogoncalo.com.br\/sobre\/wp-json\/wp\/v2\/types\/post"}],"author":[{"embeddable":true,"href":"https:\/\/www.encontrasaogoncalo.com.br\/sobre\/wp-json\/wp\/v2\/users\/1"}],"replies":[{"embeddable":true,"href":"https:\/\/www.encontrasaogoncalo.com.br\/sobre\/wp-json\/wp\/v2\/comments?post=1495"}],"version-history":[{"count":0,"href":"https:\/\/www.encontrasaogoncalo.com.br\/sobre\/wp-json\/wp\/v2\/posts\/1495\/revisions"}],"wp:featuredmedia":[{"embeddable":true,"href":"https:\/\/www.encontrasaogoncalo.com.br\/sobre\/wp-json\/wp\/v2\/media\/1494"}],"wp:attachment":[{"href":"https:\/\/www.encontrasaogoncalo.com.br\/sobre\/wp-json\/wp\/v2\/media?parent=1495"}],"wp:term":[{"taxonomy":"category","embeddable":true,"href":"https:\/\/www.encontrasaogoncalo.com.br\/sobre\/wp-json\/wp\/v2\/categories?post=1495"},{"taxonomy":"post_tag","embeddable":true,"href":"https:\/\/www.encontrasaogoncalo.com.br\/sobre\/wp-json\/wp\/v2\/tags?post=1495"}],"curies":[{"name":"wp","href":"https:\/\/api.w.org\/{rel}","templated":true}]}}