{"id":1596,"date":"2026-02-07T09:30:28","date_gmt":"2026-02-07T09:30:28","guid":{"rendered":"https:\/\/www.encontrasaogoncalo.com.br\/sobre\/educacao-de-sao-goncalo-faz-abertura-do-ano-letivo\/"},"modified":"2026-02-07T09:30:28","modified_gmt":"2026-02-07T09:30:28","slug":"educacao-de-sao-goncalo-faz-abertura-do-ano-letivo","status":"publish","type":"post","link":"https:\/\/www.encontrasaogoncalo.com.br\/sobre\/educacao-de-sao-goncalo-faz-abertura-do-ano-letivo\/","title":{"rendered":"Educa\u00e7\u00e3o de S\u00e3o Gon\u00e7alo faz abertura do ano letivo"},"content":{"rendered":"<div class=\"558ebb280150f569344a3237cd236fe7\" data-index=\"1\" style=\"float: none; margin:0px;\">\n<!-- Anuncio display - global -->\r\n<ins class=\"adsbygoogle\"\r\n     style=\"display:block\"\r\n     data-ad-client=\"ca-pub-8585364105181520\"\r\n     data-ad-slot=\"8789329856\"\r\n     data-ad-format=\"auto\"\r\n     data-full-width-responsive=\"true\"><\/ins>\r\n<script>\r\n     (adsbygoogle = window.adsbygoogle || []).push({});\r\n<\/script>\n<\/div>\n<h2>O Evento de Abertura do Ano Letivo<\/h2>\n<p>A Secretaria de Educa\u00e7\u00e3o de S\u00e3o Gon\u00e7alo organizou um importante evento para marcar o in\u00edcio do ano letivo de 2026. A Abertura do Ano Letivo foi realizada em 6 de fevereiro e contou com a presen\u00e7a de gestores escolares, educadores e autoridades locais. O evento teve como destaque uma Aula Magna liderada pelo conceituado professor Dr. Maur\u00edcio da Silva, que abordou o tema &#8220;Multiletramentos e Leitura de Textos Multimodais&#8221;. A ocasi\u00e3o foi uma oportunidade significativa para refletir sobre os desafios e as inova\u00e7\u00f5es que a educa\u00e7\u00e3o enfrenta atualmente.<\/p>\n<h2>Palestra do Professor Dr. Maur\u00edcio da Silva<\/h2>\n<p>Durante a Aula Magna, o Professor Dr. Maur\u00edcio da Silva compartilhou seus conhecimentos sobre multiletramentos, enfatizando a import\u00e2ncia de adaptar o ensino \u00e0s novas formas de comunica\u00e7\u00e3o e leitura que permeiam a sociedade atual. A palestra foi enriquecedora, proporcionando aos presentes insights sobre como integrar diferentes modalidades de texto na pr\u00e1tica pedag\u00f3gica. O professor destacou que os educadores precisam estar atentos \u00e0s transforma\u00e7\u00f5es na forma como os alunos se comunicam e interagem com a informa\u00e7\u00e3o.<br \/>Com uma abordagem cativante e acess\u00edvel, o professor incentivou os gestores a refletirem sobre suas pr\u00e1ticas e a buscarem maneiras de inovar em suas propostas educativas, tornando o ensino mais relevante e conectado com a realidade dos alunos.<\/p>\n<h2>Import\u00e2ncia dos Multiletramentos na Educa\u00e7\u00e3o<\/h2>\n<p>Os multiletramentos referem-se \u00e0 capacidade de ler e interpretar diversos formatos de texto e m\u00eddias. Essa habilidade \u00e9 fundamental para os alunos, pois reflete a diversidade de linguagens presentes na sociedade contempor\u00e2nea. No atual cen\u00e1rio educacional, onde a tecnologia desempenha um papel central, a forma\u00e7\u00e3o para os multiletramentos se torna imprescind\u00edvel. <br \/>Os alunos n\u00e3o mais se limitam \u00e0 leitura tradicional de livros; hoje, eles interagem com v\u00eddeos, imagens e conte\u00fados digitais. Portanto, \u00e9 essencial que a educa\u00e7\u00e3o promova uma forma\u00e7\u00e3o integral que aborde essas diferentes formas de express\u00e3o e entendimento.<\/p>\n<p><img decoding=\"async\" src=\"https:\/\/www.encontrasaogoncalo.com.br\/sobre\/wp-content\/uploads\/educacao-de-sao-goncalo-faz-abertura-do-ano-letivo.webp\" alt=\"Abertura do ano letivo\" loading=\"lazy\" \/><\/p>\n<h2>Desafios e Conquistas no Cen\u00e1rio Educacional<\/h2>\n<p>O secret\u00e1rio de Educa\u00e7\u00e3o, Mauricio Nascimento, destacou em seu discurso que este novo ano letivo trar\u00e1 uma variedade de desafios e conquistas. Ele reafirmou a necessidade de unidade e comprometimento de todos os profissionais da educa\u00e7\u00e3o com a qualidade do ensino. O secret\u00e1rio frisou que a forma\u00e7\u00e3o continuada \u00e9 imprescind\u00edvel para que os educadores estejam atualizados e possam lidar eficazmente com as mudan\u00e7as cont\u00ednuas no ambiente educacional. <br \/>&#8220;Temos pela frente um ano repleto de oportunidades para melhorar a educa\u00e7\u00e3o e alcan\u00e7ar novos patamares de qualidade. O nosso foco deve ser sempre o estudante e suas reais necessidades&#8221;, afirmou Nascimento.<\/p>\n<h2>A Opini\u00e3o dos Gestores Escolares<\/h2>\n<p>A diretora da Escola Municipal Professora Margarida Rosa Marques Galv\u00e3o, localizada no bairro Amendoeira, expressou sua satisfa\u00e7\u00e3o com a realiza\u00e7\u00e3o do evento. Ela ressaltou a import\u00e2ncia da Aula Magna como uma avalia\u00e7\u00e3o pr\u00e1tica que pode realmente enriquecer o conhecimento dos gestores. &#8220;A aula proporcionada pelo Dr. Maur\u00edcio foi uma excelente oportunidade para refletirmos sobre a import\u00e2ncia de nos mantermos atualizados em um mundo em constante mudan\u00e7a. O conhecimento compartilhado nos ajuda a incluir novas realidades dentro das nossas escolas&#8221;, destacou a diretora.<\/p>\n<h2>Qualidade do Ensino em S\u00e3o Gon\u00e7alo<\/h2>\n<p>Com eventos dessa natureza, a Prefeitura de S\u00e3o Gon\u00e7alo demonstra seu compromisso com a educa\u00e7\u00e3o p\u00fablica e a melhoria cont\u00ednua da qualidade do ensino. A promo\u00e7\u00e3o de iniciativas que envolvem capacita\u00e7\u00e3o e forma\u00e7\u00e3o dos profissionais da educa\u00e7\u00e3o \u00e9 um passo importante para enfrentar os desafios do cotidiano escolar. O intuito \u00e9 garantir que os alunos recebam um ensino que os prepare n\u00e3o apenas para o mercado de trabalho, mas para se tornarem cidad\u00e3os cr\u00edticos e atuantes.<\/p>\n<h2>Perspectivas para o Ano Letivo de 2026<\/h2>\n<p>O ano letivo de 2026 promete ser um per\u00edodo onde a inova\u00e7\u00e3o e a excel\u00eancia andam lado a lado. A Secretaria de Educa\u00e7\u00e3o est\u00e1 determinada a implementar novas estrat\u00e9gias pedag\u00f3gicas que visem a inclus\u00e3o e a diversifica\u00e7\u00e3o do processo de ensino-aprendizagem. Os gestores escolares e educadores ser\u00e3o convocados a se unir em projetos colaborativos que estimulem o desenvolvimento de compet\u00eancias essenciais para os alunos.<\/p>\n<h2>O Papel da Forma\u00e7\u00e3o Continuada<\/h2>\n<p>A forma\u00e7\u00e3o cont\u00ednua dos profissionais da educa\u00e7\u00e3o \u00e9 um tema recorrente nas discuss\u00f5es sobre a qualidade do ensino. \u00c9 fundamental que os docentes se mantenham atualizados sobre novas metodologias e tecnologias educacionais. A Secretaria de Educa\u00e7\u00e3o oferece programas de capacita\u00e7\u00e3o e forma\u00e7\u00e3o para que os educadores se sintam preparados para as demandas do s\u00e9culo XXI. Assim, a forma\u00e7\u00e3o continuada se torna um investimento crucial para o futuro da educa\u00e7\u00e3o em S\u00e3o Gon\u00e7alo.<\/p>\n<h2>Inova\u00e7\u00f5es na Pr\u00e1tica Pedag\u00f3gica<\/h2>\n<p>Com a evolu\u00e7\u00e3o dos m\u00e9todos de ensino, as inova\u00e7\u00f5es pedag\u00f3gicas s\u00e3o cada vez mais necess\u00e1rias. A introdu\u00e7\u00e3o de novas tecnologias e recursos did\u00e1ticos pode transformar a sala de aula em um espa\u00e7o mais din\u00e2mico e engajador. Os educadores s\u00e3o incentivados a explorar novas abordagens, integrando ferramentas digitais e metodologias ativas que promovam o aprendizado colaborativo e aut\u00f4nomo dos alunos. O uso de recursos multim\u00eddia e plataformas digitais tamb\u00e9m se destaca como um meio eficiente de facilitar a aprendizagem.<\/p>\n<h2>A Experi\u00eancia dos Gestores no Evento<\/h2>\n<p>Os gestores escolares que participaram do evento relataram experi\u00eancias positivas e a relev\u00e2ncia da Aula Magna para suas pr\u00e1ticas di\u00e1rias. A troca de conhecimentos e a possibilidade de debater temas atuais foi altamente valorizada. Essa intera\u00e7\u00e3o entre os gestores \u00e9 essencial para a constru\u00e7\u00e3o de uma rede colaborativa que fortale\u00e7a a educa\u00e7\u00e3o na regi\u00e3o. Todos concordaram que iniciativas como essa impulsionam a motiva\u00e7\u00e3o e o engajamento na busca por um ensino de qualidade.<\/p>\n\n<div style=\"font-size: 0px; height: 0px; line-height: 0px; margin: 0; padding: 0; clear: both;\"><\/div>","protected":false},"excerpt":{"rendered":"<p>Abertura do ano letivo em S\u00e3o Gon\u00e7alo promete ser inovadora e inspiradora.<\/p>\n","protected":false},"author":1,"featured_media":1595,"comment_status":"open","ping_status":"closed","sticky":false,"template":"","format":"standard","meta":{"footnotes":""},"categories":[6],"tags":[],"class_list":["post-1596","post","type-post","status-publish","format-standard","has-post-thumbnail","hentry","category-noticias-em-sao-goncalo","has_thumb"],"aioseo_notices":[],"aioseo_head":"\n\t\t<!-- All in One SEO 5.0.0.1 - aioseo.com -->\n\t<meta name=\"robots\" content=\"max-image-preview:large\" \/>\n\t<meta name=\"author\" content=\"Encontra S\u00e3o Gon\u00e7alo\"\/>\n\t<link rel=\"canonical\" href=\"https:\/\/www.encontrasaogoncalo.com.br\/sobre\/educacao-de-sao-goncalo-faz-abertura-do-ano-letivo\/\" \/>\n\t<meta name=\"generator\" content=\"All in One SEO (AIOSEO) 5.0.0.1\" \/>\n\t\t<meta property=\"og:locale\" content=\"pt_BR\" \/>\n\t\t<meta property=\"og:site_name\" content=\"Encontra S\u00e3o Gon\u00e7alo | Not\u00edcias, eventos, informa\u00e7\u00f5es e dicas da cidade de S\u00e3o Gon\u00e7alo e regi\u00e3o\" \/>\n\t\t<meta property=\"og:type\" content=\"article\" \/>\n\t\t<meta property=\"og:title\" content=\"Educa\u00e7\u00e3o de S\u00e3o Gon\u00e7alo faz abertura do ano letivo | Encontra S\u00e3o Gon\u00e7alo\" \/>\n\t\t<meta property=\"og:url\" content=\"https:\/\/www.encontrasaogoncalo.com.br\/sobre\/educacao-de-sao-goncalo-faz-abertura-do-ano-letivo\/\" \/>\n\t\t<meta property=\"article:published_time\" content=\"2026-02-07T09:30:28+00:00\" \/>\n\t\t<meta property=\"article:modified_time\" content=\"2026-02-07T09:30:28+00:00\" \/>\n\t\t<meta name=\"twitter:card\" content=\"summary\" \/>\n\t\t<meta name=\"twitter:title\" content=\"Educa\u00e7\u00e3o de S\u00e3o Gon\u00e7alo faz abertura do ano letivo | Encontra S\u00e3o Gon\u00e7alo\" \/>\n\t\t<script type=\"application\/ld+json\" class=\"aioseo-schema\">\n\t\t\t{\"@context\":\"https:\\\/\\\/schema.org\",\"@graph\":[{\"@type\":\"Article\",\"@id\":\"https:\\\/\\\/www.encontrasaogoncalo.com.br\\\/sobre\\\/educacao-de-sao-goncalo-faz-abertura-do-ano-letivo\\\/#article\",\"name\":\"Educa\\u00e7\\u00e3o de S\\u00e3o Gon\\u00e7alo faz abertura do ano letivo | Encontra S\\u00e3o Gon\\u00e7alo\",\"headline\":\"Educa\\u00e7\\u00e3o de S\\u00e3o Gon\\u00e7alo faz abertura do ano letivo\",\"author\":{\"@id\":\"https:\\\/\\\/www.encontrasaogoncalo.com.br\\\/sobre\\\/author\\\/esaogoncalo\\\/#author\"},\"publisher\":{\"@id\":\"https:\\\/\\\/www.encontrasaogoncalo.com.br\\\/sobre\\\/#organization\"},\"image\":{\"@type\":\"ImageObject\",\"url\":\"https:\\\/\\\/www.encontrasaogoncalo.com.br\\\/sobre\\\/wp-content\\\/uploads\\\/educacao-de-sao-goncalo-faz-abertura-do-ano-letivo.webp\",\"width\":280,\"height\":280,\"caption\":\"Abertura do ano letivo\"},\"datePublished\":\"2026-02-07T09:30:28+00:00\",\"dateModified\":\"2026-02-07T09:30:28+00:00\",\"inLanguage\":\"pt-BR\",\"mainEntityOfPage\":{\"@id\":\"https:\\\/\\\/www.encontrasaogoncalo.com.br\\\/sobre\\\/educacao-de-sao-goncalo-faz-abertura-do-ano-letivo\\\/#webpage\"},\"isPartOf\":{\"@id\":\"https:\\\/\\\/www.encontrasaogoncalo.com.br\\\/sobre\\\/educacao-de-sao-goncalo-faz-abertura-do-ano-letivo\\\/#webpage\"},\"articleSection\":\"Not\\u00edcias S\\u00e3o Gon\\u00e7alo\"},{\"@type\":\"BreadcrumbList\",\"@id\":\"https:\\\/\\\/www.encontrasaogoncalo.com.br\\\/sobre\\\/educacao-de-sao-goncalo-faz-abertura-do-ano-letivo\\\/#breadcrumblist\",\"itemListElement\":[{\"@type\":\"ListItem\",\"@id\":\"https:\\\/\\\/www.encontrasaogoncalo.com.br\\\/sobre#listItem\",\"position\":1,\"name\":\"In\\u00edcio\",\"item\":\"https:\\\/\\\/www.encontrasaogoncalo.com.br\\\/sobre\",\"nextItem\":{\"@type\":\"ListItem\",\"@id\":\"https:\\\/\\\/www.encontrasaogoncalo.com.br\\\/sobre\\\/noticias-em-sao-goncalo\\\/#listItem\",\"name\":\"Not\\u00edcias S\\u00e3o Gon\\u00e7alo\"}},{\"@type\":\"ListItem\",\"@id\":\"https:\\\/\\\/www.encontrasaogoncalo.com.br\\\/sobre\\\/noticias-em-sao-goncalo\\\/#listItem\",\"position\":2,\"name\":\"Not\\u00edcias S\\u00e3o Gon\\u00e7alo\",\"item\":\"https:\\\/\\\/www.encontrasaogoncalo.com.br\\\/sobre\\\/noticias-em-sao-goncalo\\\/\",\"nextItem\":{\"@type\":\"ListItem\",\"@id\":\"https:\\\/\\\/www.encontrasaogoncalo.com.br\\\/sobre\\\/educacao-de-sao-goncalo-faz-abertura-do-ano-letivo\\\/#listItem\",\"name\":\"Educa\\u00e7\\u00e3o de S\\u00e3o Gon\\u00e7alo faz abertura do ano letivo\"},\"previousItem\":{\"@type\":\"ListItem\",\"@id\":\"https:\\\/\\\/www.encontrasaogoncalo.com.br\\\/sobre#listItem\",\"name\":\"In\\u00edcio\"}},{\"@type\":\"ListItem\",\"@id\":\"https:\\\/\\\/www.encontrasaogoncalo.com.br\\\/sobre\\\/educacao-de-sao-goncalo-faz-abertura-do-ano-letivo\\\/#listItem\",\"position\":3,\"name\":\"Educa\\u00e7\\u00e3o de S\\u00e3o Gon\\u00e7alo faz abertura do ano letivo\",\"previousItem\":{\"@type\":\"ListItem\",\"@id\":\"https:\\\/\\\/www.encontrasaogoncalo.com.br\\\/sobre\\\/noticias-em-sao-goncalo\\\/#listItem\",\"name\":\"Not\\u00edcias S\\u00e3o Gon\\u00e7alo\"}}]},{\"@type\":\"Organization\",\"@id\":\"https:\\\/\\\/www.encontrasaogoncalo.com.br\\\/sobre\\\/#organization\",\"name\":\"Encontra S\\u00e3o Gon\\u00e7alo\",\"description\":\"Not\\u00edcias, eventos, informa\\u00e7\\u00f5es e dicas da cidade de S\\u00e3o Gon\\u00e7alo e regi\\u00e3o\",\"url\":\"https:\\\/\\\/www.encontrasaogoncalo.com.br\\\/sobre\\\/\"},{\"@type\":\"Person\",\"@id\":\"https:\\\/\\\/www.encontrasaogoncalo.com.br\\\/sobre\\\/author\\\/esaogoncalo\\\/#author\",\"url\":\"https:\\\/\\\/www.encontrasaogoncalo.com.br\\\/sobre\\\/author\\\/esaogoncalo\\\/\",\"name\":\"Encontra S\\u00e3o Gon\\u00e7alo\",\"image\":{\"@type\":\"ImageObject\",\"@id\":\"https:\\\/\\\/www.encontrasaogoncalo.com.br\\\/sobre\\\/educacao-de-sao-goncalo-faz-abertura-do-ano-letivo\\\/#authorImage\",\"url\":\"https:\\\/\\\/secure.gravatar.com\\\/avatar\\\/507340682b8270222e1f208e23198b6ae7e2c6a1033ae84e99bc6bce4f82a387?s=96&d=mm&r=g\",\"width\":96,\"height\":96,\"caption\":\"Encontra S\\u00e3o Gon\\u00e7alo\"}},{\"@type\":\"WebPage\",\"@id\":\"https:\\\/\\\/www.encontrasaogoncalo.com.br\\\/sobre\\\/educacao-de-sao-goncalo-faz-abertura-do-ano-letivo\\\/#webpage\",\"url\":\"https:\\\/\\\/www.encontrasaogoncalo.com.br\\\/sobre\\\/educacao-de-sao-goncalo-faz-abertura-do-ano-letivo\\\/\",\"name\":\"Educa\\u00e7\\u00e3o de S\\u00e3o Gon\\u00e7alo faz abertura do ano letivo | Encontra S\\u00e3o Gon\\u00e7alo\",\"inLanguage\":\"pt-BR\",\"isPartOf\":{\"@id\":\"https:\\\/\\\/www.encontrasaogoncalo.com.br\\\/sobre\\\/#website\"},\"breadcrumb\":{\"@id\":\"https:\\\/\\\/www.encontrasaogoncalo.com.br\\\/sobre\\\/educacao-de-sao-goncalo-faz-abertura-do-ano-letivo\\\/#breadcrumblist\"},\"author\":{\"@id\":\"https:\\\/\\\/www.encontrasaogoncalo.com.br\\\/sobre\\\/author\\\/esaogoncalo\\\/#author\"},\"creator\":{\"@id\":\"https:\\\/\\\/www.encontrasaogoncalo.com.br\\\/sobre\\\/author\\\/esaogoncalo\\\/#author\"},\"image\":{\"@type\":\"ImageObject\",\"url\":\"https:\\\/\\\/www.encontrasaogoncalo.com.br\\\/sobre\\\/wp-content\\\/uploads\\\/educacao-de-sao-goncalo-faz-abertura-do-ano-letivo.webp\",\"@id\":\"https:\\\/\\\/www.encontrasaogoncalo.com.br\\\/sobre\\\/educacao-de-sao-goncalo-faz-abertura-do-ano-letivo\\\/#mainImage\",\"width\":280,\"height\":280,\"caption\":\"Abertura do ano letivo\"},\"primaryImageOfPage\":{\"@id\":\"https:\\\/\\\/www.encontrasaogoncalo.com.br\\\/sobre\\\/educacao-de-sao-goncalo-faz-abertura-do-ano-letivo\\\/#mainImage\"},\"datePublished\":\"2026-02-07T09:30:28+00:00\",\"dateModified\":\"2026-02-07T09:30:28+00:00\"},{\"@type\":\"WebSite\",\"@id\":\"https:\\\/\\\/www.encontrasaogoncalo.com.br\\\/sobre\\\/#website\",\"url\":\"https:\\\/\\\/www.encontrasaogoncalo.com.br\\\/sobre\\\/\",\"name\":\"Encontra S\\u00e3o Gon\\u00e7alo\",\"description\":\"Not\\u00edcias, eventos, informa\\u00e7\\u00f5es e dicas da cidade de S\\u00e3o Gon\\u00e7alo e regi\\u00e3o\",\"inLanguage\":\"pt-BR\",\"publisher\":{\"@id\":\"https:\\\/\\\/www.encontrasaogoncalo.com.br\\\/sobre\\\/#organization\"}}]}\n\t\t<\/script>\n\t\t<!-- All in One SEO -->\n\n","aioseo_head_json":{"title":"Educa\u00e7\u00e3o de S\u00e3o Gon\u00e7alo faz abertura do ano letivo | Encontra S\u00e3o Gon\u00e7alo","description":"","canonical_url":"https:\/\/www.encontrasaogoncalo.com.br\/sobre\/educacao-de-sao-goncalo-faz-abertura-do-ano-letivo\/","robots":"max-image-preview:large","keywords":"","webmasterTools":{"miscellaneous":""},"schema":{"@context":"https:\/\/schema.org","@graph":[{"@type":"Article","@id":"https:\/\/www.encontrasaogoncalo.com.br\/sobre\/educacao-de-sao-goncalo-faz-abertura-do-ano-letivo\/#article","name":"Educa\u00e7\u00e3o de S\u00e3o Gon\u00e7alo faz abertura do ano letivo | Encontra S\u00e3o Gon\u00e7alo","headline":"Educa\u00e7\u00e3o de S\u00e3o Gon\u00e7alo faz abertura do ano letivo","author":{"@id":"https:\/\/www.encontrasaogoncalo.com.br\/sobre\/author\/esaogoncalo\/#author"},"publisher":{"@id":"https:\/\/www.encontrasaogoncalo.com.br\/sobre\/#organization"},"image":{"@type":"ImageObject","url":"https:\/\/www.encontrasaogoncalo.com.br\/sobre\/wp-content\/uploads\/educacao-de-sao-goncalo-faz-abertura-do-ano-letivo.webp","width":280,"height":280,"caption":"Abertura do ano letivo"},"datePublished":"2026-02-07T09:30:28+00:00","dateModified":"2026-02-07T09:30:28+00:00","inLanguage":"pt-BR","mainEntityOfPage":{"@id":"https:\/\/www.encontrasaogoncalo.com.br\/sobre\/educacao-de-sao-goncalo-faz-abertura-do-ano-letivo\/#webpage"},"isPartOf":{"@id":"https:\/\/www.encontrasaogoncalo.com.br\/sobre\/educacao-de-sao-goncalo-faz-abertura-do-ano-letivo\/#webpage"},"articleSection":"Not\u00edcias S\u00e3o Gon\u00e7alo"},{"@type":"BreadcrumbList","@id":"https:\/\/www.encontrasaogoncalo.com.br\/sobre\/educacao-de-sao-goncalo-faz-abertura-do-ano-letivo\/#breadcrumblist","itemListElement":[{"@type":"ListItem","@id":"https:\/\/www.encontrasaogoncalo.com.br\/sobre#listItem","position":1,"name":"In\u00edcio","item":"https:\/\/www.encontrasaogoncalo.com.br\/sobre","nextItem":{"@type":"ListItem","@id":"https:\/\/www.encontrasaogoncalo.com.br\/sobre\/noticias-em-sao-goncalo\/#listItem","name":"Not\u00edcias S\u00e3o Gon\u00e7alo"}},{"@type":"ListItem","@id":"https:\/\/www.encontrasaogoncalo.com.br\/sobre\/noticias-em-sao-goncalo\/#listItem","position":2,"name":"Not\u00edcias S\u00e3o Gon\u00e7alo","item":"https:\/\/www.encontrasaogoncalo.com.br\/sobre\/noticias-em-sao-goncalo\/","nextItem":{"@type":"ListItem","@id":"https:\/\/www.encontrasaogoncalo.com.br\/sobre\/educacao-de-sao-goncalo-faz-abertura-do-ano-letivo\/#listItem","name":"Educa\u00e7\u00e3o de S\u00e3o Gon\u00e7alo faz abertura do ano letivo"},"previousItem":{"@type":"ListItem","@id":"https:\/\/www.encontrasaogoncalo.com.br\/sobre#listItem","name":"In\u00edcio"}},{"@type":"ListItem","@id":"https:\/\/www.encontrasaogoncalo.com.br\/sobre\/educacao-de-sao-goncalo-faz-abertura-do-ano-letivo\/#listItem","position":3,"name":"Educa\u00e7\u00e3o de S\u00e3o Gon\u00e7alo faz abertura do ano letivo","previousItem":{"@type":"ListItem","@id":"https:\/\/www.encontrasaogoncalo.com.br\/sobre\/noticias-em-sao-goncalo\/#listItem","name":"Not\u00edcias S\u00e3o Gon\u00e7alo"}}]},{"@type":"Organization","@id":"https:\/\/www.encontrasaogoncalo.com.br\/sobre\/#organization","name":"Encontra S\u00e3o Gon\u00e7alo","description":"Not\u00edcias, eventos, informa\u00e7\u00f5es e dicas da cidade de S\u00e3o Gon\u00e7alo e regi\u00e3o","url":"https:\/\/www.encontrasaogoncalo.com.br\/sobre\/"},{"@type":"Person","@id":"https:\/\/www.encontrasaogoncalo.com.br\/sobre\/author\/esaogoncalo\/#author","url":"https:\/\/www.encontrasaogoncalo.com.br\/sobre\/author\/esaogoncalo\/","name":"Encontra S\u00e3o Gon\u00e7alo","image":{"@type":"ImageObject","@id":"https:\/\/www.encontrasaogoncalo.com.br\/sobre\/educacao-de-sao-goncalo-faz-abertura-do-ano-letivo\/#authorImage","url":"https:\/\/secure.gravatar.com\/avatar\/507340682b8270222e1f208e23198b6ae7e2c6a1033ae84e99bc6bce4f82a387?s=96&d=mm&r=g","width":96,"height":96,"caption":"Encontra S\u00e3o Gon\u00e7alo"}},{"@type":"WebPage","@id":"https:\/\/www.encontrasaogoncalo.com.br\/sobre\/educacao-de-sao-goncalo-faz-abertura-do-ano-letivo\/#webpage","url":"https:\/\/www.encontrasaogoncalo.com.br\/sobre\/educacao-de-sao-goncalo-faz-abertura-do-ano-letivo\/","name":"Educa\u00e7\u00e3o de S\u00e3o Gon\u00e7alo faz abertura do ano letivo | Encontra S\u00e3o Gon\u00e7alo","inLanguage":"pt-BR","isPartOf":{"@id":"https:\/\/www.encontrasaogoncalo.com.br\/sobre\/#website"},"breadcrumb":{"@id":"https:\/\/www.encontrasaogoncalo.com.br\/sobre\/educacao-de-sao-goncalo-faz-abertura-do-ano-letivo\/#breadcrumblist"},"author":{"@id":"https:\/\/www.encontrasaogoncalo.com.br\/sobre\/author\/esaogoncalo\/#author"},"creator":{"@id":"https:\/\/www.encontrasaogoncalo.com.br\/sobre\/author\/esaogoncalo\/#author"},"image":{"@type":"ImageObject","url":"https:\/\/www.encontrasaogoncalo.com.br\/sobre\/wp-content\/uploads\/educacao-de-sao-goncalo-faz-abertura-do-ano-letivo.webp","@id":"https:\/\/www.encontrasaogoncalo.com.br\/sobre\/educacao-de-sao-goncalo-faz-abertura-do-ano-letivo\/#mainImage","width":280,"height":280,"caption":"Abertura do ano letivo"},"primaryImageOfPage":{"@id":"https:\/\/www.encontrasaogoncalo.com.br\/sobre\/educacao-de-sao-goncalo-faz-abertura-do-ano-letivo\/#mainImage"},"datePublished":"2026-02-07T09:30:28+00:00","dateModified":"2026-02-07T09:30:28+00:00"},{"@type":"WebSite","@id":"https:\/\/www.encontrasaogoncalo.com.br\/sobre\/#website","url":"https:\/\/www.encontrasaogoncalo.com.br\/sobre\/","name":"Encontra S\u00e3o Gon\u00e7alo","description":"Not\u00edcias, eventos, informa\u00e7\u00f5es e dicas da cidade de S\u00e3o Gon\u00e7alo e regi\u00e3o","inLanguage":"pt-BR","publisher":{"@id":"https:\/\/www.encontrasaogoncalo.com.br\/sobre\/#organization"}}]},"og:locale":"pt_BR","og:site_name":"Encontra S\u00e3o Gon\u00e7alo | Not\u00edcias, eventos, informa\u00e7\u00f5es e dicas da cidade de S\u00e3o Gon\u00e7alo e regi\u00e3o","og:type":"article","og:title":"Educa\u00e7\u00e3o de S\u00e3o Gon\u00e7alo faz abertura do ano letivo | Encontra S\u00e3o Gon\u00e7alo","og:url":"https:\/\/www.encontrasaogoncalo.com.br\/sobre\/educacao-de-sao-goncalo-faz-abertura-do-ano-letivo\/","article:published_time":"2026-02-07T09:30:28+00:00","article:modified_time":"2026-02-07T09:30:28+00:00","twitter:card":"summary","twitter:title":"Educa\u00e7\u00e3o de S\u00e3o Gon\u00e7alo faz abertura do ano letivo | Encontra S\u00e3o Gon\u00e7alo"},"aioseo_meta_data":{"post_id":"1596","title":null,"description":null,"keywords":null,"keyphrases":null,"primary_term":null,"canonical_url":null,"og_title":null,"og_description":null,"og_object_type":"default","og_image_type":"default","og_image_url":null,"og_image_width":null,"og_image_height":null,"og_image_custom_url":null,"og_image_custom_fields":null,"og_video":null,"og_custom_url":null,"og_article_section":null,"og_article_tags":null,"twitter_use_og":false,"twitter_card":"default","twitter_image_type":"default","twitter_image_url":null,"twitter_image_custom_url":null,"twitter_image_custom_fields":null,"twitter_title":null,"twitter_description":null,"schema":{"blockGraphs":[],"customGraphs":[],"default":{"data":{"Article":[],"Course":[],"Dataset":[],"FAQPage":[],"Movie":[],"Person":[],"Product":[],"ProductReview":[],"Car":[],"Recipe":[],"Service":[],"SoftwareApplication":[],"WebPage":[]},"graphName":"Article","isEnabled":true},"graphs":[]},"schema_type":"default","schema_type_options":null,"pillar_content":false,"robots_default":true,"robots_noindex":false,"robots_noarchive":false,"robots_nosnippet":false,"robots_nofollow":false,"robots_noimageindex":false,"robots_noodp":false,"robots_notranslate":false,"robots_max_snippet":null,"robots_max_videopreview":null,"robots_max_imagepreview":"large","priority":null,"frequency":null,"local_seo":null,"breadcrumb_settings":null,"limit_modified_date":false,"ai":null,"created":"2026-02-07 09:30:33","updated":"2026-04-02 08:13:19","focus_keyword":null,"additional_keywords":null,"truseo_locale":null,"seo_analyzer_scan_date":null},"aioseo_breadcrumb":"<div class=\"aioseo-breadcrumbs\"><span class=\"aioseo-breadcrumb\">\n\t\t\t<a href=\"https:\/\/www.encontrasaogoncalo.com.br\/sobre\" title=\"In\u00edcio\">In\u00edcio<\/a>\n\t\t<\/span><span class=\"aioseo-breadcrumb-separator\">&raquo;<\/span><span class=\"aioseo-breadcrumb\">\n\t\t\t<a href=\"https:\/\/www.encontrasaogoncalo.com.br\/sobre\/noticias-em-sao-goncalo\/\" title=\"Not\u00edcias S\u00e3o Gon\u00e7alo\">Not\u00edcias S\u00e3o Gon\u00e7alo<\/a>\n\t\t<\/span><span class=\"aioseo-breadcrumb-separator\">&raquo;<\/span><span class=\"aioseo-breadcrumb\">\n\t\t\tEduca\u00e7\u00e3o de S\u00e3o Gon\u00e7alo faz abertura do ano letivo\n\t\t<\/span><\/div>","aioseo_breadcrumb_json":[{"label":"In\u00edcio","link":"https:\/\/www.encontrasaogoncalo.com.br\/sobre"},{"label":"Not\u00edcias S\u00e3o Gon\u00e7alo","link":"https:\/\/www.encontrasaogoncalo.com.br\/sobre\/noticias-em-sao-goncalo\/"},{"label":"Educa\u00e7\u00e3o de S\u00e3o Gon\u00e7alo faz abertura do ano letivo","link":"https:\/\/www.encontrasaogoncalo.com.br\/sobre\/educacao-de-sao-goncalo-faz-abertura-do-ano-letivo\/"}],"_links":{"self":[{"href":"https:\/\/www.encontrasaogoncalo.com.br\/sobre\/wp-json\/wp\/v2\/posts\/1596","targetHints":{"allow":["GET"]}}],"collection":[{"href":"https:\/\/www.encontrasaogoncalo.com.br\/sobre\/wp-json\/wp\/v2\/posts"}],"about":[{"href":"https:\/\/www.encontrasaogoncalo.com.br\/sobre\/wp-json\/wp\/v2\/types\/post"}],"author":[{"embeddable":true,"href":"https:\/\/www.encontrasaogoncalo.com.br\/sobre\/wp-json\/wp\/v2\/users\/1"}],"replies":[{"embeddable":true,"href":"https:\/\/www.encontrasaogoncalo.com.br\/sobre\/wp-json\/wp\/v2\/comments?post=1596"}],"version-history":[{"count":0,"href":"https:\/\/www.encontrasaogoncalo.com.br\/sobre\/wp-json\/wp\/v2\/posts\/1596\/revisions"}],"wp:featuredmedia":[{"embeddable":true,"href":"https:\/\/www.encontrasaogoncalo.com.br\/sobre\/wp-json\/wp\/v2\/media\/1595"}],"wp:attachment":[{"href":"https:\/\/www.encontrasaogoncalo.com.br\/sobre\/wp-json\/wp\/v2\/media?parent=1596"}],"wp:term":[{"taxonomy":"category","embeddable":true,"href":"https:\/\/www.encontrasaogoncalo.com.br\/sobre\/wp-json\/wp\/v2\/categories?post=1596"},{"taxonomy":"post_tag","embeddable":true,"href":"https:\/\/www.encontrasaogoncalo.com.br\/sobre\/wp-json\/wp\/v2\/tags?post=1596"}],"curies":[{"name":"wp","href":"https:\/\/api.w.org\/{rel}","templated":true}]}}