{"id":1760,"date":"2026-03-10T09:07:49","date_gmt":"2026-03-10T09:07:49","guid":{"rendered":"https:\/\/www.encontrasaogoncalo.com.br\/sobre\/atividades-esportivas-e-muita-alegria-encerram-o-sesc-verao-2026-em-sao-goncalo\/"},"modified":"2026-03-10T09:07:49","modified_gmt":"2026-03-10T09:07:49","slug":"atividades-esportivas-e-muita-alegria-encerram-o-sesc-verao-2026-em-sao-goncalo","status":"publish","type":"post","link":"https:\/\/www.encontrasaogoncalo.com.br\/sobre\/atividades-esportivas-e-muita-alegria-encerram-o-sesc-verao-2026-em-sao-goncalo\/","title":{"rendered":"Atividades esportivas e muita alegria encerram o Sesc Ver\u00e3o 2026 em S\u00e3o Gon\u00e7alo"},"content":{"rendered":"<div class=\"558ebb280150f569344a3237cd236fe7\" data-index=\"1\" style=\"float: none; margin:0px;\">\n<!-- Anuncio display - global -->\r\n<ins class=\"adsbygoogle\"\r\n     style=\"display:block\"\r\n     data-ad-client=\"ca-pub-8585364105181520\"\r\n     data-ad-slot=\"8789329856\"\r\n     data-ad-format=\"auto\"\r\n     data-full-width-responsive=\"true\"><\/ins>\r\n<script>\r\n     (adsbygoogle = window.adsbygoogle || []).push({});\r\n<\/script>\n<\/div>\n<h2>Um Dia Inesquec\u00edvel no Parque RJ Nosso Sonho<\/h2>\n<p>No \u00faltimo dia do Sesc Ver\u00e3o 2026, o Parque RJ Nosso Sonho se transformou em um verdadeiro cen\u00e1rio de divers\u00e3o e entretenimento. O evento aconteceu neste domingo, 8 de fevereiro, reunindo pessoas de todas as idades para aproveitar uma variedade de atividades esportivas e culturais. Mesmo com o tempo nublado, a energia dos gon\u00e7alenses foi contagiante, e o parque ficou repleto de sorrisos e momentos memor\u00e1veis.<\/p>\n<h2>Atividades para Todas as Idades<\/h2>\n<p>A programa\u00e7\u00e3o do Sesc Ver\u00e3o incluiu brinquedos infl\u00e1veis, partidas de futebol e uma variedade de jogos ao ar livre que encantaram tanto crian\u00e7as quanto adultos. As oficinas criativas e esportivas foram um sucesso, proporcionando momentos de lazer e aprendizado. As fam\u00edlias participaram ativamente, criando uma atmosfera de uni\u00e3o e alegria, evidenciando a import\u00e2ncia de eventos como este para a comunidade.<\/p>\n<h2>O Impacto das Atra\u00e7\u00f5es Musicais<\/h2>\n<p>Outro ponto alto do evento foi a presen\u00e7a de atra\u00e7\u00f5es musicais que animaram o p\u00fablico. As performances dos grupos locais, como Bom Gosto e No Sigilo, al\u00e9m de artistas renomados como 3030 e o cantor Walace Ara\u00fajo, trouxeram uma trilha sonora vibrante para o dia. Essas apresenta\u00e7\u00f5es n\u00e3o s\u00f3 entreteram como tamb\u00e9m fortaleceram a cultura local, promovendo artistas da regi\u00e3o.<\/p>\n<p><img decoding=\"async\" src=\"https:\/\/www.encontrasaogoncalo.com.br\/sobre\/wp-content\/uploads\/atividades-esportivas-e-muita-alegria-encerram-o-sesc-verao-2026-em-sao-goncalo.webp\" alt=\"Sesc Ver\u00e3o 2026\" loading=\"lazy\" \/><\/p>\n<h2>Transi\u00e7\u00e3o do Antigo Piscin\u00e3o<\/h2>\n<p>O Parque RJ Nosso Sonho, que antes abrigava o antigo Piscin\u00e3o, passou por uma revitaliza\u00e7\u00e3o significativa para se transformar em um espa\u00e7o de lazer moderno e acess\u00edvel. Com \u00e1reas espec\u00edficas para esportes, como quadras poliesportivas e de futebol, al\u00e9m de uma pista de caminhada e um espa\u00e7o para skate, o parque agora atende com efici\u00eancia \u00e0s demandas da popula\u00e7\u00e3o, promovendo qualidade de vida e bem-estar.<\/p>\n<h2>Depoimentos de Quem Participou<\/h2>\n<p>Dia a dia, o espa\u00e7o atrai novos visitantes, como Dayene Sena, uma moradora do Boa Vista que compartilhou sua experi\u00eancia no parque. Ela trouxe suas duas filhas para conhecer o local e expressou: &#8220;Foi uma experi\u00eancia maravilhosa. Minhas filhas amaram a cascata! \u00c9 gratificante ver nosso bairro sendo revitalizado com um espa\u00e7o que promove lazer e seguran\u00e7a&#8221;. Esse tipo de feedback demonstra o impacto positivo que o parque j\u00e1 est\u00e1 gerando na comunidade.<\/p>\n<h2>Seguran\u00e7a e Estrutura do Evento<\/h2>\n<p>O evento do Sesc Ver\u00e3o 2026 foi planejado cuidadosamente, levando em considera\u00e7\u00e3o a seguran\u00e7a dos participantes. com c\u00e2meras de seguran\u00e7a e reconhecimento facial instaladas no parque, o evento garantiu um ambiente seguro para todos os visitantes. Al\u00e9m disso, a infraestrutura do parque, que inclui banheiros e um posto m\u00e9dico, contribui para uma experi\u00eancia agrad\u00e1vel e segura.<\/p>\n<h2>O Papel do Sesc RJ na Comunidade<\/h2>\n<p>O Sesc RJ desempenhou um papel crucial na realiza\u00e7\u00e3o do Sesc Ver\u00e3o, oferecendo uma programa\u00e7\u00e3o diversificada e acess\u00edvel a todos. A correaliza\u00e7\u00e3o com a Prefeitura de S\u00e3o Gon\u00e7alo e o Sindcom\u00e9rcio reafirma o compromisso das institui\u00e7\u00f5es em promover o bem-estar da popula\u00e7\u00e3o. Esses eventos servem como uma plataforma para engajar a comunidade e incentivar a pr\u00e1tica de atividades f\u00edsicas e culturais.<\/p>\n<h2>Revitaliza\u00e7\u00e3o e Novos Espa\u00e7os de Lazer<\/h2>\n<p>A revitaliza\u00e7\u00e3o do Parque RJ Nosso Sonho \u00e9 um exemplo de como a a\u00e7\u00e3o governamental pode beneficiar a popula\u00e7\u00e3o. Com espa\u00e7os distintos para diferentes atividades, crian\u00e7as e adultos podem desfrutar de momentos significativos ao ar livre, fomentando uma cultura de sa\u00fade e bem-estar. Al\u00e9m de funcionar como um centro de lazer, o parque contribui para fortalecer la\u00e7os comunit\u00e1rios.<\/p>\n<h2>Desafios Enfrentados Durante o Evento<\/h2>\n<p>Embora o evento tenha sido um sucesso, os organizadores enfrentaram desafios, especialmente as fortes chuvas que atingiram a cidade. Devido \u00e0s condi\u00e7\u00f5es clim\u00e1ticas adversas, os shows programados do cantor Thiago Martins e do trio Os Garotin foram adiados para garantir a seguran\u00e7a do p\u00fablico. Essa decis\u00e3o, embora dif\u00edcil, foi necess\u00e1ria para assegurar que todos pudessem aproveitar o evento em sua plenitude em uma nova data que ainda ser\u00e1 anunciada.<\/p>\n<h2>Expectativas para Futuras Edi\u00e7\u00f5es do Sesc Ver\u00e3o<\/h2>\n<p>Com a primeira edi\u00e7\u00e3o do Sesc Ver\u00e3o 2026 encerrada, as expectativas para futuras edi\u00e7\u00f5es s\u00e3o altas. A aceita\u00e7\u00e3o do p\u00fablico e o envolvimento da comunidade demonstram a necessidade de mais eventos como este. A organiza\u00e7\u00e3o j\u00e1 planeja a\u00e7\u00f5es cont\u00ednuas que n\u00e3o apenas mantenham viva a experi\u00eancia do Sesc Ver\u00e3o, mas tamb\u00e9m ampliem as oportunidades de lazer e cultura para os gon\u00e7alenses. A participa\u00e7\u00e3o ativa da comunidade \u00e9 fundamental para o sucesso de iniciativas futuras, e o Sesc RJ visa fortalecer essa rela\u00e7\u00e3o.<\/p>\n\n<div style=\"font-size: 0px; height: 0px; line-height: 0px; margin: 0; padding: 0; clear: both;\"><\/div>","protected":false},"excerpt":{"rendered":"<p>Atividades esportivas e alegria encerram o Sesc Ver\u00e3o 2026 em S\u00e3o Gon\u00e7alo.<\/p>\n","protected":false},"author":1,"featured_media":1759,"comment_status":"open","ping_status":"closed","sticky":false,"template":"","format":"standard","meta":{"footnotes":""},"categories":[6],"tags":[],"class_list":["post-1760","post","type-post","status-publish","format-standard","has-post-thumbnail","hentry","category-noticias-em-sao-goncalo","has_thumb"],"aioseo_notices":[],"aioseo_head":"\n\t\t<!-- All in One SEO 5.0.0.1 - aioseo.com -->\n\t<meta name=\"robots\" content=\"max-image-preview:large\" \/>\n\t<meta name=\"author\" content=\"Encontra S\u00e3o Gon\u00e7alo\"\/>\n\t<link rel=\"canonical\" href=\"https:\/\/www.encontrasaogoncalo.com.br\/sobre\/atividades-esportivas-e-muita-alegria-encerram-o-sesc-verao-2026-em-sao-goncalo\/\" \/>\n\t<meta name=\"generator\" content=\"All in One SEO (AIOSEO) 5.0.0.1\" \/>\n\t\t<meta property=\"og:locale\" content=\"pt_BR\" \/>\n\t\t<meta property=\"og:site_name\" content=\"Encontra S\u00e3o Gon\u00e7alo | Not\u00edcias, eventos, informa\u00e7\u00f5es e dicas da cidade de S\u00e3o Gon\u00e7alo e regi\u00e3o\" \/>\n\t\t<meta property=\"og:type\" content=\"article\" \/>\n\t\t<meta property=\"og:title\" content=\"Atividades esportivas e muita alegria encerram o Sesc Ver\u00e3o 2026 em S\u00e3o Gon\u00e7alo | Encontra S\u00e3o Gon\u00e7alo\" \/>\n\t\t<meta property=\"og:url\" content=\"https:\/\/www.encontrasaogoncalo.com.br\/sobre\/atividades-esportivas-e-muita-alegria-encerram-o-sesc-verao-2026-em-sao-goncalo\/\" \/>\n\t\t<meta property=\"article:published_time\" content=\"2026-03-10T09:07:49+00:00\" \/>\n\t\t<meta property=\"article:modified_time\" content=\"2026-03-10T09:07:49+00:00\" \/>\n\t\t<meta name=\"twitter:card\" content=\"summary\" \/>\n\t\t<meta name=\"twitter:title\" content=\"Atividades esportivas e muita alegria encerram o Sesc Ver\u00e3o 2026 em S\u00e3o Gon\u00e7alo | Encontra S\u00e3o Gon\u00e7alo\" \/>\n\t\t<script type=\"application\/ld+json\" class=\"aioseo-schema\">\n\t\t\t{\"@context\":\"https:\\\/\\\/schema.org\",\"@graph\":[{\"@type\":\"Article\",\"@id\":\"https:\\\/\\\/www.encontrasaogoncalo.com.br\\\/sobre\\\/atividades-esportivas-e-muita-alegria-encerram-o-sesc-verao-2026-em-sao-goncalo\\\/#article\",\"name\":\"Atividades esportivas e muita alegria encerram o Sesc Ver\\u00e3o 2026 em S\\u00e3o Gon\\u00e7alo | Encontra S\\u00e3o Gon\\u00e7alo\",\"headline\":\"Atividades esportivas e muita alegria encerram o Sesc Ver\\u00e3o 2026 em S\\u00e3o Gon\\u00e7alo\",\"author\":{\"@id\":\"https:\\\/\\\/www.encontrasaogoncalo.com.br\\\/sobre\\\/author\\\/esaogoncalo\\\/#author\"},\"publisher\":{\"@id\":\"https:\\\/\\\/www.encontrasaogoncalo.com.br\\\/sobre\\\/#organization\"},\"image\":{\"@type\":\"ImageObject\",\"url\":\"https:\\\/\\\/www.encontrasaogoncalo.com.br\\\/sobre\\\/wp-content\\\/uploads\\\/atividades-esportivas-e-muita-alegria-encerram-o-sesc-verao-2026-em-sao-goncalo.webp\",\"width\":280,\"height\":280,\"caption\":\"Sesc Ver\\u00e3o 2026\"},\"datePublished\":\"2026-03-10T09:07:49+00:00\",\"dateModified\":\"2026-03-10T09:07:49+00:00\",\"inLanguage\":\"pt-BR\",\"mainEntityOfPage\":{\"@id\":\"https:\\\/\\\/www.encontrasaogoncalo.com.br\\\/sobre\\\/atividades-esportivas-e-muita-alegria-encerram-o-sesc-verao-2026-em-sao-goncalo\\\/#webpage\"},\"isPartOf\":{\"@id\":\"https:\\\/\\\/www.encontrasaogoncalo.com.br\\\/sobre\\\/atividades-esportivas-e-muita-alegria-encerram-o-sesc-verao-2026-em-sao-goncalo\\\/#webpage\"},\"articleSection\":\"Not\\u00edcias S\\u00e3o Gon\\u00e7alo\"},{\"@type\":\"BreadcrumbList\",\"@id\":\"https:\\\/\\\/www.encontrasaogoncalo.com.br\\\/sobre\\\/atividades-esportivas-e-muita-alegria-encerram-o-sesc-verao-2026-em-sao-goncalo\\\/#breadcrumblist\",\"itemListElement\":[{\"@type\":\"ListItem\",\"@id\":\"https:\\\/\\\/www.encontrasaogoncalo.com.br\\\/sobre#listItem\",\"position\":1,\"name\":\"In\\u00edcio\",\"item\":\"https:\\\/\\\/www.encontrasaogoncalo.com.br\\\/sobre\",\"nextItem\":{\"@type\":\"ListItem\",\"@id\":\"https:\\\/\\\/www.encontrasaogoncalo.com.br\\\/sobre\\\/noticias-em-sao-goncalo\\\/#listItem\",\"name\":\"Not\\u00edcias S\\u00e3o Gon\\u00e7alo\"}},{\"@type\":\"ListItem\",\"@id\":\"https:\\\/\\\/www.encontrasaogoncalo.com.br\\\/sobre\\\/noticias-em-sao-goncalo\\\/#listItem\",\"position\":2,\"name\":\"Not\\u00edcias S\\u00e3o Gon\\u00e7alo\",\"item\":\"https:\\\/\\\/www.encontrasaogoncalo.com.br\\\/sobre\\\/noticias-em-sao-goncalo\\\/\",\"nextItem\":{\"@type\":\"ListItem\",\"@id\":\"https:\\\/\\\/www.encontrasaogoncalo.com.br\\\/sobre\\\/atividades-esportivas-e-muita-alegria-encerram-o-sesc-verao-2026-em-sao-goncalo\\\/#listItem\",\"name\":\"Atividades esportivas e muita alegria encerram o Sesc Ver\\u00e3o 2026 em S\\u00e3o Gon\\u00e7alo\"},\"previousItem\":{\"@type\":\"ListItem\",\"@id\":\"https:\\\/\\\/www.encontrasaogoncalo.com.br\\\/sobre#listItem\",\"name\":\"In\\u00edcio\"}},{\"@type\":\"ListItem\",\"@id\":\"https:\\\/\\\/www.encontrasaogoncalo.com.br\\\/sobre\\\/atividades-esportivas-e-muita-alegria-encerram-o-sesc-verao-2026-em-sao-goncalo\\\/#listItem\",\"position\":3,\"name\":\"Atividades esportivas e muita alegria encerram o Sesc Ver\\u00e3o 2026 em S\\u00e3o Gon\\u00e7alo\",\"previousItem\":{\"@type\":\"ListItem\",\"@id\":\"https:\\\/\\\/www.encontrasaogoncalo.com.br\\\/sobre\\\/noticias-em-sao-goncalo\\\/#listItem\",\"name\":\"Not\\u00edcias S\\u00e3o Gon\\u00e7alo\"}}]},{\"@type\":\"Organization\",\"@id\":\"https:\\\/\\\/www.encontrasaogoncalo.com.br\\\/sobre\\\/#organization\",\"name\":\"Encontra S\\u00e3o Gon\\u00e7alo\",\"description\":\"Not\\u00edcias, eventos, informa\\u00e7\\u00f5es e dicas da cidade de S\\u00e3o Gon\\u00e7alo e regi\\u00e3o\",\"url\":\"https:\\\/\\\/www.encontrasaogoncalo.com.br\\\/sobre\\\/\"},{\"@type\":\"Person\",\"@id\":\"https:\\\/\\\/www.encontrasaogoncalo.com.br\\\/sobre\\\/author\\\/esaogoncalo\\\/#author\",\"url\":\"https:\\\/\\\/www.encontrasaogoncalo.com.br\\\/sobre\\\/author\\\/esaogoncalo\\\/\",\"name\":\"Encontra S\\u00e3o Gon\\u00e7alo\",\"image\":{\"@type\":\"ImageObject\",\"@id\":\"https:\\\/\\\/www.encontrasaogoncalo.com.br\\\/sobre\\\/atividades-esportivas-e-muita-alegria-encerram-o-sesc-verao-2026-em-sao-goncalo\\\/#authorImage\",\"url\":\"https:\\\/\\\/secure.gravatar.com\\\/avatar\\\/507340682b8270222e1f208e23198b6ae7e2c6a1033ae84e99bc6bce4f82a387?s=96&d=mm&r=g\",\"width\":96,\"height\":96,\"caption\":\"Encontra S\\u00e3o Gon\\u00e7alo\"}},{\"@type\":\"WebPage\",\"@id\":\"https:\\\/\\\/www.encontrasaogoncalo.com.br\\\/sobre\\\/atividades-esportivas-e-muita-alegria-encerram-o-sesc-verao-2026-em-sao-goncalo\\\/#webpage\",\"url\":\"https:\\\/\\\/www.encontrasaogoncalo.com.br\\\/sobre\\\/atividades-esportivas-e-muita-alegria-encerram-o-sesc-verao-2026-em-sao-goncalo\\\/\",\"name\":\"Atividades esportivas e muita alegria encerram o Sesc Ver\\u00e3o 2026 em S\\u00e3o Gon\\u00e7alo | Encontra S\\u00e3o Gon\\u00e7alo\",\"inLanguage\":\"pt-BR\",\"isPartOf\":{\"@id\":\"https:\\\/\\\/www.encontrasaogoncalo.com.br\\\/sobre\\\/#website\"},\"breadcrumb\":{\"@id\":\"https:\\\/\\\/www.encontrasaogoncalo.com.br\\\/sobre\\\/atividades-esportivas-e-muita-alegria-encerram-o-sesc-verao-2026-em-sao-goncalo\\\/#breadcrumblist\"},\"author\":{\"@id\":\"https:\\\/\\\/www.encontrasaogoncalo.com.br\\\/sobre\\\/author\\\/esaogoncalo\\\/#author\"},\"creator\":{\"@id\":\"https:\\\/\\\/www.encontrasaogoncalo.com.br\\\/sobre\\\/author\\\/esaogoncalo\\\/#author\"},\"image\":{\"@type\":\"ImageObject\",\"url\":\"https:\\\/\\\/www.encontrasaogoncalo.com.br\\\/sobre\\\/wp-content\\\/uploads\\\/atividades-esportivas-e-muita-alegria-encerram-o-sesc-verao-2026-em-sao-goncalo.webp\",\"@id\":\"https:\\\/\\\/www.encontrasaogoncalo.com.br\\\/sobre\\\/atividades-esportivas-e-muita-alegria-encerram-o-sesc-verao-2026-em-sao-goncalo\\\/#mainImage\",\"width\":280,\"height\":280,\"caption\":\"Sesc Ver\\u00e3o 2026\"},\"primaryImageOfPage\":{\"@id\":\"https:\\\/\\\/www.encontrasaogoncalo.com.br\\\/sobre\\\/atividades-esportivas-e-muita-alegria-encerram-o-sesc-verao-2026-em-sao-goncalo\\\/#mainImage\"},\"datePublished\":\"2026-03-10T09:07:49+00:00\",\"dateModified\":\"2026-03-10T09:07:49+00:00\"},{\"@type\":\"WebSite\",\"@id\":\"https:\\\/\\\/www.encontrasaogoncalo.com.br\\\/sobre\\\/#website\",\"url\":\"https:\\\/\\\/www.encontrasaogoncalo.com.br\\\/sobre\\\/\",\"name\":\"Encontra S\\u00e3o Gon\\u00e7alo\",\"description\":\"Not\\u00edcias, eventos, informa\\u00e7\\u00f5es e dicas da cidade de S\\u00e3o Gon\\u00e7alo e regi\\u00e3o\",\"inLanguage\":\"pt-BR\",\"publisher\":{\"@id\":\"https:\\\/\\\/www.encontrasaogoncalo.com.br\\\/sobre\\\/#organization\"}}]}\n\t\t<\/script>\n\t\t<!-- All in One SEO -->\n\n","aioseo_head_json":{"title":"Atividades esportivas e muita alegria encerram o Sesc Ver\u00e3o 2026 em S\u00e3o Gon\u00e7alo | Encontra S\u00e3o Gon\u00e7alo","description":"","canonical_url":"https:\/\/www.encontrasaogoncalo.com.br\/sobre\/atividades-esportivas-e-muita-alegria-encerram-o-sesc-verao-2026-em-sao-goncalo\/","robots":"max-image-preview:large","keywords":"","webmasterTools":{"miscellaneous":""},"schema":{"@context":"https:\/\/schema.org","@graph":[{"@type":"Article","@id":"https:\/\/www.encontrasaogoncalo.com.br\/sobre\/atividades-esportivas-e-muita-alegria-encerram-o-sesc-verao-2026-em-sao-goncalo\/#article","name":"Atividades esportivas e muita alegria encerram o Sesc Ver\u00e3o 2026 em S\u00e3o Gon\u00e7alo | Encontra S\u00e3o Gon\u00e7alo","headline":"Atividades esportivas e muita alegria encerram o Sesc Ver\u00e3o 2026 em S\u00e3o Gon\u00e7alo","author":{"@id":"https:\/\/www.encontrasaogoncalo.com.br\/sobre\/author\/esaogoncalo\/#author"},"publisher":{"@id":"https:\/\/www.encontrasaogoncalo.com.br\/sobre\/#organization"},"image":{"@type":"ImageObject","url":"https:\/\/www.encontrasaogoncalo.com.br\/sobre\/wp-content\/uploads\/atividades-esportivas-e-muita-alegria-encerram-o-sesc-verao-2026-em-sao-goncalo.webp","width":280,"height":280,"caption":"Sesc Ver\u00e3o 2026"},"datePublished":"2026-03-10T09:07:49+00:00","dateModified":"2026-03-10T09:07:49+00:00","inLanguage":"pt-BR","mainEntityOfPage":{"@id":"https:\/\/www.encontrasaogoncalo.com.br\/sobre\/atividades-esportivas-e-muita-alegria-encerram-o-sesc-verao-2026-em-sao-goncalo\/#webpage"},"isPartOf":{"@id":"https:\/\/www.encontrasaogoncalo.com.br\/sobre\/atividades-esportivas-e-muita-alegria-encerram-o-sesc-verao-2026-em-sao-goncalo\/#webpage"},"articleSection":"Not\u00edcias S\u00e3o Gon\u00e7alo"},{"@type":"BreadcrumbList","@id":"https:\/\/www.encontrasaogoncalo.com.br\/sobre\/atividades-esportivas-e-muita-alegria-encerram-o-sesc-verao-2026-em-sao-goncalo\/#breadcrumblist","itemListElement":[{"@type":"ListItem","@id":"https:\/\/www.encontrasaogoncalo.com.br\/sobre#listItem","position":1,"name":"In\u00edcio","item":"https:\/\/www.encontrasaogoncalo.com.br\/sobre","nextItem":{"@type":"ListItem","@id":"https:\/\/www.encontrasaogoncalo.com.br\/sobre\/noticias-em-sao-goncalo\/#listItem","name":"Not\u00edcias S\u00e3o Gon\u00e7alo"}},{"@type":"ListItem","@id":"https:\/\/www.encontrasaogoncalo.com.br\/sobre\/noticias-em-sao-goncalo\/#listItem","position":2,"name":"Not\u00edcias S\u00e3o Gon\u00e7alo","item":"https:\/\/www.encontrasaogoncalo.com.br\/sobre\/noticias-em-sao-goncalo\/","nextItem":{"@type":"ListItem","@id":"https:\/\/www.encontrasaogoncalo.com.br\/sobre\/atividades-esportivas-e-muita-alegria-encerram-o-sesc-verao-2026-em-sao-goncalo\/#listItem","name":"Atividades esportivas e muita alegria encerram o Sesc Ver\u00e3o 2026 em S\u00e3o Gon\u00e7alo"},"previousItem":{"@type":"ListItem","@id":"https:\/\/www.encontrasaogoncalo.com.br\/sobre#listItem","name":"In\u00edcio"}},{"@type":"ListItem","@id":"https:\/\/www.encontrasaogoncalo.com.br\/sobre\/atividades-esportivas-e-muita-alegria-encerram-o-sesc-verao-2026-em-sao-goncalo\/#listItem","position":3,"name":"Atividades esportivas e muita alegria encerram o Sesc Ver\u00e3o 2026 em S\u00e3o Gon\u00e7alo","previousItem":{"@type":"ListItem","@id":"https:\/\/www.encontrasaogoncalo.com.br\/sobre\/noticias-em-sao-goncalo\/#listItem","name":"Not\u00edcias S\u00e3o Gon\u00e7alo"}}]},{"@type":"Organization","@id":"https:\/\/www.encontrasaogoncalo.com.br\/sobre\/#organization","name":"Encontra S\u00e3o Gon\u00e7alo","description":"Not\u00edcias, eventos, informa\u00e7\u00f5es e dicas da cidade de S\u00e3o Gon\u00e7alo e regi\u00e3o","url":"https:\/\/www.encontrasaogoncalo.com.br\/sobre\/"},{"@type":"Person","@id":"https:\/\/www.encontrasaogoncalo.com.br\/sobre\/author\/esaogoncalo\/#author","url":"https:\/\/www.encontrasaogoncalo.com.br\/sobre\/author\/esaogoncalo\/","name":"Encontra S\u00e3o Gon\u00e7alo","image":{"@type":"ImageObject","@id":"https:\/\/www.encontrasaogoncalo.com.br\/sobre\/atividades-esportivas-e-muita-alegria-encerram-o-sesc-verao-2026-em-sao-goncalo\/#authorImage","url":"https:\/\/secure.gravatar.com\/avatar\/507340682b8270222e1f208e23198b6ae7e2c6a1033ae84e99bc6bce4f82a387?s=96&d=mm&r=g","width":96,"height":96,"caption":"Encontra S\u00e3o Gon\u00e7alo"}},{"@type":"WebPage","@id":"https:\/\/www.encontrasaogoncalo.com.br\/sobre\/atividades-esportivas-e-muita-alegria-encerram-o-sesc-verao-2026-em-sao-goncalo\/#webpage","url":"https:\/\/www.encontrasaogoncalo.com.br\/sobre\/atividades-esportivas-e-muita-alegria-encerram-o-sesc-verao-2026-em-sao-goncalo\/","name":"Atividades esportivas e muita alegria encerram o Sesc Ver\u00e3o 2026 em S\u00e3o Gon\u00e7alo | Encontra S\u00e3o Gon\u00e7alo","inLanguage":"pt-BR","isPartOf":{"@id":"https:\/\/www.encontrasaogoncalo.com.br\/sobre\/#website"},"breadcrumb":{"@id":"https:\/\/www.encontrasaogoncalo.com.br\/sobre\/atividades-esportivas-e-muita-alegria-encerram-o-sesc-verao-2026-em-sao-goncalo\/#breadcrumblist"},"author":{"@id":"https:\/\/www.encontrasaogoncalo.com.br\/sobre\/author\/esaogoncalo\/#author"},"creator":{"@id":"https:\/\/www.encontrasaogoncalo.com.br\/sobre\/author\/esaogoncalo\/#author"},"image":{"@type":"ImageObject","url":"https:\/\/www.encontrasaogoncalo.com.br\/sobre\/wp-content\/uploads\/atividades-esportivas-e-muita-alegria-encerram-o-sesc-verao-2026-em-sao-goncalo.webp","@id":"https:\/\/www.encontrasaogoncalo.com.br\/sobre\/atividades-esportivas-e-muita-alegria-encerram-o-sesc-verao-2026-em-sao-goncalo\/#mainImage","width":280,"height":280,"caption":"Sesc Ver\u00e3o 2026"},"primaryImageOfPage":{"@id":"https:\/\/www.encontrasaogoncalo.com.br\/sobre\/atividades-esportivas-e-muita-alegria-encerram-o-sesc-verao-2026-em-sao-goncalo\/#mainImage"},"datePublished":"2026-03-10T09:07:49+00:00","dateModified":"2026-03-10T09:07:49+00:00"},{"@type":"WebSite","@id":"https:\/\/www.encontrasaogoncalo.com.br\/sobre\/#website","url":"https:\/\/www.encontrasaogoncalo.com.br\/sobre\/","name":"Encontra S\u00e3o Gon\u00e7alo","description":"Not\u00edcias, eventos, informa\u00e7\u00f5es e dicas da cidade de S\u00e3o Gon\u00e7alo e regi\u00e3o","inLanguage":"pt-BR","publisher":{"@id":"https:\/\/www.encontrasaogoncalo.com.br\/sobre\/#organization"}}]},"og:locale":"pt_BR","og:site_name":"Encontra S\u00e3o Gon\u00e7alo | Not\u00edcias, eventos, informa\u00e7\u00f5es e dicas da cidade de S\u00e3o Gon\u00e7alo e regi\u00e3o","og:type":"article","og:title":"Atividades esportivas e muita alegria encerram o Sesc Ver\u00e3o 2026 em S\u00e3o Gon\u00e7alo | Encontra S\u00e3o Gon\u00e7alo","og:url":"https:\/\/www.encontrasaogoncalo.com.br\/sobre\/atividades-esportivas-e-muita-alegria-encerram-o-sesc-verao-2026-em-sao-goncalo\/","article:published_time":"2026-03-10T09:07:49+00:00","article:modified_time":"2026-03-10T09:07:49+00:00","twitter:card":"summary","twitter:title":"Atividades esportivas e muita alegria encerram o Sesc Ver\u00e3o 2026 em S\u00e3o Gon\u00e7alo | Encontra S\u00e3o Gon\u00e7alo"},"aioseo_meta_data":{"post_id":"1760","title":null,"description":null,"keywords":null,"keyphrases":null,"primary_term":null,"canonical_url":null,"og_title":null,"og_description":null,"og_object_type":"default","og_image_type":"default","og_image_url":null,"og_image_width":null,"og_image_height":null,"og_image_custom_url":null,"og_image_custom_fields":null,"og_video":null,"og_custom_url":null,"og_article_section":null,"og_article_tags":null,"twitter_use_og":false,"twitter_card":"default","twitter_image_type":"default","twitter_image_url":null,"twitter_image_custom_url":null,"twitter_image_custom_fields":null,"twitter_title":null,"twitter_description":null,"schema":{"blockGraphs":[],"customGraphs":[],"default":{"data":{"Article":[],"Course":[],"Dataset":[],"FAQPage":[],"Movie":[],"Person":[],"Product":[],"ProductReview":[],"Car":[],"Recipe":[],"Service":[],"SoftwareApplication":[],"WebPage":[]},"graphName":"Article","isEnabled":true},"graphs":[]},"schema_type":"default","schema_type_options":null,"pillar_content":false,"robots_default":true,"robots_noindex":false,"robots_noarchive":false,"robots_nosnippet":false,"robots_nofollow":false,"robots_noimageindex":false,"robots_noodp":false,"robots_notranslate":false,"robots_max_snippet":null,"robots_max_videopreview":null,"robots_max_imagepreview":"large","priority":null,"frequency":null,"local_seo":null,"breadcrumb_settings":null,"limit_modified_date":false,"ai":null,"created":"2026-03-10 09:07:52","updated":"2026-04-02 09:10:34","focus_keyword":null,"additional_keywords":null,"truseo_locale":null,"seo_analyzer_scan_date":null},"aioseo_breadcrumb":"<div class=\"aioseo-breadcrumbs\"><span class=\"aioseo-breadcrumb\">\n\t\t\t<a href=\"https:\/\/www.encontrasaogoncalo.com.br\/sobre\" title=\"In\u00edcio\">In\u00edcio<\/a>\n\t\t<\/span><span class=\"aioseo-breadcrumb-separator\">&raquo;<\/span><span class=\"aioseo-breadcrumb\">\n\t\t\t<a href=\"https:\/\/www.encontrasaogoncalo.com.br\/sobre\/noticias-em-sao-goncalo\/\" title=\"Not\u00edcias S\u00e3o Gon\u00e7alo\">Not\u00edcias S\u00e3o Gon\u00e7alo<\/a>\n\t\t<\/span><span class=\"aioseo-breadcrumb-separator\">&raquo;<\/span><span class=\"aioseo-breadcrumb\">\n\t\t\tAtividades esportivas e muita alegria encerram o Sesc Ver\u00e3o 2026 em S\u00e3o Gon\u00e7alo\n\t\t<\/span><\/div>","aioseo_breadcrumb_json":[{"label":"In\u00edcio","link":"https:\/\/www.encontrasaogoncalo.com.br\/sobre"},{"label":"Not\u00edcias S\u00e3o Gon\u00e7alo","link":"https:\/\/www.encontrasaogoncalo.com.br\/sobre\/noticias-em-sao-goncalo\/"},{"label":"Atividades esportivas e muita alegria encerram o Sesc Ver\u00e3o 2026 em S\u00e3o Gon\u00e7alo","link":"https:\/\/www.encontrasaogoncalo.com.br\/sobre\/atividades-esportivas-e-muita-alegria-encerram-o-sesc-verao-2026-em-sao-goncalo\/"}],"_links":{"self":[{"href":"https:\/\/www.encontrasaogoncalo.com.br\/sobre\/wp-json\/wp\/v2\/posts\/1760","targetHints":{"allow":["GET"]}}],"collection":[{"href":"https:\/\/www.encontrasaogoncalo.com.br\/sobre\/wp-json\/wp\/v2\/posts"}],"about":[{"href":"https:\/\/www.encontrasaogoncalo.com.br\/sobre\/wp-json\/wp\/v2\/types\/post"}],"author":[{"embeddable":true,"href":"https:\/\/www.encontrasaogoncalo.com.br\/sobre\/wp-json\/wp\/v2\/users\/1"}],"replies":[{"embeddable":true,"href":"https:\/\/www.encontrasaogoncalo.com.br\/sobre\/wp-json\/wp\/v2\/comments?post=1760"}],"version-history":[{"count":0,"href":"https:\/\/www.encontrasaogoncalo.com.br\/sobre\/wp-json\/wp\/v2\/posts\/1760\/revisions"}],"wp:featuredmedia":[{"embeddable":true,"href":"https:\/\/www.encontrasaogoncalo.com.br\/sobre\/wp-json\/wp\/v2\/media\/1759"}],"wp:attachment":[{"href":"https:\/\/www.encontrasaogoncalo.com.br\/sobre\/wp-json\/wp\/v2\/media?parent=1760"}],"wp:term":[{"taxonomy":"category","embeddable":true,"href":"https:\/\/www.encontrasaogoncalo.com.br\/sobre\/wp-json\/wp\/v2\/categories?post=1760"},{"taxonomy":"post_tag","embeddable":true,"href":"https:\/\/www.encontrasaogoncalo.com.br\/sobre\/wp-json\/wp\/v2\/tags?post=1760"}],"curies":[{"name":"wp","href":"https:\/\/api.w.org\/{rel}","templated":true}]}}