{"id":1766,"date":"2026-03-12T09:17:19","date_gmt":"2026-03-12T09:17:19","guid":{"rendered":"https:\/\/www.encontrasaogoncalo.com.br\/sobre\/assistencia-social-de-sao-goncalo-realiza-o-ii-seminario-integracoes\/"},"modified":"2026-03-12T09:17:19","modified_gmt":"2026-03-12T09:17:19","slug":"assistencia-social-de-sao-goncalo-realiza-o-ii-seminario-integracoes","status":"publish","type":"post","link":"https:\/\/www.encontrasaogoncalo.com.br\/sobre\/assistencia-social-de-sao-goncalo-realiza-o-ii-seminario-integracoes\/","title":{"rendered":"Assist\u00eancia Social de S\u00e3o Gon\u00e7alo realiza o II Semin\u00e1rio Integra\u00e7\u00f5es"},"content":{"rendered":"<div class=\"558ebb280150f569344a3237cd236fe7\" data-index=\"1\" style=\"float: none; margin:0px;\">\n<!-- Anuncio display - global -->\r\n<ins class=\"adsbygoogle\"\r\n     style=\"display:block\"\r\n     data-ad-client=\"ca-pub-8585364105181520\"\r\n     data-ad-slot=\"8789329856\"\r\n     data-ad-format=\"auto\"\r\n     data-full-width-responsive=\"true\"><\/ins>\r\n<script>\r\n     (adsbygoogle = window.adsbygoogle || []).push({});\r\n<\/script>\n<\/div>\n<h2>Objetivos do II Semin\u00e1rio Integra\u00e7\u00f5es<\/h2>\n<p>O II Semin\u00e1rio Integra\u00e7\u00f5es, promovido pela Secretaria de Assist\u00eancia Social de S\u00e3o Gon\u00e7alo, teve como principal objetivo criar um espa\u00e7o de di\u00e1logo e colabora\u00e7\u00e3o entre diversos atores envolvidos nas pol\u00edticas p\u00fablicas de assist\u00eancia social. O evento visa estabelecer uma rede de comunica\u00e7\u00e3o e troca de experi\u00eancias que favore\u00e7am a sinergia entre as iniciativas de atendimento \u00e0s demandas da sociedade.<\/p>\n<h2>Participa\u00e7\u00e3o da Sociedade Civil<\/h2>\n<p>Um dos pilares do semin\u00e1rio foi a ativa participa\u00e7\u00e3o da sociedade civil, composta por diversos representantes de movimentos sociais e organiza\u00e7\u00f5es n\u00e3o governamentais. Seu envolvimento \u00e9 fundamental para garantir que as pol\u00edticas p\u00fablicas sejam moldadas a partir da realidade vivida pelos cidad\u00e3os, promovendo, assim, uma abordagem mais inclusiva e eficaz.<\/p>\n<h2>Integra\u00e7\u00e3o entre Subsecretarias<\/h2>\n<p>A integra\u00e7\u00e3o entre diferentes subsecretarias foi um dos focos centrais do evento. Profissionais das subsecretarias de Pol\u00edticas P\u00fablicas para Mulheres, da Pessoa com Defici\u00eancia e do Centro de Refer\u00eancia LGBTI+ puderam compartilhar suas experi\u00eancias e sugest\u00f5es, contribuindo para uma atua\u00e7\u00e3o mais coordenada e articulada. Essa troca de informa\u00e7\u00f5es \u00e9 essencial para compreender como as a\u00e7\u00f5es de cada setor podem se complementar.<\/p>\n<h2>Abertura do Evento com Cultura<\/h2>\n<p>O semin\u00e1rio teve uma abertura vibrante marcada por apresenta\u00e7\u00f5es culturais que inclu\u00edram m\u00fasicas tradicionais e populares. O projeto &#8220;Mulheres que Fazem e Acontecem&#8221; animou o p\u00fablico com can\u00e7\u00f5es marcantes da m\u00fasica brasileira, criando um ambiente acolhedor e prop\u00edcio ao di\u00e1logo. A m\u00fasica, como ferramenta de express\u00e3o e reflex\u00e3o, ajudou a quebrar o gelo e a promover a intera\u00e7\u00e3o entre os participantes.<\/p>\n<h2>Import\u00e2ncia do Di\u00e1logo na Assist\u00eancia Social<\/h2>\n<p>O di\u00e1logo aberto foi essencial para que todos os envolvidos pudessem expressar suas opini\u00f5es e sugest\u00f5es sobre as pol\u00edticas p\u00fablicas em execu\u00e7\u00e3o. Essa comunica\u00e7\u00e3o bidirecional \u00e9 fundamental para que as a\u00e7\u00f5es alcan\u00e7adas sejam representativas e eficazes, garantindo que as vozes da popula\u00e7\u00e3o sejam ouvidas e consideradas no momento de elabora\u00e7\u00e3o e implementa\u00e7\u00e3o das estrat\u00e9gias de assist\u00eancia social.<\/p>\n<h2>Foco nas Pol\u00edticas P\u00fablicas Inclusivas<\/h2>\n<p>Outro aspecto relevante abordado no semin\u00e1rio foi a necessidade de pol\u00edticas p\u00fablicas que garantam a inclus\u00e3o e a equidade social. Discuss\u00f5es sobre como superar as desigualdades existentes foram centrais, com propostas focadas em amplia\u00e7\u00e3o de servi\u00e7os e acesso a direitos b\u00e1sicos para todas as popula\u00e7\u00f5es vulner\u00e1veis, especialmente mulheres, pessoas com defici\u00eancia e a comunidade LGBTI+.<\/p>\n<h2>Desenvolvimento de A\u00e7\u00f5es Coletivas<\/h2>\n<p>O semin\u00e1rio tamb\u00e9m discutiu a import\u00e2ncia do desenvolvimento de a\u00e7\u00f5es coletivas que unam diferentes setores da sociedade. A colabora\u00e7\u00e3o entre governo, sociedade civil e cidad\u00e3os \u00e9 vital para construir solu\u00e7\u00f5es que realmente atendam \u00e0s necessidades das popula\u00e7\u00f5es atendidas. A cria\u00e7\u00e3o de redes de apoio e solidariedade foi pontuada como uma estrat\u00e9gia essencial para fortalecer a assist\u00eancia social.<\/p>\n<h2>Compromisso com os Direitos Humanos<\/h2>\n<p>Um dos compromissos reafirmados durante o evento foi o respeito e a promo\u00e7\u00e3o dos direitos humanos. Os profissionais presentes foram instados a manter a \u00e9tica em suas pr\u00e1ticas, focando na dignidade e no respeito ao ser humano. As discuss\u00f5es enfatizaram a import\u00e2ncia de criar um ambiente seguro e acolhedor para todos, independentemente de sua orienta\u00e7\u00e3o sexual, g\u00eanero ou condi\u00e7\u00e3o social.<\/p>\n<h2>Envolvimento de Movimentos Sociais<\/h2>\n<p>O envolvimento de movimentos sociais foi um aspecto chave do semin\u00e1rio, evidenciando a contribui\u00e7\u00e3o desses grupos para a constru\u00e7\u00e3o de um sistema de assist\u00eancia mais justo e igualit\u00e1rio. Os representantes desses movimentos puderam apresentar suas demandas e narrativas, enfatizando a import\u00e2ncia de sua inclus\u00e3o nas discuss\u00f5es sobre pol\u00edticas p\u00fablicas.<\/p>\n<h2>Resultados Esperados do Semin\u00e1rio<\/h2>\n<p>Os resultados pretendidos v\u00e3o al\u00e9m das discuss\u00f5es realizadas. Espera-se que o semin\u00e1rio contribua para a elabora\u00e7\u00e3o de um plano de a\u00e7\u00e3o que priori diretrizes claras relacionadas \u00e0 assist\u00eancia social em S\u00e3o Gon\u00e7alo. O fortalecimento das redes de colabora\u00e7\u00e3o entre diferentes entidades e setores da sociedade deve ser um desdobramento essencial, assim como a continua\u00e7\u00e3o do di\u00e1logo em futuras edi\u00e7\u00f5es do semin\u00e1rio.<\/p>\n<p>Ao final do evento, os participantes expressaram otimismo e um renovado compromisso com a dedica\u00e7\u00e3o \u00e0s causas sociais, reafirmando que a\u00e7\u00f5es coletivas t\u00eam o potencial de transformar realidades e construir um futuro mais justo e igualit\u00e1rio para todos os cidad\u00e3os de S\u00e3o Gon\u00e7alo.<\/p>\n\n<div style=\"font-size: 0px; height: 0px; line-height: 0px; margin: 0; padding: 0; clear: both;\"><\/div>","protected":false},"excerpt":{"rendered":"<p>Descubra como o II Semin\u00e1rio Integra\u00e7\u00f5es impulsiona a assist\u00eancia social em S\u00e3o Gon\u00e7alo.<\/p>\n","protected":false},"author":1,"featured_media":0,"comment_status":"open","ping_status":"closed","sticky":false,"template":"","format":"standard","meta":{"footnotes":""},"categories":[33],"tags":[],"class_list":["post-1766","post","type-post","status-publish","format-standard","hentry","category-educacao-em-sao-goncalo"],"aioseo_notices":[],"aioseo_head":"\n\t\t<!-- All in One SEO 5.0.0.1 - aioseo.com -->\n\t<meta name=\"robots\" content=\"max-image-preview:large\" \/>\n\t<meta name=\"author\" content=\"Encontra S\u00e3o Gon\u00e7alo\"\/>\n\t<link rel=\"canonical\" href=\"https:\/\/www.encontrasaogoncalo.com.br\/sobre\/assistencia-social-de-sao-goncalo-realiza-o-ii-seminario-integracoes\/\" \/>\n\t<meta name=\"generator\" content=\"All in One SEO (AIOSEO) 5.0.0.1\" \/>\n\t\t<meta property=\"og:locale\" content=\"pt_BR\" \/>\n\t\t<meta property=\"og:site_name\" content=\"Encontra S\u00e3o Gon\u00e7alo | Not\u00edcias, eventos, informa\u00e7\u00f5es e dicas da cidade de S\u00e3o Gon\u00e7alo e regi\u00e3o\" \/>\n\t\t<meta property=\"og:type\" content=\"article\" \/>\n\t\t<meta property=\"og:title\" content=\"Assist\u00eancia Social de S\u00e3o Gon\u00e7alo realiza o II Semin\u00e1rio Integra\u00e7\u00f5es | Encontra S\u00e3o Gon\u00e7alo\" \/>\n\t\t<meta property=\"og:url\" content=\"https:\/\/www.encontrasaogoncalo.com.br\/sobre\/assistencia-social-de-sao-goncalo-realiza-o-ii-seminario-integracoes\/\" \/>\n\t\t<meta property=\"article:published_time\" content=\"2026-03-12T09:17:19+00:00\" \/>\n\t\t<meta property=\"article:modified_time\" content=\"2026-03-12T09:17:19+00:00\" \/>\n\t\t<meta name=\"twitter:card\" content=\"summary\" \/>\n\t\t<meta name=\"twitter:title\" content=\"Assist\u00eancia Social de S\u00e3o Gon\u00e7alo realiza o II Semin\u00e1rio Integra\u00e7\u00f5es | Encontra S\u00e3o Gon\u00e7alo\" \/>\n\t\t<script type=\"application\/ld+json\" class=\"aioseo-schema\">\n\t\t\t{\"@context\":\"https:\\\/\\\/schema.org\",\"@graph\":[{\"@type\":\"Article\",\"@id\":\"https:\\\/\\\/www.encontrasaogoncalo.com.br\\\/sobre\\\/assistencia-social-de-sao-goncalo-realiza-o-ii-seminario-integracoes\\\/#article\",\"name\":\"Assist\\u00eancia Social de S\\u00e3o Gon\\u00e7alo realiza o II Semin\\u00e1rio Integra\\u00e7\\u00f5es | Encontra S\\u00e3o Gon\\u00e7alo\",\"headline\":\"Assist\\u00eancia Social de S\\u00e3o Gon\\u00e7alo realiza o II Semin\\u00e1rio Integra\\u00e7\\u00f5es\",\"author\":{\"@id\":\"https:\\\/\\\/www.encontrasaogoncalo.com.br\\\/sobre\\\/author\\\/esaogoncalo\\\/#author\"},\"publisher\":{\"@id\":\"https:\\\/\\\/www.encontrasaogoncalo.com.br\\\/sobre\\\/#organization\"},\"datePublished\":\"2026-03-12T09:17:19+00:00\",\"dateModified\":\"2026-03-12T09:17:19+00:00\",\"inLanguage\":\"pt-BR\",\"mainEntityOfPage\":{\"@id\":\"https:\\\/\\\/www.encontrasaogoncalo.com.br\\\/sobre\\\/assistencia-social-de-sao-goncalo-realiza-o-ii-seminario-integracoes\\\/#webpage\"},\"isPartOf\":{\"@id\":\"https:\\\/\\\/www.encontrasaogoncalo.com.br\\\/sobre\\\/assistencia-social-de-sao-goncalo-realiza-o-ii-seminario-integracoes\\\/#webpage\"},\"articleSection\":\"Educa\\u00e7\\u00e3o S\\u00e3o Gon\\u00e7alo\"},{\"@type\":\"BreadcrumbList\",\"@id\":\"https:\\\/\\\/www.encontrasaogoncalo.com.br\\\/sobre\\\/assistencia-social-de-sao-goncalo-realiza-o-ii-seminario-integracoes\\\/#breadcrumblist\",\"itemListElement\":[{\"@type\":\"ListItem\",\"@id\":\"https:\\\/\\\/www.encontrasaogoncalo.com.br\\\/sobre#listItem\",\"position\":1,\"name\":\"In\\u00edcio\",\"item\":\"https:\\\/\\\/www.encontrasaogoncalo.com.br\\\/sobre\",\"nextItem\":{\"@type\":\"ListItem\",\"@id\":\"https:\\\/\\\/www.encontrasaogoncalo.com.br\\\/sobre\\\/educacao-em-sao-goncalo\\\/#listItem\",\"name\":\"Educa\\u00e7\\u00e3o S\\u00e3o Gon\\u00e7alo\"}},{\"@type\":\"ListItem\",\"@id\":\"https:\\\/\\\/www.encontrasaogoncalo.com.br\\\/sobre\\\/educacao-em-sao-goncalo\\\/#listItem\",\"position\":2,\"name\":\"Educa\\u00e7\\u00e3o S\\u00e3o Gon\\u00e7alo\",\"item\":\"https:\\\/\\\/www.encontrasaogoncalo.com.br\\\/sobre\\\/educacao-em-sao-goncalo\\\/\",\"nextItem\":{\"@type\":\"ListItem\",\"@id\":\"https:\\\/\\\/www.encontrasaogoncalo.com.br\\\/sobre\\\/assistencia-social-de-sao-goncalo-realiza-o-ii-seminario-integracoes\\\/#listItem\",\"name\":\"Assist\\u00eancia Social de S\\u00e3o Gon\\u00e7alo realiza o II Semin\\u00e1rio Integra\\u00e7\\u00f5es\"},\"previousItem\":{\"@type\":\"ListItem\",\"@id\":\"https:\\\/\\\/www.encontrasaogoncalo.com.br\\\/sobre#listItem\",\"name\":\"In\\u00edcio\"}},{\"@type\":\"ListItem\",\"@id\":\"https:\\\/\\\/www.encontrasaogoncalo.com.br\\\/sobre\\\/assistencia-social-de-sao-goncalo-realiza-o-ii-seminario-integracoes\\\/#listItem\",\"position\":3,\"name\":\"Assist\\u00eancia Social de S\\u00e3o Gon\\u00e7alo realiza o II Semin\\u00e1rio Integra\\u00e7\\u00f5es\",\"previousItem\":{\"@type\":\"ListItem\",\"@id\":\"https:\\\/\\\/www.encontrasaogoncalo.com.br\\\/sobre\\\/educacao-em-sao-goncalo\\\/#listItem\",\"name\":\"Educa\\u00e7\\u00e3o S\\u00e3o Gon\\u00e7alo\"}}]},{\"@type\":\"Organization\",\"@id\":\"https:\\\/\\\/www.encontrasaogoncalo.com.br\\\/sobre\\\/#organization\",\"name\":\"Encontra S\\u00e3o Gon\\u00e7alo\",\"description\":\"Not\\u00edcias, eventos, informa\\u00e7\\u00f5es e dicas da cidade de S\\u00e3o Gon\\u00e7alo e regi\\u00e3o\",\"url\":\"https:\\\/\\\/www.encontrasaogoncalo.com.br\\\/sobre\\\/\"},{\"@type\":\"Person\",\"@id\":\"https:\\\/\\\/www.encontrasaogoncalo.com.br\\\/sobre\\\/author\\\/esaogoncalo\\\/#author\",\"url\":\"https:\\\/\\\/www.encontrasaogoncalo.com.br\\\/sobre\\\/author\\\/esaogoncalo\\\/\",\"name\":\"Encontra S\\u00e3o Gon\\u00e7alo\",\"image\":{\"@type\":\"ImageObject\",\"@id\":\"https:\\\/\\\/www.encontrasaogoncalo.com.br\\\/sobre\\\/assistencia-social-de-sao-goncalo-realiza-o-ii-seminario-integracoes\\\/#authorImage\",\"url\":\"https:\\\/\\\/secure.gravatar.com\\\/avatar\\\/507340682b8270222e1f208e23198b6ae7e2c6a1033ae84e99bc6bce4f82a387?s=96&d=mm&r=g\",\"width\":96,\"height\":96,\"caption\":\"Encontra S\\u00e3o Gon\\u00e7alo\"}},{\"@type\":\"WebPage\",\"@id\":\"https:\\\/\\\/www.encontrasaogoncalo.com.br\\\/sobre\\\/assistencia-social-de-sao-goncalo-realiza-o-ii-seminario-integracoes\\\/#webpage\",\"url\":\"https:\\\/\\\/www.encontrasaogoncalo.com.br\\\/sobre\\\/assistencia-social-de-sao-goncalo-realiza-o-ii-seminario-integracoes\\\/\",\"name\":\"Assist\\u00eancia Social de S\\u00e3o Gon\\u00e7alo realiza o II Semin\\u00e1rio Integra\\u00e7\\u00f5es | Encontra S\\u00e3o Gon\\u00e7alo\",\"inLanguage\":\"pt-BR\",\"isPartOf\":{\"@id\":\"https:\\\/\\\/www.encontrasaogoncalo.com.br\\\/sobre\\\/#website\"},\"breadcrumb\":{\"@id\":\"https:\\\/\\\/www.encontrasaogoncalo.com.br\\\/sobre\\\/assistencia-social-de-sao-goncalo-realiza-o-ii-seminario-integracoes\\\/#breadcrumblist\"},\"author\":{\"@id\":\"https:\\\/\\\/www.encontrasaogoncalo.com.br\\\/sobre\\\/author\\\/esaogoncalo\\\/#author\"},\"creator\":{\"@id\":\"https:\\\/\\\/www.encontrasaogoncalo.com.br\\\/sobre\\\/author\\\/esaogoncalo\\\/#author\"},\"datePublished\":\"2026-03-12T09:17:19+00:00\",\"dateModified\":\"2026-03-12T09:17:19+00:00\"},{\"@type\":\"WebSite\",\"@id\":\"https:\\\/\\\/www.encontrasaogoncalo.com.br\\\/sobre\\\/#website\",\"url\":\"https:\\\/\\\/www.encontrasaogoncalo.com.br\\\/sobre\\\/\",\"name\":\"Encontra S\\u00e3o Gon\\u00e7alo\",\"description\":\"Not\\u00edcias, eventos, informa\\u00e7\\u00f5es e dicas da cidade de S\\u00e3o Gon\\u00e7alo e regi\\u00e3o\",\"inLanguage\":\"pt-BR\",\"publisher\":{\"@id\":\"https:\\\/\\\/www.encontrasaogoncalo.com.br\\\/sobre\\\/#organization\"}}]}\n\t\t<\/script>\n\t\t<!-- All in One SEO -->\n\n","aioseo_head_json":{"title":"Assist\u00eancia Social de S\u00e3o Gon\u00e7alo realiza o II Semin\u00e1rio Integra\u00e7\u00f5es | Encontra S\u00e3o Gon\u00e7alo","description":"","canonical_url":"https:\/\/www.encontrasaogoncalo.com.br\/sobre\/assistencia-social-de-sao-goncalo-realiza-o-ii-seminario-integracoes\/","robots":"max-image-preview:large","keywords":"","webmasterTools":{"miscellaneous":""},"schema":{"@context":"https:\/\/schema.org","@graph":[{"@type":"Article","@id":"https:\/\/www.encontrasaogoncalo.com.br\/sobre\/assistencia-social-de-sao-goncalo-realiza-o-ii-seminario-integracoes\/#article","name":"Assist\u00eancia Social de S\u00e3o Gon\u00e7alo realiza o II Semin\u00e1rio Integra\u00e7\u00f5es | Encontra S\u00e3o Gon\u00e7alo","headline":"Assist\u00eancia Social de S\u00e3o Gon\u00e7alo realiza o II Semin\u00e1rio Integra\u00e7\u00f5es","author":{"@id":"https:\/\/www.encontrasaogoncalo.com.br\/sobre\/author\/esaogoncalo\/#author"},"publisher":{"@id":"https:\/\/www.encontrasaogoncalo.com.br\/sobre\/#organization"},"datePublished":"2026-03-12T09:17:19+00:00","dateModified":"2026-03-12T09:17:19+00:00","inLanguage":"pt-BR","mainEntityOfPage":{"@id":"https:\/\/www.encontrasaogoncalo.com.br\/sobre\/assistencia-social-de-sao-goncalo-realiza-o-ii-seminario-integracoes\/#webpage"},"isPartOf":{"@id":"https:\/\/www.encontrasaogoncalo.com.br\/sobre\/assistencia-social-de-sao-goncalo-realiza-o-ii-seminario-integracoes\/#webpage"},"articleSection":"Educa\u00e7\u00e3o S\u00e3o Gon\u00e7alo"},{"@type":"BreadcrumbList","@id":"https:\/\/www.encontrasaogoncalo.com.br\/sobre\/assistencia-social-de-sao-goncalo-realiza-o-ii-seminario-integracoes\/#breadcrumblist","itemListElement":[{"@type":"ListItem","@id":"https:\/\/www.encontrasaogoncalo.com.br\/sobre#listItem","position":1,"name":"In\u00edcio","item":"https:\/\/www.encontrasaogoncalo.com.br\/sobre","nextItem":{"@type":"ListItem","@id":"https:\/\/www.encontrasaogoncalo.com.br\/sobre\/educacao-em-sao-goncalo\/#listItem","name":"Educa\u00e7\u00e3o S\u00e3o Gon\u00e7alo"}},{"@type":"ListItem","@id":"https:\/\/www.encontrasaogoncalo.com.br\/sobre\/educacao-em-sao-goncalo\/#listItem","position":2,"name":"Educa\u00e7\u00e3o S\u00e3o Gon\u00e7alo","item":"https:\/\/www.encontrasaogoncalo.com.br\/sobre\/educacao-em-sao-goncalo\/","nextItem":{"@type":"ListItem","@id":"https:\/\/www.encontrasaogoncalo.com.br\/sobre\/assistencia-social-de-sao-goncalo-realiza-o-ii-seminario-integracoes\/#listItem","name":"Assist\u00eancia Social de S\u00e3o Gon\u00e7alo realiza o II Semin\u00e1rio Integra\u00e7\u00f5es"},"previousItem":{"@type":"ListItem","@id":"https:\/\/www.encontrasaogoncalo.com.br\/sobre#listItem","name":"In\u00edcio"}},{"@type":"ListItem","@id":"https:\/\/www.encontrasaogoncalo.com.br\/sobre\/assistencia-social-de-sao-goncalo-realiza-o-ii-seminario-integracoes\/#listItem","position":3,"name":"Assist\u00eancia Social de S\u00e3o Gon\u00e7alo realiza o II Semin\u00e1rio Integra\u00e7\u00f5es","previousItem":{"@type":"ListItem","@id":"https:\/\/www.encontrasaogoncalo.com.br\/sobre\/educacao-em-sao-goncalo\/#listItem","name":"Educa\u00e7\u00e3o S\u00e3o Gon\u00e7alo"}}]},{"@type":"Organization","@id":"https:\/\/www.encontrasaogoncalo.com.br\/sobre\/#organization","name":"Encontra S\u00e3o Gon\u00e7alo","description":"Not\u00edcias, eventos, informa\u00e7\u00f5es e dicas da cidade de S\u00e3o Gon\u00e7alo e regi\u00e3o","url":"https:\/\/www.encontrasaogoncalo.com.br\/sobre\/"},{"@type":"Person","@id":"https:\/\/www.encontrasaogoncalo.com.br\/sobre\/author\/esaogoncalo\/#author","url":"https:\/\/www.encontrasaogoncalo.com.br\/sobre\/author\/esaogoncalo\/","name":"Encontra S\u00e3o Gon\u00e7alo","image":{"@type":"ImageObject","@id":"https:\/\/www.encontrasaogoncalo.com.br\/sobre\/assistencia-social-de-sao-goncalo-realiza-o-ii-seminario-integracoes\/#authorImage","url":"https:\/\/secure.gravatar.com\/avatar\/507340682b8270222e1f208e23198b6ae7e2c6a1033ae84e99bc6bce4f82a387?s=96&d=mm&r=g","width":96,"height":96,"caption":"Encontra S\u00e3o Gon\u00e7alo"}},{"@type":"WebPage","@id":"https:\/\/www.encontrasaogoncalo.com.br\/sobre\/assistencia-social-de-sao-goncalo-realiza-o-ii-seminario-integracoes\/#webpage","url":"https:\/\/www.encontrasaogoncalo.com.br\/sobre\/assistencia-social-de-sao-goncalo-realiza-o-ii-seminario-integracoes\/","name":"Assist\u00eancia Social de S\u00e3o Gon\u00e7alo realiza o II Semin\u00e1rio Integra\u00e7\u00f5es | Encontra S\u00e3o Gon\u00e7alo","inLanguage":"pt-BR","isPartOf":{"@id":"https:\/\/www.encontrasaogoncalo.com.br\/sobre\/#website"},"breadcrumb":{"@id":"https:\/\/www.encontrasaogoncalo.com.br\/sobre\/assistencia-social-de-sao-goncalo-realiza-o-ii-seminario-integracoes\/#breadcrumblist"},"author":{"@id":"https:\/\/www.encontrasaogoncalo.com.br\/sobre\/author\/esaogoncalo\/#author"},"creator":{"@id":"https:\/\/www.encontrasaogoncalo.com.br\/sobre\/author\/esaogoncalo\/#author"},"datePublished":"2026-03-12T09:17:19+00:00","dateModified":"2026-03-12T09:17:19+00:00"},{"@type":"WebSite","@id":"https:\/\/www.encontrasaogoncalo.com.br\/sobre\/#website","url":"https:\/\/www.encontrasaogoncalo.com.br\/sobre\/","name":"Encontra S\u00e3o Gon\u00e7alo","description":"Not\u00edcias, eventos, informa\u00e7\u00f5es e dicas da cidade de S\u00e3o Gon\u00e7alo e regi\u00e3o","inLanguage":"pt-BR","publisher":{"@id":"https:\/\/www.encontrasaogoncalo.com.br\/sobre\/#organization"}}]},"og:locale":"pt_BR","og:site_name":"Encontra S\u00e3o Gon\u00e7alo | Not\u00edcias, eventos, informa\u00e7\u00f5es e dicas da cidade de S\u00e3o Gon\u00e7alo e regi\u00e3o","og:type":"article","og:title":"Assist\u00eancia Social de S\u00e3o Gon\u00e7alo realiza o II Semin\u00e1rio Integra\u00e7\u00f5es | Encontra S\u00e3o Gon\u00e7alo","og:url":"https:\/\/www.encontrasaogoncalo.com.br\/sobre\/assistencia-social-de-sao-goncalo-realiza-o-ii-seminario-integracoes\/","article:published_time":"2026-03-12T09:17:19+00:00","article:modified_time":"2026-03-12T09:17:19+00:00","twitter:card":"summary","twitter:title":"Assist\u00eancia Social de S\u00e3o Gon\u00e7alo realiza o II Semin\u00e1rio Integra\u00e7\u00f5es | Encontra S\u00e3o Gon\u00e7alo"},"aioseo_meta_data":{"post_id":"1766","title":null,"description":null,"keywords":null,"keyphrases":null,"primary_term":null,"canonical_url":null,"og_title":null,"og_description":null,"og_object_type":"default","og_image_type":"default","og_image_url":null,"og_image_width":null,"og_image_height":null,"og_image_custom_url":null,"og_image_custom_fields":null,"og_video":null,"og_custom_url":null,"og_article_section":null,"og_article_tags":null,"twitter_use_og":false,"twitter_card":"default","twitter_image_type":"default","twitter_image_url":null,"twitter_image_custom_url":null,"twitter_image_custom_fields":null,"twitter_title":null,"twitter_description":null,"schema":{"blockGraphs":[],"customGraphs":[],"default":{"data":{"Article":[],"Course":[],"Dataset":[],"FAQPage":[],"Movie":[],"Person":[],"Product":[],"ProductReview":[],"Car":[],"Recipe":[],"Service":[],"SoftwareApplication":[],"WebPage":[]},"graphName":"Article","isEnabled":true},"graphs":[]},"schema_type":"default","schema_type_options":null,"pillar_content":false,"robots_default":true,"robots_noindex":false,"robots_noarchive":false,"robots_nosnippet":false,"robots_nofollow":false,"robots_noimageindex":false,"robots_noodp":false,"robots_notranslate":false,"robots_max_snippet":null,"robots_max_videopreview":null,"robots_max_imagepreview":"large","priority":null,"frequency":null,"local_seo":null,"breadcrumb_settings":null,"limit_modified_date":false,"ai":null,"created":"2026-03-12 09:17:24","updated":"2026-04-02 09:14:37","focus_keyword":null,"additional_keywords":null,"truseo_locale":null,"seo_analyzer_scan_date":null},"aioseo_breadcrumb":"<div class=\"aioseo-breadcrumbs\"><span class=\"aioseo-breadcrumb\">\n\t\t\t<a href=\"https:\/\/www.encontrasaogoncalo.com.br\/sobre\" title=\"In\u00edcio\">In\u00edcio<\/a>\n\t\t<\/span><span class=\"aioseo-breadcrumb-separator\">&raquo;<\/span><span class=\"aioseo-breadcrumb\">\n\t\t\t<a href=\"https:\/\/www.encontrasaogoncalo.com.br\/sobre\/educacao-em-sao-goncalo\/\" title=\"Educa\u00e7\u00e3o S\u00e3o Gon\u00e7alo\">Educa\u00e7\u00e3o S\u00e3o Gon\u00e7alo<\/a>\n\t\t<\/span><span class=\"aioseo-breadcrumb-separator\">&raquo;<\/span><span class=\"aioseo-breadcrumb\">\n\t\t\tAssist\u00eancia Social de S\u00e3o Gon\u00e7alo realiza o II Semin\u00e1rio Integra\u00e7\u00f5es\n\t\t<\/span><\/div>","aioseo_breadcrumb_json":[{"label":"In\u00edcio","link":"https:\/\/www.encontrasaogoncalo.com.br\/sobre"},{"label":"Educa\u00e7\u00e3o S\u00e3o Gon\u00e7alo","link":"https:\/\/www.encontrasaogoncalo.com.br\/sobre\/educacao-em-sao-goncalo\/"},{"label":"Assist\u00eancia Social de S\u00e3o Gon\u00e7alo realiza o II Semin\u00e1rio Integra\u00e7\u00f5es","link":"https:\/\/www.encontrasaogoncalo.com.br\/sobre\/assistencia-social-de-sao-goncalo-realiza-o-ii-seminario-integracoes\/"}],"_links":{"self":[{"href":"https:\/\/www.encontrasaogoncalo.com.br\/sobre\/wp-json\/wp\/v2\/posts\/1766","targetHints":{"allow":["GET"]}}],"collection":[{"href":"https:\/\/www.encontrasaogoncalo.com.br\/sobre\/wp-json\/wp\/v2\/posts"}],"about":[{"href":"https:\/\/www.encontrasaogoncalo.com.br\/sobre\/wp-json\/wp\/v2\/types\/post"}],"author":[{"embeddable":true,"href":"https:\/\/www.encontrasaogoncalo.com.br\/sobre\/wp-json\/wp\/v2\/users\/1"}],"replies":[{"embeddable":true,"href":"https:\/\/www.encontrasaogoncalo.com.br\/sobre\/wp-json\/wp\/v2\/comments?post=1766"}],"version-history":[{"count":0,"href":"https:\/\/www.encontrasaogoncalo.com.br\/sobre\/wp-json\/wp\/v2\/posts\/1766\/revisions"}],"wp:attachment":[{"href":"https:\/\/www.encontrasaogoncalo.com.br\/sobre\/wp-json\/wp\/v2\/media?parent=1766"}],"wp:term":[{"taxonomy":"category","embeddable":true,"href":"https:\/\/www.encontrasaogoncalo.com.br\/sobre\/wp-json\/wp\/v2\/categories?post=1766"},{"taxonomy":"post_tag","embeddable":true,"href":"https:\/\/www.encontrasaogoncalo.com.br\/sobre\/wp-json\/wp\/v2\/tags?post=1766"}],"curies":[{"name":"wp","href":"https:\/\/api.w.org\/{rel}","templated":true}]}}