{"id":1777,"date":"2026-03-16T09:14:45","date_gmt":"2026-03-16T09:14:45","guid":{"rendered":"https:\/\/www.encontrasaogoncalo.com.br\/sobre\/jardim-bom-retiro-vai-receber-cidadania-itinerante\/"},"modified":"2026-03-16T09:14:45","modified_gmt":"2026-03-16T09:14:45","slug":"jardim-bom-retiro-vai-receber-cidadania-itinerante","status":"publish","type":"post","link":"https:\/\/www.encontrasaogoncalo.com.br\/sobre\/jardim-bom-retiro-vai-receber-cidadania-itinerante\/","title":{"rendered":"Jardim Bom Retiro vai receber Cidadania Itinerante"},"content":{"rendered":"<div class=\"558ebb280150f569344a3237cd236fe7\" data-index=\"1\" style=\"float: none; margin:0px;\">\n<!-- Anuncio display - global -->\r\n<ins class=\"adsbygoogle\"\r\n     style=\"display:block\"\r\n     data-ad-client=\"ca-pub-8585364105181520\"\r\n     data-ad-slot=\"8789329856\"\r\n     data-ad-format=\"auto\"\r\n     data-full-width-responsive=\"true\"><\/ins>\r\n<script>\r\n     (adsbygoogle = window.adsbygoogle || []).push({});\r\n<\/script>\n<\/div>\n<h2>Servi\u00e7os Oferecidos no Cidadania Itinerante<\/h2>\n<p>O programa <strong>Cidadania Itinerante<\/strong> tem como prop\u00f3sito proporcionar uma gama de servi\u00e7os essenciais para a popula\u00e7\u00e3o local, realizando atendimentos em diversas \u00e1reas. Neste evento, os moradores poder\u00e3o usufruir de:<\/p>\n<ul>\n<li><strong>Isen\u00e7\u00e3o para 2\u00aa via do RG:<\/strong> Uma oportunidade para cidad\u00e3os que precisam de documentos, facilitando o acesso ao Detran.<\/li>\n<li><strong>Sub-registro:<\/strong> Regulariza\u00e7\u00e3o de documentos para que todos possam ter acesso aos servi\u00e7os b\u00e1sicos.<\/li>\n<li><strong>Orienta\u00e7\u00f5es sobre o Programa Minha Casa, Minha Vida:<\/strong> Informa\u00e7\u00f5es para quem busca a casa pr\u00f3pria, ajudando a inserir mais cidad\u00e3os no programa habitacional.<\/li>\n<li><strong>Suporte de CREAS e CRAS:<\/strong> Oferecendo assist\u00eancia social e programas voltados para o desenvolvimento comunit\u00e1rio.<\/li>\n<li><strong>Informa\u00e7\u00f5es sobre o Bolsa Fam\u00edlia:<\/strong> Orienta\u00e7\u00f5es para fam\u00edlias que desejam entender e se inscrever no programa.<\/li>\n<li><strong>Atendimento especializado:<\/strong> Com equipes de Pol\u00edticas P\u00fablicas voltadas para Mulheres, Pessoas com Defici\u00eancia, e Crian\u00e7as e Adolescentes.<\/li>\n<\/ul>\n<h2>Benef\u00edcios para a Comunidade Local<\/h2>\n<p>A iniciativa n\u00e3o apenas traz servi\u00e7os imediatos, mas tamb\u00e9m oferece uma s\u00e9rie de benef\u00edcios a longo prazo para a comunidade de Jardim Bom Retiro. A presen\u00e7a de servi\u00e7os essenciais neste evento tem como foco:<\/p>\n<ul>\n<li><strong>Inclus\u00e3o Social:<\/strong> Facilitar o acesso a documentos e informa\u00e7\u00f5es que garantem direitos.<\/li>\n<li><strong>Apoio \u00e0 sa\u00fade mental e f\u00edsica:<\/strong> Propicia encaminhamentos para servi\u00e7os de sa\u00fade e bem-estar.<\/li>\n<li><strong>Fomento \u00e0 cidadania:<\/strong> Criar uma cultura de participa\u00e7\u00e3o ativa entre os moradores, encorajando-os a buscar seus direitos.<\/li>\n<li><strong>Foco na educa\u00e7\u00e3o:<\/strong> Informa\u00e7\u00f5es sobre programas educacionais e de capacita\u00e7\u00e3o que est\u00e3o dispon\u00edveis.<\/li>\n<\/ul>\n<h2>Data e Local do Evento<\/h2>\n<p>O <strong>Cidadania Itinerante<\/strong> estar\u00e1 acontecendo neste pr\u00f3ximo <strong>s\u00e1bado, dia 14 de mar\u00e7o<\/strong>, na <strong>Rua Martins Sarazate, s\/n<\/strong>, no espa\u00e7o da Umei Nivaldo Sobral. O hor\u00e1rio programado \u00e9 das <strong>9h \u00e0s 13h<\/strong>. \u00c9 importante que a popula\u00e7\u00e3o esteja atenta aos hor\u00e1rios para n\u00e3o perder a oportunidade de participar dessa a\u00e7\u00e3o significativa.<\/p>\n<p><img decoding=\"async\" src=\"https:\/\/www.encontrasaogoncalo.com.br\/sobre\/wp-content\/uploads\/jardim-bom-retiro-vai-receber-cidadania-itinerante.webp\" alt=\"Cidadania Itinerante\" loading=\"lazy\" \/><\/p>\n<h2>Atendimentos de Sa\u00fade Dispon\u00edveis<\/h2>\n<p>Al\u00e9m dos servi\u00e7os mencionados, o evento tamb\u00e9m incluir\u00e1 atendimentos de sa\u00fade, como:<\/p>\n<ul>\n<li><strong>Aferi\u00e7\u00e3o de press\u00e3o arterial:<\/strong> Um servi\u00e7o essencial para promover a sa\u00fade cardiovascular e sensibilizar os moradores sobre essa quest\u00e3o.<\/li>\n<li><strong>Cuidados de beleza:<\/strong> Servi\u00e7os de manicure e corte de cabelo, promovendo n\u00e3o apenas o bem-estar f\u00edsico, mas tamb\u00e9m a autoestima entre os participantes.<\/li>\n<\/ul>\n<h2>Orienta\u00e7\u00f5es sobre Programa Habitacional<\/h2>\n<p>Um dos grandes atrativos do Cidadania Itinerante \u00e9 a orienta\u00e7\u00e3o que ser\u00e1 dada sobre o programa habitacional <strong>Minha Casa, Minha Vida<\/strong>. Os moradores poder\u00e3o receber informa\u00e7\u00f5es detalhadas sobre como se inscrever e quais s\u00e3o os requisitos para o financiamento de moradias, o que pode mudar vidas e garantir seguran\u00e7a a muitas fam\u00edlias.<\/p>\n<h2>Assessoria Jur\u00eddica e Social<\/h2>\n<p>Neste evento, contar\u00e1 com a presen\u00e7a de profissionais que atuar\u00e3o na orienta\u00e7\u00e3o jur\u00eddica. Ser\u00e3o oferecidos:<\/p>\n<ul>\n<li><strong>Consultoria sobre direitos:<\/strong> Tirar d\u00favidas sobre aspectos legais que envolvem a vida cotidiana da comunidade.<\/li>\n<li><strong>Direitos da mulher e da crian\u00e7a:<\/strong> Informa\u00e7\u00f5es que ajudem a promover a equidade e prote\u00e7\u00e3o aos mais vulner\u00e1veis.<\/li>\n<\/ul>\n<h2>Atendimento para Crian\u00e7as<\/h2>\n<p>As crian\u00e7as ter\u00e3o um espa\u00e7o dedicado \u00e0 recrea\u00e7\u00e3o, proporcionando atividades l\u00fadicas que n\u00e3o apenas as entretenham, mas tamb\u00e9m as educam sobre cidadania e direitos. Tais iniciativas visam incentivar a forma\u00e7\u00e3o de cidad\u00e3os conscientes desde a inf\u00e2ncia, criando um futuro melhor para a comunidade.<\/p>\n<h2>Import\u00e2ncia da Cidadania Itinerante<\/h2>\n<p>A realiza\u00e7\u00e3o de eventos como o Cidadania Itinerante \u00e9 vital para a constru\u00e7\u00e3o de uma sociedade mais justa e igualit\u00e1ria. Eles contribuem para:<\/p>\n<ul>\n<li><strong>Descentraliza\u00e7\u00e3o de servi\u00e7os:<\/strong> Levar a altura servi\u00e7os direto para quem mais precisa, evitando que a popula\u00e7\u00e3o tenha que se deslocar longas dist\u00e2ncias, economizando tempo e dinheiro.<\/li>\n<li><strong>Fortalecimento da comunidade:<\/strong> Criar la\u00e7os entre os moradores e a administra\u00e7\u00e3o p\u00fablica, promovendo confian\u00e7a e maior participa\u00e7\u00e3o nas pol\u00edticas locais.<\/li>\n<\/ul>\n<h2>Como Participar do Evento<\/h2>\n<p>A participa\u00e7\u00e3o no Cidadania Itinerante \u00e9 aberta a todos os moradores do Jardim Bom Retiro. N\u00e3o h\u00e1 necessidade de inscri\u00e7\u00e3o antecipada. No entanto, recomenda-se que os cidad\u00e3os levem documentos pessoais, para facilitar o acesso \u00e0 isen\u00e7\u00e3o dos servi\u00e7os, como identidade e comprovante de resid\u00eancia. \u00c9 uma chance imperd\u00edvel para aqueles que buscam orienta\u00e7\u00e3o e servi\u00e7os.<\/p>\n<h2>Depoimentos de Moradores<\/h2>\n<p>As edi\u00e7\u00f5es anteriores do Cidadania Itinerante foram bem recebidas pela comunidade, e depoimentos de moradores demonstram a import\u00e2ncia desse tipo de a\u00e7\u00e3o. Cidad\u00e3os t\u00eam mencionado:<\/p>\n<blockquote><p>&#8220;O atendimento foi excelente, consegui resolver a situa\u00e7\u00e3o do meu RG sem complica\u00e7\u00f5es.&#8221;<\/p><\/blockquote>\n<blockquote><p>&#8220;Foi maravilhoso ter uma equipe disposta a ajudar e orientar sobre o Bolsa Fam\u00edlia. Agora, minha fam\u00edlia est\u00e1 mais segura.&#8221;<\/p><\/blockquote>\n<p>Esses relatos fortalecem a certeza de que iniciativas como essa s\u00e3o cruciais para a melhoria da qualidade de vida dos cidad\u00e3os.<\/p>\n\n<div style=\"font-size: 0px; height: 0px; line-height: 0px; margin: 0; padding: 0; clear: both;\"><\/div>","protected":false},"excerpt":{"rendered":"<p>Cidadania Itinerante oferece servi\u00e7os gratuitos em Jardim Bom Retiro.<\/p>\n","protected":false},"author":1,"featured_media":1776,"comment_status":"open","ping_status":"closed","sticky":false,"template":"","format":"standard","meta":{"footnotes":""},"categories":[6],"tags":[],"class_list":["post-1777","post","type-post","status-publish","format-standard","has-post-thumbnail","hentry","category-noticias-em-sao-goncalo","has_thumb"],"aioseo_notices":[],"aioseo_head":"\n\t\t<!-- All in One SEO 5.0.0.1 - aioseo.com -->\n\t<meta name=\"robots\" content=\"max-image-preview:large\" \/>\n\t<meta name=\"author\" content=\"Encontra S\u00e3o Gon\u00e7alo\"\/>\n\t<link rel=\"canonical\" href=\"https:\/\/www.encontrasaogoncalo.com.br\/sobre\/jardim-bom-retiro-vai-receber-cidadania-itinerante\/\" \/>\n\t<meta name=\"generator\" content=\"All in One SEO (AIOSEO) 5.0.0.1\" \/>\n\t\t<meta property=\"og:locale\" content=\"pt_BR\" \/>\n\t\t<meta property=\"og:site_name\" content=\"Encontra S\u00e3o Gon\u00e7alo | Not\u00edcias, eventos, informa\u00e7\u00f5es e dicas da cidade de S\u00e3o Gon\u00e7alo e regi\u00e3o\" \/>\n\t\t<meta property=\"og:type\" content=\"article\" \/>\n\t\t<meta property=\"og:title\" content=\"Jardim Bom Retiro vai receber Cidadania Itinerante | Encontra S\u00e3o Gon\u00e7alo\" \/>\n\t\t<meta property=\"og:url\" content=\"https:\/\/www.encontrasaogoncalo.com.br\/sobre\/jardim-bom-retiro-vai-receber-cidadania-itinerante\/\" \/>\n\t\t<meta property=\"article:published_time\" content=\"2026-03-16T09:14:45+00:00\" \/>\n\t\t<meta property=\"article:modified_time\" content=\"2026-03-16T09:14:45+00:00\" \/>\n\t\t<meta name=\"twitter:card\" content=\"summary\" \/>\n\t\t<meta name=\"twitter:title\" content=\"Jardim Bom Retiro vai receber Cidadania Itinerante | Encontra S\u00e3o Gon\u00e7alo\" \/>\n\t\t<script type=\"application\/ld+json\" class=\"aioseo-schema\">\n\t\t\t{\"@context\":\"https:\\\/\\\/schema.org\",\"@graph\":[{\"@type\":\"Article\",\"@id\":\"https:\\\/\\\/www.encontrasaogoncalo.com.br\\\/sobre\\\/jardim-bom-retiro-vai-receber-cidadania-itinerante\\\/#article\",\"name\":\"Jardim Bom Retiro vai receber Cidadania Itinerante | Encontra S\\u00e3o Gon\\u00e7alo\",\"headline\":\"Jardim Bom Retiro vai receber Cidadania Itinerante\",\"author\":{\"@id\":\"https:\\\/\\\/www.encontrasaogoncalo.com.br\\\/sobre\\\/author\\\/esaogoncalo\\\/#author\"},\"publisher\":{\"@id\":\"https:\\\/\\\/www.encontrasaogoncalo.com.br\\\/sobre\\\/#organization\"},\"image\":{\"@type\":\"ImageObject\",\"url\":\"https:\\\/\\\/www.encontrasaogoncalo.com.br\\\/sobre\\\/wp-content\\\/uploads\\\/jardim-bom-retiro-vai-receber-cidadania-itinerante.webp\",\"width\":280,\"height\":280,\"caption\":\"Cidadania Itinerante\"},\"datePublished\":\"2026-03-16T09:14:45+00:00\",\"dateModified\":\"2026-03-16T09:14:45+00:00\",\"inLanguage\":\"pt-BR\",\"mainEntityOfPage\":{\"@id\":\"https:\\\/\\\/www.encontrasaogoncalo.com.br\\\/sobre\\\/jardim-bom-retiro-vai-receber-cidadania-itinerante\\\/#webpage\"},\"isPartOf\":{\"@id\":\"https:\\\/\\\/www.encontrasaogoncalo.com.br\\\/sobre\\\/jardim-bom-retiro-vai-receber-cidadania-itinerante\\\/#webpage\"},\"articleSection\":\"Not\\u00edcias S\\u00e3o Gon\\u00e7alo\"},{\"@type\":\"BreadcrumbList\",\"@id\":\"https:\\\/\\\/www.encontrasaogoncalo.com.br\\\/sobre\\\/jardim-bom-retiro-vai-receber-cidadania-itinerante\\\/#breadcrumblist\",\"itemListElement\":[{\"@type\":\"ListItem\",\"@id\":\"https:\\\/\\\/www.encontrasaogoncalo.com.br\\\/sobre#listItem\",\"position\":1,\"name\":\"In\\u00edcio\",\"item\":\"https:\\\/\\\/www.encontrasaogoncalo.com.br\\\/sobre\",\"nextItem\":{\"@type\":\"ListItem\",\"@id\":\"https:\\\/\\\/www.encontrasaogoncalo.com.br\\\/sobre\\\/noticias-em-sao-goncalo\\\/#listItem\",\"name\":\"Not\\u00edcias S\\u00e3o Gon\\u00e7alo\"}},{\"@type\":\"ListItem\",\"@id\":\"https:\\\/\\\/www.encontrasaogoncalo.com.br\\\/sobre\\\/noticias-em-sao-goncalo\\\/#listItem\",\"position\":2,\"name\":\"Not\\u00edcias S\\u00e3o Gon\\u00e7alo\",\"item\":\"https:\\\/\\\/www.encontrasaogoncalo.com.br\\\/sobre\\\/noticias-em-sao-goncalo\\\/\",\"nextItem\":{\"@type\":\"ListItem\",\"@id\":\"https:\\\/\\\/www.encontrasaogoncalo.com.br\\\/sobre\\\/jardim-bom-retiro-vai-receber-cidadania-itinerante\\\/#listItem\",\"name\":\"Jardim Bom Retiro vai receber Cidadania Itinerante\"},\"previousItem\":{\"@type\":\"ListItem\",\"@id\":\"https:\\\/\\\/www.encontrasaogoncalo.com.br\\\/sobre#listItem\",\"name\":\"In\\u00edcio\"}},{\"@type\":\"ListItem\",\"@id\":\"https:\\\/\\\/www.encontrasaogoncalo.com.br\\\/sobre\\\/jardim-bom-retiro-vai-receber-cidadania-itinerante\\\/#listItem\",\"position\":3,\"name\":\"Jardim Bom Retiro vai receber Cidadania Itinerante\",\"previousItem\":{\"@type\":\"ListItem\",\"@id\":\"https:\\\/\\\/www.encontrasaogoncalo.com.br\\\/sobre\\\/noticias-em-sao-goncalo\\\/#listItem\",\"name\":\"Not\\u00edcias S\\u00e3o Gon\\u00e7alo\"}}]},{\"@type\":\"Organization\",\"@id\":\"https:\\\/\\\/www.encontrasaogoncalo.com.br\\\/sobre\\\/#organization\",\"name\":\"Encontra S\\u00e3o Gon\\u00e7alo\",\"description\":\"Not\\u00edcias, eventos, informa\\u00e7\\u00f5es e dicas da cidade de S\\u00e3o Gon\\u00e7alo e regi\\u00e3o\",\"url\":\"https:\\\/\\\/www.encontrasaogoncalo.com.br\\\/sobre\\\/\"},{\"@type\":\"Person\",\"@id\":\"https:\\\/\\\/www.encontrasaogoncalo.com.br\\\/sobre\\\/author\\\/esaogoncalo\\\/#author\",\"url\":\"https:\\\/\\\/www.encontrasaogoncalo.com.br\\\/sobre\\\/author\\\/esaogoncalo\\\/\",\"name\":\"Encontra S\\u00e3o Gon\\u00e7alo\",\"image\":{\"@type\":\"ImageObject\",\"@id\":\"https:\\\/\\\/www.encontrasaogoncalo.com.br\\\/sobre\\\/jardim-bom-retiro-vai-receber-cidadania-itinerante\\\/#authorImage\",\"url\":\"https:\\\/\\\/secure.gravatar.com\\\/avatar\\\/507340682b8270222e1f208e23198b6ae7e2c6a1033ae84e99bc6bce4f82a387?s=96&d=mm&r=g\",\"width\":96,\"height\":96,\"caption\":\"Encontra S\\u00e3o Gon\\u00e7alo\"}},{\"@type\":\"WebPage\",\"@id\":\"https:\\\/\\\/www.encontrasaogoncalo.com.br\\\/sobre\\\/jardim-bom-retiro-vai-receber-cidadania-itinerante\\\/#webpage\",\"url\":\"https:\\\/\\\/www.encontrasaogoncalo.com.br\\\/sobre\\\/jardim-bom-retiro-vai-receber-cidadania-itinerante\\\/\",\"name\":\"Jardim Bom Retiro vai receber Cidadania Itinerante | Encontra S\\u00e3o Gon\\u00e7alo\",\"inLanguage\":\"pt-BR\",\"isPartOf\":{\"@id\":\"https:\\\/\\\/www.encontrasaogoncalo.com.br\\\/sobre\\\/#website\"},\"breadcrumb\":{\"@id\":\"https:\\\/\\\/www.encontrasaogoncalo.com.br\\\/sobre\\\/jardim-bom-retiro-vai-receber-cidadania-itinerante\\\/#breadcrumblist\"},\"author\":{\"@id\":\"https:\\\/\\\/www.encontrasaogoncalo.com.br\\\/sobre\\\/author\\\/esaogoncalo\\\/#author\"},\"creator\":{\"@id\":\"https:\\\/\\\/www.encontrasaogoncalo.com.br\\\/sobre\\\/author\\\/esaogoncalo\\\/#author\"},\"image\":{\"@type\":\"ImageObject\",\"url\":\"https:\\\/\\\/www.encontrasaogoncalo.com.br\\\/sobre\\\/wp-content\\\/uploads\\\/jardim-bom-retiro-vai-receber-cidadania-itinerante.webp\",\"@id\":\"https:\\\/\\\/www.encontrasaogoncalo.com.br\\\/sobre\\\/jardim-bom-retiro-vai-receber-cidadania-itinerante\\\/#mainImage\",\"width\":280,\"height\":280,\"caption\":\"Cidadania Itinerante\"},\"primaryImageOfPage\":{\"@id\":\"https:\\\/\\\/www.encontrasaogoncalo.com.br\\\/sobre\\\/jardim-bom-retiro-vai-receber-cidadania-itinerante\\\/#mainImage\"},\"datePublished\":\"2026-03-16T09:14:45+00:00\",\"dateModified\":\"2026-03-16T09:14:45+00:00\"},{\"@type\":\"WebSite\",\"@id\":\"https:\\\/\\\/www.encontrasaogoncalo.com.br\\\/sobre\\\/#website\",\"url\":\"https:\\\/\\\/www.encontrasaogoncalo.com.br\\\/sobre\\\/\",\"name\":\"Encontra S\\u00e3o Gon\\u00e7alo\",\"description\":\"Not\\u00edcias, eventos, informa\\u00e7\\u00f5es e dicas da cidade de S\\u00e3o Gon\\u00e7alo e regi\\u00e3o\",\"inLanguage\":\"pt-BR\",\"publisher\":{\"@id\":\"https:\\\/\\\/www.encontrasaogoncalo.com.br\\\/sobre\\\/#organization\"}}]}\n\t\t<\/script>\n\t\t<!-- All in One SEO -->\n\n","aioseo_head_json":{"title":"Jardim Bom Retiro vai receber Cidadania Itinerante | Encontra S\u00e3o Gon\u00e7alo","description":"","canonical_url":"https:\/\/www.encontrasaogoncalo.com.br\/sobre\/jardim-bom-retiro-vai-receber-cidadania-itinerante\/","robots":"max-image-preview:large","keywords":"","webmasterTools":{"miscellaneous":""},"schema":{"@context":"https:\/\/schema.org","@graph":[{"@type":"Article","@id":"https:\/\/www.encontrasaogoncalo.com.br\/sobre\/jardim-bom-retiro-vai-receber-cidadania-itinerante\/#article","name":"Jardim Bom Retiro vai receber Cidadania Itinerante | Encontra S\u00e3o Gon\u00e7alo","headline":"Jardim Bom Retiro vai receber Cidadania Itinerante","author":{"@id":"https:\/\/www.encontrasaogoncalo.com.br\/sobre\/author\/esaogoncalo\/#author"},"publisher":{"@id":"https:\/\/www.encontrasaogoncalo.com.br\/sobre\/#organization"},"image":{"@type":"ImageObject","url":"https:\/\/www.encontrasaogoncalo.com.br\/sobre\/wp-content\/uploads\/jardim-bom-retiro-vai-receber-cidadania-itinerante.webp","width":280,"height":280,"caption":"Cidadania Itinerante"},"datePublished":"2026-03-16T09:14:45+00:00","dateModified":"2026-03-16T09:14:45+00:00","inLanguage":"pt-BR","mainEntityOfPage":{"@id":"https:\/\/www.encontrasaogoncalo.com.br\/sobre\/jardim-bom-retiro-vai-receber-cidadania-itinerante\/#webpage"},"isPartOf":{"@id":"https:\/\/www.encontrasaogoncalo.com.br\/sobre\/jardim-bom-retiro-vai-receber-cidadania-itinerante\/#webpage"},"articleSection":"Not\u00edcias S\u00e3o Gon\u00e7alo"},{"@type":"BreadcrumbList","@id":"https:\/\/www.encontrasaogoncalo.com.br\/sobre\/jardim-bom-retiro-vai-receber-cidadania-itinerante\/#breadcrumblist","itemListElement":[{"@type":"ListItem","@id":"https:\/\/www.encontrasaogoncalo.com.br\/sobre#listItem","position":1,"name":"In\u00edcio","item":"https:\/\/www.encontrasaogoncalo.com.br\/sobre","nextItem":{"@type":"ListItem","@id":"https:\/\/www.encontrasaogoncalo.com.br\/sobre\/noticias-em-sao-goncalo\/#listItem","name":"Not\u00edcias S\u00e3o Gon\u00e7alo"}},{"@type":"ListItem","@id":"https:\/\/www.encontrasaogoncalo.com.br\/sobre\/noticias-em-sao-goncalo\/#listItem","position":2,"name":"Not\u00edcias S\u00e3o Gon\u00e7alo","item":"https:\/\/www.encontrasaogoncalo.com.br\/sobre\/noticias-em-sao-goncalo\/","nextItem":{"@type":"ListItem","@id":"https:\/\/www.encontrasaogoncalo.com.br\/sobre\/jardim-bom-retiro-vai-receber-cidadania-itinerante\/#listItem","name":"Jardim Bom Retiro vai receber Cidadania Itinerante"},"previousItem":{"@type":"ListItem","@id":"https:\/\/www.encontrasaogoncalo.com.br\/sobre#listItem","name":"In\u00edcio"}},{"@type":"ListItem","@id":"https:\/\/www.encontrasaogoncalo.com.br\/sobre\/jardim-bom-retiro-vai-receber-cidadania-itinerante\/#listItem","position":3,"name":"Jardim Bom Retiro vai receber Cidadania Itinerante","previousItem":{"@type":"ListItem","@id":"https:\/\/www.encontrasaogoncalo.com.br\/sobre\/noticias-em-sao-goncalo\/#listItem","name":"Not\u00edcias S\u00e3o Gon\u00e7alo"}}]},{"@type":"Organization","@id":"https:\/\/www.encontrasaogoncalo.com.br\/sobre\/#organization","name":"Encontra S\u00e3o Gon\u00e7alo","description":"Not\u00edcias, eventos, informa\u00e7\u00f5es e dicas da cidade de S\u00e3o Gon\u00e7alo e regi\u00e3o","url":"https:\/\/www.encontrasaogoncalo.com.br\/sobre\/"},{"@type":"Person","@id":"https:\/\/www.encontrasaogoncalo.com.br\/sobre\/author\/esaogoncalo\/#author","url":"https:\/\/www.encontrasaogoncalo.com.br\/sobre\/author\/esaogoncalo\/","name":"Encontra S\u00e3o Gon\u00e7alo","image":{"@type":"ImageObject","@id":"https:\/\/www.encontrasaogoncalo.com.br\/sobre\/jardim-bom-retiro-vai-receber-cidadania-itinerante\/#authorImage","url":"https:\/\/secure.gravatar.com\/avatar\/507340682b8270222e1f208e23198b6ae7e2c6a1033ae84e99bc6bce4f82a387?s=96&d=mm&r=g","width":96,"height":96,"caption":"Encontra S\u00e3o Gon\u00e7alo"}},{"@type":"WebPage","@id":"https:\/\/www.encontrasaogoncalo.com.br\/sobre\/jardim-bom-retiro-vai-receber-cidadania-itinerante\/#webpage","url":"https:\/\/www.encontrasaogoncalo.com.br\/sobre\/jardim-bom-retiro-vai-receber-cidadania-itinerante\/","name":"Jardim Bom Retiro vai receber Cidadania Itinerante | Encontra S\u00e3o Gon\u00e7alo","inLanguage":"pt-BR","isPartOf":{"@id":"https:\/\/www.encontrasaogoncalo.com.br\/sobre\/#website"},"breadcrumb":{"@id":"https:\/\/www.encontrasaogoncalo.com.br\/sobre\/jardim-bom-retiro-vai-receber-cidadania-itinerante\/#breadcrumblist"},"author":{"@id":"https:\/\/www.encontrasaogoncalo.com.br\/sobre\/author\/esaogoncalo\/#author"},"creator":{"@id":"https:\/\/www.encontrasaogoncalo.com.br\/sobre\/author\/esaogoncalo\/#author"},"image":{"@type":"ImageObject","url":"https:\/\/www.encontrasaogoncalo.com.br\/sobre\/wp-content\/uploads\/jardim-bom-retiro-vai-receber-cidadania-itinerante.webp","@id":"https:\/\/www.encontrasaogoncalo.com.br\/sobre\/jardim-bom-retiro-vai-receber-cidadania-itinerante\/#mainImage","width":280,"height":280,"caption":"Cidadania Itinerante"},"primaryImageOfPage":{"@id":"https:\/\/www.encontrasaogoncalo.com.br\/sobre\/jardim-bom-retiro-vai-receber-cidadania-itinerante\/#mainImage"},"datePublished":"2026-03-16T09:14:45+00:00","dateModified":"2026-03-16T09:14:45+00:00"},{"@type":"WebSite","@id":"https:\/\/www.encontrasaogoncalo.com.br\/sobre\/#website","url":"https:\/\/www.encontrasaogoncalo.com.br\/sobre\/","name":"Encontra S\u00e3o Gon\u00e7alo","description":"Not\u00edcias, eventos, informa\u00e7\u00f5es e dicas da cidade de S\u00e3o Gon\u00e7alo e regi\u00e3o","inLanguage":"pt-BR","publisher":{"@id":"https:\/\/www.encontrasaogoncalo.com.br\/sobre\/#organization"}}]},"og:locale":"pt_BR","og:site_name":"Encontra S\u00e3o Gon\u00e7alo | Not\u00edcias, eventos, informa\u00e7\u00f5es e dicas da cidade de S\u00e3o Gon\u00e7alo e regi\u00e3o","og:type":"article","og:title":"Jardim Bom Retiro vai receber Cidadania Itinerante | Encontra S\u00e3o Gon\u00e7alo","og:url":"https:\/\/www.encontrasaogoncalo.com.br\/sobre\/jardim-bom-retiro-vai-receber-cidadania-itinerante\/","article:published_time":"2026-03-16T09:14:45+00:00","article:modified_time":"2026-03-16T09:14:45+00:00","twitter:card":"summary","twitter:title":"Jardim Bom Retiro vai receber Cidadania Itinerante | Encontra S\u00e3o Gon\u00e7alo"},"aioseo_meta_data":{"post_id":"1777","title":null,"description":null,"keywords":null,"keyphrases":null,"primary_term":null,"canonical_url":null,"og_title":null,"og_description":null,"og_object_type":"default","og_image_type":"default","og_image_url":null,"og_image_width":null,"og_image_height":null,"og_image_custom_url":null,"og_image_custom_fields":null,"og_video":null,"og_custom_url":null,"og_article_section":null,"og_article_tags":null,"twitter_use_og":false,"twitter_card":"default","twitter_image_type":"default","twitter_image_url":null,"twitter_image_custom_url":null,"twitter_image_custom_fields":null,"twitter_title":null,"twitter_description":null,"schema":{"blockGraphs":[],"customGraphs":[],"default":{"data":{"Article":[],"Course":[],"Dataset":[],"FAQPage":[],"Movie":[],"Person":[],"Product":[],"ProductReview":[],"Car":[],"Recipe":[],"Service":[],"SoftwareApplication":[],"WebPage":[]},"graphName":"Article","isEnabled":true},"graphs":[]},"schema_type":"default","schema_type_options":null,"pillar_content":false,"robots_default":true,"robots_noindex":false,"robots_noarchive":false,"robots_nosnippet":false,"robots_nofollow":false,"robots_noimageindex":false,"robots_noodp":false,"robots_notranslate":false,"robots_max_snippet":null,"robots_max_videopreview":null,"robots_max_imagepreview":"large","priority":null,"frequency":null,"local_seo":null,"breadcrumb_settings":null,"limit_modified_date":false,"ai":null,"created":"2026-03-16 09:14:48","updated":"2026-04-02 09:20:27","focus_keyword":null,"additional_keywords":null,"truseo_locale":null,"seo_analyzer_scan_date":null},"aioseo_breadcrumb":"<div class=\"aioseo-breadcrumbs\"><span class=\"aioseo-breadcrumb\">\n\t\t\t<a href=\"https:\/\/www.encontrasaogoncalo.com.br\/sobre\" title=\"In\u00edcio\">In\u00edcio<\/a>\n\t\t<\/span><span class=\"aioseo-breadcrumb-separator\">&raquo;<\/span><span class=\"aioseo-breadcrumb\">\n\t\t\t<a href=\"https:\/\/www.encontrasaogoncalo.com.br\/sobre\/noticias-em-sao-goncalo\/\" title=\"Not\u00edcias S\u00e3o Gon\u00e7alo\">Not\u00edcias S\u00e3o Gon\u00e7alo<\/a>\n\t\t<\/span><span class=\"aioseo-breadcrumb-separator\">&raquo;<\/span><span class=\"aioseo-breadcrumb\">\n\t\t\tJardim Bom Retiro vai receber Cidadania Itinerante\n\t\t<\/span><\/div>","aioseo_breadcrumb_json":[{"label":"In\u00edcio","link":"https:\/\/www.encontrasaogoncalo.com.br\/sobre"},{"label":"Not\u00edcias S\u00e3o Gon\u00e7alo","link":"https:\/\/www.encontrasaogoncalo.com.br\/sobre\/noticias-em-sao-goncalo\/"},{"label":"Jardim Bom Retiro vai receber Cidadania Itinerante","link":"https:\/\/www.encontrasaogoncalo.com.br\/sobre\/jardim-bom-retiro-vai-receber-cidadania-itinerante\/"}],"_links":{"self":[{"href":"https:\/\/www.encontrasaogoncalo.com.br\/sobre\/wp-json\/wp\/v2\/posts\/1777","targetHints":{"allow":["GET"]}}],"collection":[{"href":"https:\/\/www.encontrasaogoncalo.com.br\/sobre\/wp-json\/wp\/v2\/posts"}],"about":[{"href":"https:\/\/www.encontrasaogoncalo.com.br\/sobre\/wp-json\/wp\/v2\/types\/post"}],"author":[{"embeddable":true,"href":"https:\/\/www.encontrasaogoncalo.com.br\/sobre\/wp-json\/wp\/v2\/users\/1"}],"replies":[{"embeddable":true,"href":"https:\/\/www.encontrasaogoncalo.com.br\/sobre\/wp-json\/wp\/v2\/comments?post=1777"}],"version-history":[{"count":0,"href":"https:\/\/www.encontrasaogoncalo.com.br\/sobre\/wp-json\/wp\/v2\/posts\/1777\/revisions"}],"wp:featuredmedia":[{"embeddable":true,"href":"https:\/\/www.encontrasaogoncalo.com.br\/sobre\/wp-json\/wp\/v2\/media\/1776"}],"wp:attachment":[{"href":"https:\/\/www.encontrasaogoncalo.com.br\/sobre\/wp-json\/wp\/v2\/media?parent=1777"}],"wp:term":[{"taxonomy":"category","embeddable":true,"href":"https:\/\/www.encontrasaogoncalo.com.br\/sobre\/wp-json\/wp\/v2\/categories?post=1777"},{"taxonomy":"post_tag","embeddable":true,"href":"https:\/\/www.encontrasaogoncalo.com.br\/sobre\/wp-json\/wp\/v2\/tags?post=1777"}],"curies":[{"name":"wp","href":"https:\/\/api.w.org\/{rel}","templated":true}]}}