{"id":1795,"date":"2026-03-22T09:15:10","date_gmt":"2026-03-22T09:15:10","guid":{"rendered":"https:\/\/www.encontrasaogoncalo.com.br\/sobre\/sao-goncalo-promove-atividades-com-estudantes-no-dia-b-da-saude-bucal\/"},"modified":"2026-03-22T09:15:10","modified_gmt":"2026-03-22T09:15:10","slug":"sao-goncalo-promove-atividades-com-estudantes-no-dia-b-da-saude-bucal","status":"publish","type":"post","link":"https:\/\/www.encontrasaogoncalo.com.br\/sobre\/sao-goncalo-promove-atividades-com-estudantes-no-dia-b-da-saude-bucal\/","title":{"rendered":"S\u00e3o Gon\u00e7alo promove atividades com estudantes no Dia B da Sa\u00fade Bucal"},"content":{"rendered":"<div class=\"558ebb280150f569344a3237cd236fe7\" data-index=\"1\" style=\"float: none; margin:0px;\">\n<!-- Anuncio display - global -->\r\n<ins class=\"adsbygoogle\"\r\n     style=\"display:block\"\r\n     data-ad-client=\"ca-pub-8585364105181520\"\r\n     data-ad-slot=\"8789329856\"\r\n     data-ad-format=\"auto\"\r\n     data-full-width-responsive=\"true\"><\/ins>\r\n<script>\r\n     (adsbygoogle = window.adsbygoogle || []).push({});\r\n<\/script>\n<\/div>\n<h2>Import\u00e2ncia da Sa\u00fade Bucal na Inf\u00e2ncia<\/h2>\n<p>Manter uma boa sa\u00fade bucal \u00e9 essencial desde a inf\u00e2ncia, pois \u00e9 nesta fase da vida que as bases para h\u00e1bitos saud\u00e1veis s\u00e3o estabelecidas. A sa\u00fade bucal afeta n\u00e3o apenas a capacidade de ingerir alimentos, mas tamb\u00e9m o desenvolvimento da fala e a autoestima da crian\u00e7a. Al\u00e9m disso, problemas bucais podem impactar a sa\u00fade geral, resultando em dores, infec\u00e7\u00f5es e dificuldades na aprendizagem.<\/p>\n<h2>O que \u00e9 o Dia B da Sa\u00fade Bucal?<\/h2>\n<p>O Dia B da Sa\u00fade Bucal \u00e9 uma iniciativa que visa promover a conscientiza\u00e7\u00e3o sobre a import\u00e2ncia de cuidados dent\u00e1rios, especialmente entre as crian\u00e7as. Esta data \u00e9 marcada por diversas atividades educativas, onde os cuidados com a sa\u00fade bucal s\u00e3o discutidos e pr\u00e1ticas preventivas s\u00e3o ensinadas. O evento acontece como parte das celebra\u00e7\u00f5es para o Dia Mundial da Sa\u00fade Bucal, destacando a necessidade de sensibiliza\u00e7\u00e3o sobre higiene oral nas institui\u00e7\u00f5es de ensino.<\/p>\n<h2>Atividades Educativas nas Escolas<\/h2>\n<p>As escolas desempenham um papel crucial na promo\u00e7\u00e3o da sa\u00fade bucal. Durante o Dia B, os alunos participam de atividades interativas que incluem palestras, oficinas de escova\u00e7\u00e3o e avalia\u00e7\u00f5es gratuitas da sa\u00fade bucal. Essas a\u00e7\u00f5es t\u00eam como objetivo ensinar as crian\u00e7as sobre a higiene oral adequada e a preven\u00e7\u00e3o de doen\u00e7as dent\u00e1rias.<\/p>\n<h2>T\u00e9cnicas de Escova\u00e7\u00e3o Corretas<\/h2>\n<p>Aprender a escovar os dentes corretamente \u00e9 uma habilidade fundamental. Os especialistas recomendam o uso de uma escova macia e dentifr\u00edcio com fl\u00faor. A escova\u00e7\u00e3o deve ser feita em movimentos suaves, cobrindo todas as superf\u00edcies dos dentes, incluindo a parte interna, externa e as superf\u00edcies de mastiga\u00e7\u00e3o. Recomenda-se escovar os dentes ao menos duas vezes ao dia, principalmente ap\u00f3s as refei\u00e7\u00f5es.<\/p>\n<h2>Preven\u00e7\u00e3o de C\u00e1ries e Uso de Fl\u00faor<\/h2>\n<p>O fl\u00faor \u00e9 um mineral que tem um papel importante na preven\u00e7\u00e3o de c\u00e1ries. Ele ajuda a fortalecer o esmalte dental e pode reverter o in\u00edcio de les\u00f5es de c\u00e1ries. Durante as atividades no Dia B, os alunos recebem orienta\u00e7\u00f5es sobre a import\u00e2ncia de produtos com fl\u00faor e podem at\u00e9 receber aplica\u00e7\u00f5es t\u00f3picas em suas escolas, contribuindo para a sa\u00fade dental desde cedo.<\/p>\n<h2>Palestras Educativas com Dentistas<\/h2>\n<p>Palestras ministradas por dentistas s\u00e3o uma parte fundamental das atividades do Dia B. Nessas palestras, os profissionais explicam quest\u00f5es como a forma\u00e7\u00e3o da c\u00e1rie, a import\u00e2ncia de uma alimenta\u00e7\u00e3o balanceada e os cuidados di\u00e1rios necess\u00e1rios para manter a sa\u00fade bucal. S\u00e3o momentos interativos onde os alunos podem fazer perguntas e esclarecer d\u00favidas.<\/p>\n<h2>Como Identificar Problemas Bucais<\/h2>\n<p>\u00c9 importante que crian\u00e7as e pais conhe\u00e7am os sinais de problemas bucais. Dores de dente, sangramentos, incha\u00e7os na gengiva e mau h\u00e1lito persistente s\u00e3o alertas para buscar assist\u00eancia profissional. No Dia B, os alunos aprendem a reconhecer esses sinais e a import\u00e2ncia de ir ao dentista regularmente para avalia\u00e7\u00f5es.<\/p>\n<h2>Benef\u00edcios de Manter H\u00e1bitos Saud\u00e1veis<\/h2>\n<p>Manter h\u00e1bitos saud\u00e1veis n\u00e3o se refere apenas \u00e0 escova\u00e7\u00e3o regular, mas tamb\u00e9m a escolhas alimentares que favore\u00e7am a sa\u00fade bucal. A redu\u00e7\u00e3o do consumo de a\u00e7\u00facar e alimentos pegajosos, a ingest\u00e3o de frutas e vegetais e a hidrata\u00e7\u00e3o adequada s\u00e3o fatores que contribuem para a sa\u00fade dos dentes. Durante as atividades, os alunos s\u00e3o incentivados a adotar esses h\u00e1bitos.<\/p>\n<h2>Acesso aos Servi\u00e7os de Sa\u00fade Bucal<\/h2>\n<p>A rede de sa\u00fade de S\u00e3o Gon\u00e7alo oferece diversos servi\u00e7os de odontologia nas unidades de sa\u00fade da fam\u00edlia, cl\u00ednicas e prontos atendimentos. As crian\u00e7as podem ter acesso a consultas odontol\u00f3gicas e procedimentos preventivos, sempre que necess\u00e1rio, contribuindo para uma aten\u00e7\u00e3o \u00e0 sa\u00fade bucal cont\u00ednua. O apoio da comunidade e das fam\u00edlias \u00e9 vital para que todos os envolvidos possam usufruir desses servi\u00e7os de forma eficaz.<\/p>\n<h2>Dicas para uma Boa Alimenta\u00e7\u00e3o Dent\u00e1ria<\/h2>\n<p>Uma boa alimenta\u00e7\u00e3o \u00e9 essencial para a sa\u00fade bucal. Aqui v\u00e3o algumas dicas:<\/p>\n<ul>\n<li><strong>Evitar A\u00e7\u00facar:<\/strong> Reduzir o consumo de doces e refrigerantes ajuda a prevenir c\u00e1ries.<\/li>\n<li><strong>Consumir Frutas e Vegetais:<\/strong> Alimentos crocantes ajudam na limpeza dos dentes e s\u00e3o nutritivos.<\/li>\n<li><strong>Ingerir Latic\u00ednios:<\/strong> Produtos como leite e iogurte s\u00e3o ricos em c\u00e1lcio, essenciais para dentes fortes.<\/li>\n<li><strong>Hidrata\u00e7\u00e3o Adequada:<\/strong> Beber \u00e1gua \u00e9 fundamental para manter a boca limpa e evitar problemas como o mau h\u00e1lito.<\/li>\n<\/ul>\n<h2>Conclus\u00e3o<\/h2>\n<p>A promo\u00e7\u00e3o da sa\u00fade bucal na inf\u00e2ncia \u00e9 essencial para garantir um futuro saud\u00e1vel. Atividades como o Dia B da Sa\u00fade Bucal servem como uma oportunidade preciosa para educar e conscientizar crian\u00e7as sobre a import\u00e2ncia desses cuidados. Com a contribui\u00e7\u00e3o de escolas, dentistas e fam\u00edlias, podemos garantir que nossos jovens tenham sorrisos saud\u00e1veis ao longo de suas vidas.<\/p>\n\n<div style=\"font-size: 0px; height: 0px; line-height: 0px; margin: 0; padding: 0; clear: both;\"><\/div>","protected":false},"excerpt":{"rendered":"<p>Atividades no Dia B da Sa\u00fade Bucal promovem sa\u00fade e educa\u00e7\u00e3o em S\u00e3o Gon\u00e7alo.<\/p>\n","protected":false},"author":1,"featured_media":0,"comment_status":"open","ping_status":"closed","sticky":false,"template":"","format":"standard","meta":{"footnotes":""},"categories":[41],"tags":[],"class_list":["post-1795","post","type-post","status-publish","format-standard","hentry","category-saude-em-sao-goncalo"],"aioseo_notices":[],"aioseo_head":"\n\t\t<!-- All in One SEO 5.0.0.1 - aioseo.com -->\n\t<meta name=\"robots\" content=\"max-image-preview:large\" \/>\n\t<meta name=\"author\" content=\"Encontra S\u00e3o Gon\u00e7alo\"\/>\n\t<link rel=\"canonical\" href=\"https:\/\/www.encontrasaogoncalo.com.br\/sobre\/sao-goncalo-promove-atividades-com-estudantes-no-dia-b-da-saude-bucal\/\" \/>\n\t<meta name=\"generator\" content=\"All in One SEO (AIOSEO) 5.0.0.1\" \/>\n\t\t<meta property=\"og:locale\" content=\"pt_BR\" \/>\n\t\t<meta property=\"og:site_name\" content=\"Encontra S\u00e3o Gon\u00e7alo | Not\u00edcias, eventos, informa\u00e7\u00f5es e dicas da cidade de S\u00e3o Gon\u00e7alo e regi\u00e3o\" \/>\n\t\t<meta property=\"og:type\" content=\"article\" \/>\n\t\t<meta property=\"og:title\" content=\"S\u00e3o Gon\u00e7alo promove atividades com estudantes no Dia B da Sa\u00fade Bucal | Encontra S\u00e3o Gon\u00e7alo\" \/>\n\t\t<meta property=\"og:url\" content=\"https:\/\/www.encontrasaogoncalo.com.br\/sobre\/sao-goncalo-promove-atividades-com-estudantes-no-dia-b-da-saude-bucal\/\" \/>\n\t\t<meta property=\"article:published_time\" content=\"2026-03-22T09:15:10+00:00\" \/>\n\t\t<meta property=\"article:modified_time\" content=\"2026-03-22T09:15:10+00:00\" \/>\n\t\t<meta name=\"twitter:card\" content=\"summary\" \/>\n\t\t<meta name=\"twitter:title\" content=\"S\u00e3o Gon\u00e7alo promove atividades com estudantes no Dia B da Sa\u00fade Bucal | Encontra S\u00e3o Gon\u00e7alo\" \/>\n\t\t<script type=\"application\/ld+json\" class=\"aioseo-schema\">\n\t\t\t{\"@context\":\"https:\\\/\\\/schema.org\",\"@graph\":[{\"@type\":\"Article\",\"@id\":\"https:\\\/\\\/www.encontrasaogoncalo.com.br\\\/sobre\\\/sao-goncalo-promove-atividades-com-estudantes-no-dia-b-da-saude-bucal\\\/#article\",\"name\":\"S\\u00e3o Gon\\u00e7alo promove atividades com estudantes no Dia B da Sa\\u00fade Bucal | Encontra S\\u00e3o Gon\\u00e7alo\",\"headline\":\"S\\u00e3o Gon\\u00e7alo promove atividades com estudantes no Dia B da Sa\\u00fade Bucal\",\"author\":{\"@id\":\"https:\\\/\\\/www.encontrasaogoncalo.com.br\\\/sobre\\\/author\\\/esaogoncalo\\\/#author\"},\"publisher\":{\"@id\":\"https:\\\/\\\/www.encontrasaogoncalo.com.br\\\/sobre\\\/#organization\"},\"datePublished\":\"2026-03-22T09:15:10+00:00\",\"dateModified\":\"2026-03-22T09:15:10+00:00\",\"inLanguage\":\"pt-BR\",\"mainEntityOfPage\":{\"@id\":\"https:\\\/\\\/www.encontrasaogoncalo.com.br\\\/sobre\\\/sao-goncalo-promove-atividades-com-estudantes-no-dia-b-da-saude-bucal\\\/#webpage\"},\"isPartOf\":{\"@id\":\"https:\\\/\\\/www.encontrasaogoncalo.com.br\\\/sobre\\\/sao-goncalo-promove-atividades-com-estudantes-no-dia-b-da-saude-bucal\\\/#webpage\"},\"articleSection\":\"Sa\\u00fade S\\u00e3o Gon\\u00e7alo\"},{\"@type\":\"BreadcrumbList\",\"@id\":\"https:\\\/\\\/www.encontrasaogoncalo.com.br\\\/sobre\\\/sao-goncalo-promove-atividades-com-estudantes-no-dia-b-da-saude-bucal\\\/#breadcrumblist\",\"itemListElement\":[{\"@type\":\"ListItem\",\"@id\":\"https:\\\/\\\/www.encontrasaogoncalo.com.br\\\/sobre#listItem\",\"position\":1,\"name\":\"In\\u00edcio\",\"item\":\"https:\\\/\\\/www.encontrasaogoncalo.com.br\\\/sobre\",\"nextItem\":{\"@type\":\"ListItem\",\"@id\":\"https:\\\/\\\/www.encontrasaogoncalo.com.br\\\/sobre\\\/saude-em-sao-goncalo\\\/#listItem\",\"name\":\"Sa\\u00fade S\\u00e3o Gon\\u00e7alo\"}},{\"@type\":\"ListItem\",\"@id\":\"https:\\\/\\\/www.encontrasaogoncalo.com.br\\\/sobre\\\/saude-em-sao-goncalo\\\/#listItem\",\"position\":2,\"name\":\"Sa\\u00fade S\\u00e3o Gon\\u00e7alo\",\"item\":\"https:\\\/\\\/www.encontrasaogoncalo.com.br\\\/sobre\\\/saude-em-sao-goncalo\\\/\",\"nextItem\":{\"@type\":\"ListItem\",\"@id\":\"https:\\\/\\\/www.encontrasaogoncalo.com.br\\\/sobre\\\/sao-goncalo-promove-atividades-com-estudantes-no-dia-b-da-saude-bucal\\\/#listItem\",\"name\":\"S\\u00e3o Gon\\u00e7alo promove atividades com estudantes no Dia B da Sa\\u00fade Bucal\"},\"previousItem\":{\"@type\":\"ListItem\",\"@id\":\"https:\\\/\\\/www.encontrasaogoncalo.com.br\\\/sobre#listItem\",\"name\":\"In\\u00edcio\"}},{\"@type\":\"ListItem\",\"@id\":\"https:\\\/\\\/www.encontrasaogoncalo.com.br\\\/sobre\\\/sao-goncalo-promove-atividades-com-estudantes-no-dia-b-da-saude-bucal\\\/#listItem\",\"position\":3,\"name\":\"S\\u00e3o Gon\\u00e7alo promove atividades com estudantes no Dia B da Sa\\u00fade Bucal\",\"previousItem\":{\"@type\":\"ListItem\",\"@id\":\"https:\\\/\\\/www.encontrasaogoncalo.com.br\\\/sobre\\\/saude-em-sao-goncalo\\\/#listItem\",\"name\":\"Sa\\u00fade S\\u00e3o Gon\\u00e7alo\"}}]},{\"@type\":\"Organization\",\"@id\":\"https:\\\/\\\/www.encontrasaogoncalo.com.br\\\/sobre\\\/#organization\",\"name\":\"Encontra S\\u00e3o Gon\\u00e7alo\",\"description\":\"Not\\u00edcias, eventos, informa\\u00e7\\u00f5es e dicas da cidade de S\\u00e3o Gon\\u00e7alo e regi\\u00e3o\",\"url\":\"https:\\\/\\\/www.encontrasaogoncalo.com.br\\\/sobre\\\/\"},{\"@type\":\"Person\",\"@id\":\"https:\\\/\\\/www.encontrasaogoncalo.com.br\\\/sobre\\\/author\\\/esaogoncalo\\\/#author\",\"url\":\"https:\\\/\\\/www.encontrasaogoncalo.com.br\\\/sobre\\\/author\\\/esaogoncalo\\\/\",\"name\":\"Encontra S\\u00e3o Gon\\u00e7alo\",\"image\":{\"@type\":\"ImageObject\",\"@id\":\"https:\\\/\\\/www.encontrasaogoncalo.com.br\\\/sobre\\\/sao-goncalo-promove-atividades-com-estudantes-no-dia-b-da-saude-bucal\\\/#authorImage\",\"url\":\"https:\\\/\\\/secure.gravatar.com\\\/avatar\\\/507340682b8270222e1f208e23198b6ae7e2c6a1033ae84e99bc6bce4f82a387?s=96&d=mm&r=g\",\"width\":96,\"height\":96,\"caption\":\"Encontra S\\u00e3o Gon\\u00e7alo\"}},{\"@type\":\"WebPage\",\"@id\":\"https:\\\/\\\/www.encontrasaogoncalo.com.br\\\/sobre\\\/sao-goncalo-promove-atividades-com-estudantes-no-dia-b-da-saude-bucal\\\/#webpage\",\"url\":\"https:\\\/\\\/www.encontrasaogoncalo.com.br\\\/sobre\\\/sao-goncalo-promove-atividades-com-estudantes-no-dia-b-da-saude-bucal\\\/\",\"name\":\"S\\u00e3o Gon\\u00e7alo promove atividades com estudantes no Dia B da Sa\\u00fade Bucal | Encontra S\\u00e3o Gon\\u00e7alo\",\"inLanguage\":\"pt-BR\",\"isPartOf\":{\"@id\":\"https:\\\/\\\/www.encontrasaogoncalo.com.br\\\/sobre\\\/#website\"},\"breadcrumb\":{\"@id\":\"https:\\\/\\\/www.encontrasaogoncalo.com.br\\\/sobre\\\/sao-goncalo-promove-atividades-com-estudantes-no-dia-b-da-saude-bucal\\\/#breadcrumblist\"},\"author\":{\"@id\":\"https:\\\/\\\/www.encontrasaogoncalo.com.br\\\/sobre\\\/author\\\/esaogoncalo\\\/#author\"},\"creator\":{\"@id\":\"https:\\\/\\\/www.encontrasaogoncalo.com.br\\\/sobre\\\/author\\\/esaogoncalo\\\/#author\"},\"datePublished\":\"2026-03-22T09:15:10+00:00\",\"dateModified\":\"2026-03-22T09:15:10+00:00\"},{\"@type\":\"WebSite\",\"@id\":\"https:\\\/\\\/www.encontrasaogoncalo.com.br\\\/sobre\\\/#website\",\"url\":\"https:\\\/\\\/www.encontrasaogoncalo.com.br\\\/sobre\\\/\",\"name\":\"Encontra S\\u00e3o Gon\\u00e7alo\",\"description\":\"Not\\u00edcias, eventos, informa\\u00e7\\u00f5es e dicas da cidade de S\\u00e3o Gon\\u00e7alo e regi\\u00e3o\",\"inLanguage\":\"pt-BR\",\"publisher\":{\"@id\":\"https:\\\/\\\/www.encontrasaogoncalo.com.br\\\/sobre\\\/#organization\"}}]}\n\t\t<\/script>\n\t\t<!-- All in One SEO -->\n\n","aioseo_head_json":{"title":"S\u00e3o Gon\u00e7alo promove atividades com estudantes no Dia B da Sa\u00fade Bucal | Encontra S\u00e3o Gon\u00e7alo","description":"","canonical_url":"https:\/\/www.encontrasaogoncalo.com.br\/sobre\/sao-goncalo-promove-atividades-com-estudantes-no-dia-b-da-saude-bucal\/","robots":"max-image-preview:large","keywords":"","webmasterTools":{"miscellaneous":""},"schema":{"@context":"https:\/\/schema.org","@graph":[{"@type":"Article","@id":"https:\/\/www.encontrasaogoncalo.com.br\/sobre\/sao-goncalo-promove-atividades-com-estudantes-no-dia-b-da-saude-bucal\/#article","name":"S\u00e3o Gon\u00e7alo promove atividades com estudantes no Dia B da Sa\u00fade Bucal | Encontra S\u00e3o Gon\u00e7alo","headline":"S\u00e3o Gon\u00e7alo promove atividades com estudantes no Dia B da Sa\u00fade Bucal","author":{"@id":"https:\/\/www.encontrasaogoncalo.com.br\/sobre\/author\/esaogoncalo\/#author"},"publisher":{"@id":"https:\/\/www.encontrasaogoncalo.com.br\/sobre\/#organization"},"datePublished":"2026-03-22T09:15:10+00:00","dateModified":"2026-03-22T09:15:10+00:00","inLanguage":"pt-BR","mainEntityOfPage":{"@id":"https:\/\/www.encontrasaogoncalo.com.br\/sobre\/sao-goncalo-promove-atividades-com-estudantes-no-dia-b-da-saude-bucal\/#webpage"},"isPartOf":{"@id":"https:\/\/www.encontrasaogoncalo.com.br\/sobre\/sao-goncalo-promove-atividades-com-estudantes-no-dia-b-da-saude-bucal\/#webpage"},"articleSection":"Sa\u00fade S\u00e3o Gon\u00e7alo"},{"@type":"BreadcrumbList","@id":"https:\/\/www.encontrasaogoncalo.com.br\/sobre\/sao-goncalo-promove-atividades-com-estudantes-no-dia-b-da-saude-bucal\/#breadcrumblist","itemListElement":[{"@type":"ListItem","@id":"https:\/\/www.encontrasaogoncalo.com.br\/sobre#listItem","position":1,"name":"In\u00edcio","item":"https:\/\/www.encontrasaogoncalo.com.br\/sobre","nextItem":{"@type":"ListItem","@id":"https:\/\/www.encontrasaogoncalo.com.br\/sobre\/saude-em-sao-goncalo\/#listItem","name":"Sa\u00fade S\u00e3o Gon\u00e7alo"}},{"@type":"ListItem","@id":"https:\/\/www.encontrasaogoncalo.com.br\/sobre\/saude-em-sao-goncalo\/#listItem","position":2,"name":"Sa\u00fade S\u00e3o Gon\u00e7alo","item":"https:\/\/www.encontrasaogoncalo.com.br\/sobre\/saude-em-sao-goncalo\/","nextItem":{"@type":"ListItem","@id":"https:\/\/www.encontrasaogoncalo.com.br\/sobre\/sao-goncalo-promove-atividades-com-estudantes-no-dia-b-da-saude-bucal\/#listItem","name":"S\u00e3o Gon\u00e7alo promove atividades com estudantes no Dia B da Sa\u00fade Bucal"},"previousItem":{"@type":"ListItem","@id":"https:\/\/www.encontrasaogoncalo.com.br\/sobre#listItem","name":"In\u00edcio"}},{"@type":"ListItem","@id":"https:\/\/www.encontrasaogoncalo.com.br\/sobre\/sao-goncalo-promove-atividades-com-estudantes-no-dia-b-da-saude-bucal\/#listItem","position":3,"name":"S\u00e3o Gon\u00e7alo promove atividades com estudantes no Dia B da Sa\u00fade Bucal","previousItem":{"@type":"ListItem","@id":"https:\/\/www.encontrasaogoncalo.com.br\/sobre\/saude-em-sao-goncalo\/#listItem","name":"Sa\u00fade S\u00e3o Gon\u00e7alo"}}]},{"@type":"Organization","@id":"https:\/\/www.encontrasaogoncalo.com.br\/sobre\/#organization","name":"Encontra S\u00e3o Gon\u00e7alo","description":"Not\u00edcias, eventos, informa\u00e7\u00f5es e dicas da cidade de S\u00e3o Gon\u00e7alo e regi\u00e3o","url":"https:\/\/www.encontrasaogoncalo.com.br\/sobre\/"},{"@type":"Person","@id":"https:\/\/www.encontrasaogoncalo.com.br\/sobre\/author\/esaogoncalo\/#author","url":"https:\/\/www.encontrasaogoncalo.com.br\/sobre\/author\/esaogoncalo\/","name":"Encontra S\u00e3o Gon\u00e7alo","image":{"@type":"ImageObject","@id":"https:\/\/www.encontrasaogoncalo.com.br\/sobre\/sao-goncalo-promove-atividades-com-estudantes-no-dia-b-da-saude-bucal\/#authorImage","url":"https:\/\/secure.gravatar.com\/avatar\/507340682b8270222e1f208e23198b6ae7e2c6a1033ae84e99bc6bce4f82a387?s=96&d=mm&r=g","width":96,"height":96,"caption":"Encontra S\u00e3o Gon\u00e7alo"}},{"@type":"WebPage","@id":"https:\/\/www.encontrasaogoncalo.com.br\/sobre\/sao-goncalo-promove-atividades-com-estudantes-no-dia-b-da-saude-bucal\/#webpage","url":"https:\/\/www.encontrasaogoncalo.com.br\/sobre\/sao-goncalo-promove-atividades-com-estudantes-no-dia-b-da-saude-bucal\/","name":"S\u00e3o Gon\u00e7alo promove atividades com estudantes no Dia B da Sa\u00fade Bucal | Encontra S\u00e3o Gon\u00e7alo","inLanguage":"pt-BR","isPartOf":{"@id":"https:\/\/www.encontrasaogoncalo.com.br\/sobre\/#website"},"breadcrumb":{"@id":"https:\/\/www.encontrasaogoncalo.com.br\/sobre\/sao-goncalo-promove-atividades-com-estudantes-no-dia-b-da-saude-bucal\/#breadcrumblist"},"author":{"@id":"https:\/\/www.encontrasaogoncalo.com.br\/sobre\/author\/esaogoncalo\/#author"},"creator":{"@id":"https:\/\/www.encontrasaogoncalo.com.br\/sobre\/author\/esaogoncalo\/#author"},"datePublished":"2026-03-22T09:15:10+00:00","dateModified":"2026-03-22T09:15:10+00:00"},{"@type":"WebSite","@id":"https:\/\/www.encontrasaogoncalo.com.br\/sobre\/#website","url":"https:\/\/www.encontrasaogoncalo.com.br\/sobre\/","name":"Encontra S\u00e3o Gon\u00e7alo","description":"Not\u00edcias, eventos, informa\u00e7\u00f5es e dicas da cidade de S\u00e3o Gon\u00e7alo e regi\u00e3o","inLanguage":"pt-BR","publisher":{"@id":"https:\/\/www.encontrasaogoncalo.com.br\/sobre\/#organization"}}]},"og:locale":"pt_BR","og:site_name":"Encontra S\u00e3o Gon\u00e7alo | Not\u00edcias, eventos, informa\u00e7\u00f5es e dicas da cidade de S\u00e3o Gon\u00e7alo e regi\u00e3o","og:type":"article","og:title":"S\u00e3o Gon\u00e7alo promove atividades com estudantes no Dia B da Sa\u00fade Bucal | Encontra S\u00e3o Gon\u00e7alo","og:url":"https:\/\/www.encontrasaogoncalo.com.br\/sobre\/sao-goncalo-promove-atividades-com-estudantes-no-dia-b-da-saude-bucal\/","article:published_time":"2026-03-22T09:15:10+00:00","article:modified_time":"2026-03-22T09:15:10+00:00","twitter:card":"summary","twitter:title":"S\u00e3o Gon\u00e7alo promove atividades com estudantes no Dia B da Sa\u00fade Bucal | Encontra S\u00e3o Gon\u00e7alo"},"aioseo_meta_data":{"post_id":"1795","title":null,"description":null,"keywords":null,"keyphrases":null,"primary_term":null,"canonical_url":null,"og_title":null,"og_description":null,"og_object_type":"default","og_image_type":"default","og_image_url":null,"og_image_width":null,"og_image_height":null,"og_image_custom_url":null,"og_image_custom_fields":null,"og_video":null,"og_custom_url":null,"og_article_section":null,"og_article_tags":null,"twitter_use_og":false,"twitter_card":"default","twitter_image_type":"default","twitter_image_url":null,"twitter_image_custom_url":null,"twitter_image_custom_fields":null,"twitter_title":null,"twitter_description":null,"schema":{"blockGraphs":[],"customGraphs":[],"default":{"data":{"Article":[],"Course":[],"Dataset":[],"FAQPage":[],"Movie":[],"Person":[],"Product":[],"ProductReview":[],"Car":[],"Recipe":[],"Service":[],"SoftwareApplication":[],"WebPage":[]},"graphName":"Article","isEnabled":true},"graphs":[]},"schema_type":"default","schema_type_options":null,"pillar_content":false,"robots_default":true,"robots_noindex":false,"robots_noarchive":false,"robots_nosnippet":false,"robots_nofollow":false,"robots_noimageindex":false,"robots_noodp":false,"robots_notranslate":false,"robots_max_snippet":null,"robots_max_videopreview":null,"robots_max_imagepreview":"large","priority":null,"frequency":null,"local_seo":null,"breadcrumb_settings":null,"limit_modified_date":false,"ai":null,"created":"2026-03-22 09:15:13","updated":"2026-04-02 09:24:38","focus_keyword":null,"additional_keywords":null,"truseo_locale":null,"seo_analyzer_scan_date":null},"aioseo_breadcrumb":"<div class=\"aioseo-breadcrumbs\"><span class=\"aioseo-breadcrumb\">\n\t\t\t<a href=\"https:\/\/www.encontrasaogoncalo.com.br\/sobre\" title=\"In\u00edcio\">In\u00edcio<\/a>\n\t\t<\/span><span class=\"aioseo-breadcrumb-separator\">&raquo;<\/span><span class=\"aioseo-breadcrumb\">\n\t\t\t<a href=\"https:\/\/www.encontrasaogoncalo.com.br\/sobre\/saude-em-sao-goncalo\/\" title=\"Sa\u00fade S\u00e3o Gon\u00e7alo\">Sa\u00fade S\u00e3o Gon\u00e7alo<\/a>\n\t\t<\/span><span class=\"aioseo-breadcrumb-separator\">&raquo;<\/span><span class=\"aioseo-breadcrumb\">\n\t\t\tS\u00e3o Gon\u00e7alo promove atividades com estudantes no Dia B da Sa\u00fade Bucal\n\t\t<\/span><\/div>","aioseo_breadcrumb_json":[{"label":"In\u00edcio","link":"https:\/\/www.encontrasaogoncalo.com.br\/sobre"},{"label":"Sa\u00fade S\u00e3o Gon\u00e7alo","link":"https:\/\/www.encontrasaogoncalo.com.br\/sobre\/saude-em-sao-goncalo\/"},{"label":"S\u00e3o Gon\u00e7alo promove atividades com estudantes no Dia B da Sa\u00fade Bucal","link":"https:\/\/www.encontrasaogoncalo.com.br\/sobre\/sao-goncalo-promove-atividades-com-estudantes-no-dia-b-da-saude-bucal\/"}],"_links":{"self":[{"href":"https:\/\/www.encontrasaogoncalo.com.br\/sobre\/wp-json\/wp\/v2\/posts\/1795","targetHints":{"allow":["GET"]}}],"collection":[{"href":"https:\/\/www.encontrasaogoncalo.com.br\/sobre\/wp-json\/wp\/v2\/posts"}],"about":[{"href":"https:\/\/www.encontrasaogoncalo.com.br\/sobre\/wp-json\/wp\/v2\/types\/post"}],"author":[{"embeddable":true,"href":"https:\/\/www.encontrasaogoncalo.com.br\/sobre\/wp-json\/wp\/v2\/users\/1"}],"replies":[{"embeddable":true,"href":"https:\/\/www.encontrasaogoncalo.com.br\/sobre\/wp-json\/wp\/v2\/comments?post=1795"}],"version-history":[{"count":0,"href":"https:\/\/www.encontrasaogoncalo.com.br\/sobre\/wp-json\/wp\/v2\/posts\/1795\/revisions"}],"wp:attachment":[{"href":"https:\/\/www.encontrasaogoncalo.com.br\/sobre\/wp-json\/wp\/v2\/media?parent=1795"}],"wp:term":[{"taxonomy":"category","embeddable":true,"href":"https:\/\/www.encontrasaogoncalo.com.br\/sobre\/wp-json\/wp\/v2\/categories?post=1795"},{"taxonomy":"post_tag","embeddable":true,"href":"https:\/\/www.encontrasaogoncalo.com.br\/sobre\/wp-json\/wp\/v2\/tags?post=1795"}],"curies":[{"name":"wp","href":"https:\/\/api.w.org\/{rel}","templated":true}]}}