{"id":1857,"date":"2026-04-04T09:15:45","date_gmt":"2026-04-04T09:15:45","guid":{"rendered":"https:\/\/www.encontrasaogoncalo.com.br\/sobre\/sao-goncalo-avanca-na-climatizacao-das-unidades-escolares\/"},"modified":"2026-04-04T09:15:45","modified_gmt":"2026-04-04T09:15:45","slug":"sao-goncalo-avanca-na-climatizacao-das-unidades-escolares","status":"publish","type":"post","link":"https:\/\/www.encontrasaogoncalo.com.br\/sobre\/sao-goncalo-avanca-na-climatizacao-das-unidades-escolares\/","title":{"rendered":"S\u00e3o Gon\u00e7alo avan\u00e7a na climatiza\u00e7\u00e3o das unidades escolares"},"content":{"rendered":"<div class=\"558ebb280150f569344a3237cd236fe7\" data-index=\"1\" style=\"float: none; margin:0px;\">\n<!-- Anuncio display - global -->\r\n<ins class=\"adsbygoogle\"\r\n     style=\"display:block\"\r\n     data-ad-client=\"ca-pub-8585364105181520\"\r\n     data-ad-slot=\"8789329856\"\r\n     data-ad-format=\"auto\"\r\n     data-full-width-responsive=\"true\"><\/ins>\r\n<script>\r\n     (adsbygoogle = window.adsbygoogle || []).push({});\r\n<\/script>\n<\/div>\n<h2>Avan\u00e7os na Climatiza\u00e7\u00e3o das Escolas<\/h2>\n<p>A Prefeitura de S\u00e3o Gon\u00e7alo est\u00e1 realizando progressos significativos na climatiza\u00e7\u00e3o das suas unidades de ensino, um projeto que visa melhorar as condi\u00e7\u00f5es de aprendizado. At\u00e9 o momento, 43 escolas j\u00e1 receberam melhorias na climatiza\u00e7\u00e3o, enquanto outras seis est\u00e3o em fase de implementa\u00e7\u00e3o de ar condicionado. Antes desse esfor\u00e7o, em 2021, apenas 10 escolas contavam com sistemas de climatiza\u00e7\u00e3o, evidenciando um avan\u00e7o consider\u00e1vel sob a gest\u00e3o do governo Capit\u00e3o Nelson.<\/p>\n<p>Esse projeto foi estruturado com um planejamento cuidadoso, focado em oferecer ambientes mais confort\u00e1veis e frescos para estudantes e educadores. A implementa\u00e7\u00e3o dos sistemas de climatiza\u00e7\u00e3o est\u00e1 alinhada com o compromisso do governo em proporcionar condi\u00e7\u00f5es adequadas para o aprendizado.<\/p>\n<h2>O Impacto da Climatiza\u00e7\u00e3o no Aprendizado<\/h2>\n<p>Estudos demonstram que a temperatura adequada nas salas de aula \u00e9 fundamental para o desempenho dos alunos. Ambientes muito quentes podem causar desvio de aten\u00e7\u00e3o e cansa\u00e7o, enquanto aulas em espa\u00e7os climatizados t\u00eam mostrado resultados positivos em termos de concentra\u00e7\u00e3o e aproveitamento escolar. Escola Municipal S\u00e3o Miguel, por exemplo, j\u00e1 relatou melhorias na aten\u00e7\u00e3o dos alunos ap\u00f3s a instala\u00e7\u00e3o dos aparelhos de ar condicionado.<\/p>\n<p><img decoding=\"async\" src=\"https:\/\/www.encontrasaogoncalo.com.br\/sobre\/wp-content\/uploads\/sao-goncalo-avanca-na-climatizacao-das-unidades-escolares.webp\" alt=\"climatiza\u00e7\u00e3o escolar\" loading=\"lazy\" \/><\/p>\n<p>Al\u00e9m de favorecer a concentra\u00e7\u00e3o, a climatiza\u00e7\u00e3o tamb\u00e9m influencia o bem-estar dos alunos, promovendo um ambiente escolar mais saud\u00e1vel e prop\u00edcio ao aprendizado.<\/p>\n<h2>A Import\u00e2ncia do Conforto nas Salas de Aula<\/h2>\n<p>O conforto nas salas de aula est\u00e1 diretamente ligado ao desempenho escolar. Em ambientes climatizados, os alunos apresentam maior disposi\u00e7\u00e3o para participar das atividades, resultando em melhorias na aprendizagem. Segundo Maria de F\u00e1tima Andrade, professora da Escola Municipal S\u00e3o Miguel, &#8220;a climatiza\u00e7\u00e3o n\u00e3o apenas melhora a concentra\u00e7\u00e3o, mas tamb\u00e9m gera um ambiente onde os estudantes se sentem mais \u00e0 vontade e motivados para aprender&#8221;.<\/p>\n<p>Gestores e educadores percebem essa transforma\u00e7\u00e3o, reconhecendo que o conforto \u00e9 um dos pilares para uma educa\u00e7\u00e3o de qualidade.<\/p>\n<h2>Resultados da Climatiza\u00e7\u00e3o nas Unidades de Ensino<\/h2>\n<p>A climatiza\u00e7\u00e3o j\u00e1 trouxe resultados tang\u00edveis nas escolas que receberam as melhorias. O principal benef\u00edcio observado \u00e9 o aumento da concentra\u00e7\u00e3o dos alunos nas atividades pedag\u00f3gicas. Com salas mais frescas, as distra\u00e7\u00f5es causadas pelo calor diminu\u00edram, permitindo um aprendizado mais produtivo. Isso n\u00e3o \u00e9 apenas uma melhoria na infraestrutura, mas um passo significativo em dire\u00e7\u00e3o \u00e0 valoriza\u00e7\u00e3o da educa\u00e7\u00e3o na regi\u00e3o.<\/p>\n<h2>Como a Climatiza\u00e7\u00e3o Melhora a Concentra\u00e7\u00e3o dos Alunos<\/h2>\n<p>A instala\u00e7\u00e3o de sistemas de ar condicionado representa uma mudan\u00e7a importante na din\u00e2mica das aulas. Com temperaturas agrad\u00e1veis, os alunos podem focar mais nas li\u00e7\u00f5es sem as interrup\u00e7\u00f5es causadas pelo desconforto t\u00e9rmico. Essa mudan\u00e7a se traduz em um aumento do rendimento ao longo do dia letivo, assim como em atividades mais produtivas, onde os alunos se mostram mais engajados.<\/p>\n<h2>Depoimentos de Educadores sobre a Mudan\u00e7a<\/h2>\n<p>Os educadores t\u00eam compartilhado suas observa\u00e7\u00f5es sobre a nova realidade nas escolas climatizadas. Coment\u00e1rios como o de Maria de F\u00e1tima Andrade, que elogiou a aten\u00e7\u00e3o e a concentra\u00e7\u00e3o dos alunos ap\u00f3s a climatiza\u00e7\u00e3o, refletem um sentimento comum entre os profissionais de ensino. &#8220;\u00c9 gratificante ver nossos alunos t\u00e3o focados e confort\u00e1veis, isso impacta diretamente no processo de ensino-aprendizagem&#8221;, comentou a professora.<\/p>\n<h2>Um Guia para a Educa\u00e7\u00e3o de Qualidade em S\u00e3o Gon\u00e7alo<\/h2>\n<p>Com essa iniciativa de climatiza\u00e7\u00e3o, a cidade de S\u00e3o Gon\u00e7alo est\u00e1 se destacando na implementa\u00e7\u00e3o de pr\u00e1ticas que priorizam a qualidade da educa\u00e7\u00e3o. A climatiza\u00e7\u00e3o \u00e9 apenas um dos passos em um conjunto maior de a\u00e7\u00f5es que visam redefinir o ambiente escolar em termos de conforto e efici\u00eancia. Esse guia destaca a import\u00e2ncia de ambientes favor\u00e1veis, refletindo na melhoria da educa\u00e7\u00e3o e no aprendizado das crian\u00e7as e jovens.<\/p>\n<h2>Perspectivas Futuras para a Climatiza\u00e7\u00e3o Escolar<\/h2>\n<p>Olhar para o futuro \u00e9 essencial. O governo de S\u00e3o Gon\u00e7alo j\u00e1 planeja a expans\u00e3o desse projeto, com a previs\u00e3o de climatiza\u00e7\u00e3o para mais unidades escolares nos pr\u00f3ximos anos. A prioridade \u00e9 garantir que todas as escolas da rede p\u00fablica ofere\u00e7am um ambiente climatizado, igualando as condi\u00e7\u00f5es de aprendizado para todos os estudantes, independentemente da localiza\u00e7\u00e3o ou do hist\u00f3rico da institui\u00e7\u00e3o.<\/p>\n<h2>O Papel da Tecnologia na Educa\u00e7\u00e3o Moderna<\/h2>\n<p>Com a implementa\u00e7\u00e3o de tecnologias como os sistemas de climatiza\u00e7\u00e3o, as escolas n\u00e3o apenas melhoram as condi\u00e7\u00f5es f\u00edsicas, mas tamb\u00e9m contribuem para a educa\u00e7\u00e3o moderna. Dispositivos tecnol\u00f3gicos sint\u00f4nicos podem ser utilizados para monitorar a qualidade do ar e a efici\u00eancia do clima em ambientes escolares. Isso demonstra uma evolu\u00e7\u00e3o que busca integrar tecnologia e educa\u00e7\u00e3o visando um aprendizado de alta qualidade.<\/p>\n<h2>Compromisso com a Educa\u00e7\u00e3o e o Conforto<\/h2>\n<p>O compromisso exibido pela Prefeitura de S\u00e3o Gon\u00e7alo \u00e9 um forte indicativo de que as autoridades est\u00e3o atentas \u00e0s demandas da comunidade escolar. Proporcionar ambientes confort\u00e1veis \u00e9 um passo essencial para garantir que a educa\u00e7\u00e3o evolua. Dessa forma, a climatiza\u00e7\u00e3o \u00e9 uma iniciativa que n\u00e3o s\u00f3 promove o bem-estar dos alunos, mas tamb\u00e9m reflete o investimento na educa\u00e7\u00e3o do futuro.<\/p>\n<p>Neste contexto, a climatiza\u00e7\u00e3o escolar se mostra como um investimento essencial ao desempenho educacional, gerando um impacto positivo em toda a comunidade. A determina\u00e7\u00e3o em transformar as condi\u00e7\u00f5es das escolas \u00e9 vis\u00edvel, e as expectativas s\u00e3o altas para o que est\u00e1 por vir.<\/p>\n\n<div style=\"font-size: 0px; height: 0px; line-height: 0px; margin: 0; padding: 0; clear: both;\"><\/div>","protected":false},"excerpt":{"rendered":"<p>A climatiza\u00e7\u00e3o escolar em S\u00e3o Gon\u00e7alo traz esperan\u00e7a e conforto para todos os alunos.<\/p>\n","protected":false},"author":1,"featured_media":1856,"comment_status":"open","ping_status":"closed","sticky":false,"template":"","format":"standard","meta":{"footnotes":""},"categories":[6],"tags":[],"class_list":["post-1857","post","type-post","status-publish","format-standard","has-post-thumbnail","hentry","category-noticias-em-sao-goncalo","has_thumb"],"aioseo_notices":[],"aioseo_head":"\n\t\t<!-- All in One SEO 5.0.0.1 - aioseo.com -->\n\t<meta name=\"robots\" content=\"max-image-preview:large\" \/>\n\t<meta name=\"author\" content=\"Encontra S\u00e3o Gon\u00e7alo\"\/>\n\t<link rel=\"canonical\" href=\"https:\/\/www.encontrasaogoncalo.com.br\/sobre\/sao-goncalo-avanca-na-climatizacao-das-unidades-escolares\/\" \/>\n\t<meta name=\"generator\" content=\"All in One SEO (AIOSEO) 5.0.0.1\" \/>\n\t\t<meta property=\"og:locale\" content=\"pt_BR\" \/>\n\t\t<meta property=\"og:site_name\" content=\"Encontra S\u00e3o Gon\u00e7alo | Not\u00edcias, eventos, informa\u00e7\u00f5es e dicas da cidade de S\u00e3o Gon\u00e7alo e regi\u00e3o\" \/>\n\t\t<meta property=\"og:type\" content=\"article\" \/>\n\t\t<meta property=\"og:title\" content=\"S\u00e3o Gon\u00e7alo avan\u00e7a na climatiza\u00e7\u00e3o das unidades escolares | Encontra S\u00e3o Gon\u00e7alo\" \/>\n\t\t<meta property=\"og:url\" content=\"https:\/\/www.encontrasaogoncalo.com.br\/sobre\/sao-goncalo-avanca-na-climatizacao-das-unidades-escolares\/\" \/>\n\t\t<meta property=\"article:published_time\" content=\"2026-04-04T09:15:45+00:00\" \/>\n\t\t<meta property=\"article:modified_time\" content=\"2026-04-04T09:15:45+00:00\" \/>\n\t\t<meta name=\"twitter:card\" content=\"summary\" \/>\n\t\t<meta name=\"twitter:title\" content=\"S\u00e3o Gon\u00e7alo avan\u00e7a na climatiza\u00e7\u00e3o das unidades escolares | Encontra S\u00e3o Gon\u00e7alo\" \/>\n\t\t<script type=\"application\/ld+json\" class=\"aioseo-schema\">\n\t\t\t{\"@context\":\"https:\\\/\\\/schema.org\",\"@graph\":[{\"@type\":\"Article\",\"@id\":\"https:\\\/\\\/www.encontrasaogoncalo.com.br\\\/sobre\\\/sao-goncalo-avanca-na-climatizacao-das-unidades-escolares\\\/#article\",\"name\":\"S\\u00e3o Gon\\u00e7alo avan\\u00e7a na climatiza\\u00e7\\u00e3o das unidades escolares | Encontra S\\u00e3o Gon\\u00e7alo\",\"headline\":\"S\\u00e3o Gon\\u00e7alo avan\\u00e7a na climatiza\\u00e7\\u00e3o das unidades escolares\",\"author\":{\"@id\":\"https:\\\/\\\/www.encontrasaogoncalo.com.br\\\/sobre\\\/author\\\/esaogoncalo\\\/#author\"},\"publisher\":{\"@id\":\"https:\\\/\\\/www.encontrasaogoncalo.com.br\\\/sobre\\\/#organization\"},\"image\":{\"@type\":\"ImageObject\",\"url\":\"https:\\\/\\\/www.encontrasaogoncalo.com.br\\\/sobre\\\/wp-content\\\/uploads\\\/sao-goncalo-avanca-na-climatizacao-das-unidades-escolares.webp\",\"width\":280,\"height\":280,\"caption\":\"climatiza\\u00e7\\u00e3o escolar\"},\"datePublished\":\"2026-04-04T09:15:45+00:00\",\"dateModified\":\"2026-04-04T09:15:45+00:00\",\"inLanguage\":\"pt-BR\",\"mainEntityOfPage\":{\"@id\":\"https:\\\/\\\/www.encontrasaogoncalo.com.br\\\/sobre\\\/sao-goncalo-avanca-na-climatizacao-das-unidades-escolares\\\/#webpage\"},\"isPartOf\":{\"@id\":\"https:\\\/\\\/www.encontrasaogoncalo.com.br\\\/sobre\\\/sao-goncalo-avanca-na-climatizacao-das-unidades-escolares\\\/#webpage\"},\"articleSection\":\"Not\\u00edcias S\\u00e3o Gon\\u00e7alo\"},{\"@type\":\"BreadcrumbList\",\"@id\":\"https:\\\/\\\/www.encontrasaogoncalo.com.br\\\/sobre\\\/sao-goncalo-avanca-na-climatizacao-das-unidades-escolares\\\/#breadcrumblist\",\"itemListElement\":[{\"@type\":\"ListItem\",\"@id\":\"https:\\\/\\\/www.encontrasaogoncalo.com.br\\\/sobre#listItem\",\"position\":1,\"name\":\"In\\u00edcio\",\"item\":\"https:\\\/\\\/www.encontrasaogoncalo.com.br\\\/sobre\",\"nextItem\":{\"@type\":\"ListItem\",\"@id\":\"https:\\\/\\\/www.encontrasaogoncalo.com.br\\\/sobre\\\/noticias-em-sao-goncalo\\\/#listItem\",\"name\":\"Not\\u00edcias S\\u00e3o Gon\\u00e7alo\"}},{\"@type\":\"ListItem\",\"@id\":\"https:\\\/\\\/www.encontrasaogoncalo.com.br\\\/sobre\\\/noticias-em-sao-goncalo\\\/#listItem\",\"position\":2,\"name\":\"Not\\u00edcias S\\u00e3o Gon\\u00e7alo\",\"item\":\"https:\\\/\\\/www.encontrasaogoncalo.com.br\\\/sobre\\\/noticias-em-sao-goncalo\\\/\",\"nextItem\":{\"@type\":\"ListItem\",\"@id\":\"https:\\\/\\\/www.encontrasaogoncalo.com.br\\\/sobre\\\/sao-goncalo-avanca-na-climatizacao-das-unidades-escolares\\\/#listItem\",\"name\":\"S\\u00e3o Gon\\u00e7alo avan\\u00e7a na climatiza\\u00e7\\u00e3o das unidades escolares\"},\"previousItem\":{\"@type\":\"ListItem\",\"@id\":\"https:\\\/\\\/www.encontrasaogoncalo.com.br\\\/sobre#listItem\",\"name\":\"In\\u00edcio\"}},{\"@type\":\"ListItem\",\"@id\":\"https:\\\/\\\/www.encontrasaogoncalo.com.br\\\/sobre\\\/sao-goncalo-avanca-na-climatizacao-das-unidades-escolares\\\/#listItem\",\"position\":3,\"name\":\"S\\u00e3o Gon\\u00e7alo avan\\u00e7a na climatiza\\u00e7\\u00e3o das unidades escolares\",\"previousItem\":{\"@type\":\"ListItem\",\"@id\":\"https:\\\/\\\/www.encontrasaogoncalo.com.br\\\/sobre\\\/noticias-em-sao-goncalo\\\/#listItem\",\"name\":\"Not\\u00edcias S\\u00e3o Gon\\u00e7alo\"}}]},{\"@type\":\"Organization\",\"@id\":\"https:\\\/\\\/www.encontrasaogoncalo.com.br\\\/sobre\\\/#organization\",\"name\":\"Encontra S\\u00e3o Gon\\u00e7alo\",\"description\":\"Not\\u00edcias, eventos, informa\\u00e7\\u00f5es e dicas da cidade de S\\u00e3o Gon\\u00e7alo e regi\\u00e3o\",\"url\":\"https:\\\/\\\/www.encontrasaogoncalo.com.br\\\/sobre\\\/\"},{\"@type\":\"Person\",\"@id\":\"https:\\\/\\\/www.encontrasaogoncalo.com.br\\\/sobre\\\/author\\\/esaogoncalo\\\/#author\",\"url\":\"https:\\\/\\\/www.encontrasaogoncalo.com.br\\\/sobre\\\/author\\\/esaogoncalo\\\/\",\"name\":\"Encontra S\\u00e3o Gon\\u00e7alo\",\"image\":{\"@type\":\"ImageObject\",\"@id\":\"https:\\\/\\\/www.encontrasaogoncalo.com.br\\\/sobre\\\/sao-goncalo-avanca-na-climatizacao-das-unidades-escolares\\\/#authorImage\",\"url\":\"https:\\\/\\\/secure.gravatar.com\\\/avatar\\\/507340682b8270222e1f208e23198b6ae7e2c6a1033ae84e99bc6bce4f82a387?s=96&d=mm&r=g\",\"width\":96,\"height\":96,\"caption\":\"Encontra S\\u00e3o Gon\\u00e7alo\"}},{\"@type\":\"WebPage\",\"@id\":\"https:\\\/\\\/www.encontrasaogoncalo.com.br\\\/sobre\\\/sao-goncalo-avanca-na-climatizacao-das-unidades-escolares\\\/#webpage\",\"url\":\"https:\\\/\\\/www.encontrasaogoncalo.com.br\\\/sobre\\\/sao-goncalo-avanca-na-climatizacao-das-unidades-escolares\\\/\",\"name\":\"S\\u00e3o Gon\\u00e7alo avan\\u00e7a na climatiza\\u00e7\\u00e3o das unidades escolares | Encontra S\\u00e3o Gon\\u00e7alo\",\"inLanguage\":\"pt-BR\",\"isPartOf\":{\"@id\":\"https:\\\/\\\/www.encontrasaogoncalo.com.br\\\/sobre\\\/#website\"},\"breadcrumb\":{\"@id\":\"https:\\\/\\\/www.encontrasaogoncalo.com.br\\\/sobre\\\/sao-goncalo-avanca-na-climatizacao-das-unidades-escolares\\\/#breadcrumblist\"},\"author\":{\"@id\":\"https:\\\/\\\/www.encontrasaogoncalo.com.br\\\/sobre\\\/author\\\/esaogoncalo\\\/#author\"},\"creator\":{\"@id\":\"https:\\\/\\\/www.encontrasaogoncalo.com.br\\\/sobre\\\/author\\\/esaogoncalo\\\/#author\"},\"image\":{\"@type\":\"ImageObject\",\"url\":\"https:\\\/\\\/www.encontrasaogoncalo.com.br\\\/sobre\\\/wp-content\\\/uploads\\\/sao-goncalo-avanca-na-climatizacao-das-unidades-escolares.webp\",\"@id\":\"https:\\\/\\\/www.encontrasaogoncalo.com.br\\\/sobre\\\/sao-goncalo-avanca-na-climatizacao-das-unidades-escolares\\\/#mainImage\",\"width\":280,\"height\":280,\"caption\":\"climatiza\\u00e7\\u00e3o escolar\"},\"primaryImageOfPage\":{\"@id\":\"https:\\\/\\\/www.encontrasaogoncalo.com.br\\\/sobre\\\/sao-goncalo-avanca-na-climatizacao-das-unidades-escolares\\\/#mainImage\"},\"datePublished\":\"2026-04-04T09:15:45+00:00\",\"dateModified\":\"2026-04-04T09:15:45+00:00\"},{\"@type\":\"WebSite\",\"@id\":\"https:\\\/\\\/www.encontrasaogoncalo.com.br\\\/sobre\\\/#website\",\"url\":\"https:\\\/\\\/www.encontrasaogoncalo.com.br\\\/sobre\\\/\",\"name\":\"Encontra S\\u00e3o Gon\\u00e7alo\",\"description\":\"Not\\u00edcias, eventos, informa\\u00e7\\u00f5es e dicas da cidade de S\\u00e3o Gon\\u00e7alo e regi\\u00e3o\",\"inLanguage\":\"pt-BR\",\"publisher\":{\"@id\":\"https:\\\/\\\/www.encontrasaogoncalo.com.br\\\/sobre\\\/#organization\"}}]}\n\t\t<\/script>\n\t\t<!-- All in One SEO -->\n\n","aioseo_head_json":{"title":"S\u00e3o Gon\u00e7alo avan\u00e7a na climatiza\u00e7\u00e3o das unidades escolares | Encontra S\u00e3o Gon\u00e7alo","description":"","canonical_url":"https:\/\/www.encontrasaogoncalo.com.br\/sobre\/sao-goncalo-avanca-na-climatizacao-das-unidades-escolares\/","robots":"max-image-preview:large","keywords":"","webmasterTools":{"miscellaneous":""},"schema":{"@context":"https:\/\/schema.org","@graph":[{"@type":"Article","@id":"https:\/\/www.encontrasaogoncalo.com.br\/sobre\/sao-goncalo-avanca-na-climatizacao-das-unidades-escolares\/#article","name":"S\u00e3o Gon\u00e7alo avan\u00e7a na climatiza\u00e7\u00e3o das unidades escolares | Encontra S\u00e3o Gon\u00e7alo","headline":"S\u00e3o Gon\u00e7alo avan\u00e7a na climatiza\u00e7\u00e3o das unidades escolares","author":{"@id":"https:\/\/www.encontrasaogoncalo.com.br\/sobre\/author\/esaogoncalo\/#author"},"publisher":{"@id":"https:\/\/www.encontrasaogoncalo.com.br\/sobre\/#organization"},"image":{"@type":"ImageObject","url":"https:\/\/www.encontrasaogoncalo.com.br\/sobre\/wp-content\/uploads\/sao-goncalo-avanca-na-climatizacao-das-unidades-escolares.webp","width":280,"height":280,"caption":"climatiza\u00e7\u00e3o escolar"},"datePublished":"2026-04-04T09:15:45+00:00","dateModified":"2026-04-04T09:15:45+00:00","inLanguage":"pt-BR","mainEntityOfPage":{"@id":"https:\/\/www.encontrasaogoncalo.com.br\/sobre\/sao-goncalo-avanca-na-climatizacao-das-unidades-escolares\/#webpage"},"isPartOf":{"@id":"https:\/\/www.encontrasaogoncalo.com.br\/sobre\/sao-goncalo-avanca-na-climatizacao-das-unidades-escolares\/#webpage"},"articleSection":"Not\u00edcias S\u00e3o Gon\u00e7alo"},{"@type":"BreadcrumbList","@id":"https:\/\/www.encontrasaogoncalo.com.br\/sobre\/sao-goncalo-avanca-na-climatizacao-das-unidades-escolares\/#breadcrumblist","itemListElement":[{"@type":"ListItem","@id":"https:\/\/www.encontrasaogoncalo.com.br\/sobre#listItem","position":1,"name":"In\u00edcio","item":"https:\/\/www.encontrasaogoncalo.com.br\/sobre","nextItem":{"@type":"ListItem","@id":"https:\/\/www.encontrasaogoncalo.com.br\/sobre\/noticias-em-sao-goncalo\/#listItem","name":"Not\u00edcias S\u00e3o Gon\u00e7alo"}},{"@type":"ListItem","@id":"https:\/\/www.encontrasaogoncalo.com.br\/sobre\/noticias-em-sao-goncalo\/#listItem","position":2,"name":"Not\u00edcias S\u00e3o Gon\u00e7alo","item":"https:\/\/www.encontrasaogoncalo.com.br\/sobre\/noticias-em-sao-goncalo\/","nextItem":{"@type":"ListItem","@id":"https:\/\/www.encontrasaogoncalo.com.br\/sobre\/sao-goncalo-avanca-na-climatizacao-das-unidades-escolares\/#listItem","name":"S\u00e3o Gon\u00e7alo avan\u00e7a na climatiza\u00e7\u00e3o das unidades escolares"},"previousItem":{"@type":"ListItem","@id":"https:\/\/www.encontrasaogoncalo.com.br\/sobre#listItem","name":"In\u00edcio"}},{"@type":"ListItem","@id":"https:\/\/www.encontrasaogoncalo.com.br\/sobre\/sao-goncalo-avanca-na-climatizacao-das-unidades-escolares\/#listItem","position":3,"name":"S\u00e3o Gon\u00e7alo avan\u00e7a na climatiza\u00e7\u00e3o das unidades escolares","previousItem":{"@type":"ListItem","@id":"https:\/\/www.encontrasaogoncalo.com.br\/sobre\/noticias-em-sao-goncalo\/#listItem","name":"Not\u00edcias S\u00e3o Gon\u00e7alo"}}]},{"@type":"Organization","@id":"https:\/\/www.encontrasaogoncalo.com.br\/sobre\/#organization","name":"Encontra S\u00e3o Gon\u00e7alo","description":"Not\u00edcias, eventos, informa\u00e7\u00f5es e dicas da cidade de S\u00e3o Gon\u00e7alo e regi\u00e3o","url":"https:\/\/www.encontrasaogoncalo.com.br\/sobre\/"},{"@type":"Person","@id":"https:\/\/www.encontrasaogoncalo.com.br\/sobre\/author\/esaogoncalo\/#author","url":"https:\/\/www.encontrasaogoncalo.com.br\/sobre\/author\/esaogoncalo\/","name":"Encontra S\u00e3o Gon\u00e7alo","image":{"@type":"ImageObject","@id":"https:\/\/www.encontrasaogoncalo.com.br\/sobre\/sao-goncalo-avanca-na-climatizacao-das-unidades-escolares\/#authorImage","url":"https:\/\/secure.gravatar.com\/avatar\/507340682b8270222e1f208e23198b6ae7e2c6a1033ae84e99bc6bce4f82a387?s=96&d=mm&r=g","width":96,"height":96,"caption":"Encontra S\u00e3o Gon\u00e7alo"}},{"@type":"WebPage","@id":"https:\/\/www.encontrasaogoncalo.com.br\/sobre\/sao-goncalo-avanca-na-climatizacao-das-unidades-escolares\/#webpage","url":"https:\/\/www.encontrasaogoncalo.com.br\/sobre\/sao-goncalo-avanca-na-climatizacao-das-unidades-escolares\/","name":"S\u00e3o Gon\u00e7alo avan\u00e7a na climatiza\u00e7\u00e3o das unidades escolares | Encontra S\u00e3o Gon\u00e7alo","inLanguage":"pt-BR","isPartOf":{"@id":"https:\/\/www.encontrasaogoncalo.com.br\/sobre\/#website"},"breadcrumb":{"@id":"https:\/\/www.encontrasaogoncalo.com.br\/sobre\/sao-goncalo-avanca-na-climatizacao-das-unidades-escolares\/#breadcrumblist"},"author":{"@id":"https:\/\/www.encontrasaogoncalo.com.br\/sobre\/author\/esaogoncalo\/#author"},"creator":{"@id":"https:\/\/www.encontrasaogoncalo.com.br\/sobre\/author\/esaogoncalo\/#author"},"image":{"@type":"ImageObject","url":"https:\/\/www.encontrasaogoncalo.com.br\/sobre\/wp-content\/uploads\/sao-goncalo-avanca-na-climatizacao-das-unidades-escolares.webp","@id":"https:\/\/www.encontrasaogoncalo.com.br\/sobre\/sao-goncalo-avanca-na-climatizacao-das-unidades-escolares\/#mainImage","width":280,"height":280,"caption":"climatiza\u00e7\u00e3o escolar"},"primaryImageOfPage":{"@id":"https:\/\/www.encontrasaogoncalo.com.br\/sobre\/sao-goncalo-avanca-na-climatizacao-das-unidades-escolares\/#mainImage"},"datePublished":"2026-04-04T09:15:45+00:00","dateModified":"2026-04-04T09:15:45+00:00"},{"@type":"WebSite","@id":"https:\/\/www.encontrasaogoncalo.com.br\/sobre\/#website","url":"https:\/\/www.encontrasaogoncalo.com.br\/sobre\/","name":"Encontra S\u00e3o Gon\u00e7alo","description":"Not\u00edcias, eventos, informa\u00e7\u00f5es e dicas da cidade de S\u00e3o Gon\u00e7alo e regi\u00e3o","inLanguage":"pt-BR","publisher":{"@id":"https:\/\/www.encontrasaogoncalo.com.br\/sobre\/#organization"}}]},"og:locale":"pt_BR","og:site_name":"Encontra S\u00e3o Gon\u00e7alo | Not\u00edcias, eventos, informa\u00e7\u00f5es e dicas da cidade de S\u00e3o Gon\u00e7alo e regi\u00e3o","og:type":"article","og:title":"S\u00e3o Gon\u00e7alo avan\u00e7a na climatiza\u00e7\u00e3o das unidades escolares | Encontra S\u00e3o Gon\u00e7alo","og:url":"https:\/\/www.encontrasaogoncalo.com.br\/sobre\/sao-goncalo-avanca-na-climatizacao-das-unidades-escolares\/","article:published_time":"2026-04-04T09:15:45+00:00","article:modified_time":"2026-04-04T09:15:45+00:00","twitter:card":"summary","twitter:title":"S\u00e3o Gon\u00e7alo avan\u00e7a na climatiza\u00e7\u00e3o das unidades escolares | Encontra S\u00e3o Gon\u00e7alo"},"aioseo_meta_data":{"post_id":"1857","title":null,"description":null,"keywords":null,"keyphrases":null,"primary_term":null,"canonical_url":null,"og_title":null,"og_description":null,"og_object_type":"default","og_image_type":"default","og_image_url":null,"og_image_width":null,"og_image_height":null,"og_image_custom_url":null,"og_image_custom_fields":null,"og_video":null,"og_custom_url":null,"og_article_section":null,"og_article_tags":null,"twitter_use_og":false,"twitter_card":"default","twitter_image_type":"default","twitter_image_url":null,"twitter_image_custom_url":null,"twitter_image_custom_fields":null,"twitter_title":null,"twitter_description":null,"schema":{"blockGraphs":[],"customGraphs":[],"default":{"data":{"Article":[],"Course":[],"Dataset":[],"FAQPage":[],"Movie":[],"Person":[],"Product":[],"ProductReview":[],"Car":[],"Recipe":[],"Service":[],"SoftwareApplication":[],"WebPage":[]},"graphName":"Article","isEnabled":true},"graphs":[]},"schema_type":"default","schema_type_options":null,"pillar_content":false,"robots_default":true,"robots_noindex":false,"robots_noarchive":false,"robots_nosnippet":false,"robots_nofollow":false,"robots_noimageindex":false,"robots_noodp":false,"robots_notranslate":false,"robots_max_snippet":null,"robots_max_videopreview":null,"robots_max_imagepreview":"large","priority":null,"frequency":null,"local_seo":null,"breadcrumb_settings":null,"limit_modified_date":false,"ai":null,"created":"2026-04-04 09:15:49","updated":"2026-04-04 09:29:51","focus_keyword":null,"additional_keywords":null,"truseo_locale":null,"seo_analyzer_scan_date":null},"aioseo_breadcrumb":"<div class=\"aioseo-breadcrumbs\"><span class=\"aioseo-breadcrumb\">\n\t\t\t<a href=\"https:\/\/www.encontrasaogoncalo.com.br\/sobre\" title=\"In\u00edcio\">In\u00edcio<\/a>\n\t\t<\/span><span class=\"aioseo-breadcrumb-separator\">&raquo;<\/span><span class=\"aioseo-breadcrumb\">\n\t\t\t<a href=\"https:\/\/www.encontrasaogoncalo.com.br\/sobre\/noticias-em-sao-goncalo\/\" title=\"Not\u00edcias S\u00e3o Gon\u00e7alo\">Not\u00edcias S\u00e3o Gon\u00e7alo<\/a>\n\t\t<\/span><span class=\"aioseo-breadcrumb-separator\">&raquo;<\/span><span class=\"aioseo-breadcrumb\">\n\t\t\tS\u00e3o Gon\u00e7alo avan\u00e7a na climatiza\u00e7\u00e3o das unidades escolares\n\t\t<\/span><\/div>","aioseo_breadcrumb_json":[{"label":"In\u00edcio","link":"https:\/\/www.encontrasaogoncalo.com.br\/sobre"},{"label":"Not\u00edcias S\u00e3o Gon\u00e7alo","link":"https:\/\/www.encontrasaogoncalo.com.br\/sobre\/noticias-em-sao-goncalo\/"},{"label":"S\u00e3o Gon\u00e7alo avan\u00e7a na climatiza\u00e7\u00e3o das unidades escolares","link":"https:\/\/www.encontrasaogoncalo.com.br\/sobre\/sao-goncalo-avanca-na-climatizacao-das-unidades-escolares\/"}],"_links":{"self":[{"href":"https:\/\/www.encontrasaogoncalo.com.br\/sobre\/wp-json\/wp\/v2\/posts\/1857","targetHints":{"allow":["GET"]}}],"collection":[{"href":"https:\/\/www.encontrasaogoncalo.com.br\/sobre\/wp-json\/wp\/v2\/posts"}],"about":[{"href":"https:\/\/www.encontrasaogoncalo.com.br\/sobre\/wp-json\/wp\/v2\/types\/post"}],"author":[{"embeddable":true,"href":"https:\/\/www.encontrasaogoncalo.com.br\/sobre\/wp-json\/wp\/v2\/users\/1"}],"replies":[{"embeddable":true,"href":"https:\/\/www.encontrasaogoncalo.com.br\/sobre\/wp-json\/wp\/v2\/comments?post=1857"}],"version-history":[{"count":0,"href":"https:\/\/www.encontrasaogoncalo.com.br\/sobre\/wp-json\/wp\/v2\/posts\/1857\/revisions"}],"wp:featuredmedia":[{"embeddable":true,"href":"https:\/\/www.encontrasaogoncalo.com.br\/sobre\/wp-json\/wp\/v2\/media\/1856"}],"wp:attachment":[{"href":"https:\/\/www.encontrasaogoncalo.com.br\/sobre\/wp-json\/wp\/v2\/media?parent=1857"}],"wp:term":[{"taxonomy":"category","embeddable":true,"href":"https:\/\/www.encontrasaogoncalo.com.br\/sobre\/wp-json\/wp\/v2\/categories?post=1857"},{"taxonomy":"post_tag","embeddable":true,"href":"https:\/\/www.encontrasaogoncalo.com.br\/sobre\/wp-json\/wp\/v2\/tags?post=1857"}],"curies":[{"name":"wp","href":"https:\/\/api.w.org\/{rel}","templated":true}]}}