{"id":1861,"date":"2026-04-05T09:27:39","date_gmt":"2026-04-05T09:27:39","guid":{"rendered":"https:\/\/www.encontrasaogoncalo.com.br\/sobre\/caravana-de-arte-e-lazer-vai-animar-pracas-do-coroado-e-ze-garoto-neste-fim-de-semana\/"},"modified":"2026-04-05T09:27:39","modified_gmt":"2026-04-05T09:27:39","slug":"caravana-de-arte-e-lazer-vai-animar-pracas-do-coroado-e-ze-garoto-neste-fim-de-semana","status":"publish","type":"post","link":"https:\/\/www.encontrasaogoncalo.com.br\/sobre\/caravana-de-arte-e-lazer-vai-animar-pracas-do-coroado-e-ze-garoto-neste-fim-de-semana\/","title":{"rendered":"Caravana de Arte e Lazer vai animar pra\u00e7as do Coroado e Z\u00e9 Garoto neste fim de semana"},"content":{"rendered":"<div class=\"558ebb280150f569344a3237cd236fe7\" data-index=\"1\" style=\"float: none; margin:0px;\">\n<!-- Anuncio display - global -->\r\n<ins class=\"adsbygoogle\"\r\n     style=\"display:block\"\r\n     data-ad-client=\"ca-pub-8585364105181520\"\r\n     data-ad-slot=\"8789329856\"\r\n     data-ad-format=\"auto\"\r\n     data-full-width-responsive=\"true\"><\/ins>\r\n<script>\r\n     (adsbygoogle = window.adsbygoogle || []).push({});\r\n<\/script>\n<\/div>\n<h2>O que \u00e9 a Caravana de Arte e Lazer?<\/h2>\n<p>A <strong>Caravana de Arte e Lazer<\/strong> \u00e9 um projeto social desenvolvendo iniciativas recreativas nas pra\u00e7as de S\u00e3o Gon\u00e7alo, oferecendo um espa\u00e7o onde as crian\u00e7as e suas fam\u00edlias podem desfrutar de diversas atividades culturais e de lazer. O evento \u00e9 gratuito e visa promover inclus\u00e3o, intera\u00e7\u00e3o e divers\u00e3o entre os moradores da cidade.<\/p>\n<h2>Atividades oferecidas para as crian\u00e7as<\/h2>\n<p>No evento, h\u00e1 uma ampla gama de atividades voltadas para a garotada. Algumas das op\u00e7\u00f5es incluem:<\/p>\n<ul>\n<li><strong>Brincadeiras interativas:<\/strong> Jogos variados que estimulam a socializa\u00e7\u00e3o e a criatividade.<\/li>\n<li><strong>Pula-pula e escorregador infl\u00e1vel:<\/strong> Estruturas que garantem horas de divers\u00e3o e movimento.<\/li>\n<li><strong>Pintura de rosto:<\/strong> Uma atividade que permite \u00e0s crian\u00e7as expressarem sua criatividade.<\/li>\n<li><strong>Personagens tem\u00e1ticos:<\/strong> Animadores fantasiados que encantam os pequenos e trazem um toque de magia ao evento.<\/li>\n<li><strong>M\u00fasica ao vivo:<\/strong> Apresenta\u00e7\u00f5es que animam o ambiente e promovem uma experi\u00eancia festiva.<\/li>\n<\/ul>\n<h2>Hor\u00e1rios e locais do evento<\/h2>\n<p>A Caravana de Arte e Lazer acontece em dois dias consecutivos:<\/p>\n<p><img decoding=\"async\" src=\"https:\/\/www.encontrasaogoncalo.com.br\/sobre\/wp-content\/uploads\/caravana-de-arte-e-lazer-vai-animar-pracas-do-coroado-e-ze-garoto-neste-fim-de-semana.webp\" alt=\"Caravana de Arte e Lazer\" loading=\"lazy\" \/><\/p>\n<ul>\n<li><strong>S\u00e1bado (14 de mar\u00e7o):<\/strong> Pra\u00e7as do Coroado, das 9h \u00e0s 13h.<\/li>\n<li><strong>Domingo (15 de mar\u00e7o):<\/strong> Pra\u00e7a Z\u00e9 Garoto, das 9h \u00e0s 13h.<\/li>\n<\/ul>\n<h2>A import\u00e2ncia do lazer para as fam\u00edlias<\/h2>\n<p>Momentos de lazer s\u00e3o essenciais para o desenvolvimento infantil e o fortalecimento dos la\u00e7os familiares. Com iniciativas como a Caravana de Arte e Lazer, as fam\u00edlias podem se conectar e criar mem\u00f3rias valiosas. Al\u00e9m de contribuir para a sa\u00fade mental, essas atividades promovem intera\u00e7\u00e3o social e o bem-estar da comunidade.<\/p>\n<h2>Como participar deste evento gratuito<\/h2>\n<p>A participa\u00e7\u00e3o na Caravana de Arte e Lazer \u00e9 totalmente gratuita e aberta a todos. Para participar, basta comparecer aos locais e hor\u00e1rios determinados, trazer a fam\u00edlia, e aproveitar toda a programa\u00e7\u00e3o. Sem necessidade de inscri\u00e7\u00e3o, todos s\u00e3o bem-vindos!<\/p>\n<h2>Depoimentos de quem j\u00e1 participou<\/h2>\n<p>Os eventos anteriores t\u00eam sido um sucesso entre os moradores. Os feedbacks positivos s\u00e3o numerosos:<\/p>\n<blockquote>\n<p>\u201cAs crian\u00e7as adoram! \u00c9 a oportunidade perfeita para elas brincarem e interagirem.\u201d \u2013 Maria, m\u00e3e de duas crian\u00e7as.<\/p>\n<\/blockquote>\n<blockquote>\n<p>\u201c\u00c9 sempre uma experi\u00eancia incr\u00edvel. As crian\u00e7as aprendem a socializar e se divertem muito!\u201d \u2013 Jo\u00e3o, av\u00f4 que leva seus netos ao evento.<\/p>\n<\/blockquote>\n<h2>Hist\u00f3ria da Caravana de Arte e Lazer<\/h2>\n<p>A Caravana de Arte e Lazer foi iniciada pela <strong>Funda\u00e7\u00e3o de Artes, Esporte e Lazer de S\u00e3o Gon\u00e7alo (Faelsg)<\/strong>, com o objetivo de democratizar o acesso a atividades culturais e recreativas. Desde sua cria\u00e7\u00e3o, o projeto j\u00e1 atendeu milhares de crian\u00e7as e fam\u00edlias, contribuindo para o fortalecimento da comunidade.<\/p>\n<h2>O papel da Funda\u00e7\u00e3o de Artes, Esporte e Lazer<\/h2>\n<p>A Faelsg \u00e9 respons\u00e1vel por diversas a\u00e7\u00f5es que promovem a cultura, o esporte e o lazer em S\u00e3o Gon\u00e7alo. A funda\u00e7\u00e3o busca constantemente desenvolver programa\u00e7\u00f5es que integrem a popula\u00e7\u00e3o e incentive a pr\u00e1tica de atividades saud\u00e1veis e de entretenimento.<\/p>\n<h2>O impacto da Caravana na comunidade<\/h2>\n<p>Os efeitos da Caravana de Arte e Lazer v\u00e3o al\u00e9m da divers\u00e3o; a iniciativa fortalece as rela\u00e7\u00f5es comunit\u00e1rias e promove a inclus\u00e3o social. Atrav\u00e9s do lazer, fam\u00edlias e crian\u00e7as t\u00eam a oportunidade de interagir, o que contribui para a forma\u00e7\u00e3o de um senso de comunidade.<\/p>\n<h2>Expectativas para edi\u00e7\u00f5es futuras<\/h2>\n<p>Com o sucesso crescente da Caravana, as expectativas para as pr\u00f3ximas edi\u00e7\u00f5es s\u00e3o altas. A continuidade do evento ajudar\u00e1 a expandir as atividades oferecidas, possibilitando a inclus\u00e3o de novas atra\u00e7\u00f5es e, consequentemente, beneficiando ainda mais fam\u00edlias s\u00e3o-gon\u00e7alenses. A proposta \u00e9 tornar essas tardes de divers\u00e3o cada vez mais abrangentes e inesquec\u00edveis.<\/p>\n\n<div style=\"font-size: 0px; height: 0px; line-height: 0px; margin: 0; padding: 0; clear: both;\"><\/div>","protected":false},"excerpt":{"rendered":"<p>Caravana de Arte e Lazer traz entretenimento e alegria para fam\u00edlias neste fim de semana.<\/p>\n","protected":false},"author":1,"featured_media":1860,"comment_status":"open","ping_status":"closed","sticky":false,"template":"","format":"standard","meta":{"footnotes":""},"categories":[6],"tags":[],"class_list":["post-1861","post","type-post","status-publish","format-standard","has-post-thumbnail","hentry","category-noticias-em-sao-goncalo","has_thumb"],"aioseo_notices":[],"aioseo_head":"\n\t\t<!-- All in One SEO 5.0.0.1 - aioseo.com -->\n\t<meta name=\"robots\" content=\"max-image-preview:large\" \/>\n\t<meta name=\"author\" content=\"Encontra S\u00e3o Gon\u00e7alo\"\/>\n\t<link rel=\"canonical\" href=\"https:\/\/www.encontrasaogoncalo.com.br\/sobre\/caravana-de-arte-e-lazer-vai-animar-pracas-do-coroado-e-ze-garoto-neste-fim-de-semana\/\" \/>\n\t<meta name=\"generator\" content=\"All in One SEO (AIOSEO) 5.0.0.1\" \/>\n\t\t<meta property=\"og:locale\" content=\"pt_BR\" \/>\n\t\t<meta property=\"og:site_name\" content=\"Encontra S\u00e3o Gon\u00e7alo | Not\u00edcias, eventos, informa\u00e7\u00f5es e dicas da cidade de S\u00e3o Gon\u00e7alo e regi\u00e3o\" \/>\n\t\t<meta property=\"og:type\" content=\"article\" \/>\n\t\t<meta property=\"og:title\" content=\"Caravana de Arte e Lazer vai animar pra\u00e7as do Coroado e Z\u00e9 Garoto neste fim de semana | Encontra S\u00e3o Gon\u00e7alo\" \/>\n\t\t<meta property=\"og:url\" content=\"https:\/\/www.encontrasaogoncalo.com.br\/sobre\/caravana-de-arte-e-lazer-vai-animar-pracas-do-coroado-e-ze-garoto-neste-fim-de-semana\/\" \/>\n\t\t<meta property=\"article:published_time\" content=\"2026-04-05T09:27:39+00:00\" \/>\n\t\t<meta property=\"article:modified_time\" content=\"2026-04-05T09:27:39+00:00\" \/>\n\t\t<meta name=\"twitter:card\" content=\"summary\" \/>\n\t\t<meta name=\"twitter:title\" content=\"Caravana de Arte e Lazer vai animar pra\u00e7as do Coroado e Z\u00e9 Garoto neste fim de semana | Encontra S\u00e3o Gon\u00e7alo\" \/>\n\t\t<script type=\"application\/ld+json\" class=\"aioseo-schema\">\n\t\t\t{\"@context\":\"https:\\\/\\\/schema.org\",\"@graph\":[{\"@type\":\"Article\",\"@id\":\"https:\\\/\\\/www.encontrasaogoncalo.com.br\\\/sobre\\\/caravana-de-arte-e-lazer-vai-animar-pracas-do-coroado-e-ze-garoto-neste-fim-de-semana\\\/#article\",\"name\":\"Caravana de Arte e Lazer vai animar pra\\u00e7as do Coroado e Z\\u00e9 Garoto neste fim de semana | Encontra S\\u00e3o Gon\\u00e7alo\",\"headline\":\"Caravana de Arte e Lazer vai animar pra\\u00e7as do Coroado e Z\\u00e9 Garoto neste fim de semana\",\"author\":{\"@id\":\"https:\\\/\\\/www.encontrasaogoncalo.com.br\\\/sobre\\\/author\\\/esaogoncalo\\\/#author\"},\"publisher\":{\"@id\":\"https:\\\/\\\/www.encontrasaogoncalo.com.br\\\/sobre\\\/#organization\"},\"image\":{\"@type\":\"ImageObject\",\"url\":\"https:\\\/\\\/www.encontrasaogoncalo.com.br\\\/sobre\\\/wp-content\\\/uploads\\\/caravana-de-arte-e-lazer-vai-animar-pracas-do-coroado-e-ze-garoto-neste-fim-de-semana.webp\",\"width\":280,\"height\":280,\"caption\":\"Caravana de Arte e Lazer\"},\"datePublished\":\"2026-04-05T09:27:39+00:00\",\"dateModified\":\"2026-04-05T09:27:39+00:00\",\"inLanguage\":\"pt-BR\",\"mainEntityOfPage\":{\"@id\":\"https:\\\/\\\/www.encontrasaogoncalo.com.br\\\/sobre\\\/caravana-de-arte-e-lazer-vai-animar-pracas-do-coroado-e-ze-garoto-neste-fim-de-semana\\\/#webpage\"},\"isPartOf\":{\"@id\":\"https:\\\/\\\/www.encontrasaogoncalo.com.br\\\/sobre\\\/caravana-de-arte-e-lazer-vai-animar-pracas-do-coroado-e-ze-garoto-neste-fim-de-semana\\\/#webpage\"},\"articleSection\":\"Not\\u00edcias S\\u00e3o Gon\\u00e7alo\"},{\"@type\":\"BreadcrumbList\",\"@id\":\"https:\\\/\\\/www.encontrasaogoncalo.com.br\\\/sobre\\\/caravana-de-arte-e-lazer-vai-animar-pracas-do-coroado-e-ze-garoto-neste-fim-de-semana\\\/#breadcrumblist\",\"itemListElement\":[{\"@type\":\"ListItem\",\"@id\":\"https:\\\/\\\/www.encontrasaogoncalo.com.br\\\/sobre#listItem\",\"position\":1,\"name\":\"In\\u00edcio\",\"item\":\"https:\\\/\\\/www.encontrasaogoncalo.com.br\\\/sobre\",\"nextItem\":{\"@type\":\"ListItem\",\"@id\":\"https:\\\/\\\/www.encontrasaogoncalo.com.br\\\/sobre\\\/noticias-em-sao-goncalo\\\/#listItem\",\"name\":\"Not\\u00edcias S\\u00e3o Gon\\u00e7alo\"}},{\"@type\":\"ListItem\",\"@id\":\"https:\\\/\\\/www.encontrasaogoncalo.com.br\\\/sobre\\\/noticias-em-sao-goncalo\\\/#listItem\",\"position\":2,\"name\":\"Not\\u00edcias S\\u00e3o Gon\\u00e7alo\",\"item\":\"https:\\\/\\\/www.encontrasaogoncalo.com.br\\\/sobre\\\/noticias-em-sao-goncalo\\\/\",\"nextItem\":{\"@type\":\"ListItem\",\"@id\":\"https:\\\/\\\/www.encontrasaogoncalo.com.br\\\/sobre\\\/caravana-de-arte-e-lazer-vai-animar-pracas-do-coroado-e-ze-garoto-neste-fim-de-semana\\\/#listItem\",\"name\":\"Caravana de Arte e Lazer vai animar pra\\u00e7as do Coroado e Z\\u00e9 Garoto neste fim de semana\"},\"previousItem\":{\"@type\":\"ListItem\",\"@id\":\"https:\\\/\\\/www.encontrasaogoncalo.com.br\\\/sobre#listItem\",\"name\":\"In\\u00edcio\"}},{\"@type\":\"ListItem\",\"@id\":\"https:\\\/\\\/www.encontrasaogoncalo.com.br\\\/sobre\\\/caravana-de-arte-e-lazer-vai-animar-pracas-do-coroado-e-ze-garoto-neste-fim-de-semana\\\/#listItem\",\"position\":3,\"name\":\"Caravana de Arte e Lazer vai animar pra\\u00e7as do Coroado e Z\\u00e9 Garoto neste fim de semana\",\"previousItem\":{\"@type\":\"ListItem\",\"@id\":\"https:\\\/\\\/www.encontrasaogoncalo.com.br\\\/sobre\\\/noticias-em-sao-goncalo\\\/#listItem\",\"name\":\"Not\\u00edcias S\\u00e3o Gon\\u00e7alo\"}}]},{\"@type\":\"Organization\",\"@id\":\"https:\\\/\\\/www.encontrasaogoncalo.com.br\\\/sobre\\\/#organization\",\"name\":\"Encontra S\\u00e3o Gon\\u00e7alo\",\"description\":\"Not\\u00edcias, eventos, informa\\u00e7\\u00f5es e dicas da cidade de S\\u00e3o Gon\\u00e7alo e regi\\u00e3o\",\"url\":\"https:\\\/\\\/www.encontrasaogoncalo.com.br\\\/sobre\\\/\"},{\"@type\":\"Person\",\"@id\":\"https:\\\/\\\/www.encontrasaogoncalo.com.br\\\/sobre\\\/author\\\/esaogoncalo\\\/#author\",\"url\":\"https:\\\/\\\/www.encontrasaogoncalo.com.br\\\/sobre\\\/author\\\/esaogoncalo\\\/\",\"name\":\"Encontra S\\u00e3o Gon\\u00e7alo\",\"image\":{\"@type\":\"ImageObject\",\"@id\":\"https:\\\/\\\/www.encontrasaogoncalo.com.br\\\/sobre\\\/caravana-de-arte-e-lazer-vai-animar-pracas-do-coroado-e-ze-garoto-neste-fim-de-semana\\\/#authorImage\",\"url\":\"https:\\\/\\\/secure.gravatar.com\\\/avatar\\\/507340682b8270222e1f208e23198b6ae7e2c6a1033ae84e99bc6bce4f82a387?s=96&d=mm&r=g\",\"width\":96,\"height\":96,\"caption\":\"Encontra S\\u00e3o Gon\\u00e7alo\"}},{\"@type\":\"WebPage\",\"@id\":\"https:\\\/\\\/www.encontrasaogoncalo.com.br\\\/sobre\\\/caravana-de-arte-e-lazer-vai-animar-pracas-do-coroado-e-ze-garoto-neste-fim-de-semana\\\/#webpage\",\"url\":\"https:\\\/\\\/www.encontrasaogoncalo.com.br\\\/sobre\\\/caravana-de-arte-e-lazer-vai-animar-pracas-do-coroado-e-ze-garoto-neste-fim-de-semana\\\/\",\"name\":\"Caravana de Arte e Lazer vai animar pra\\u00e7as do Coroado e Z\\u00e9 Garoto neste fim de semana | Encontra S\\u00e3o Gon\\u00e7alo\",\"inLanguage\":\"pt-BR\",\"isPartOf\":{\"@id\":\"https:\\\/\\\/www.encontrasaogoncalo.com.br\\\/sobre\\\/#website\"},\"breadcrumb\":{\"@id\":\"https:\\\/\\\/www.encontrasaogoncalo.com.br\\\/sobre\\\/caravana-de-arte-e-lazer-vai-animar-pracas-do-coroado-e-ze-garoto-neste-fim-de-semana\\\/#breadcrumblist\"},\"author\":{\"@id\":\"https:\\\/\\\/www.encontrasaogoncalo.com.br\\\/sobre\\\/author\\\/esaogoncalo\\\/#author\"},\"creator\":{\"@id\":\"https:\\\/\\\/www.encontrasaogoncalo.com.br\\\/sobre\\\/author\\\/esaogoncalo\\\/#author\"},\"image\":{\"@type\":\"ImageObject\",\"url\":\"https:\\\/\\\/www.encontrasaogoncalo.com.br\\\/sobre\\\/wp-content\\\/uploads\\\/caravana-de-arte-e-lazer-vai-animar-pracas-do-coroado-e-ze-garoto-neste-fim-de-semana.webp\",\"@id\":\"https:\\\/\\\/www.encontrasaogoncalo.com.br\\\/sobre\\\/caravana-de-arte-e-lazer-vai-animar-pracas-do-coroado-e-ze-garoto-neste-fim-de-semana\\\/#mainImage\",\"width\":280,\"height\":280,\"caption\":\"Caravana de Arte e Lazer\"},\"primaryImageOfPage\":{\"@id\":\"https:\\\/\\\/www.encontrasaogoncalo.com.br\\\/sobre\\\/caravana-de-arte-e-lazer-vai-animar-pracas-do-coroado-e-ze-garoto-neste-fim-de-semana\\\/#mainImage\"},\"datePublished\":\"2026-04-05T09:27:39+00:00\",\"dateModified\":\"2026-04-05T09:27:39+00:00\"},{\"@type\":\"WebSite\",\"@id\":\"https:\\\/\\\/www.encontrasaogoncalo.com.br\\\/sobre\\\/#website\",\"url\":\"https:\\\/\\\/www.encontrasaogoncalo.com.br\\\/sobre\\\/\",\"name\":\"Encontra S\\u00e3o Gon\\u00e7alo\",\"description\":\"Not\\u00edcias, eventos, informa\\u00e7\\u00f5es e dicas da cidade de S\\u00e3o Gon\\u00e7alo e regi\\u00e3o\",\"inLanguage\":\"pt-BR\",\"publisher\":{\"@id\":\"https:\\\/\\\/www.encontrasaogoncalo.com.br\\\/sobre\\\/#organization\"}}]}\n\t\t<\/script>\n\t\t<!-- All in One SEO -->\n\n","aioseo_head_json":{"title":"Caravana de Arte e Lazer vai animar pra\u00e7as do Coroado e Z\u00e9 Garoto neste fim de semana | Encontra S\u00e3o Gon\u00e7alo","description":"","canonical_url":"https:\/\/www.encontrasaogoncalo.com.br\/sobre\/caravana-de-arte-e-lazer-vai-animar-pracas-do-coroado-e-ze-garoto-neste-fim-de-semana\/","robots":"max-image-preview:large","keywords":"","webmasterTools":{"miscellaneous":""},"schema":{"@context":"https:\/\/schema.org","@graph":[{"@type":"Article","@id":"https:\/\/www.encontrasaogoncalo.com.br\/sobre\/caravana-de-arte-e-lazer-vai-animar-pracas-do-coroado-e-ze-garoto-neste-fim-de-semana\/#article","name":"Caravana de Arte e Lazer vai animar pra\u00e7as do Coroado e Z\u00e9 Garoto neste fim de semana | Encontra S\u00e3o Gon\u00e7alo","headline":"Caravana de Arte e Lazer vai animar pra\u00e7as do Coroado e Z\u00e9 Garoto neste fim de semana","author":{"@id":"https:\/\/www.encontrasaogoncalo.com.br\/sobre\/author\/esaogoncalo\/#author"},"publisher":{"@id":"https:\/\/www.encontrasaogoncalo.com.br\/sobre\/#organization"},"image":{"@type":"ImageObject","url":"https:\/\/www.encontrasaogoncalo.com.br\/sobre\/wp-content\/uploads\/caravana-de-arte-e-lazer-vai-animar-pracas-do-coroado-e-ze-garoto-neste-fim-de-semana.webp","width":280,"height":280,"caption":"Caravana de Arte e Lazer"},"datePublished":"2026-04-05T09:27:39+00:00","dateModified":"2026-04-05T09:27:39+00:00","inLanguage":"pt-BR","mainEntityOfPage":{"@id":"https:\/\/www.encontrasaogoncalo.com.br\/sobre\/caravana-de-arte-e-lazer-vai-animar-pracas-do-coroado-e-ze-garoto-neste-fim-de-semana\/#webpage"},"isPartOf":{"@id":"https:\/\/www.encontrasaogoncalo.com.br\/sobre\/caravana-de-arte-e-lazer-vai-animar-pracas-do-coroado-e-ze-garoto-neste-fim-de-semana\/#webpage"},"articleSection":"Not\u00edcias S\u00e3o Gon\u00e7alo"},{"@type":"BreadcrumbList","@id":"https:\/\/www.encontrasaogoncalo.com.br\/sobre\/caravana-de-arte-e-lazer-vai-animar-pracas-do-coroado-e-ze-garoto-neste-fim-de-semana\/#breadcrumblist","itemListElement":[{"@type":"ListItem","@id":"https:\/\/www.encontrasaogoncalo.com.br\/sobre#listItem","position":1,"name":"In\u00edcio","item":"https:\/\/www.encontrasaogoncalo.com.br\/sobre","nextItem":{"@type":"ListItem","@id":"https:\/\/www.encontrasaogoncalo.com.br\/sobre\/noticias-em-sao-goncalo\/#listItem","name":"Not\u00edcias S\u00e3o Gon\u00e7alo"}},{"@type":"ListItem","@id":"https:\/\/www.encontrasaogoncalo.com.br\/sobre\/noticias-em-sao-goncalo\/#listItem","position":2,"name":"Not\u00edcias S\u00e3o Gon\u00e7alo","item":"https:\/\/www.encontrasaogoncalo.com.br\/sobre\/noticias-em-sao-goncalo\/","nextItem":{"@type":"ListItem","@id":"https:\/\/www.encontrasaogoncalo.com.br\/sobre\/caravana-de-arte-e-lazer-vai-animar-pracas-do-coroado-e-ze-garoto-neste-fim-de-semana\/#listItem","name":"Caravana de Arte e Lazer vai animar pra\u00e7as do Coroado e Z\u00e9 Garoto neste fim de semana"},"previousItem":{"@type":"ListItem","@id":"https:\/\/www.encontrasaogoncalo.com.br\/sobre#listItem","name":"In\u00edcio"}},{"@type":"ListItem","@id":"https:\/\/www.encontrasaogoncalo.com.br\/sobre\/caravana-de-arte-e-lazer-vai-animar-pracas-do-coroado-e-ze-garoto-neste-fim-de-semana\/#listItem","position":3,"name":"Caravana de Arte e Lazer vai animar pra\u00e7as do Coroado e Z\u00e9 Garoto neste fim de semana","previousItem":{"@type":"ListItem","@id":"https:\/\/www.encontrasaogoncalo.com.br\/sobre\/noticias-em-sao-goncalo\/#listItem","name":"Not\u00edcias S\u00e3o Gon\u00e7alo"}}]},{"@type":"Organization","@id":"https:\/\/www.encontrasaogoncalo.com.br\/sobre\/#organization","name":"Encontra S\u00e3o Gon\u00e7alo","description":"Not\u00edcias, eventos, informa\u00e7\u00f5es e dicas da cidade de S\u00e3o Gon\u00e7alo e regi\u00e3o","url":"https:\/\/www.encontrasaogoncalo.com.br\/sobre\/"},{"@type":"Person","@id":"https:\/\/www.encontrasaogoncalo.com.br\/sobre\/author\/esaogoncalo\/#author","url":"https:\/\/www.encontrasaogoncalo.com.br\/sobre\/author\/esaogoncalo\/","name":"Encontra S\u00e3o Gon\u00e7alo","image":{"@type":"ImageObject","@id":"https:\/\/www.encontrasaogoncalo.com.br\/sobre\/caravana-de-arte-e-lazer-vai-animar-pracas-do-coroado-e-ze-garoto-neste-fim-de-semana\/#authorImage","url":"https:\/\/secure.gravatar.com\/avatar\/507340682b8270222e1f208e23198b6ae7e2c6a1033ae84e99bc6bce4f82a387?s=96&d=mm&r=g","width":96,"height":96,"caption":"Encontra S\u00e3o Gon\u00e7alo"}},{"@type":"WebPage","@id":"https:\/\/www.encontrasaogoncalo.com.br\/sobre\/caravana-de-arte-e-lazer-vai-animar-pracas-do-coroado-e-ze-garoto-neste-fim-de-semana\/#webpage","url":"https:\/\/www.encontrasaogoncalo.com.br\/sobre\/caravana-de-arte-e-lazer-vai-animar-pracas-do-coroado-e-ze-garoto-neste-fim-de-semana\/","name":"Caravana de Arte e Lazer vai animar pra\u00e7as do Coroado e Z\u00e9 Garoto neste fim de semana | Encontra S\u00e3o Gon\u00e7alo","inLanguage":"pt-BR","isPartOf":{"@id":"https:\/\/www.encontrasaogoncalo.com.br\/sobre\/#website"},"breadcrumb":{"@id":"https:\/\/www.encontrasaogoncalo.com.br\/sobre\/caravana-de-arte-e-lazer-vai-animar-pracas-do-coroado-e-ze-garoto-neste-fim-de-semana\/#breadcrumblist"},"author":{"@id":"https:\/\/www.encontrasaogoncalo.com.br\/sobre\/author\/esaogoncalo\/#author"},"creator":{"@id":"https:\/\/www.encontrasaogoncalo.com.br\/sobre\/author\/esaogoncalo\/#author"},"image":{"@type":"ImageObject","url":"https:\/\/www.encontrasaogoncalo.com.br\/sobre\/wp-content\/uploads\/caravana-de-arte-e-lazer-vai-animar-pracas-do-coroado-e-ze-garoto-neste-fim-de-semana.webp","@id":"https:\/\/www.encontrasaogoncalo.com.br\/sobre\/caravana-de-arte-e-lazer-vai-animar-pracas-do-coroado-e-ze-garoto-neste-fim-de-semana\/#mainImage","width":280,"height":280,"caption":"Caravana de Arte e Lazer"},"primaryImageOfPage":{"@id":"https:\/\/www.encontrasaogoncalo.com.br\/sobre\/caravana-de-arte-e-lazer-vai-animar-pracas-do-coroado-e-ze-garoto-neste-fim-de-semana\/#mainImage"},"datePublished":"2026-04-05T09:27:39+00:00","dateModified":"2026-04-05T09:27:39+00:00"},{"@type":"WebSite","@id":"https:\/\/www.encontrasaogoncalo.com.br\/sobre\/#website","url":"https:\/\/www.encontrasaogoncalo.com.br\/sobre\/","name":"Encontra S\u00e3o Gon\u00e7alo","description":"Not\u00edcias, eventos, informa\u00e7\u00f5es e dicas da cidade de S\u00e3o Gon\u00e7alo e regi\u00e3o","inLanguage":"pt-BR","publisher":{"@id":"https:\/\/www.encontrasaogoncalo.com.br\/sobre\/#organization"}}]},"og:locale":"pt_BR","og:site_name":"Encontra S\u00e3o Gon\u00e7alo | Not\u00edcias, eventos, informa\u00e7\u00f5es e dicas da cidade de S\u00e3o Gon\u00e7alo e regi\u00e3o","og:type":"article","og:title":"Caravana de Arte e Lazer vai animar pra\u00e7as do Coroado e Z\u00e9 Garoto neste fim de semana | Encontra S\u00e3o Gon\u00e7alo","og:url":"https:\/\/www.encontrasaogoncalo.com.br\/sobre\/caravana-de-arte-e-lazer-vai-animar-pracas-do-coroado-e-ze-garoto-neste-fim-de-semana\/","article:published_time":"2026-04-05T09:27:39+00:00","article:modified_time":"2026-04-05T09:27:39+00:00","twitter:card":"summary","twitter:title":"Caravana de Arte e Lazer vai animar pra\u00e7as do Coroado e Z\u00e9 Garoto neste fim de semana | Encontra S\u00e3o Gon\u00e7alo"},"aioseo_meta_data":{"post_id":"1861","title":null,"description":null,"keywords":null,"keyphrases":null,"primary_term":null,"canonical_url":null,"og_title":null,"og_description":null,"og_object_type":"default","og_image_type":"default","og_image_url":null,"og_image_width":null,"og_image_height":null,"og_image_custom_url":null,"og_image_custom_fields":null,"og_video":null,"og_custom_url":null,"og_article_section":null,"og_article_tags":null,"twitter_use_og":false,"twitter_card":"default","twitter_image_type":"default","twitter_image_url":null,"twitter_image_custom_url":null,"twitter_image_custom_fields":null,"twitter_title":null,"twitter_description":null,"schema":{"blockGraphs":[],"customGraphs":[],"default":{"data":{"Article":[],"Course":[],"Dataset":[],"FAQPage":[],"Movie":[],"Person":[],"Product":[],"ProductReview":[],"Car":[],"Recipe":[],"Service":[],"SoftwareApplication":[],"WebPage":[]},"graphName":"Article","isEnabled":true},"graphs":[]},"schema_type":"default","schema_type_options":null,"pillar_content":false,"robots_default":true,"robots_noindex":false,"robots_noarchive":false,"robots_nosnippet":false,"robots_nofollow":false,"robots_noimageindex":false,"robots_noodp":false,"robots_notranslate":false,"robots_max_snippet":null,"robots_max_videopreview":null,"robots_max_imagepreview":"large","priority":null,"frequency":null,"local_seo":null,"breadcrumb_settings":null,"limit_modified_date":false,"ai":null,"created":"2026-04-05 09:27:43","updated":"2026-04-05 10:12:04","focus_keyword":null,"additional_keywords":null,"truseo_locale":null,"seo_analyzer_scan_date":null},"aioseo_breadcrumb":"<div class=\"aioseo-breadcrumbs\"><span class=\"aioseo-breadcrumb\">\n\t\t\t<a href=\"https:\/\/www.encontrasaogoncalo.com.br\/sobre\" title=\"In\u00edcio\">In\u00edcio<\/a>\n\t\t<\/span><span class=\"aioseo-breadcrumb-separator\">&raquo;<\/span><span class=\"aioseo-breadcrumb\">\n\t\t\t<a href=\"https:\/\/www.encontrasaogoncalo.com.br\/sobre\/noticias-em-sao-goncalo\/\" title=\"Not\u00edcias S\u00e3o Gon\u00e7alo\">Not\u00edcias S\u00e3o Gon\u00e7alo<\/a>\n\t\t<\/span><span class=\"aioseo-breadcrumb-separator\">&raquo;<\/span><span class=\"aioseo-breadcrumb\">\n\t\t\tCaravana de Arte e Lazer vai animar pra\u00e7as do Coroado e Z\u00e9 Garoto neste fim de semana\n\t\t<\/span><\/div>","aioseo_breadcrumb_json":[{"label":"In\u00edcio","link":"https:\/\/www.encontrasaogoncalo.com.br\/sobre"},{"label":"Not\u00edcias S\u00e3o Gon\u00e7alo","link":"https:\/\/www.encontrasaogoncalo.com.br\/sobre\/noticias-em-sao-goncalo\/"},{"label":"Caravana de Arte e Lazer vai animar pra\u00e7as do Coroado e Z\u00e9 Garoto neste fim de semana","link":"https:\/\/www.encontrasaogoncalo.com.br\/sobre\/caravana-de-arte-e-lazer-vai-animar-pracas-do-coroado-e-ze-garoto-neste-fim-de-semana\/"}],"_links":{"self":[{"href":"https:\/\/www.encontrasaogoncalo.com.br\/sobre\/wp-json\/wp\/v2\/posts\/1861","targetHints":{"allow":["GET"]}}],"collection":[{"href":"https:\/\/www.encontrasaogoncalo.com.br\/sobre\/wp-json\/wp\/v2\/posts"}],"about":[{"href":"https:\/\/www.encontrasaogoncalo.com.br\/sobre\/wp-json\/wp\/v2\/types\/post"}],"author":[{"embeddable":true,"href":"https:\/\/www.encontrasaogoncalo.com.br\/sobre\/wp-json\/wp\/v2\/users\/1"}],"replies":[{"embeddable":true,"href":"https:\/\/www.encontrasaogoncalo.com.br\/sobre\/wp-json\/wp\/v2\/comments?post=1861"}],"version-history":[{"count":0,"href":"https:\/\/www.encontrasaogoncalo.com.br\/sobre\/wp-json\/wp\/v2\/posts\/1861\/revisions"}],"wp:featuredmedia":[{"embeddable":true,"href":"https:\/\/www.encontrasaogoncalo.com.br\/sobre\/wp-json\/wp\/v2\/media\/1860"}],"wp:attachment":[{"href":"https:\/\/www.encontrasaogoncalo.com.br\/sobre\/wp-json\/wp\/v2\/media?parent=1861"}],"wp:term":[{"taxonomy":"category","embeddable":true,"href":"https:\/\/www.encontrasaogoncalo.com.br\/sobre\/wp-json\/wp\/v2\/categories?post=1861"},{"taxonomy":"post_tag","embeddable":true,"href":"https:\/\/www.encontrasaogoncalo.com.br\/sobre\/wp-json\/wp\/v2\/tags?post=1861"}],"curies":[{"name":"wp","href":"https:\/\/api.w.org\/{rel}","templated":true}]}}