{"id":1863,"date":"2026-04-05T09:28:51","date_gmt":"2026-04-05T09:28:51","guid":{"rendered":"https:\/\/www.encontrasaogoncalo.com.br\/sobre\/sao-goncalo-inicia-preparativos-para-o-carnaval-da-retomada-2026\/"},"modified":"2026-04-05T09:28:51","modified_gmt":"2026-04-05T09:28:51","slug":"sao-goncalo-inicia-preparativos-para-o-carnaval-da-retomada-2026","status":"publish","type":"post","link":"https:\/\/www.encontrasaogoncalo.com.br\/sobre\/sao-goncalo-inicia-preparativos-para-o-carnaval-da-retomada-2026\/","title":{"rendered":"S\u00e3o Gon\u00e7alo inicia preparativos para o Carnaval da Retomada 2026"},"content":{"rendered":"<div class=\"558ebb280150f569344a3237cd236fe7\" data-index=\"1\" style=\"float: none; margin:0px;\">\n<!-- Anuncio display - global -->\r\n<ins class=\"adsbygoogle\"\r\n     style=\"display:block\"\r\n     data-ad-client=\"ca-pub-8585364105181520\"\r\n     data-ad-slot=\"8789329856\"\r\n     data-ad-format=\"auto\"\r\n     data-full-width-responsive=\"true\"><\/ins>\r\n<script>\r\n     (adsbygoogle = window.adsbygoogle || []).push({});\r\n<\/script>\n<\/div>\n<h2>O Retorno dos Desfiles de Carnaval em S\u00e3o Gon\u00e7alo<\/h2>\n<p>Ap\u00f3s um longo per\u00edodo de hiato, a cidade de S\u00e3o Gon\u00e7alo se prepara para reviver sua rica tradi\u00e7\u00e3o carnavalesca. Com a aproxima\u00e7\u00e3o do Carnaval da Retomada 2026, os cidad\u00e3os est\u00e3o cheios de expectativa e entusiasmo. Desde a \u00faltima grande festividade, mais de uma d\u00e9cada se passou, e agora, os desfiles das escolas de samba est\u00e3o prontos para retornar em grande estilo, simbolizando um momento de resili\u00eancia e reencontro para a comunidade.<\/p>\n<h2>Como a Liga SG Est\u00e1 Organizando o Evento<\/h2>\n<p>A coordena\u00e7\u00e3o deste momento hist\u00f3rico est\u00e1 sob a responsabilidade da Liga SG \u2013 a Liga Independente das Escolas de Samba, Blocos de Carnaval e Cultura Popular de S\u00e3o Gon\u00e7alo. Trabalhando em conjunto com a Secretaria de Turismo e Cultura da Prefeitura, o evento conta com o suporte essencial da Lei de Incentivo \u00e0 Cultura Aldir Blanc. Essa colabora\u00e7\u00e3o entre diferentes entidades \u00e9 um testemunho do esfor\u00e7o comunit\u00e1rio para ressuscitar e promover o carnaval local.<\/p>\n<h2>Datas Importantes do Carnaval da Retomada 2026<\/h2>\n<p>Os desfiles que marcar\u00e3o o Carnaval da Retomada acontecer\u00e3o nos dias 21 e 22 de abril de 2026. Esse per\u00edodo ser\u00e1 um verdadeiro espet\u00e1culo para os amantes do samba e da cultura popular, com duas noites de apresenta\u00e7\u00f5es vibrantes e emocionantes. Logo ap\u00f3s os desfiles, haver\u00e1 a apura\u00e7\u00e3o das notas no dia 23 de abril, no Parque RJ Nosso Sonho, no bairro Boa Vista.<\/p>\n<p><img decoding=\"async\" src=\"https:\/\/www.encontrasaogoncalo.com.br\/sobre\/wp-content\/uploads\/sao-goncalo-inicia-preparativos-para-o-carnaval-da-retomada-2026.webp\" alt=\"Carnaval da Retomada 2026\" loading=\"lazy\" \/><\/p>\n<h2>As Escolas de Samba e Seus Desfiles<\/h2>\n<p>No total, 14 escolas de samba da cidade participar\u00e3o deste evento marcante. As escolas estar\u00e3o divididas em dois grupos: o Grupo Especial e o Grupo de Acesso. Essa divis\u00e3o ajudar\u00e1 a fortalecer o modelo competitivo que est\u00e1 sendo estabelecido, visando o futuro do carnaval em S\u00e3o Gon\u00e7alo. Veja abaixo a ordem dos desfiles:<\/p>\n<ul>\n<li><strong>21 de abril (ter\u00e7a-feira):<\/strong>\n<ul>\n<li>Acad\u00eamicos do Porto Novo<\/li>\n<li>Mocidade Unidos do Marimbondo<\/li>\n<li>S\u00e3o Gon\u00e7alo do Amarante<\/li>\n<li>Acad\u00eamicos do Universo<\/li>\n<li>Unidos do Barro Vermelho<\/li>\n<li>Le\u00f5es de S\u00e3o Gon\u00e7alo<\/li>\n<li>Mocidade Independente do Boa\u00e7u<\/li>\n<\/ul>\n<\/li>\n<li><strong>22 de abril (quarta-feira):<\/strong>\n<ul>\n<li>Pingo D\u2019\u00c1gua<\/li>\n<li>Unidos de Neves<\/li>\n<li>Imp\u00e9rio do Porto da Ponte<\/li>\n<li>Alegria de Guaxindiba<\/li>\n<li>Recanto do Engenho<\/li>\n<li>Unidos do Salgueiro de S\u00e3o Gon\u00e7alo<\/li>\n<li>Caprichosos de S\u00e3o Gon\u00e7alo<\/li>\n<\/ul>\n<\/li>\n<\/ul>\n<h2>A Comiss\u00e3o Julgadora e os Crit\u00e9rios de Avalia\u00e7\u00e3o<\/h2>\n<p>As apresenta\u00e7\u00f5es ser\u00e3o analisadas por uma comiss\u00e3o julgadora composta por especialistas na \u00e1rea. As notas atribu\u00eddas \u00e0s escolas de samba seguir\u00e3o uma escala de 9,0 a 10,0 pontos, destacando o comprometimento com a qualidade e a tradi\u00e7\u00e3o. Essa crit\u00e9rio eleva o prest\u00edgio do carnaval e proporciona um ambiente competitivo saud\u00e1vel, refletindo a dedica\u00e7\u00e3o e o amor que os participantes t\u00eam por essa tradi\u00e7\u00e3o.<\/p>\n<h2>Impacto Cultural do Carnaval na Cidade<\/h2>\n<p>O Carnaval da Retomada n\u00e3o \u00e9 apenas uma competi\u00e7\u00e3o entre escolas de samba; \u00e9 uma celebra\u00e7\u00e3o da cultura popular e um resgate de uma das tradi\u00e7\u00f5es mais relevantes em S\u00e3o Gon\u00e7alo. O evento promete fomentar a identidade cultural da cidade, unindo comunidades e promovendo um sentimento de pertencimento entre os envolvidos. Al\u00e9m disso, o carnaval servir\u00e1 como um grande palco para artistas locais, contribuindo para a valoriza\u00e7\u00e3o da cultura regional.<\/p>\n<h2>Economia Criativa e o Carnaval: Um Ciclo de Investimento<\/h2>\n<p>O retorno dos desfiles impulsiona a economia criativa de S\u00e3o Gon\u00e7alo. O carnaval movimenta diversas \u00e1reas, como m\u00fasica, moda e produ\u00e7\u00e3o de eventos. Profissionais como artistas, costureiras, m\u00fasicos e core\u00f3grafos estar\u00e3o envolvidos no processo, criando uma rede de gera\u00e7\u00e3o de empregos e oportunidades. A inje\u00e7\u00e3o de capital na economia local resulta em um ciclo de investimentos que beneficia n\u00e3o apenas os envolvidos diretamente com o carnaval, mas a popula\u00e7\u00e3o em geral.<\/p>\n<h2>Expectativas da Comunidade para o Evento<\/h2>\n<p>Os gon\u00e7alenses est\u00e3o ansiosos pelo retorno do carnaval, que representa um momento de alegria e festividade na cidade. A expectativa \u00e9 que o Carnaval da Retomada 2026 seja um sucesso absoluto, reunindo fam\u00edlias, amigos e amantes da cultura numa celebra\u00e7\u00e3o \u00fanica. O evento simboliza a uni\u00e3o e a for\u00e7a da comunidade frente aos desafios, e todos est\u00e3o convidados a participar e vivenciar essa experi\u00eancia.<\/p>\n<h2>O que Esperar das Apura\u00e7\u00f5es de Notas<\/h2>\n<p>As apura\u00e7\u00f5es das notas no dia 23 de abril prometem ser um acontecimento emocionante. Os torcedores e simpatizantes das escolas de samba estar\u00e3o atentos para saber quais agremia\u00e7\u00f5es se destacar\u00e3o. A expectativa \u00e9 grande, e a apura\u00e7\u00e3o deve ser acompanhada por um p\u00fablico caloroso, celebrando cada resultado. Ser\u00e1 um dia de emo\u00e7\u00f5es intensas e surpresas, revelando as prefer\u00eancias do p\u00fablico e os talentos das escolas.<\/p>\n<h2>Tradi\u00e7\u00e3o e Modernidade no Carnaval de S\u00e3o Gon\u00e7alo<\/h2>\n<p>O Carnaval da Retomada \u00e9 um exemplo perfeito de como a tradi\u00e7\u00e3o e a modernidade podem coexistir em harmonia. Enquanto as escolas mant\u00eam viva a ess\u00eancia do carnaval atrav\u00e9s de enredos e m\u00fasicas tradicionais, tamb\u00e9m est\u00e3o se adaptando \u00e0s novas tend\u00eancias e inova\u00e7\u00f5es, proporcionando uma experi\u00eancia atual para as novas gera\u00e7\u00f5es. Essa mescla contribui para que a festa n\u00e3o apenas sobreviva, mas prospere de forma vibrante e din\u00e2mica.<\/p>\n\n<div style=\"font-size: 0px; height: 0px; line-height: 0px; margin: 0; padding: 0; clear: both;\"><\/div>","protected":false},"excerpt":{"rendered":"<p>S\u00e3o Gon\u00e7alo come\u00e7a os preparativos para o Carnaval da Retomada 2026 com muita expectativa.<\/p>\n","protected":false},"author":1,"featured_media":1862,"comment_status":"open","ping_status":"closed","sticky":false,"template":"","format":"standard","meta":{"footnotes":""},"categories":[6],"tags":[],"class_list":["post-1863","post","type-post","status-publish","format-standard","has-post-thumbnail","hentry","category-noticias-em-sao-goncalo","has_thumb"],"aioseo_notices":[],"aioseo_head":"\n\t\t<!-- All in One SEO 5.0.0.1 - aioseo.com -->\n\t<meta name=\"robots\" content=\"max-image-preview:large\" \/>\n\t<meta name=\"author\" content=\"Encontra S\u00e3o Gon\u00e7alo\"\/>\n\t<link rel=\"canonical\" href=\"https:\/\/www.encontrasaogoncalo.com.br\/sobre\/sao-goncalo-inicia-preparativos-para-o-carnaval-da-retomada-2026\/\" \/>\n\t<meta name=\"generator\" content=\"All in One SEO (AIOSEO) 5.0.0.1\" \/>\n\t\t<meta property=\"og:locale\" content=\"pt_BR\" \/>\n\t\t<meta property=\"og:site_name\" content=\"Encontra S\u00e3o Gon\u00e7alo | Not\u00edcias, eventos, informa\u00e7\u00f5es e dicas da cidade de S\u00e3o Gon\u00e7alo e regi\u00e3o\" \/>\n\t\t<meta property=\"og:type\" content=\"article\" \/>\n\t\t<meta property=\"og:title\" content=\"S\u00e3o Gon\u00e7alo inicia preparativos para o Carnaval da Retomada 2026 | Encontra S\u00e3o Gon\u00e7alo\" \/>\n\t\t<meta property=\"og:url\" content=\"https:\/\/www.encontrasaogoncalo.com.br\/sobre\/sao-goncalo-inicia-preparativos-para-o-carnaval-da-retomada-2026\/\" \/>\n\t\t<meta property=\"article:published_time\" content=\"2026-04-05T09:28:51+00:00\" \/>\n\t\t<meta property=\"article:modified_time\" content=\"2026-04-05T09:28:51+00:00\" \/>\n\t\t<meta name=\"twitter:card\" content=\"summary\" \/>\n\t\t<meta name=\"twitter:title\" content=\"S\u00e3o Gon\u00e7alo inicia preparativos para o Carnaval da Retomada 2026 | Encontra S\u00e3o Gon\u00e7alo\" \/>\n\t\t<script type=\"application\/ld+json\" class=\"aioseo-schema\">\n\t\t\t{\"@context\":\"https:\\\/\\\/schema.org\",\"@graph\":[{\"@type\":\"Article\",\"@id\":\"https:\\\/\\\/www.encontrasaogoncalo.com.br\\\/sobre\\\/sao-goncalo-inicia-preparativos-para-o-carnaval-da-retomada-2026\\\/#article\",\"name\":\"S\\u00e3o Gon\\u00e7alo inicia preparativos para o Carnaval da Retomada 2026 | Encontra S\\u00e3o Gon\\u00e7alo\",\"headline\":\"S\\u00e3o Gon\\u00e7alo inicia preparativos para o Carnaval da Retomada 2026\",\"author\":{\"@id\":\"https:\\\/\\\/www.encontrasaogoncalo.com.br\\\/sobre\\\/author\\\/esaogoncalo\\\/#author\"},\"publisher\":{\"@id\":\"https:\\\/\\\/www.encontrasaogoncalo.com.br\\\/sobre\\\/#organization\"},\"image\":{\"@type\":\"ImageObject\",\"url\":\"https:\\\/\\\/www.encontrasaogoncalo.com.br\\\/sobre\\\/wp-content\\\/uploads\\\/sao-goncalo-inicia-preparativos-para-o-carnaval-da-retomada-2026.webp\",\"width\":280,\"height\":280,\"caption\":\"Carnaval da Retomada 2026\"},\"datePublished\":\"2026-04-05T09:28:51+00:00\",\"dateModified\":\"2026-04-05T09:28:51+00:00\",\"inLanguage\":\"pt-BR\",\"mainEntityOfPage\":{\"@id\":\"https:\\\/\\\/www.encontrasaogoncalo.com.br\\\/sobre\\\/sao-goncalo-inicia-preparativos-para-o-carnaval-da-retomada-2026\\\/#webpage\"},\"isPartOf\":{\"@id\":\"https:\\\/\\\/www.encontrasaogoncalo.com.br\\\/sobre\\\/sao-goncalo-inicia-preparativos-para-o-carnaval-da-retomada-2026\\\/#webpage\"},\"articleSection\":\"Not\\u00edcias S\\u00e3o Gon\\u00e7alo\"},{\"@type\":\"BreadcrumbList\",\"@id\":\"https:\\\/\\\/www.encontrasaogoncalo.com.br\\\/sobre\\\/sao-goncalo-inicia-preparativos-para-o-carnaval-da-retomada-2026\\\/#breadcrumblist\",\"itemListElement\":[{\"@type\":\"ListItem\",\"@id\":\"https:\\\/\\\/www.encontrasaogoncalo.com.br\\\/sobre#listItem\",\"position\":1,\"name\":\"In\\u00edcio\",\"item\":\"https:\\\/\\\/www.encontrasaogoncalo.com.br\\\/sobre\",\"nextItem\":{\"@type\":\"ListItem\",\"@id\":\"https:\\\/\\\/www.encontrasaogoncalo.com.br\\\/sobre\\\/noticias-em-sao-goncalo\\\/#listItem\",\"name\":\"Not\\u00edcias S\\u00e3o Gon\\u00e7alo\"}},{\"@type\":\"ListItem\",\"@id\":\"https:\\\/\\\/www.encontrasaogoncalo.com.br\\\/sobre\\\/noticias-em-sao-goncalo\\\/#listItem\",\"position\":2,\"name\":\"Not\\u00edcias S\\u00e3o Gon\\u00e7alo\",\"item\":\"https:\\\/\\\/www.encontrasaogoncalo.com.br\\\/sobre\\\/noticias-em-sao-goncalo\\\/\",\"nextItem\":{\"@type\":\"ListItem\",\"@id\":\"https:\\\/\\\/www.encontrasaogoncalo.com.br\\\/sobre\\\/sao-goncalo-inicia-preparativos-para-o-carnaval-da-retomada-2026\\\/#listItem\",\"name\":\"S\\u00e3o Gon\\u00e7alo inicia preparativos para o Carnaval da Retomada 2026\"},\"previousItem\":{\"@type\":\"ListItem\",\"@id\":\"https:\\\/\\\/www.encontrasaogoncalo.com.br\\\/sobre#listItem\",\"name\":\"In\\u00edcio\"}},{\"@type\":\"ListItem\",\"@id\":\"https:\\\/\\\/www.encontrasaogoncalo.com.br\\\/sobre\\\/sao-goncalo-inicia-preparativos-para-o-carnaval-da-retomada-2026\\\/#listItem\",\"position\":3,\"name\":\"S\\u00e3o Gon\\u00e7alo inicia preparativos para o Carnaval da Retomada 2026\",\"previousItem\":{\"@type\":\"ListItem\",\"@id\":\"https:\\\/\\\/www.encontrasaogoncalo.com.br\\\/sobre\\\/noticias-em-sao-goncalo\\\/#listItem\",\"name\":\"Not\\u00edcias S\\u00e3o Gon\\u00e7alo\"}}]},{\"@type\":\"Organization\",\"@id\":\"https:\\\/\\\/www.encontrasaogoncalo.com.br\\\/sobre\\\/#organization\",\"name\":\"Encontra S\\u00e3o Gon\\u00e7alo\",\"description\":\"Not\\u00edcias, eventos, informa\\u00e7\\u00f5es e dicas da cidade de S\\u00e3o Gon\\u00e7alo e regi\\u00e3o\",\"url\":\"https:\\\/\\\/www.encontrasaogoncalo.com.br\\\/sobre\\\/\"},{\"@type\":\"Person\",\"@id\":\"https:\\\/\\\/www.encontrasaogoncalo.com.br\\\/sobre\\\/author\\\/esaogoncalo\\\/#author\",\"url\":\"https:\\\/\\\/www.encontrasaogoncalo.com.br\\\/sobre\\\/author\\\/esaogoncalo\\\/\",\"name\":\"Encontra S\\u00e3o Gon\\u00e7alo\",\"image\":{\"@type\":\"ImageObject\",\"@id\":\"https:\\\/\\\/www.encontrasaogoncalo.com.br\\\/sobre\\\/sao-goncalo-inicia-preparativos-para-o-carnaval-da-retomada-2026\\\/#authorImage\",\"url\":\"https:\\\/\\\/secure.gravatar.com\\\/avatar\\\/507340682b8270222e1f208e23198b6ae7e2c6a1033ae84e99bc6bce4f82a387?s=96&d=mm&r=g\",\"width\":96,\"height\":96,\"caption\":\"Encontra S\\u00e3o Gon\\u00e7alo\"}},{\"@type\":\"WebPage\",\"@id\":\"https:\\\/\\\/www.encontrasaogoncalo.com.br\\\/sobre\\\/sao-goncalo-inicia-preparativos-para-o-carnaval-da-retomada-2026\\\/#webpage\",\"url\":\"https:\\\/\\\/www.encontrasaogoncalo.com.br\\\/sobre\\\/sao-goncalo-inicia-preparativos-para-o-carnaval-da-retomada-2026\\\/\",\"name\":\"S\\u00e3o Gon\\u00e7alo inicia preparativos para o Carnaval da Retomada 2026 | Encontra S\\u00e3o Gon\\u00e7alo\",\"inLanguage\":\"pt-BR\",\"isPartOf\":{\"@id\":\"https:\\\/\\\/www.encontrasaogoncalo.com.br\\\/sobre\\\/#website\"},\"breadcrumb\":{\"@id\":\"https:\\\/\\\/www.encontrasaogoncalo.com.br\\\/sobre\\\/sao-goncalo-inicia-preparativos-para-o-carnaval-da-retomada-2026\\\/#breadcrumblist\"},\"author\":{\"@id\":\"https:\\\/\\\/www.encontrasaogoncalo.com.br\\\/sobre\\\/author\\\/esaogoncalo\\\/#author\"},\"creator\":{\"@id\":\"https:\\\/\\\/www.encontrasaogoncalo.com.br\\\/sobre\\\/author\\\/esaogoncalo\\\/#author\"},\"image\":{\"@type\":\"ImageObject\",\"url\":\"https:\\\/\\\/www.encontrasaogoncalo.com.br\\\/sobre\\\/wp-content\\\/uploads\\\/sao-goncalo-inicia-preparativos-para-o-carnaval-da-retomada-2026.webp\",\"@id\":\"https:\\\/\\\/www.encontrasaogoncalo.com.br\\\/sobre\\\/sao-goncalo-inicia-preparativos-para-o-carnaval-da-retomada-2026\\\/#mainImage\",\"width\":280,\"height\":280,\"caption\":\"Carnaval da Retomada 2026\"},\"primaryImageOfPage\":{\"@id\":\"https:\\\/\\\/www.encontrasaogoncalo.com.br\\\/sobre\\\/sao-goncalo-inicia-preparativos-para-o-carnaval-da-retomada-2026\\\/#mainImage\"},\"datePublished\":\"2026-04-05T09:28:51+00:00\",\"dateModified\":\"2026-04-05T09:28:51+00:00\"},{\"@type\":\"WebSite\",\"@id\":\"https:\\\/\\\/www.encontrasaogoncalo.com.br\\\/sobre\\\/#website\",\"url\":\"https:\\\/\\\/www.encontrasaogoncalo.com.br\\\/sobre\\\/\",\"name\":\"Encontra S\\u00e3o Gon\\u00e7alo\",\"description\":\"Not\\u00edcias, eventos, informa\\u00e7\\u00f5es e dicas da cidade de S\\u00e3o Gon\\u00e7alo e regi\\u00e3o\",\"inLanguage\":\"pt-BR\",\"publisher\":{\"@id\":\"https:\\\/\\\/www.encontrasaogoncalo.com.br\\\/sobre\\\/#organization\"}}]}\n\t\t<\/script>\n\t\t<!-- All in One SEO -->\n\n","aioseo_head_json":{"title":"S\u00e3o Gon\u00e7alo inicia preparativos para o Carnaval da Retomada 2026 | Encontra S\u00e3o Gon\u00e7alo","description":"","canonical_url":"https:\/\/www.encontrasaogoncalo.com.br\/sobre\/sao-goncalo-inicia-preparativos-para-o-carnaval-da-retomada-2026\/","robots":"max-image-preview:large","keywords":"","webmasterTools":{"miscellaneous":""},"schema":{"@context":"https:\/\/schema.org","@graph":[{"@type":"Article","@id":"https:\/\/www.encontrasaogoncalo.com.br\/sobre\/sao-goncalo-inicia-preparativos-para-o-carnaval-da-retomada-2026\/#article","name":"S\u00e3o Gon\u00e7alo inicia preparativos para o Carnaval da Retomada 2026 | Encontra S\u00e3o Gon\u00e7alo","headline":"S\u00e3o Gon\u00e7alo inicia preparativos para o Carnaval da Retomada 2026","author":{"@id":"https:\/\/www.encontrasaogoncalo.com.br\/sobre\/author\/esaogoncalo\/#author"},"publisher":{"@id":"https:\/\/www.encontrasaogoncalo.com.br\/sobre\/#organization"},"image":{"@type":"ImageObject","url":"https:\/\/www.encontrasaogoncalo.com.br\/sobre\/wp-content\/uploads\/sao-goncalo-inicia-preparativos-para-o-carnaval-da-retomada-2026.webp","width":280,"height":280,"caption":"Carnaval da Retomada 2026"},"datePublished":"2026-04-05T09:28:51+00:00","dateModified":"2026-04-05T09:28:51+00:00","inLanguage":"pt-BR","mainEntityOfPage":{"@id":"https:\/\/www.encontrasaogoncalo.com.br\/sobre\/sao-goncalo-inicia-preparativos-para-o-carnaval-da-retomada-2026\/#webpage"},"isPartOf":{"@id":"https:\/\/www.encontrasaogoncalo.com.br\/sobre\/sao-goncalo-inicia-preparativos-para-o-carnaval-da-retomada-2026\/#webpage"},"articleSection":"Not\u00edcias S\u00e3o Gon\u00e7alo"},{"@type":"BreadcrumbList","@id":"https:\/\/www.encontrasaogoncalo.com.br\/sobre\/sao-goncalo-inicia-preparativos-para-o-carnaval-da-retomada-2026\/#breadcrumblist","itemListElement":[{"@type":"ListItem","@id":"https:\/\/www.encontrasaogoncalo.com.br\/sobre#listItem","position":1,"name":"In\u00edcio","item":"https:\/\/www.encontrasaogoncalo.com.br\/sobre","nextItem":{"@type":"ListItem","@id":"https:\/\/www.encontrasaogoncalo.com.br\/sobre\/noticias-em-sao-goncalo\/#listItem","name":"Not\u00edcias S\u00e3o Gon\u00e7alo"}},{"@type":"ListItem","@id":"https:\/\/www.encontrasaogoncalo.com.br\/sobre\/noticias-em-sao-goncalo\/#listItem","position":2,"name":"Not\u00edcias S\u00e3o Gon\u00e7alo","item":"https:\/\/www.encontrasaogoncalo.com.br\/sobre\/noticias-em-sao-goncalo\/","nextItem":{"@type":"ListItem","@id":"https:\/\/www.encontrasaogoncalo.com.br\/sobre\/sao-goncalo-inicia-preparativos-para-o-carnaval-da-retomada-2026\/#listItem","name":"S\u00e3o Gon\u00e7alo inicia preparativos para o Carnaval da Retomada 2026"},"previousItem":{"@type":"ListItem","@id":"https:\/\/www.encontrasaogoncalo.com.br\/sobre#listItem","name":"In\u00edcio"}},{"@type":"ListItem","@id":"https:\/\/www.encontrasaogoncalo.com.br\/sobre\/sao-goncalo-inicia-preparativos-para-o-carnaval-da-retomada-2026\/#listItem","position":3,"name":"S\u00e3o Gon\u00e7alo inicia preparativos para o Carnaval da Retomada 2026","previousItem":{"@type":"ListItem","@id":"https:\/\/www.encontrasaogoncalo.com.br\/sobre\/noticias-em-sao-goncalo\/#listItem","name":"Not\u00edcias S\u00e3o Gon\u00e7alo"}}]},{"@type":"Organization","@id":"https:\/\/www.encontrasaogoncalo.com.br\/sobre\/#organization","name":"Encontra S\u00e3o Gon\u00e7alo","description":"Not\u00edcias, eventos, informa\u00e7\u00f5es e dicas da cidade de S\u00e3o Gon\u00e7alo e regi\u00e3o","url":"https:\/\/www.encontrasaogoncalo.com.br\/sobre\/"},{"@type":"Person","@id":"https:\/\/www.encontrasaogoncalo.com.br\/sobre\/author\/esaogoncalo\/#author","url":"https:\/\/www.encontrasaogoncalo.com.br\/sobre\/author\/esaogoncalo\/","name":"Encontra S\u00e3o Gon\u00e7alo","image":{"@type":"ImageObject","@id":"https:\/\/www.encontrasaogoncalo.com.br\/sobre\/sao-goncalo-inicia-preparativos-para-o-carnaval-da-retomada-2026\/#authorImage","url":"https:\/\/secure.gravatar.com\/avatar\/507340682b8270222e1f208e23198b6ae7e2c6a1033ae84e99bc6bce4f82a387?s=96&d=mm&r=g","width":96,"height":96,"caption":"Encontra S\u00e3o Gon\u00e7alo"}},{"@type":"WebPage","@id":"https:\/\/www.encontrasaogoncalo.com.br\/sobre\/sao-goncalo-inicia-preparativos-para-o-carnaval-da-retomada-2026\/#webpage","url":"https:\/\/www.encontrasaogoncalo.com.br\/sobre\/sao-goncalo-inicia-preparativos-para-o-carnaval-da-retomada-2026\/","name":"S\u00e3o Gon\u00e7alo inicia preparativos para o Carnaval da Retomada 2026 | Encontra S\u00e3o Gon\u00e7alo","inLanguage":"pt-BR","isPartOf":{"@id":"https:\/\/www.encontrasaogoncalo.com.br\/sobre\/#website"},"breadcrumb":{"@id":"https:\/\/www.encontrasaogoncalo.com.br\/sobre\/sao-goncalo-inicia-preparativos-para-o-carnaval-da-retomada-2026\/#breadcrumblist"},"author":{"@id":"https:\/\/www.encontrasaogoncalo.com.br\/sobre\/author\/esaogoncalo\/#author"},"creator":{"@id":"https:\/\/www.encontrasaogoncalo.com.br\/sobre\/author\/esaogoncalo\/#author"},"image":{"@type":"ImageObject","url":"https:\/\/www.encontrasaogoncalo.com.br\/sobre\/wp-content\/uploads\/sao-goncalo-inicia-preparativos-para-o-carnaval-da-retomada-2026.webp","@id":"https:\/\/www.encontrasaogoncalo.com.br\/sobre\/sao-goncalo-inicia-preparativos-para-o-carnaval-da-retomada-2026\/#mainImage","width":280,"height":280,"caption":"Carnaval da Retomada 2026"},"primaryImageOfPage":{"@id":"https:\/\/www.encontrasaogoncalo.com.br\/sobre\/sao-goncalo-inicia-preparativos-para-o-carnaval-da-retomada-2026\/#mainImage"},"datePublished":"2026-04-05T09:28:51+00:00","dateModified":"2026-04-05T09:28:51+00:00"},{"@type":"WebSite","@id":"https:\/\/www.encontrasaogoncalo.com.br\/sobre\/#website","url":"https:\/\/www.encontrasaogoncalo.com.br\/sobre\/","name":"Encontra S\u00e3o Gon\u00e7alo","description":"Not\u00edcias, eventos, informa\u00e7\u00f5es e dicas da cidade de S\u00e3o Gon\u00e7alo e regi\u00e3o","inLanguage":"pt-BR","publisher":{"@id":"https:\/\/www.encontrasaogoncalo.com.br\/sobre\/#organization"}}]},"og:locale":"pt_BR","og:site_name":"Encontra S\u00e3o Gon\u00e7alo | Not\u00edcias, eventos, informa\u00e7\u00f5es e dicas da cidade de S\u00e3o Gon\u00e7alo e regi\u00e3o","og:type":"article","og:title":"S\u00e3o Gon\u00e7alo inicia preparativos para o Carnaval da Retomada 2026 | Encontra S\u00e3o Gon\u00e7alo","og:url":"https:\/\/www.encontrasaogoncalo.com.br\/sobre\/sao-goncalo-inicia-preparativos-para-o-carnaval-da-retomada-2026\/","article:published_time":"2026-04-05T09:28:51+00:00","article:modified_time":"2026-04-05T09:28:51+00:00","twitter:card":"summary","twitter:title":"S\u00e3o Gon\u00e7alo inicia preparativos para o Carnaval da Retomada 2026 | Encontra S\u00e3o Gon\u00e7alo"},"aioseo_meta_data":{"post_id":"1863","title":null,"description":null,"keywords":null,"keyphrases":null,"primary_term":null,"canonical_url":null,"og_title":null,"og_description":null,"og_object_type":"default","og_image_type":"default","og_image_url":null,"og_image_width":null,"og_image_height":null,"og_image_custom_url":null,"og_image_custom_fields":null,"og_video":null,"og_custom_url":null,"og_article_section":null,"og_article_tags":null,"twitter_use_og":false,"twitter_card":"default","twitter_image_type":"default","twitter_image_url":null,"twitter_image_custom_url":null,"twitter_image_custom_fields":null,"twitter_title":null,"twitter_description":null,"schema":{"blockGraphs":[],"customGraphs":[],"default":{"data":{"Article":[],"Course":[],"Dataset":[],"FAQPage":[],"Movie":[],"Person":[],"Product":[],"ProductReview":[],"Car":[],"Recipe":[],"Service":[],"SoftwareApplication":[],"WebPage":[]},"graphName":"Article","isEnabled":true},"graphs":[]},"schema_type":"default","schema_type_options":null,"pillar_content":false,"robots_default":true,"robots_noindex":false,"robots_noarchive":false,"robots_nosnippet":false,"robots_nofollow":false,"robots_noimageindex":false,"robots_noodp":false,"robots_notranslate":false,"robots_max_snippet":null,"robots_max_videopreview":null,"robots_max_imagepreview":"large","priority":null,"frequency":null,"local_seo":null,"breadcrumb_settings":null,"limit_modified_date":false,"ai":null,"created":"2026-04-05 09:28:55","updated":"2026-04-05 10:12:04","focus_keyword":null,"additional_keywords":null,"truseo_locale":null,"seo_analyzer_scan_date":null},"aioseo_breadcrumb":"<div class=\"aioseo-breadcrumbs\"><span class=\"aioseo-breadcrumb\">\n\t\t\t<a href=\"https:\/\/www.encontrasaogoncalo.com.br\/sobre\" title=\"In\u00edcio\">In\u00edcio<\/a>\n\t\t<\/span><span class=\"aioseo-breadcrumb-separator\">&raquo;<\/span><span class=\"aioseo-breadcrumb\">\n\t\t\t<a href=\"https:\/\/www.encontrasaogoncalo.com.br\/sobre\/noticias-em-sao-goncalo\/\" title=\"Not\u00edcias S\u00e3o Gon\u00e7alo\">Not\u00edcias S\u00e3o Gon\u00e7alo<\/a>\n\t\t<\/span><span class=\"aioseo-breadcrumb-separator\">&raquo;<\/span><span class=\"aioseo-breadcrumb\">\n\t\t\tS\u00e3o Gon\u00e7alo inicia preparativos para o Carnaval da Retomada 2026\n\t\t<\/span><\/div>","aioseo_breadcrumb_json":[{"label":"In\u00edcio","link":"https:\/\/www.encontrasaogoncalo.com.br\/sobre"},{"label":"Not\u00edcias S\u00e3o Gon\u00e7alo","link":"https:\/\/www.encontrasaogoncalo.com.br\/sobre\/noticias-em-sao-goncalo\/"},{"label":"S\u00e3o Gon\u00e7alo inicia preparativos para o Carnaval da Retomada 2026","link":"https:\/\/www.encontrasaogoncalo.com.br\/sobre\/sao-goncalo-inicia-preparativos-para-o-carnaval-da-retomada-2026\/"}],"_links":{"self":[{"href":"https:\/\/www.encontrasaogoncalo.com.br\/sobre\/wp-json\/wp\/v2\/posts\/1863","targetHints":{"allow":["GET"]}}],"collection":[{"href":"https:\/\/www.encontrasaogoncalo.com.br\/sobre\/wp-json\/wp\/v2\/posts"}],"about":[{"href":"https:\/\/www.encontrasaogoncalo.com.br\/sobre\/wp-json\/wp\/v2\/types\/post"}],"author":[{"embeddable":true,"href":"https:\/\/www.encontrasaogoncalo.com.br\/sobre\/wp-json\/wp\/v2\/users\/1"}],"replies":[{"embeddable":true,"href":"https:\/\/www.encontrasaogoncalo.com.br\/sobre\/wp-json\/wp\/v2\/comments?post=1863"}],"version-history":[{"count":0,"href":"https:\/\/www.encontrasaogoncalo.com.br\/sobre\/wp-json\/wp\/v2\/posts\/1863\/revisions"}],"wp:featuredmedia":[{"embeddable":true,"href":"https:\/\/www.encontrasaogoncalo.com.br\/sobre\/wp-json\/wp\/v2\/media\/1862"}],"wp:attachment":[{"href":"https:\/\/www.encontrasaogoncalo.com.br\/sobre\/wp-json\/wp\/v2\/media?parent=1863"}],"wp:term":[{"taxonomy":"category","embeddable":true,"href":"https:\/\/www.encontrasaogoncalo.com.br\/sobre\/wp-json\/wp\/v2\/categories?post=1863"},{"taxonomy":"post_tag","embeddable":true,"href":"https:\/\/www.encontrasaogoncalo.com.br\/sobre\/wp-json\/wp\/v2\/tags?post=1863"}],"curies":[{"name":"wp","href":"https:\/\/api.w.org\/{rel}","templated":true}]}}