{"id":1965,"date":"2026-04-26T09:14:00","date_gmt":"2026-04-26T09:14:00","guid":{"rendered":"https:\/\/www.encontrasaogoncalo.com.br\/sobre\/sao-goncalo-inicia-revisao-do-plano-diretor-participativo\/"},"modified":"2026-04-26T09:14:00","modified_gmt":"2026-04-26T09:14:00","slug":"sao-goncalo-inicia-revisao-do-plano-diretor-participativo","status":"publish","type":"post","link":"https:\/\/www.encontrasaogoncalo.com.br\/sobre\/sao-goncalo-inicia-revisao-do-plano-diretor-participativo\/","title":{"rendered":"S\u00e3o Gon\u00e7alo inicia revis\u00e3o do Plano Diretor Participativo"},"content":{"rendered":"<div class=\"558ebb280150f569344a3237cd236fe7\" data-index=\"1\" style=\"float: none; margin:0px;\">\n<!-- Anuncio display - global -->\r\n<ins class=\"adsbygoogle\"\r\n     style=\"display:block\"\r\n     data-ad-client=\"ca-pub-8585364105181520\"\r\n     data-ad-slot=\"8789329856\"\r\n     data-ad-format=\"auto\"\r\n     data-full-width-responsive=\"true\"><\/ins>\r\n<script>\r\n     (adsbygoogle = window.adsbygoogle || []).push({});\r\n<\/script>\n<\/div>\n<h2>O que \u00e9 o Plano Diretor Participativo?<\/h2>\n<p>O Plano Diretor Participativo \u00e9 um instrumento fundamental para a gest\u00e3o do desenvolvimento urbano de uma cidade, que visa orientar o crescimento e a organiza\u00e7\u00e3o do espa\u00e7o urbano. Este plano busca envolver a comunidade no processo de planejamento, permitindo que a popula\u00e7\u00e3o contribua com suas ideias e demandas, influenciando diretamente as decis\u00f5es sobre uso do solo, infraestrutura, servi\u00e7os p\u00fablicos e pol\u00edticas de habita\u00e7\u00e3o.<\/p>\n<h2>Import\u00e2ncia da revis\u00e3o do plano para S\u00e3o Gon\u00e7alo<\/h2>\n<p>A revis\u00e3o do Plano Diretor \u00e9 uma necessidade premente para S\u00e3o Gon\u00e7alo, principalmente devido ao crescimento e \u00e0s transforma\u00e7\u00f5es socioecon\u00f4micas que a cidade tem enfrentado nos \u00faltimos anos. Um plano atualizado assegura que as diretrizes sejam adequadas \u00e0s novas realidades, promovendo um desenvolvimento urbano mais sustent\u00e1vel e equitativo. Al\u00e9m disso, a revis\u00e3o permitir\u00e1 a adapta\u00e7\u00e3o \u00e0s inova\u00e7\u00f5es em mobilidade, meio ambiente e infraestrutura, refletindo as necessidades atuais da popula\u00e7\u00e3o.<\/p>\n<h2>Como a popula\u00e7\u00e3o pode participar do processo?<\/h2>\n<p>A participa\u00e7\u00e3o cidad\u00e3 \u00e9 um dos pilares da cria\u00e7\u00e3o e revis\u00e3o do Plano Diretor Participativo. A popula\u00e7\u00e3o ser\u00e1 incentivada a participar ao longo de todo o processo atrav\u00e9s de reuni\u00f5es, oficinas e audi\u00eancias p\u00fablicas. Estas iniciativas proporcionar\u00e3o um espa\u00e7o para que os cidad\u00e3os expressem suas opini\u00f5es, apresentem sugest\u00f5es e discutam os desafios enfrentados na comunidade. O objetivo \u00e9 garantir que a voz do cidad\u00e3o seja ouvida e considerada nas decis\u00f5es que impactam sua vida e seu bairro.<\/p>\n<p><img decoding=\"async\" src=\"https:\/\/www.encontrasaogoncalo.com.br\/sobre\/wp-content\/uploads\/sao-goncalo-inicia-revisao-do-plano-diretor-participativo.webp\" alt=\"revis\u00e3o do Plano Diretor Participativo\" loading=\"lazy\" \/><\/p>\n<h2>Principais t\u00f3picos abordados na revis\u00e3o<\/h2>\n<p>A revis\u00e3o do Plano Diretor Participativo incluir\u00e1 uma an\u00e1lise abrangente de diversos temas importantes, entre os quais:<\/p>\n<ul>\n<li><strong>Habita\u00e7\u00e3o:<\/strong> Estrat\u00e9gias para promover moradia acess\u00edvel e de qualidade.<\/li>\n<li><strong>Mobilidade:<\/strong> Propostas para melhorar o transporte p\u00fablico e a mobilidade urbana.<\/li>\n<li><strong>Meio Ambiente:<\/strong> Diretrizes para preserva\u00e7\u00e3o da natureza e uso respons\u00e1vel dos recursos naturais.<\/li>\n<li><strong>Infraestrutura:<\/strong> Planejamento de servi\u00e7os essenciais como \u00e1gua, esgoto e energia.<\/li>\n<\/ul>\n<h2>Hist\u00f3rico do Plano Diretor em S\u00e3o Gon\u00e7alo<\/h2>\n<p>O Plano Diretor de S\u00e3o Gon\u00e7alo foi estabelecido em 2009, e desde ent\u00e3o, n\u00e3o recebeu uma revis\u00e3o completa. Essa perman\u00eancia por tanto tempo sem atualiza\u00e7\u00e3o gera a necessidade de um olhar renovado que considere as mudan\u00e7as demogr\u00e1ficas e socioecon\u00f4micas que ocorreram desde sua implementa\u00e7\u00e3o. Essa revis\u00e3o permitir\u00e1 uma an\u00e1lise mais profunda sobre a efic\u00e1cia das a\u00e7\u00f5es anteriormente planejadas e a introdu\u00e7\u00e3o de novas propostas alinhadas \u00e0s exig\u00eancias atuais da comunidade.<\/p>\n<h2>Objetivos da gest\u00e3o atual com a revis\u00e3o<\/h2>\n<p>A gest\u00e3o atual tem como principais objetivos revigorar e garantir a efic\u00e1cia das pol\u00edticas urbanas, promovendo um desenvolvimento que atenda \u00e0s necessidades de todos os cidad\u00e3os. Ao revisar o plano, busca-se:<\/p>\n<ul>\n<li>Fortalecer o planejamento urbano integrado para um crescimento mais sustent\u00e1vel.<\/li>\n<li>Estimular a participa\u00e7\u00e3o da popula\u00e7\u00e3o, proporcionando um espa\u00e7o democr\u00e1tico de discuss\u00e3o.<\/li>\n<li>Atualizar as diretrizes em conson\u00e2ncia com as novas demandas sociais e ambientais.<\/li>\n<\/ul>\n<h2>Estudos e diagn\u00f3sticos que ser\u00e3o realizados<\/h2>\n<p>Diversos estudos e diagn\u00f3sticos ser\u00e3o realizados para embasar a revis\u00e3o do Plano Diretor. Entre as principais atividades, destacam-se:<\/p>\n<ul>\n<li><strong>Levantamento de Dados:<\/strong> Coleta de informa\u00e7\u00f5es populacionais, socioecon\u00f4micas e ambientais atuais.<\/li>\n<li><strong>An\u00e1lise de Mobilidade:<\/strong> Estudo das condi\u00e7\u00f5es de transporte e tr\u00e1fego na cidade.<\/li>\n<li><strong>Vistorias Urbanas:<\/strong> Avalia\u00e7\u00e3o das condi\u00e7\u00f5es das infraestruturas existentes e suas necessidades de melhoria.<\/li>\n<\/ul>\n<h2>Audi\u00eancias p\u00fablicas: criando espa\u00e7o para a voz do cidad\u00e3o<\/h2>\n<p>As audi\u00eancias p\u00fablicas ser\u00e3o um componente essencial da revis\u00e3o, permitindo que os cidad\u00e3os compartilhem suas experi\u00eancias e preocupa\u00e7\u00f5es. A gest\u00e3o municipal se compromete a criar um ambiente onde as vozes da comunidade sejam escutadas e levadas em considera\u00e7\u00e3o. A participa\u00e7\u00e3o ativa da popula\u00e7\u00e3o garantir\u00e1 que as solu\u00e7\u00f5es propostas sejam mais efetivas e atendam a realidade vivida pelos moradores de S\u00e3o Gon\u00e7alo.<\/p>\n<h2>Planos complementares ao Plano Diretor<\/h2>\n<p>Al\u00e9m do Plano Diretor Participativo, h\u00e1 a inten\u00e7\u00e3o de desenvolver documentos complementares que reforcem a pol\u00edtica urbana, como:<\/p>\n<ul>\n<li>Plano Municipal de Redu\u00e7\u00e3o de Riscos, focado na mitiga\u00e7\u00e3o de desastres e seguran\u00e7a da popula\u00e7\u00e3o.<\/li>\n<li>Plano Local de A\u00e7\u00e3o Clim\u00e1tica, que visa adaptar a cidade \u00e0s mudan\u00e7as clim\u00e1ticas, promovendo pr\u00e1ticas sustent\u00e1veis.<\/li>\n<\/ul>\n<h2>Pr\u00f3ximos passos e cronograma da revis\u00e3o<\/h2>\n<p>Os pr\u00f3ximos passos da revis\u00e3o do Plano Diretor incluem a realiza\u00e7\u00e3o de reuni\u00f5es e oficinas que ser\u00e3o agendadas ao longo das semanas seguintes. Um cronograma ser\u00e1 elaborado e divulgado para que todos os cidad\u00e3os tenham acesso \u00e0s datas e locais onde os eventos ocorrer\u00e3o, garantindo assim a transpar\u00eancia e a ampla participa\u00e7\u00e3o durante o processo.<\/p>\n\n<div style=\"font-size: 0px; height: 0px; line-height: 0px; margin: 0; padding: 0; clear: both;\"><\/div>","protected":false},"excerpt":{"rendered":"<p>A revis\u00e3o do Plano Diretor Participativo de S\u00e3o Gon\u00e7alo traz mudan\u00e7as significativas para o munic\u00edpio.<\/p>\n","protected":false},"author":1,"featured_media":1964,"comment_status":"open","ping_status":"closed","sticky":false,"template":"","format":"standard","meta":{"footnotes":""},"categories":[6],"tags":[],"class_list":["post-1965","post","type-post","status-publish","format-standard","has-post-thumbnail","hentry","category-noticias-em-sao-goncalo","has_thumb"],"aioseo_notices":[],"aioseo_head":"\n\t\t<!-- All in One SEO 5.0.0.1 - aioseo.com -->\n\t<meta name=\"robots\" content=\"max-image-preview:large\" \/>\n\t<meta name=\"author\" content=\"Encontra S\u00e3o Gon\u00e7alo\"\/>\n\t<link rel=\"canonical\" href=\"https:\/\/www.encontrasaogoncalo.com.br\/sobre\/sao-goncalo-inicia-revisao-do-plano-diretor-participativo\/\" \/>\n\t<meta name=\"generator\" content=\"All in One SEO (AIOSEO) 5.0.0.1\" \/>\n\t\t<meta property=\"og:locale\" content=\"pt_BR\" \/>\n\t\t<meta property=\"og:site_name\" content=\"Encontra S\u00e3o Gon\u00e7alo | Not\u00edcias, eventos, informa\u00e7\u00f5es e dicas da cidade de S\u00e3o Gon\u00e7alo e regi\u00e3o\" \/>\n\t\t<meta property=\"og:type\" content=\"article\" \/>\n\t\t<meta property=\"og:title\" content=\"S\u00e3o Gon\u00e7alo inicia revis\u00e3o do Plano Diretor Participativo | Encontra S\u00e3o Gon\u00e7alo\" \/>\n\t\t<meta property=\"og:url\" content=\"https:\/\/www.encontrasaogoncalo.com.br\/sobre\/sao-goncalo-inicia-revisao-do-plano-diretor-participativo\/\" \/>\n\t\t<meta property=\"article:published_time\" content=\"2026-04-26T09:14:00+00:00\" \/>\n\t\t<meta property=\"article:modified_time\" content=\"2026-04-26T09:14:00+00:00\" \/>\n\t\t<meta name=\"twitter:card\" content=\"summary\" \/>\n\t\t<meta name=\"twitter:title\" content=\"S\u00e3o Gon\u00e7alo inicia revis\u00e3o do Plano Diretor Participativo | Encontra S\u00e3o Gon\u00e7alo\" \/>\n\t\t<script type=\"application\/ld+json\" class=\"aioseo-schema\">\n\t\t\t{\"@context\":\"https:\\\/\\\/schema.org\",\"@graph\":[{\"@type\":\"Article\",\"@id\":\"https:\\\/\\\/www.encontrasaogoncalo.com.br\\\/sobre\\\/sao-goncalo-inicia-revisao-do-plano-diretor-participativo\\\/#article\",\"name\":\"S\\u00e3o Gon\\u00e7alo inicia revis\\u00e3o do Plano Diretor Participativo | Encontra S\\u00e3o Gon\\u00e7alo\",\"headline\":\"S\\u00e3o Gon\\u00e7alo inicia revis\\u00e3o do Plano Diretor Participativo\",\"author\":{\"@id\":\"https:\\\/\\\/www.encontrasaogoncalo.com.br\\\/sobre\\\/author\\\/esaogoncalo\\\/#author\"},\"publisher\":{\"@id\":\"https:\\\/\\\/www.encontrasaogoncalo.com.br\\\/sobre\\\/#organization\"},\"image\":{\"@type\":\"ImageObject\",\"url\":\"https:\\\/\\\/www.encontrasaogoncalo.com.br\\\/sobre\\\/wp-content\\\/uploads\\\/sao-goncalo-inicia-revisao-do-plano-diretor-participativo.webp\",\"width\":280,\"height\":280,\"caption\":\"revis\\u00e3o do Plano Diretor Participativo\"},\"datePublished\":\"2026-04-26T09:14:00+00:00\",\"dateModified\":\"2026-04-26T09:14:00+00:00\",\"inLanguage\":\"pt-BR\",\"mainEntityOfPage\":{\"@id\":\"https:\\\/\\\/www.encontrasaogoncalo.com.br\\\/sobre\\\/sao-goncalo-inicia-revisao-do-plano-diretor-participativo\\\/#webpage\"},\"isPartOf\":{\"@id\":\"https:\\\/\\\/www.encontrasaogoncalo.com.br\\\/sobre\\\/sao-goncalo-inicia-revisao-do-plano-diretor-participativo\\\/#webpage\"},\"articleSection\":\"Not\\u00edcias S\\u00e3o Gon\\u00e7alo\"},{\"@type\":\"BreadcrumbList\",\"@id\":\"https:\\\/\\\/www.encontrasaogoncalo.com.br\\\/sobre\\\/sao-goncalo-inicia-revisao-do-plano-diretor-participativo\\\/#breadcrumblist\",\"itemListElement\":[{\"@type\":\"ListItem\",\"@id\":\"https:\\\/\\\/www.encontrasaogoncalo.com.br\\\/sobre#listItem\",\"position\":1,\"name\":\"In\\u00edcio\",\"item\":\"https:\\\/\\\/www.encontrasaogoncalo.com.br\\\/sobre\",\"nextItem\":{\"@type\":\"ListItem\",\"@id\":\"https:\\\/\\\/www.encontrasaogoncalo.com.br\\\/sobre\\\/noticias-em-sao-goncalo\\\/#listItem\",\"name\":\"Not\\u00edcias S\\u00e3o Gon\\u00e7alo\"}},{\"@type\":\"ListItem\",\"@id\":\"https:\\\/\\\/www.encontrasaogoncalo.com.br\\\/sobre\\\/noticias-em-sao-goncalo\\\/#listItem\",\"position\":2,\"name\":\"Not\\u00edcias S\\u00e3o Gon\\u00e7alo\",\"item\":\"https:\\\/\\\/www.encontrasaogoncalo.com.br\\\/sobre\\\/noticias-em-sao-goncalo\\\/\",\"nextItem\":{\"@type\":\"ListItem\",\"@id\":\"https:\\\/\\\/www.encontrasaogoncalo.com.br\\\/sobre\\\/sao-goncalo-inicia-revisao-do-plano-diretor-participativo\\\/#listItem\",\"name\":\"S\\u00e3o Gon\\u00e7alo inicia revis\\u00e3o do Plano Diretor Participativo\"},\"previousItem\":{\"@type\":\"ListItem\",\"@id\":\"https:\\\/\\\/www.encontrasaogoncalo.com.br\\\/sobre#listItem\",\"name\":\"In\\u00edcio\"}},{\"@type\":\"ListItem\",\"@id\":\"https:\\\/\\\/www.encontrasaogoncalo.com.br\\\/sobre\\\/sao-goncalo-inicia-revisao-do-plano-diretor-participativo\\\/#listItem\",\"position\":3,\"name\":\"S\\u00e3o Gon\\u00e7alo inicia revis\\u00e3o do Plano Diretor Participativo\",\"previousItem\":{\"@type\":\"ListItem\",\"@id\":\"https:\\\/\\\/www.encontrasaogoncalo.com.br\\\/sobre\\\/noticias-em-sao-goncalo\\\/#listItem\",\"name\":\"Not\\u00edcias S\\u00e3o Gon\\u00e7alo\"}}]},{\"@type\":\"Organization\",\"@id\":\"https:\\\/\\\/www.encontrasaogoncalo.com.br\\\/sobre\\\/#organization\",\"name\":\"Encontra S\\u00e3o Gon\\u00e7alo\",\"description\":\"Not\\u00edcias, eventos, informa\\u00e7\\u00f5es e dicas da cidade de S\\u00e3o Gon\\u00e7alo e regi\\u00e3o\",\"url\":\"https:\\\/\\\/www.encontrasaogoncalo.com.br\\\/sobre\\\/\"},{\"@type\":\"Person\",\"@id\":\"https:\\\/\\\/www.encontrasaogoncalo.com.br\\\/sobre\\\/author\\\/esaogoncalo\\\/#author\",\"url\":\"https:\\\/\\\/www.encontrasaogoncalo.com.br\\\/sobre\\\/author\\\/esaogoncalo\\\/\",\"name\":\"Encontra S\\u00e3o Gon\\u00e7alo\",\"image\":{\"@type\":\"ImageObject\",\"@id\":\"https:\\\/\\\/www.encontrasaogoncalo.com.br\\\/sobre\\\/sao-goncalo-inicia-revisao-do-plano-diretor-participativo\\\/#authorImage\",\"url\":\"https:\\\/\\\/secure.gravatar.com\\\/avatar\\\/507340682b8270222e1f208e23198b6ae7e2c6a1033ae84e99bc6bce4f82a387?s=96&d=mm&r=g\",\"width\":96,\"height\":96,\"caption\":\"Encontra S\\u00e3o Gon\\u00e7alo\"}},{\"@type\":\"WebPage\",\"@id\":\"https:\\\/\\\/www.encontrasaogoncalo.com.br\\\/sobre\\\/sao-goncalo-inicia-revisao-do-plano-diretor-participativo\\\/#webpage\",\"url\":\"https:\\\/\\\/www.encontrasaogoncalo.com.br\\\/sobre\\\/sao-goncalo-inicia-revisao-do-plano-diretor-participativo\\\/\",\"name\":\"S\\u00e3o Gon\\u00e7alo inicia revis\\u00e3o do Plano Diretor Participativo | Encontra S\\u00e3o Gon\\u00e7alo\",\"inLanguage\":\"pt-BR\",\"isPartOf\":{\"@id\":\"https:\\\/\\\/www.encontrasaogoncalo.com.br\\\/sobre\\\/#website\"},\"breadcrumb\":{\"@id\":\"https:\\\/\\\/www.encontrasaogoncalo.com.br\\\/sobre\\\/sao-goncalo-inicia-revisao-do-plano-diretor-participativo\\\/#breadcrumblist\"},\"author\":{\"@id\":\"https:\\\/\\\/www.encontrasaogoncalo.com.br\\\/sobre\\\/author\\\/esaogoncalo\\\/#author\"},\"creator\":{\"@id\":\"https:\\\/\\\/www.encontrasaogoncalo.com.br\\\/sobre\\\/author\\\/esaogoncalo\\\/#author\"},\"image\":{\"@type\":\"ImageObject\",\"url\":\"https:\\\/\\\/www.encontrasaogoncalo.com.br\\\/sobre\\\/wp-content\\\/uploads\\\/sao-goncalo-inicia-revisao-do-plano-diretor-participativo.webp\",\"@id\":\"https:\\\/\\\/www.encontrasaogoncalo.com.br\\\/sobre\\\/sao-goncalo-inicia-revisao-do-plano-diretor-participativo\\\/#mainImage\",\"width\":280,\"height\":280,\"caption\":\"revis\\u00e3o do Plano Diretor Participativo\"},\"primaryImageOfPage\":{\"@id\":\"https:\\\/\\\/www.encontrasaogoncalo.com.br\\\/sobre\\\/sao-goncalo-inicia-revisao-do-plano-diretor-participativo\\\/#mainImage\"},\"datePublished\":\"2026-04-26T09:14:00+00:00\",\"dateModified\":\"2026-04-26T09:14:00+00:00\"},{\"@type\":\"WebSite\",\"@id\":\"https:\\\/\\\/www.encontrasaogoncalo.com.br\\\/sobre\\\/#website\",\"url\":\"https:\\\/\\\/www.encontrasaogoncalo.com.br\\\/sobre\\\/\",\"name\":\"Encontra S\\u00e3o Gon\\u00e7alo\",\"description\":\"Not\\u00edcias, eventos, informa\\u00e7\\u00f5es e dicas da cidade de S\\u00e3o Gon\\u00e7alo e regi\\u00e3o\",\"inLanguage\":\"pt-BR\",\"publisher\":{\"@id\":\"https:\\\/\\\/www.encontrasaogoncalo.com.br\\\/sobre\\\/#organization\"}}]}\n\t\t<\/script>\n\t\t<!-- All in One SEO -->\n\n","aioseo_head_json":{"title":"S\u00e3o Gon\u00e7alo inicia revis\u00e3o do Plano Diretor Participativo | Encontra S\u00e3o Gon\u00e7alo","description":"","canonical_url":"https:\/\/www.encontrasaogoncalo.com.br\/sobre\/sao-goncalo-inicia-revisao-do-plano-diretor-participativo\/","robots":"max-image-preview:large","keywords":"","webmasterTools":{"miscellaneous":""},"schema":{"@context":"https:\/\/schema.org","@graph":[{"@type":"Article","@id":"https:\/\/www.encontrasaogoncalo.com.br\/sobre\/sao-goncalo-inicia-revisao-do-plano-diretor-participativo\/#article","name":"S\u00e3o Gon\u00e7alo inicia revis\u00e3o do Plano Diretor Participativo | Encontra S\u00e3o Gon\u00e7alo","headline":"S\u00e3o Gon\u00e7alo inicia revis\u00e3o do Plano Diretor Participativo","author":{"@id":"https:\/\/www.encontrasaogoncalo.com.br\/sobre\/author\/esaogoncalo\/#author"},"publisher":{"@id":"https:\/\/www.encontrasaogoncalo.com.br\/sobre\/#organization"},"image":{"@type":"ImageObject","url":"https:\/\/www.encontrasaogoncalo.com.br\/sobre\/wp-content\/uploads\/sao-goncalo-inicia-revisao-do-plano-diretor-participativo.webp","width":280,"height":280,"caption":"revis\u00e3o do Plano Diretor Participativo"},"datePublished":"2026-04-26T09:14:00+00:00","dateModified":"2026-04-26T09:14:00+00:00","inLanguage":"pt-BR","mainEntityOfPage":{"@id":"https:\/\/www.encontrasaogoncalo.com.br\/sobre\/sao-goncalo-inicia-revisao-do-plano-diretor-participativo\/#webpage"},"isPartOf":{"@id":"https:\/\/www.encontrasaogoncalo.com.br\/sobre\/sao-goncalo-inicia-revisao-do-plano-diretor-participativo\/#webpage"},"articleSection":"Not\u00edcias S\u00e3o Gon\u00e7alo"},{"@type":"BreadcrumbList","@id":"https:\/\/www.encontrasaogoncalo.com.br\/sobre\/sao-goncalo-inicia-revisao-do-plano-diretor-participativo\/#breadcrumblist","itemListElement":[{"@type":"ListItem","@id":"https:\/\/www.encontrasaogoncalo.com.br\/sobre#listItem","position":1,"name":"In\u00edcio","item":"https:\/\/www.encontrasaogoncalo.com.br\/sobre","nextItem":{"@type":"ListItem","@id":"https:\/\/www.encontrasaogoncalo.com.br\/sobre\/noticias-em-sao-goncalo\/#listItem","name":"Not\u00edcias S\u00e3o Gon\u00e7alo"}},{"@type":"ListItem","@id":"https:\/\/www.encontrasaogoncalo.com.br\/sobre\/noticias-em-sao-goncalo\/#listItem","position":2,"name":"Not\u00edcias S\u00e3o Gon\u00e7alo","item":"https:\/\/www.encontrasaogoncalo.com.br\/sobre\/noticias-em-sao-goncalo\/","nextItem":{"@type":"ListItem","@id":"https:\/\/www.encontrasaogoncalo.com.br\/sobre\/sao-goncalo-inicia-revisao-do-plano-diretor-participativo\/#listItem","name":"S\u00e3o Gon\u00e7alo inicia revis\u00e3o do Plano Diretor Participativo"},"previousItem":{"@type":"ListItem","@id":"https:\/\/www.encontrasaogoncalo.com.br\/sobre#listItem","name":"In\u00edcio"}},{"@type":"ListItem","@id":"https:\/\/www.encontrasaogoncalo.com.br\/sobre\/sao-goncalo-inicia-revisao-do-plano-diretor-participativo\/#listItem","position":3,"name":"S\u00e3o Gon\u00e7alo inicia revis\u00e3o do Plano Diretor Participativo","previousItem":{"@type":"ListItem","@id":"https:\/\/www.encontrasaogoncalo.com.br\/sobre\/noticias-em-sao-goncalo\/#listItem","name":"Not\u00edcias S\u00e3o Gon\u00e7alo"}}]},{"@type":"Organization","@id":"https:\/\/www.encontrasaogoncalo.com.br\/sobre\/#organization","name":"Encontra S\u00e3o Gon\u00e7alo","description":"Not\u00edcias, eventos, informa\u00e7\u00f5es e dicas da cidade de S\u00e3o Gon\u00e7alo e regi\u00e3o","url":"https:\/\/www.encontrasaogoncalo.com.br\/sobre\/"},{"@type":"Person","@id":"https:\/\/www.encontrasaogoncalo.com.br\/sobre\/author\/esaogoncalo\/#author","url":"https:\/\/www.encontrasaogoncalo.com.br\/sobre\/author\/esaogoncalo\/","name":"Encontra S\u00e3o Gon\u00e7alo","image":{"@type":"ImageObject","@id":"https:\/\/www.encontrasaogoncalo.com.br\/sobre\/sao-goncalo-inicia-revisao-do-plano-diretor-participativo\/#authorImage","url":"https:\/\/secure.gravatar.com\/avatar\/507340682b8270222e1f208e23198b6ae7e2c6a1033ae84e99bc6bce4f82a387?s=96&d=mm&r=g","width":96,"height":96,"caption":"Encontra S\u00e3o Gon\u00e7alo"}},{"@type":"WebPage","@id":"https:\/\/www.encontrasaogoncalo.com.br\/sobre\/sao-goncalo-inicia-revisao-do-plano-diretor-participativo\/#webpage","url":"https:\/\/www.encontrasaogoncalo.com.br\/sobre\/sao-goncalo-inicia-revisao-do-plano-diretor-participativo\/","name":"S\u00e3o Gon\u00e7alo inicia revis\u00e3o do Plano Diretor Participativo | Encontra S\u00e3o Gon\u00e7alo","inLanguage":"pt-BR","isPartOf":{"@id":"https:\/\/www.encontrasaogoncalo.com.br\/sobre\/#website"},"breadcrumb":{"@id":"https:\/\/www.encontrasaogoncalo.com.br\/sobre\/sao-goncalo-inicia-revisao-do-plano-diretor-participativo\/#breadcrumblist"},"author":{"@id":"https:\/\/www.encontrasaogoncalo.com.br\/sobre\/author\/esaogoncalo\/#author"},"creator":{"@id":"https:\/\/www.encontrasaogoncalo.com.br\/sobre\/author\/esaogoncalo\/#author"},"image":{"@type":"ImageObject","url":"https:\/\/www.encontrasaogoncalo.com.br\/sobre\/wp-content\/uploads\/sao-goncalo-inicia-revisao-do-plano-diretor-participativo.webp","@id":"https:\/\/www.encontrasaogoncalo.com.br\/sobre\/sao-goncalo-inicia-revisao-do-plano-diretor-participativo\/#mainImage","width":280,"height":280,"caption":"revis\u00e3o do Plano Diretor Participativo"},"primaryImageOfPage":{"@id":"https:\/\/www.encontrasaogoncalo.com.br\/sobre\/sao-goncalo-inicia-revisao-do-plano-diretor-participativo\/#mainImage"},"datePublished":"2026-04-26T09:14:00+00:00","dateModified":"2026-04-26T09:14:00+00:00"},{"@type":"WebSite","@id":"https:\/\/www.encontrasaogoncalo.com.br\/sobre\/#website","url":"https:\/\/www.encontrasaogoncalo.com.br\/sobre\/","name":"Encontra S\u00e3o Gon\u00e7alo","description":"Not\u00edcias, eventos, informa\u00e7\u00f5es e dicas da cidade de S\u00e3o Gon\u00e7alo e regi\u00e3o","inLanguage":"pt-BR","publisher":{"@id":"https:\/\/www.encontrasaogoncalo.com.br\/sobre\/#organization"}}]},"og:locale":"pt_BR","og:site_name":"Encontra S\u00e3o Gon\u00e7alo | Not\u00edcias, eventos, informa\u00e7\u00f5es e dicas da cidade de S\u00e3o Gon\u00e7alo e regi\u00e3o","og:type":"article","og:title":"S\u00e3o Gon\u00e7alo inicia revis\u00e3o do Plano Diretor Participativo | Encontra S\u00e3o Gon\u00e7alo","og:url":"https:\/\/www.encontrasaogoncalo.com.br\/sobre\/sao-goncalo-inicia-revisao-do-plano-diretor-participativo\/","article:published_time":"2026-04-26T09:14:00+00:00","article:modified_time":"2026-04-26T09:14:00+00:00","twitter:card":"summary","twitter:title":"S\u00e3o Gon\u00e7alo inicia revis\u00e3o do Plano Diretor Participativo | Encontra S\u00e3o Gon\u00e7alo"},"aioseo_meta_data":{"post_id":"1965","title":null,"description":null,"keywords":null,"keyphrases":null,"primary_term":null,"canonical_url":null,"og_title":null,"og_description":null,"og_object_type":"default","og_image_type":"default","og_image_url":null,"og_image_width":null,"og_image_height":null,"og_image_custom_url":null,"og_image_custom_fields":null,"og_video":null,"og_custom_url":null,"og_article_section":null,"og_article_tags":null,"twitter_use_og":false,"twitter_card":"default","twitter_image_type":"default","twitter_image_url":null,"twitter_image_custom_url":null,"twitter_image_custom_fields":null,"twitter_title":null,"twitter_description":null,"schema":{"blockGraphs":[],"customGraphs":[],"default":{"data":{"Article":[],"Course":[],"Dataset":[],"FAQPage":[],"Movie":[],"Person":[],"Product":[],"ProductReview":[],"Car":[],"Recipe":[],"Service":[],"SoftwareApplication":[],"WebPage":[]},"graphName":"Article","isEnabled":true},"graphs":[]},"schema_type":"default","schema_type_options":null,"pillar_content":false,"robots_default":true,"robots_noindex":false,"robots_noarchive":false,"robots_nosnippet":false,"robots_nofollow":false,"robots_noimageindex":false,"robots_noodp":false,"robots_notranslate":false,"robots_max_snippet":null,"robots_max_videopreview":null,"robots_max_imagepreview":"large","priority":null,"frequency":null,"local_seo":null,"breadcrumb_settings":null,"limit_modified_date":false,"ai":null,"created":"2026-04-26 09:14:02","updated":"2026-04-26 09:31:36","focus_keyword":null,"additional_keywords":null,"truseo_locale":null,"seo_analyzer_scan_date":null},"aioseo_breadcrumb":"<div class=\"aioseo-breadcrumbs\"><span class=\"aioseo-breadcrumb\">\n\t\t\t<a href=\"https:\/\/www.encontrasaogoncalo.com.br\/sobre\" title=\"In\u00edcio\">In\u00edcio<\/a>\n\t\t<\/span><span class=\"aioseo-breadcrumb-separator\">&raquo;<\/span><span class=\"aioseo-breadcrumb\">\n\t\t\t<a href=\"https:\/\/www.encontrasaogoncalo.com.br\/sobre\/noticias-em-sao-goncalo\/\" title=\"Not\u00edcias S\u00e3o Gon\u00e7alo\">Not\u00edcias S\u00e3o Gon\u00e7alo<\/a>\n\t\t<\/span><span class=\"aioseo-breadcrumb-separator\">&raquo;<\/span><span class=\"aioseo-breadcrumb\">\n\t\t\tS\u00e3o Gon\u00e7alo inicia revis\u00e3o do Plano Diretor Participativo\n\t\t<\/span><\/div>","aioseo_breadcrumb_json":[{"label":"In\u00edcio","link":"https:\/\/www.encontrasaogoncalo.com.br\/sobre"},{"label":"Not\u00edcias S\u00e3o Gon\u00e7alo","link":"https:\/\/www.encontrasaogoncalo.com.br\/sobre\/noticias-em-sao-goncalo\/"},{"label":"S\u00e3o Gon\u00e7alo inicia revis\u00e3o do Plano Diretor Participativo","link":"https:\/\/www.encontrasaogoncalo.com.br\/sobre\/sao-goncalo-inicia-revisao-do-plano-diretor-participativo\/"}],"_links":{"self":[{"href":"https:\/\/www.encontrasaogoncalo.com.br\/sobre\/wp-json\/wp\/v2\/posts\/1965","targetHints":{"allow":["GET"]}}],"collection":[{"href":"https:\/\/www.encontrasaogoncalo.com.br\/sobre\/wp-json\/wp\/v2\/posts"}],"about":[{"href":"https:\/\/www.encontrasaogoncalo.com.br\/sobre\/wp-json\/wp\/v2\/types\/post"}],"author":[{"embeddable":true,"href":"https:\/\/www.encontrasaogoncalo.com.br\/sobre\/wp-json\/wp\/v2\/users\/1"}],"replies":[{"embeddable":true,"href":"https:\/\/www.encontrasaogoncalo.com.br\/sobre\/wp-json\/wp\/v2\/comments?post=1965"}],"version-history":[{"count":0,"href":"https:\/\/www.encontrasaogoncalo.com.br\/sobre\/wp-json\/wp\/v2\/posts\/1965\/revisions"}],"wp:featuredmedia":[{"embeddable":true,"href":"https:\/\/www.encontrasaogoncalo.com.br\/sobre\/wp-json\/wp\/v2\/media\/1964"}],"wp:attachment":[{"href":"https:\/\/www.encontrasaogoncalo.com.br\/sobre\/wp-json\/wp\/v2\/media?parent=1965"}],"wp:term":[{"taxonomy":"category","embeddable":true,"href":"https:\/\/www.encontrasaogoncalo.com.br\/sobre\/wp-json\/wp\/v2\/categories?post=1965"},{"taxonomy":"post_tag","embeddable":true,"href":"https:\/\/www.encontrasaogoncalo.com.br\/sobre\/wp-json\/wp\/v2\/tags?post=1965"}],"curies":[{"name":"wp","href":"https:\/\/api.w.org\/{rel}","templated":true}]}}