{"id":1981,"date":"2026-04-29T09:29:27","date_gmt":"2026-04-29T09:29:27","guid":{"rendered":"https:\/\/www.encontrasaogoncalo.com.br\/sobre\/saude-de-sao-goncalo-promove-acao-especial-no-centro-pop-do-mutondo\/"},"modified":"2026-04-29T09:29:27","modified_gmt":"2026-04-29T09:29:27","slug":"saude-de-sao-goncalo-promove-acao-especial-no-centro-pop-do-mutondo","status":"publish","type":"post","link":"https:\/\/www.encontrasaogoncalo.com.br\/sobre\/saude-de-sao-goncalo-promove-acao-especial-no-centro-pop-do-mutondo\/","title":{"rendered":"Sa\u00fade de S\u00e3o Gon\u00e7alo promove a\u00e7\u00e3o especial no Centro Pop do Mutondo"},"content":{"rendered":"<div class=\"558ebb280150f569344a3237cd236fe7\" data-index=\"1\" style=\"float: none; margin:0px;\">\n<!-- Anuncio display - global -->\r\n<ins class=\"adsbygoogle\"\r\n     style=\"display:block\"\r\n     data-ad-client=\"ca-pub-8585364105181520\"\r\n     data-ad-slot=\"8789329856\"\r\n     data-ad-format=\"auto\"\r\n     data-full-width-responsive=\"true\"><\/ins>\r\n<script>\r\n     (adsbygoogle = window.adsbygoogle || []).push({});\r\n<\/script>\n<\/div>\n<h2>Objetivo da A\u00e7\u00e3o no Centro Pop<\/h2>\n<p>A iniciativa realizada pela Sa\u00fade de S\u00e3o Gon\u00e7alo visou proporcionar um atendimento de sa\u00fade de qualidade aos cidad\u00e3os que se encontram em situa\u00e7\u00f5es de vulnerabilidade social. A partida ocorreu no Centro de Refer\u00eancia Especializado para Popula\u00e7\u00e3o em Situa\u00e7\u00e3o de Rua, conhecido como Centro Pop, localizado no bairro Mutondo. O prop\u00f3sito principal foi garantir que essas pessoas tenham acesso a servi\u00e7os de sa\u00fade em um ambiente familiar, onde se sintam confort\u00e1veis.<\/p>\n<h2>Servi\u00e7os Oferecidos aos Usu\u00e1rios<\/h2>\n<p>Durante o evento, diversas equipes de sa\u00fade se reuniram para oferecer uma gama de servi\u00e7os essenciais. Entre as principais atividades, destacam-se:<\/p>\n<ul>\n<li><strong>Consultas m\u00e9dicas:<\/strong> Uma oportunidade para avaliar e tratar problemas de sa\u00fade existentes.<\/li>\n<li><strong>Testagens de Infec\u00e7\u00f5es Sexualmente Transmiss\u00edveis (ISTs):<\/strong> Disponibiliza\u00e7\u00e3o de testes r\u00e1pidos para detectar ISTs, promovendo a sa\u00fade sexual.<\/li>\n<li><strong>Vacina\u00e7\u00e3o contra a gripe:<\/strong> Garantida para reduzir o risco de doen\u00e7as respirat\u00f3rias, especialmente em popula\u00e7\u00f5es vulner\u00e1veis.<\/li>\n<li><strong>Encaminhamentos para tratamentos:<\/strong> Oferecimento de dire\u00e7\u00f5es para servi\u00e7os de sa\u00fade especializados, proporcionando um cuidado mais abrangente.<\/li>\n<li><strong>Orienta\u00e7\u00f5es de sa\u00fade:<\/strong> Informa\u00e7\u00f5es sobre autocuidado, preven\u00e7\u00e3o de doen\u00e7as e acesso a servi\u00e7os de sa\u00fade dispon\u00edveis.<\/li>\n<\/ul>\n<h2>Import\u00e2ncia do Acesso \u00e0 Sa\u00fade<\/h2>\n<p>O acesso \u00e0 sa\u00fade \u00e9 um direito fundamental, essencial para garantir condi\u00e7\u00f5es adequadas de vida. Para os indiv\u00edduos em vulnerabilidade social, o contato regular com servi\u00e7os de sa\u00fade \u00e9 muitas vezes escasso. Portanto,  a\u00e7\u00f5es como a realizada no Centro Pop s\u00e3o cruciais, pois levam servi\u00e7os diretamente \u00e0s comunidades que enfrentam maior dificuldade em acessar atendimento m\u00e9dico convencional.<\/p>\n<p><img decoding=\"async\" src=\"https:\/\/www.encontrasaogoncalo.com.br\/sobre\/wp-content\/uploads\/saude-de-sao-goncalo-promove-acao-especial-no-centro-pop-do-mutondo.webp\" alt=\"Sa\u00fade de S\u00e3o Gon\u00e7alo\" loading=\"lazy\" \/><\/p>\n<h2>Vacina\u00e7\u00e3o Contra a Gripe<\/h2>\n<p>A vacina\u00e7\u00e3o \u00e9 uma estrat\u00e9gia vital na preven\u00e7\u00e3o de doen\u00e7as. Durante a atividade, a vacina\u00e7\u00e3o contra a gripe foi um dos servi\u00e7os mais procurados. Isso ressalta a relev\u00e2ncia da imuniza\u00e7\u00e3o, especialmente em grupos expostos a riscos maiores de complica\u00e7\u00f5es. As equipes enfatizaram a necessidade de manter a vacina em dia, refor\u00e7ando a prote\u00e7\u00e3o da popula\u00e7\u00e3o atendida.<\/p>\n<h2>Profissionais Envolvidos na A\u00e7\u00e3o<\/h2>\n<p>A equipe multidisciplinar foi composta por profissionais do Consult\u00f3rio na Rua (Cnar) e do Centro de Aten\u00e7\u00e3o Psicossocial \u2013 \u00c1lcool e Drogas (Caps- Ad). Esses trabalhadores da sa\u00fade s\u00e3o treinados para lidar com situa\u00e7\u00f5es de vulnerabilidade e garantiram um atendimento humanizado, focado nas necessidades de cada indiv\u00edduo presente.<\/p>\n<h2>Depoimentos de Assistidos<\/h2>\n<p>Pessoas que utilizam os servi\u00e7os do Centro Pop expressaram gratid\u00e3o pelo atendimento. Cl\u00e9cio Santos da Silva, um dos primeiros a buscar ajuda, relatou: &#8220;Fiz um teste r\u00e1pido e estou com um problema de sa\u00fade. Quero conversar com o m\u00e9dico. Tamb\u00e9m vou tomar logo a vacina da gripe&#8221;. Este e outros depoimentos ressaltaram a import\u00e2ncia de aproximar os servi\u00e7os de sa\u00fade da popula\u00e7\u00e3o.<\/p>\n<h2>Preconceito nas Unidades de Sa\u00fade<\/h2>\n<p>Um dos desafios importantes enfrentados pelos frequentadores do Centro Pop \u00e9 o preconceito em unidades de sa\u00fade. Muitos relataram que, ao tentarem acessar os servi\u00e7os tradicionais, sentem-se desconfort\u00e1veis e s\u00e3o v\u00edtimas de discrimina\u00e7\u00e3o. A a\u00e7\u00e3o proposta, ao levar os servi\u00e7os de sa\u00fade diretamente ao espa\u00e7o que frequentam, ajuda a minimizar esses sentimentos e transforma o ambiente em um espa\u00e7o acolhedor.<\/p>\n<h2>Como Funciona o Centro Pop<\/h2>\n<p>O Centro Pop oferece uma variedade de servi\u00e7os al\u00e9m da sa\u00fade, como assist\u00eancia psicossocial, alimenta\u00e7\u00e3o, e atividades de forma\u00e7\u00e3o profissional. Essas abordagens abrangentes visam reintegrar indiv\u00edduos em situa\u00e7\u00e3o de rua \u00e0 sociedade, proporcionando-lhes as ferramentas necess\u00e1rias para uma vida mais digna.<\/p>\n<h2>Apoio Psicossocial para a Popula\u00e7\u00e3o<\/h2>\n<p>O apoio psicossocial \u00e9 uma parte fundamental do trabalho realizado no Centro Pop. Os profissionais dispon\u00edveis fornecem atendimento emotivo e psicol\u00f3gico, essenciais para aqueles que enfrentam desafios significativos em suas vidas, incluindo traumas decorrentes da exclus\u00e3o social e depend\u00eancia de subst\u00e2ncias.<\/p>\n<h2>O Impacto da A\u00e7\u00e3o na Comunidade<\/h2>\n<p>A realiza\u00e7\u00e3o de a\u00e7\u00f5es como esta no Centro Pop gera um impacto positivo na comunidade. Al\u00e9m de auxiliar diretamente os frequentadores, tamb\u00e9m promove uma sensibiliza\u00e7\u00e3o sobre as problem\u00e1ticas enfrentadas pela popula\u00e7\u00e3o em situa\u00e7\u00e3o de rua. Com isso, a sociedade pode contribuir para a constru\u00e7\u00e3o de uma rede de apoio ainda mais robusta, que valorizava e respeita os direitos de todos os cidad\u00e3os.<\/p>\n\n<div style=\"font-size: 0px; height: 0px; line-height: 0px; margin: 0; padding: 0; clear: both;\"><\/div>","protected":false},"excerpt":{"rendered":"<p>Sa\u00fade de S\u00e3o Gon\u00e7alo realiza a\u00e7\u00e3o crucial no Centro Pop do Mutondo.<\/p>\n","protected":false},"author":1,"featured_media":1980,"comment_status":"open","ping_status":"closed","sticky":false,"template":"","format":"standard","meta":{"footnotes":""},"categories":[6],"tags":[],"class_list":["post-1981","post","type-post","status-publish","format-standard","has-post-thumbnail","hentry","category-noticias-em-sao-goncalo","has_thumb"],"aioseo_notices":[],"aioseo_head":"\n\t\t<!-- All in One SEO 5.0.0.1 - aioseo.com -->\n\t<meta name=\"robots\" content=\"max-image-preview:large\" \/>\n\t<meta name=\"author\" content=\"Encontra S\u00e3o Gon\u00e7alo\"\/>\n\t<link rel=\"canonical\" href=\"https:\/\/www.encontrasaogoncalo.com.br\/sobre\/saude-de-sao-goncalo-promove-acao-especial-no-centro-pop-do-mutondo\/\" \/>\n\t<meta name=\"generator\" content=\"All in One SEO (AIOSEO) 5.0.0.1\" \/>\n\t\t<meta property=\"og:locale\" content=\"pt_BR\" \/>\n\t\t<meta property=\"og:site_name\" content=\"Encontra S\u00e3o Gon\u00e7alo | Not\u00edcias, eventos, informa\u00e7\u00f5es e dicas da cidade de S\u00e3o Gon\u00e7alo e regi\u00e3o\" \/>\n\t\t<meta property=\"og:type\" content=\"article\" \/>\n\t\t<meta property=\"og:title\" content=\"Sa\u00fade de S\u00e3o Gon\u00e7alo promove a\u00e7\u00e3o especial no Centro Pop do Mutondo | Encontra S\u00e3o Gon\u00e7alo\" \/>\n\t\t<meta property=\"og:url\" content=\"https:\/\/www.encontrasaogoncalo.com.br\/sobre\/saude-de-sao-goncalo-promove-acao-especial-no-centro-pop-do-mutondo\/\" \/>\n\t\t<meta property=\"article:published_time\" content=\"2026-04-29T09:29:27+00:00\" \/>\n\t\t<meta property=\"article:modified_time\" content=\"2026-04-29T09:29:27+00:00\" \/>\n\t\t<meta name=\"twitter:card\" content=\"summary\" \/>\n\t\t<meta name=\"twitter:title\" content=\"Sa\u00fade de S\u00e3o Gon\u00e7alo promove a\u00e7\u00e3o especial no Centro Pop do Mutondo | Encontra S\u00e3o Gon\u00e7alo\" \/>\n\t\t<script type=\"application\/ld+json\" class=\"aioseo-schema\">\n\t\t\t{\"@context\":\"https:\\\/\\\/schema.org\",\"@graph\":[{\"@type\":\"Article\",\"@id\":\"https:\\\/\\\/www.encontrasaogoncalo.com.br\\\/sobre\\\/saude-de-sao-goncalo-promove-acao-especial-no-centro-pop-do-mutondo\\\/#article\",\"name\":\"Sa\\u00fade de S\\u00e3o Gon\\u00e7alo promove a\\u00e7\\u00e3o especial no Centro Pop do Mutondo | Encontra S\\u00e3o Gon\\u00e7alo\",\"headline\":\"Sa\\u00fade de S\\u00e3o Gon\\u00e7alo promove a\\u00e7\\u00e3o especial no Centro Pop do Mutondo\",\"author\":{\"@id\":\"https:\\\/\\\/www.encontrasaogoncalo.com.br\\\/sobre\\\/author\\\/esaogoncalo\\\/#author\"},\"publisher\":{\"@id\":\"https:\\\/\\\/www.encontrasaogoncalo.com.br\\\/sobre\\\/#organization\"},\"image\":{\"@type\":\"ImageObject\",\"url\":\"https:\\\/\\\/www.encontrasaogoncalo.com.br\\\/sobre\\\/wp-content\\\/uploads\\\/saude-de-sao-goncalo-promove-acao-especial-no-centro-pop-do-mutondo.webp\",\"width\":280,\"height\":280,\"caption\":\"Sa\\u00fade de S\\u00e3o Gon\\u00e7alo\"},\"datePublished\":\"2026-04-29T09:29:27+00:00\",\"dateModified\":\"2026-04-29T09:29:27+00:00\",\"inLanguage\":\"pt-BR\",\"mainEntityOfPage\":{\"@id\":\"https:\\\/\\\/www.encontrasaogoncalo.com.br\\\/sobre\\\/saude-de-sao-goncalo-promove-acao-especial-no-centro-pop-do-mutondo\\\/#webpage\"},\"isPartOf\":{\"@id\":\"https:\\\/\\\/www.encontrasaogoncalo.com.br\\\/sobre\\\/saude-de-sao-goncalo-promove-acao-especial-no-centro-pop-do-mutondo\\\/#webpage\"},\"articleSection\":\"Not\\u00edcias S\\u00e3o Gon\\u00e7alo\"},{\"@type\":\"BreadcrumbList\",\"@id\":\"https:\\\/\\\/www.encontrasaogoncalo.com.br\\\/sobre\\\/saude-de-sao-goncalo-promove-acao-especial-no-centro-pop-do-mutondo\\\/#breadcrumblist\",\"itemListElement\":[{\"@type\":\"ListItem\",\"@id\":\"https:\\\/\\\/www.encontrasaogoncalo.com.br\\\/sobre#listItem\",\"position\":1,\"name\":\"In\\u00edcio\",\"item\":\"https:\\\/\\\/www.encontrasaogoncalo.com.br\\\/sobre\",\"nextItem\":{\"@type\":\"ListItem\",\"@id\":\"https:\\\/\\\/www.encontrasaogoncalo.com.br\\\/sobre\\\/noticias-em-sao-goncalo\\\/#listItem\",\"name\":\"Not\\u00edcias S\\u00e3o Gon\\u00e7alo\"}},{\"@type\":\"ListItem\",\"@id\":\"https:\\\/\\\/www.encontrasaogoncalo.com.br\\\/sobre\\\/noticias-em-sao-goncalo\\\/#listItem\",\"position\":2,\"name\":\"Not\\u00edcias S\\u00e3o Gon\\u00e7alo\",\"item\":\"https:\\\/\\\/www.encontrasaogoncalo.com.br\\\/sobre\\\/noticias-em-sao-goncalo\\\/\",\"nextItem\":{\"@type\":\"ListItem\",\"@id\":\"https:\\\/\\\/www.encontrasaogoncalo.com.br\\\/sobre\\\/saude-de-sao-goncalo-promove-acao-especial-no-centro-pop-do-mutondo\\\/#listItem\",\"name\":\"Sa\\u00fade de S\\u00e3o Gon\\u00e7alo promove a\\u00e7\\u00e3o especial no Centro Pop do Mutondo\"},\"previousItem\":{\"@type\":\"ListItem\",\"@id\":\"https:\\\/\\\/www.encontrasaogoncalo.com.br\\\/sobre#listItem\",\"name\":\"In\\u00edcio\"}},{\"@type\":\"ListItem\",\"@id\":\"https:\\\/\\\/www.encontrasaogoncalo.com.br\\\/sobre\\\/saude-de-sao-goncalo-promove-acao-especial-no-centro-pop-do-mutondo\\\/#listItem\",\"position\":3,\"name\":\"Sa\\u00fade de S\\u00e3o Gon\\u00e7alo promove a\\u00e7\\u00e3o especial no Centro Pop do Mutondo\",\"previousItem\":{\"@type\":\"ListItem\",\"@id\":\"https:\\\/\\\/www.encontrasaogoncalo.com.br\\\/sobre\\\/noticias-em-sao-goncalo\\\/#listItem\",\"name\":\"Not\\u00edcias S\\u00e3o Gon\\u00e7alo\"}}]},{\"@type\":\"Organization\",\"@id\":\"https:\\\/\\\/www.encontrasaogoncalo.com.br\\\/sobre\\\/#organization\",\"name\":\"Encontra S\\u00e3o Gon\\u00e7alo\",\"description\":\"Not\\u00edcias, eventos, informa\\u00e7\\u00f5es e dicas da cidade de S\\u00e3o Gon\\u00e7alo e regi\\u00e3o\",\"url\":\"https:\\\/\\\/www.encontrasaogoncalo.com.br\\\/sobre\\\/\"},{\"@type\":\"Person\",\"@id\":\"https:\\\/\\\/www.encontrasaogoncalo.com.br\\\/sobre\\\/author\\\/esaogoncalo\\\/#author\",\"url\":\"https:\\\/\\\/www.encontrasaogoncalo.com.br\\\/sobre\\\/author\\\/esaogoncalo\\\/\",\"name\":\"Encontra S\\u00e3o Gon\\u00e7alo\",\"image\":{\"@type\":\"ImageObject\",\"@id\":\"https:\\\/\\\/www.encontrasaogoncalo.com.br\\\/sobre\\\/saude-de-sao-goncalo-promove-acao-especial-no-centro-pop-do-mutondo\\\/#authorImage\",\"url\":\"https:\\\/\\\/secure.gravatar.com\\\/avatar\\\/507340682b8270222e1f208e23198b6ae7e2c6a1033ae84e99bc6bce4f82a387?s=96&d=mm&r=g\",\"width\":96,\"height\":96,\"caption\":\"Encontra S\\u00e3o Gon\\u00e7alo\"}},{\"@type\":\"WebPage\",\"@id\":\"https:\\\/\\\/www.encontrasaogoncalo.com.br\\\/sobre\\\/saude-de-sao-goncalo-promove-acao-especial-no-centro-pop-do-mutondo\\\/#webpage\",\"url\":\"https:\\\/\\\/www.encontrasaogoncalo.com.br\\\/sobre\\\/saude-de-sao-goncalo-promove-acao-especial-no-centro-pop-do-mutondo\\\/\",\"name\":\"Sa\\u00fade de S\\u00e3o Gon\\u00e7alo promove a\\u00e7\\u00e3o especial no Centro Pop do Mutondo | Encontra S\\u00e3o Gon\\u00e7alo\",\"inLanguage\":\"pt-BR\",\"isPartOf\":{\"@id\":\"https:\\\/\\\/www.encontrasaogoncalo.com.br\\\/sobre\\\/#website\"},\"breadcrumb\":{\"@id\":\"https:\\\/\\\/www.encontrasaogoncalo.com.br\\\/sobre\\\/saude-de-sao-goncalo-promove-acao-especial-no-centro-pop-do-mutondo\\\/#breadcrumblist\"},\"author\":{\"@id\":\"https:\\\/\\\/www.encontrasaogoncalo.com.br\\\/sobre\\\/author\\\/esaogoncalo\\\/#author\"},\"creator\":{\"@id\":\"https:\\\/\\\/www.encontrasaogoncalo.com.br\\\/sobre\\\/author\\\/esaogoncalo\\\/#author\"},\"image\":{\"@type\":\"ImageObject\",\"url\":\"https:\\\/\\\/www.encontrasaogoncalo.com.br\\\/sobre\\\/wp-content\\\/uploads\\\/saude-de-sao-goncalo-promove-acao-especial-no-centro-pop-do-mutondo.webp\",\"@id\":\"https:\\\/\\\/www.encontrasaogoncalo.com.br\\\/sobre\\\/saude-de-sao-goncalo-promove-acao-especial-no-centro-pop-do-mutondo\\\/#mainImage\",\"width\":280,\"height\":280,\"caption\":\"Sa\\u00fade de S\\u00e3o Gon\\u00e7alo\"},\"primaryImageOfPage\":{\"@id\":\"https:\\\/\\\/www.encontrasaogoncalo.com.br\\\/sobre\\\/saude-de-sao-goncalo-promove-acao-especial-no-centro-pop-do-mutondo\\\/#mainImage\"},\"datePublished\":\"2026-04-29T09:29:27+00:00\",\"dateModified\":\"2026-04-29T09:29:27+00:00\"},{\"@type\":\"WebSite\",\"@id\":\"https:\\\/\\\/www.encontrasaogoncalo.com.br\\\/sobre\\\/#website\",\"url\":\"https:\\\/\\\/www.encontrasaogoncalo.com.br\\\/sobre\\\/\",\"name\":\"Encontra S\\u00e3o Gon\\u00e7alo\",\"description\":\"Not\\u00edcias, eventos, informa\\u00e7\\u00f5es e dicas da cidade de S\\u00e3o Gon\\u00e7alo e regi\\u00e3o\",\"inLanguage\":\"pt-BR\",\"publisher\":{\"@id\":\"https:\\\/\\\/www.encontrasaogoncalo.com.br\\\/sobre\\\/#organization\"}}]}\n\t\t<\/script>\n\t\t<!-- All in One SEO -->\n\n","aioseo_head_json":{"title":"Sa\u00fade de S\u00e3o Gon\u00e7alo promove a\u00e7\u00e3o especial no Centro Pop do Mutondo | Encontra S\u00e3o Gon\u00e7alo","description":"","canonical_url":"https:\/\/www.encontrasaogoncalo.com.br\/sobre\/saude-de-sao-goncalo-promove-acao-especial-no-centro-pop-do-mutondo\/","robots":"max-image-preview:large","keywords":"","webmasterTools":{"miscellaneous":""},"schema":{"@context":"https:\/\/schema.org","@graph":[{"@type":"Article","@id":"https:\/\/www.encontrasaogoncalo.com.br\/sobre\/saude-de-sao-goncalo-promove-acao-especial-no-centro-pop-do-mutondo\/#article","name":"Sa\u00fade de S\u00e3o Gon\u00e7alo promove a\u00e7\u00e3o especial no Centro Pop do Mutondo | Encontra S\u00e3o Gon\u00e7alo","headline":"Sa\u00fade de S\u00e3o Gon\u00e7alo promove a\u00e7\u00e3o especial no Centro Pop do Mutondo","author":{"@id":"https:\/\/www.encontrasaogoncalo.com.br\/sobre\/author\/esaogoncalo\/#author"},"publisher":{"@id":"https:\/\/www.encontrasaogoncalo.com.br\/sobre\/#organization"},"image":{"@type":"ImageObject","url":"https:\/\/www.encontrasaogoncalo.com.br\/sobre\/wp-content\/uploads\/saude-de-sao-goncalo-promove-acao-especial-no-centro-pop-do-mutondo.webp","width":280,"height":280,"caption":"Sa\u00fade de S\u00e3o Gon\u00e7alo"},"datePublished":"2026-04-29T09:29:27+00:00","dateModified":"2026-04-29T09:29:27+00:00","inLanguage":"pt-BR","mainEntityOfPage":{"@id":"https:\/\/www.encontrasaogoncalo.com.br\/sobre\/saude-de-sao-goncalo-promove-acao-especial-no-centro-pop-do-mutondo\/#webpage"},"isPartOf":{"@id":"https:\/\/www.encontrasaogoncalo.com.br\/sobre\/saude-de-sao-goncalo-promove-acao-especial-no-centro-pop-do-mutondo\/#webpage"},"articleSection":"Not\u00edcias S\u00e3o Gon\u00e7alo"},{"@type":"BreadcrumbList","@id":"https:\/\/www.encontrasaogoncalo.com.br\/sobre\/saude-de-sao-goncalo-promove-acao-especial-no-centro-pop-do-mutondo\/#breadcrumblist","itemListElement":[{"@type":"ListItem","@id":"https:\/\/www.encontrasaogoncalo.com.br\/sobre#listItem","position":1,"name":"In\u00edcio","item":"https:\/\/www.encontrasaogoncalo.com.br\/sobre","nextItem":{"@type":"ListItem","@id":"https:\/\/www.encontrasaogoncalo.com.br\/sobre\/noticias-em-sao-goncalo\/#listItem","name":"Not\u00edcias S\u00e3o Gon\u00e7alo"}},{"@type":"ListItem","@id":"https:\/\/www.encontrasaogoncalo.com.br\/sobre\/noticias-em-sao-goncalo\/#listItem","position":2,"name":"Not\u00edcias S\u00e3o Gon\u00e7alo","item":"https:\/\/www.encontrasaogoncalo.com.br\/sobre\/noticias-em-sao-goncalo\/","nextItem":{"@type":"ListItem","@id":"https:\/\/www.encontrasaogoncalo.com.br\/sobre\/saude-de-sao-goncalo-promove-acao-especial-no-centro-pop-do-mutondo\/#listItem","name":"Sa\u00fade de S\u00e3o Gon\u00e7alo promove a\u00e7\u00e3o especial no Centro Pop do Mutondo"},"previousItem":{"@type":"ListItem","@id":"https:\/\/www.encontrasaogoncalo.com.br\/sobre#listItem","name":"In\u00edcio"}},{"@type":"ListItem","@id":"https:\/\/www.encontrasaogoncalo.com.br\/sobre\/saude-de-sao-goncalo-promove-acao-especial-no-centro-pop-do-mutondo\/#listItem","position":3,"name":"Sa\u00fade de S\u00e3o Gon\u00e7alo promove a\u00e7\u00e3o especial no Centro Pop do Mutondo","previousItem":{"@type":"ListItem","@id":"https:\/\/www.encontrasaogoncalo.com.br\/sobre\/noticias-em-sao-goncalo\/#listItem","name":"Not\u00edcias S\u00e3o Gon\u00e7alo"}}]},{"@type":"Organization","@id":"https:\/\/www.encontrasaogoncalo.com.br\/sobre\/#organization","name":"Encontra S\u00e3o Gon\u00e7alo","description":"Not\u00edcias, eventos, informa\u00e7\u00f5es e dicas da cidade de S\u00e3o Gon\u00e7alo e regi\u00e3o","url":"https:\/\/www.encontrasaogoncalo.com.br\/sobre\/"},{"@type":"Person","@id":"https:\/\/www.encontrasaogoncalo.com.br\/sobre\/author\/esaogoncalo\/#author","url":"https:\/\/www.encontrasaogoncalo.com.br\/sobre\/author\/esaogoncalo\/","name":"Encontra S\u00e3o Gon\u00e7alo","image":{"@type":"ImageObject","@id":"https:\/\/www.encontrasaogoncalo.com.br\/sobre\/saude-de-sao-goncalo-promove-acao-especial-no-centro-pop-do-mutondo\/#authorImage","url":"https:\/\/secure.gravatar.com\/avatar\/507340682b8270222e1f208e23198b6ae7e2c6a1033ae84e99bc6bce4f82a387?s=96&d=mm&r=g","width":96,"height":96,"caption":"Encontra S\u00e3o Gon\u00e7alo"}},{"@type":"WebPage","@id":"https:\/\/www.encontrasaogoncalo.com.br\/sobre\/saude-de-sao-goncalo-promove-acao-especial-no-centro-pop-do-mutondo\/#webpage","url":"https:\/\/www.encontrasaogoncalo.com.br\/sobre\/saude-de-sao-goncalo-promove-acao-especial-no-centro-pop-do-mutondo\/","name":"Sa\u00fade de S\u00e3o Gon\u00e7alo promove a\u00e7\u00e3o especial no Centro Pop do Mutondo | Encontra S\u00e3o Gon\u00e7alo","inLanguage":"pt-BR","isPartOf":{"@id":"https:\/\/www.encontrasaogoncalo.com.br\/sobre\/#website"},"breadcrumb":{"@id":"https:\/\/www.encontrasaogoncalo.com.br\/sobre\/saude-de-sao-goncalo-promove-acao-especial-no-centro-pop-do-mutondo\/#breadcrumblist"},"author":{"@id":"https:\/\/www.encontrasaogoncalo.com.br\/sobre\/author\/esaogoncalo\/#author"},"creator":{"@id":"https:\/\/www.encontrasaogoncalo.com.br\/sobre\/author\/esaogoncalo\/#author"},"image":{"@type":"ImageObject","url":"https:\/\/www.encontrasaogoncalo.com.br\/sobre\/wp-content\/uploads\/saude-de-sao-goncalo-promove-acao-especial-no-centro-pop-do-mutondo.webp","@id":"https:\/\/www.encontrasaogoncalo.com.br\/sobre\/saude-de-sao-goncalo-promove-acao-especial-no-centro-pop-do-mutondo\/#mainImage","width":280,"height":280,"caption":"Sa\u00fade de S\u00e3o Gon\u00e7alo"},"primaryImageOfPage":{"@id":"https:\/\/www.encontrasaogoncalo.com.br\/sobre\/saude-de-sao-goncalo-promove-acao-especial-no-centro-pop-do-mutondo\/#mainImage"},"datePublished":"2026-04-29T09:29:27+00:00","dateModified":"2026-04-29T09:29:27+00:00"},{"@type":"WebSite","@id":"https:\/\/www.encontrasaogoncalo.com.br\/sobre\/#website","url":"https:\/\/www.encontrasaogoncalo.com.br\/sobre\/","name":"Encontra S\u00e3o Gon\u00e7alo","description":"Not\u00edcias, eventos, informa\u00e7\u00f5es e dicas da cidade de S\u00e3o Gon\u00e7alo e regi\u00e3o","inLanguage":"pt-BR","publisher":{"@id":"https:\/\/www.encontrasaogoncalo.com.br\/sobre\/#organization"}}]},"og:locale":"pt_BR","og:site_name":"Encontra S\u00e3o Gon\u00e7alo | Not\u00edcias, eventos, informa\u00e7\u00f5es e dicas da cidade de S\u00e3o Gon\u00e7alo e regi\u00e3o","og:type":"article","og:title":"Sa\u00fade de S\u00e3o Gon\u00e7alo promove a\u00e7\u00e3o especial no Centro Pop do Mutondo | Encontra S\u00e3o Gon\u00e7alo","og:url":"https:\/\/www.encontrasaogoncalo.com.br\/sobre\/saude-de-sao-goncalo-promove-acao-especial-no-centro-pop-do-mutondo\/","article:published_time":"2026-04-29T09:29:27+00:00","article:modified_time":"2026-04-29T09:29:27+00:00","twitter:card":"summary","twitter:title":"Sa\u00fade de S\u00e3o Gon\u00e7alo promove a\u00e7\u00e3o especial no Centro Pop do Mutondo | Encontra S\u00e3o Gon\u00e7alo"},"aioseo_meta_data":{"post_id":"1981","title":null,"description":null,"keywords":null,"keyphrases":null,"primary_term":null,"canonical_url":null,"og_title":null,"og_description":null,"og_object_type":"default","og_image_type":"default","og_image_url":null,"og_image_width":null,"og_image_height":null,"og_image_custom_url":null,"og_image_custom_fields":null,"og_video":null,"og_custom_url":null,"og_article_section":null,"og_article_tags":null,"twitter_use_og":false,"twitter_card":"default","twitter_image_type":"default","twitter_image_url":null,"twitter_image_custom_url":null,"twitter_image_custom_fields":null,"twitter_title":null,"twitter_description":null,"schema":{"blockGraphs":[],"customGraphs":[],"default":{"data":{"Article":[],"Course":[],"Dataset":[],"FAQPage":[],"Movie":[],"Person":[],"Product":[],"ProductReview":[],"Car":[],"Recipe":[],"Service":[],"SoftwareApplication":[],"WebPage":[]},"graphName":"Article","isEnabled":true},"graphs":[]},"schema_type":"default","schema_type_options":null,"pillar_content":false,"robots_default":true,"robots_noindex":false,"robots_noarchive":false,"robots_nosnippet":false,"robots_nofollow":false,"robots_noimageindex":false,"robots_noodp":false,"robots_notranslate":false,"robots_max_snippet":null,"robots_max_videopreview":null,"robots_max_imagepreview":"large","priority":null,"frequency":null,"local_seo":null,"breadcrumb_settings":null,"limit_modified_date":false,"ai":null,"created":"2026-04-29 09:29:29","updated":"2026-04-29 09:31:12","focus_keyword":null,"additional_keywords":null,"truseo_locale":null,"seo_analyzer_scan_date":null},"aioseo_breadcrumb":"<div class=\"aioseo-breadcrumbs\"><span class=\"aioseo-breadcrumb\">\n\t\t\t<a href=\"https:\/\/www.encontrasaogoncalo.com.br\/sobre\" title=\"In\u00edcio\">In\u00edcio<\/a>\n\t\t<\/span><span class=\"aioseo-breadcrumb-separator\">&raquo;<\/span><span class=\"aioseo-breadcrumb\">\n\t\t\t<a href=\"https:\/\/www.encontrasaogoncalo.com.br\/sobre\/noticias-em-sao-goncalo\/\" title=\"Not\u00edcias S\u00e3o Gon\u00e7alo\">Not\u00edcias S\u00e3o Gon\u00e7alo<\/a>\n\t\t<\/span><span class=\"aioseo-breadcrumb-separator\">&raquo;<\/span><span class=\"aioseo-breadcrumb\">\n\t\t\tSa\u00fade de S\u00e3o Gon\u00e7alo promove a\u00e7\u00e3o especial no Centro Pop do Mutondo\n\t\t<\/span><\/div>","aioseo_breadcrumb_json":[{"label":"In\u00edcio","link":"https:\/\/www.encontrasaogoncalo.com.br\/sobre"},{"label":"Not\u00edcias S\u00e3o Gon\u00e7alo","link":"https:\/\/www.encontrasaogoncalo.com.br\/sobre\/noticias-em-sao-goncalo\/"},{"label":"Sa\u00fade de S\u00e3o Gon\u00e7alo promove a\u00e7\u00e3o especial no Centro Pop do Mutondo","link":"https:\/\/www.encontrasaogoncalo.com.br\/sobre\/saude-de-sao-goncalo-promove-acao-especial-no-centro-pop-do-mutondo\/"}],"_links":{"self":[{"href":"https:\/\/www.encontrasaogoncalo.com.br\/sobre\/wp-json\/wp\/v2\/posts\/1981","targetHints":{"allow":["GET"]}}],"collection":[{"href":"https:\/\/www.encontrasaogoncalo.com.br\/sobre\/wp-json\/wp\/v2\/posts"}],"about":[{"href":"https:\/\/www.encontrasaogoncalo.com.br\/sobre\/wp-json\/wp\/v2\/types\/post"}],"author":[{"embeddable":true,"href":"https:\/\/www.encontrasaogoncalo.com.br\/sobre\/wp-json\/wp\/v2\/users\/1"}],"replies":[{"embeddable":true,"href":"https:\/\/www.encontrasaogoncalo.com.br\/sobre\/wp-json\/wp\/v2\/comments?post=1981"}],"version-history":[{"count":0,"href":"https:\/\/www.encontrasaogoncalo.com.br\/sobre\/wp-json\/wp\/v2\/posts\/1981\/revisions"}],"wp:featuredmedia":[{"embeddable":true,"href":"https:\/\/www.encontrasaogoncalo.com.br\/sobre\/wp-json\/wp\/v2\/media\/1980"}],"wp:attachment":[{"href":"https:\/\/www.encontrasaogoncalo.com.br\/sobre\/wp-json\/wp\/v2\/media?parent=1981"}],"wp:term":[{"taxonomy":"category","embeddable":true,"href":"https:\/\/www.encontrasaogoncalo.com.br\/sobre\/wp-json\/wp\/v2\/categories?post=1981"},{"taxonomy":"post_tag","embeddable":true,"href":"https:\/\/www.encontrasaogoncalo.com.br\/sobre\/wp-json\/wp\/v2\/tags?post=1981"}],"curies":[{"name":"wp","href":"https:\/\/api.w.org\/{rel}","templated":true}]}}