{"id":1989,"date":"2026-04-30T09:30:58","date_gmt":"2026-04-30T09:30:58","guid":{"rendered":"https:\/\/www.encontrasaogoncalo.com.br\/sobre\/departamento-de-vale-social-passara-a-funcionar-em-novo-endereco-a-partir-da-proxima-segunda\/"},"modified":"2026-04-30T09:30:58","modified_gmt":"2026-04-30T09:30:58","slug":"departamento-de-vale-social-passara-a-funcionar-em-novo-endereco-a-partir-da-proxima-segunda","status":"publish","type":"post","link":"https:\/\/www.encontrasaogoncalo.com.br\/sobre\/departamento-de-vale-social-passara-a-funcionar-em-novo-endereco-a-partir-da-proxima-segunda\/","title":{"rendered":"Departamento de Vale Social passar\u00e1 a funcionar em novo endere\u00e7o a partir da pr\u00f3xima segunda"},"content":{"rendered":"<div class=\"558ebb280150f569344a3237cd236fe7\" data-index=\"1\" style=\"float: none; margin:0px;\">\n<!-- Anuncio display - global -->\r\n<ins class=\"adsbygoogle\"\r\n     style=\"display:block\"\r\n     data-ad-client=\"ca-pub-8585364105181520\"\r\n     data-ad-slot=\"8789329856\"\r\n     data-ad-format=\"auto\"\r\n     data-full-width-responsive=\"true\"><\/ins>\r\n<script>\r\n     (adsbygoogle = window.adsbygoogle || []).push({});\r\n<\/script>\n<\/div>\n<h2>Objetivo da Mudan\u00e7a de Endere\u00e7o<\/h2>\n<p>A altera\u00e7\u00e3o do endere\u00e7o do Departamento de Vale Social, vinculado \u00e0 Secretaria de Meio Ambiente e Transportes da Prefeitura de S\u00e3o Gon\u00e7alo, tem como meta principal a melhoria do atendimento ao p\u00fablico. A mudan\u00e7a visa facilitar o acesso a pessoas que necessitam dos servi\u00e7os oferecidos, especialmente aqueles que dependem do Vale Social, assegurando que a popula\u00e7\u00e3o tenha um local acess\u00edvel e de f\u00e1cil chegada.<\/p>\n<h2>Acessibilidade para Pessoas com Defici\u00eancia<\/h2>\n<p>Um dos principais focos desta mudan\u00e7a \u00e9 a acessibilidade. O novo local foi escolhido com a finalidade de oferecer condi\u00e7\u00f5es melhores para Pessoas com Defici\u00eancia (PcDs). Este espa\u00e7o est\u00e1 localizado em um shopping que conta com escadas rolantes e rampas, facilitando o deslocamento de quem possui limita\u00e7\u00f5es de mobilidade. Com essa iniciativa, a administra\u00e7\u00e3o espera n\u00e3o apenas aumentar a visibilidade do servi\u00e7o, mas tamb\u00e9m garantir que todos, independentemente de suas limita\u00e7\u00f5es, possam acessar os servi\u00e7os p\u00fablicos sem obst\u00e1culos.<\/p>\n<h2>Novo Hor\u00e1rio de Funcionamento<\/h2>\n<p>A partir do dia 27 de abril, o Departamento de Vale Social atender\u00e1 das 9h \u00e0s 17h. Com esse novo hor\u00e1rio, a gest\u00e3o pretende atender um n\u00famero maior de pessoas, permitindo que aqueles que t\u00eam compromissos durante o dia possam acessar o servi\u00e7o em hor\u00e1rios mais convenientes.<\/p>\n<p><img decoding=\"async\" src=\"https:\/\/www.encontrasaogoncalo.com.br\/sobre\/wp-content\/uploads\/departamento-de-vale-social-passara-a-funcionar-em-novo-endereco-a-partir-da-proxima-segunda.webp\" alt=\"Departamento de Vale Social\" loading=\"lazy\" \/><\/p>\n<h2>Como Solicitar o Vale Social<\/h2>\n<p>Para solicitar o Vale Social, os interessados, incluindo pais e respons\u00e1veis, devem se dirigir ao novo endere\u00e7o do departamento. O Vale Social \u00e9 um benef\u00edcio que garante gratuidade no transporte p\u00fablico estadual para pessoas com defici\u00eancia e para pacientes em tratamento cont\u00ednuo. \u00c9 imprescind\u00edvel que a solicita\u00e7\u00e3o seja feita com a documenta\u00e7\u00e3o m\u00e9dica que comprove a condi\u00e7\u00e3o que justifique o uso do transporte gratuito.<\/p>\n<h2>Benef\u00edcios Oferecidos pelo Vale Social<\/h2>\n<p>O Vale Social proporciona uma s\u00e9rie de vantagens, incluindo:<\/p>\n<ul>\n<li><strong>Gratuidade em Transporte:<\/strong> Permite o uso gratuito no transporte p\u00fablico estadual para PcDs e pacientes em tratamento cont\u00ednuo.<\/li>\n<li><strong>Facilidade de Acesso:<\/strong> Proporciona maior comodidade para pessoas que dependem do transporte para tratamentos m\u00e9dicos essenciais.<\/li>\n<li><strong>Simplifica\u00e7\u00e3o do Processos:<\/strong> Facilita a comprova\u00e7\u00e3o da necessidade de transporte atrav\u00e9s do encaminhamento m\u00e9dico adequado.<\/li>\n<\/ul>\n<h2>Import\u00e2ncia do Transporte Acess\u00edvel<\/h2>\n<p>O transporte acess\u00edvel \u00e9 vital para garantir que todos os cidad\u00e3os tenham os mesmos direitos e oportunidades. Uma sociedade que valoriza a inclus\u00e3o deve assegurar que as PcDs e os pacientes em situa\u00e7\u00e3o de prolongado tratamento tenham as condi\u00e7\u00f5es necess\u00e1rias para se deslocar, evitando a exclus\u00e3o social. O acesso ao transporte p\u00fablico adequado pode impactar diretamente na qualidade de vida dessas pessoas, proporcionando a elas a autonomia e a presen\u00e7a em atividades sociais e de sa\u00fade.<\/p>\n<h2>Localiza\u00e7\u00e3o do Novo Endere\u00e7o<\/h2>\n<p>O novo endere\u00e7o do Departamento de Vale Social est\u00e1 situado na loja 248, no 2\u00ba piso do Partage Shopping, localizado na Avenida Presidente Kennedy, n\u00famero 425, no Centro de S\u00e3o Gon\u00e7alo. Este espa\u00e7o traz a vantagem de estar em um centro comercial movimentado, que diariamente recebe centenas de pessoas, facilitando, assim, a visibilidade e o acesso ao servi\u00e7o proposto.<\/p>\n<h2>Depoimentos de Usu\u00e1rios do Vale Social<\/h2>\n<p>Usu\u00e1rios do Vale Social frequentemente mencionam a import\u00e2ncia desse benef\u00edcio em suas vidas. Muitos relatam que a gratuidade no transporte fez a diferen\u00e7a em momentos de necessidade, permitindo que realizassem tratamentos m\u00e9dicos essenciais sem as preocupa\u00e7\u00f5es financeiras que normalmente enfrentam. Esses depoimentos refor\u00e7am a relev\u00e2ncia da continuidade deste servi\u00e7o e a urg\u00eancia de uma estrutura acess\u00edvel e bem localizada.<\/p>\n<h2>O Papel do Departamento de Vale Social<\/h2>\n<p>O Departamento de Vale Social tem como fun\u00e7\u00e3o essencial n\u00e3o apenas a entrega do benef\u00edcio, mas tamb\u00e9m a orienta\u00e7\u00e3o e assist\u00eancia aos cidad\u00e3os que precisam. Profissionais capacitados est\u00e3o dispon\u00edveis para orientar sobre como solicitar o benef\u00edcio, quais documentos s\u00e3o necess\u00e1rios e como garantir que o processo aconte\u00e7a de forma tranquila e eficiente. Este papel proativo \u00e9 crucial para garantir que todos tenham a oportunidade de acessar os servi\u00e7os dispon\u00edveis.<\/p>\n<h2>Expectativas para o Futuro do Atendimento<\/h2>\n<p>Com a mudan\u00e7a de endere\u00e7o e a nova organiza\u00e7\u00e3o do atendimento, espera-se que o acesso ao Vale Social se torne mais \u00e1gil e eficiente. A administra\u00e7\u00e3o acredita que a maior visibilidade e a facilidade de acesso ao departamento trar\u00e3o um aumento no n\u00famero de beneficiados, refletindo positivamente na qualidade de vida dos cidad\u00e3os. A expectativa \u00e9 que essas melhorias fomentem um ambiente mais inclusivo e que incentive a participa\u00e7\u00e3o social de todos, demonstrando o compromisso da Prefeitura com a inclus\u00e3o e a acessibilidade.<\/p>\n\n<div style=\"font-size: 0px; height: 0px; line-height: 0px; margin: 0; padding: 0; clear: both;\"><\/div>","protected":false},"excerpt":{"rendered":"<p>Saiba onde o Departamento de Vale Social estar\u00e1 localizado a partir de segunda-feira, dia 27.<\/p>\n","protected":false},"author":1,"featured_media":1988,"comment_status":"open","ping_status":"closed","sticky":false,"template":"","format":"standard","meta":{"footnotes":""},"categories":[6],"tags":[],"class_list":["post-1989","post","type-post","status-publish","format-standard","has-post-thumbnail","hentry","category-noticias-em-sao-goncalo","has_thumb"],"aioseo_notices":[],"aioseo_head":"\n\t\t<!-- All in One SEO 5.0.0.1 - aioseo.com -->\n\t<meta name=\"robots\" content=\"max-image-preview:large\" \/>\n\t<meta name=\"author\" content=\"Encontra S\u00e3o Gon\u00e7alo\"\/>\n\t<link rel=\"canonical\" href=\"https:\/\/www.encontrasaogoncalo.com.br\/sobre\/departamento-de-vale-social-passara-a-funcionar-em-novo-endereco-a-partir-da-proxima-segunda\/\" \/>\n\t<meta name=\"generator\" content=\"All in One SEO (AIOSEO) 5.0.0.1\" \/>\n\t\t<meta property=\"og:locale\" content=\"pt_BR\" \/>\n\t\t<meta property=\"og:site_name\" content=\"Encontra S\u00e3o Gon\u00e7alo | Not\u00edcias, eventos, informa\u00e7\u00f5es e dicas da cidade de S\u00e3o Gon\u00e7alo e regi\u00e3o\" \/>\n\t\t<meta property=\"og:type\" content=\"article\" \/>\n\t\t<meta property=\"og:title\" content=\"Departamento de Vale Social passar\u00e1 a funcionar em novo endere\u00e7o a partir da pr\u00f3xima segunda | Encontra S\u00e3o Gon\u00e7alo\" \/>\n\t\t<meta property=\"og:url\" content=\"https:\/\/www.encontrasaogoncalo.com.br\/sobre\/departamento-de-vale-social-passara-a-funcionar-em-novo-endereco-a-partir-da-proxima-segunda\/\" \/>\n\t\t<meta property=\"article:published_time\" content=\"2026-04-30T09:30:58+00:00\" \/>\n\t\t<meta property=\"article:modified_time\" content=\"2026-04-30T09:30:58+00:00\" \/>\n\t\t<meta name=\"twitter:card\" content=\"summary\" \/>\n\t\t<meta name=\"twitter:title\" content=\"Departamento de Vale Social passar\u00e1 a funcionar em novo endere\u00e7o a partir da pr\u00f3xima segunda | Encontra S\u00e3o Gon\u00e7alo\" \/>\n\t\t<script type=\"application\/ld+json\" class=\"aioseo-schema\">\n\t\t\t{\"@context\":\"https:\\\/\\\/schema.org\",\"@graph\":[{\"@type\":\"Article\",\"@id\":\"https:\\\/\\\/www.encontrasaogoncalo.com.br\\\/sobre\\\/departamento-de-vale-social-passara-a-funcionar-em-novo-endereco-a-partir-da-proxima-segunda\\\/#article\",\"name\":\"Departamento de Vale Social passar\\u00e1 a funcionar em novo endere\\u00e7o a partir da pr\\u00f3xima segunda | Encontra S\\u00e3o Gon\\u00e7alo\",\"headline\":\"Departamento de Vale Social passar\\u00e1 a funcionar em novo endere\\u00e7o a partir da pr\\u00f3xima segunda\",\"author\":{\"@id\":\"https:\\\/\\\/www.encontrasaogoncalo.com.br\\\/sobre\\\/author\\\/esaogoncalo\\\/#author\"},\"publisher\":{\"@id\":\"https:\\\/\\\/www.encontrasaogoncalo.com.br\\\/sobre\\\/#organization\"},\"image\":{\"@type\":\"ImageObject\",\"url\":\"https:\\\/\\\/www.encontrasaogoncalo.com.br\\\/sobre\\\/wp-content\\\/uploads\\\/departamento-de-vale-social-passara-a-funcionar-em-novo-endereco-a-partir-da-proxima-segunda.webp\",\"width\":280,\"height\":280,\"caption\":\"Departamento de Vale Social\"},\"datePublished\":\"2026-04-30T09:30:58+00:00\",\"dateModified\":\"2026-04-30T09:30:58+00:00\",\"inLanguage\":\"pt-BR\",\"mainEntityOfPage\":{\"@id\":\"https:\\\/\\\/www.encontrasaogoncalo.com.br\\\/sobre\\\/departamento-de-vale-social-passara-a-funcionar-em-novo-endereco-a-partir-da-proxima-segunda\\\/#webpage\"},\"isPartOf\":{\"@id\":\"https:\\\/\\\/www.encontrasaogoncalo.com.br\\\/sobre\\\/departamento-de-vale-social-passara-a-funcionar-em-novo-endereco-a-partir-da-proxima-segunda\\\/#webpage\"},\"articleSection\":\"Not\\u00edcias S\\u00e3o Gon\\u00e7alo\"},{\"@type\":\"BreadcrumbList\",\"@id\":\"https:\\\/\\\/www.encontrasaogoncalo.com.br\\\/sobre\\\/departamento-de-vale-social-passara-a-funcionar-em-novo-endereco-a-partir-da-proxima-segunda\\\/#breadcrumblist\",\"itemListElement\":[{\"@type\":\"ListItem\",\"@id\":\"https:\\\/\\\/www.encontrasaogoncalo.com.br\\\/sobre#listItem\",\"position\":1,\"name\":\"In\\u00edcio\",\"item\":\"https:\\\/\\\/www.encontrasaogoncalo.com.br\\\/sobre\",\"nextItem\":{\"@type\":\"ListItem\",\"@id\":\"https:\\\/\\\/www.encontrasaogoncalo.com.br\\\/sobre\\\/noticias-em-sao-goncalo\\\/#listItem\",\"name\":\"Not\\u00edcias S\\u00e3o Gon\\u00e7alo\"}},{\"@type\":\"ListItem\",\"@id\":\"https:\\\/\\\/www.encontrasaogoncalo.com.br\\\/sobre\\\/noticias-em-sao-goncalo\\\/#listItem\",\"position\":2,\"name\":\"Not\\u00edcias S\\u00e3o Gon\\u00e7alo\",\"item\":\"https:\\\/\\\/www.encontrasaogoncalo.com.br\\\/sobre\\\/noticias-em-sao-goncalo\\\/\",\"nextItem\":{\"@type\":\"ListItem\",\"@id\":\"https:\\\/\\\/www.encontrasaogoncalo.com.br\\\/sobre\\\/departamento-de-vale-social-passara-a-funcionar-em-novo-endereco-a-partir-da-proxima-segunda\\\/#listItem\",\"name\":\"Departamento de Vale Social passar\\u00e1 a funcionar em novo endere\\u00e7o a partir da pr\\u00f3xima segunda\"},\"previousItem\":{\"@type\":\"ListItem\",\"@id\":\"https:\\\/\\\/www.encontrasaogoncalo.com.br\\\/sobre#listItem\",\"name\":\"In\\u00edcio\"}},{\"@type\":\"ListItem\",\"@id\":\"https:\\\/\\\/www.encontrasaogoncalo.com.br\\\/sobre\\\/departamento-de-vale-social-passara-a-funcionar-em-novo-endereco-a-partir-da-proxima-segunda\\\/#listItem\",\"position\":3,\"name\":\"Departamento de Vale Social passar\\u00e1 a funcionar em novo endere\\u00e7o a partir da pr\\u00f3xima segunda\",\"previousItem\":{\"@type\":\"ListItem\",\"@id\":\"https:\\\/\\\/www.encontrasaogoncalo.com.br\\\/sobre\\\/noticias-em-sao-goncalo\\\/#listItem\",\"name\":\"Not\\u00edcias S\\u00e3o Gon\\u00e7alo\"}}]},{\"@type\":\"Organization\",\"@id\":\"https:\\\/\\\/www.encontrasaogoncalo.com.br\\\/sobre\\\/#organization\",\"name\":\"Encontra S\\u00e3o Gon\\u00e7alo\",\"description\":\"Not\\u00edcias, eventos, informa\\u00e7\\u00f5es e dicas da cidade de S\\u00e3o Gon\\u00e7alo e regi\\u00e3o\",\"url\":\"https:\\\/\\\/www.encontrasaogoncalo.com.br\\\/sobre\\\/\"},{\"@type\":\"Person\",\"@id\":\"https:\\\/\\\/www.encontrasaogoncalo.com.br\\\/sobre\\\/author\\\/esaogoncalo\\\/#author\",\"url\":\"https:\\\/\\\/www.encontrasaogoncalo.com.br\\\/sobre\\\/author\\\/esaogoncalo\\\/\",\"name\":\"Encontra S\\u00e3o Gon\\u00e7alo\",\"image\":{\"@type\":\"ImageObject\",\"@id\":\"https:\\\/\\\/www.encontrasaogoncalo.com.br\\\/sobre\\\/departamento-de-vale-social-passara-a-funcionar-em-novo-endereco-a-partir-da-proxima-segunda\\\/#authorImage\",\"url\":\"https:\\\/\\\/secure.gravatar.com\\\/avatar\\\/507340682b8270222e1f208e23198b6ae7e2c6a1033ae84e99bc6bce4f82a387?s=96&d=mm&r=g\",\"width\":96,\"height\":96,\"caption\":\"Encontra S\\u00e3o Gon\\u00e7alo\"}},{\"@type\":\"WebPage\",\"@id\":\"https:\\\/\\\/www.encontrasaogoncalo.com.br\\\/sobre\\\/departamento-de-vale-social-passara-a-funcionar-em-novo-endereco-a-partir-da-proxima-segunda\\\/#webpage\",\"url\":\"https:\\\/\\\/www.encontrasaogoncalo.com.br\\\/sobre\\\/departamento-de-vale-social-passara-a-funcionar-em-novo-endereco-a-partir-da-proxima-segunda\\\/\",\"name\":\"Departamento de Vale Social passar\\u00e1 a funcionar em novo endere\\u00e7o a partir da pr\\u00f3xima segunda | Encontra S\\u00e3o Gon\\u00e7alo\",\"inLanguage\":\"pt-BR\",\"isPartOf\":{\"@id\":\"https:\\\/\\\/www.encontrasaogoncalo.com.br\\\/sobre\\\/#website\"},\"breadcrumb\":{\"@id\":\"https:\\\/\\\/www.encontrasaogoncalo.com.br\\\/sobre\\\/departamento-de-vale-social-passara-a-funcionar-em-novo-endereco-a-partir-da-proxima-segunda\\\/#breadcrumblist\"},\"author\":{\"@id\":\"https:\\\/\\\/www.encontrasaogoncalo.com.br\\\/sobre\\\/author\\\/esaogoncalo\\\/#author\"},\"creator\":{\"@id\":\"https:\\\/\\\/www.encontrasaogoncalo.com.br\\\/sobre\\\/author\\\/esaogoncalo\\\/#author\"},\"image\":{\"@type\":\"ImageObject\",\"url\":\"https:\\\/\\\/www.encontrasaogoncalo.com.br\\\/sobre\\\/wp-content\\\/uploads\\\/departamento-de-vale-social-passara-a-funcionar-em-novo-endereco-a-partir-da-proxima-segunda.webp\",\"@id\":\"https:\\\/\\\/www.encontrasaogoncalo.com.br\\\/sobre\\\/departamento-de-vale-social-passara-a-funcionar-em-novo-endereco-a-partir-da-proxima-segunda\\\/#mainImage\",\"width\":280,\"height\":280,\"caption\":\"Departamento de Vale Social\"},\"primaryImageOfPage\":{\"@id\":\"https:\\\/\\\/www.encontrasaogoncalo.com.br\\\/sobre\\\/departamento-de-vale-social-passara-a-funcionar-em-novo-endereco-a-partir-da-proxima-segunda\\\/#mainImage\"},\"datePublished\":\"2026-04-30T09:30:58+00:00\",\"dateModified\":\"2026-04-30T09:30:58+00:00\"},{\"@type\":\"WebSite\",\"@id\":\"https:\\\/\\\/www.encontrasaogoncalo.com.br\\\/sobre\\\/#website\",\"url\":\"https:\\\/\\\/www.encontrasaogoncalo.com.br\\\/sobre\\\/\",\"name\":\"Encontra S\\u00e3o Gon\\u00e7alo\",\"description\":\"Not\\u00edcias, eventos, informa\\u00e7\\u00f5es e dicas da cidade de S\\u00e3o Gon\\u00e7alo e regi\\u00e3o\",\"inLanguage\":\"pt-BR\",\"publisher\":{\"@id\":\"https:\\\/\\\/www.encontrasaogoncalo.com.br\\\/sobre\\\/#organization\"}}]}\n\t\t<\/script>\n\t\t<!-- All in One SEO -->\n\n","aioseo_head_json":{"title":"Departamento de Vale Social passar\u00e1 a funcionar em novo endere\u00e7o a partir da pr\u00f3xima segunda | Encontra S\u00e3o Gon\u00e7alo","description":"","canonical_url":"https:\/\/www.encontrasaogoncalo.com.br\/sobre\/departamento-de-vale-social-passara-a-funcionar-em-novo-endereco-a-partir-da-proxima-segunda\/","robots":"max-image-preview:large","keywords":"","webmasterTools":{"miscellaneous":""},"schema":{"@context":"https:\/\/schema.org","@graph":[{"@type":"Article","@id":"https:\/\/www.encontrasaogoncalo.com.br\/sobre\/departamento-de-vale-social-passara-a-funcionar-em-novo-endereco-a-partir-da-proxima-segunda\/#article","name":"Departamento de Vale Social passar\u00e1 a funcionar em novo endere\u00e7o a partir da pr\u00f3xima segunda | Encontra S\u00e3o Gon\u00e7alo","headline":"Departamento de Vale Social passar\u00e1 a funcionar em novo endere\u00e7o a partir da pr\u00f3xima segunda","author":{"@id":"https:\/\/www.encontrasaogoncalo.com.br\/sobre\/author\/esaogoncalo\/#author"},"publisher":{"@id":"https:\/\/www.encontrasaogoncalo.com.br\/sobre\/#organization"},"image":{"@type":"ImageObject","url":"https:\/\/www.encontrasaogoncalo.com.br\/sobre\/wp-content\/uploads\/departamento-de-vale-social-passara-a-funcionar-em-novo-endereco-a-partir-da-proxima-segunda.webp","width":280,"height":280,"caption":"Departamento de Vale Social"},"datePublished":"2026-04-30T09:30:58+00:00","dateModified":"2026-04-30T09:30:58+00:00","inLanguage":"pt-BR","mainEntityOfPage":{"@id":"https:\/\/www.encontrasaogoncalo.com.br\/sobre\/departamento-de-vale-social-passara-a-funcionar-em-novo-endereco-a-partir-da-proxima-segunda\/#webpage"},"isPartOf":{"@id":"https:\/\/www.encontrasaogoncalo.com.br\/sobre\/departamento-de-vale-social-passara-a-funcionar-em-novo-endereco-a-partir-da-proxima-segunda\/#webpage"},"articleSection":"Not\u00edcias S\u00e3o Gon\u00e7alo"},{"@type":"BreadcrumbList","@id":"https:\/\/www.encontrasaogoncalo.com.br\/sobre\/departamento-de-vale-social-passara-a-funcionar-em-novo-endereco-a-partir-da-proxima-segunda\/#breadcrumblist","itemListElement":[{"@type":"ListItem","@id":"https:\/\/www.encontrasaogoncalo.com.br\/sobre#listItem","position":1,"name":"In\u00edcio","item":"https:\/\/www.encontrasaogoncalo.com.br\/sobre","nextItem":{"@type":"ListItem","@id":"https:\/\/www.encontrasaogoncalo.com.br\/sobre\/noticias-em-sao-goncalo\/#listItem","name":"Not\u00edcias S\u00e3o Gon\u00e7alo"}},{"@type":"ListItem","@id":"https:\/\/www.encontrasaogoncalo.com.br\/sobre\/noticias-em-sao-goncalo\/#listItem","position":2,"name":"Not\u00edcias S\u00e3o Gon\u00e7alo","item":"https:\/\/www.encontrasaogoncalo.com.br\/sobre\/noticias-em-sao-goncalo\/","nextItem":{"@type":"ListItem","@id":"https:\/\/www.encontrasaogoncalo.com.br\/sobre\/departamento-de-vale-social-passara-a-funcionar-em-novo-endereco-a-partir-da-proxima-segunda\/#listItem","name":"Departamento de Vale Social passar\u00e1 a funcionar em novo endere\u00e7o a partir da pr\u00f3xima segunda"},"previousItem":{"@type":"ListItem","@id":"https:\/\/www.encontrasaogoncalo.com.br\/sobre#listItem","name":"In\u00edcio"}},{"@type":"ListItem","@id":"https:\/\/www.encontrasaogoncalo.com.br\/sobre\/departamento-de-vale-social-passara-a-funcionar-em-novo-endereco-a-partir-da-proxima-segunda\/#listItem","position":3,"name":"Departamento de Vale Social passar\u00e1 a funcionar em novo endere\u00e7o a partir da pr\u00f3xima segunda","previousItem":{"@type":"ListItem","@id":"https:\/\/www.encontrasaogoncalo.com.br\/sobre\/noticias-em-sao-goncalo\/#listItem","name":"Not\u00edcias S\u00e3o Gon\u00e7alo"}}]},{"@type":"Organization","@id":"https:\/\/www.encontrasaogoncalo.com.br\/sobre\/#organization","name":"Encontra S\u00e3o Gon\u00e7alo","description":"Not\u00edcias, eventos, informa\u00e7\u00f5es e dicas da cidade de S\u00e3o Gon\u00e7alo e regi\u00e3o","url":"https:\/\/www.encontrasaogoncalo.com.br\/sobre\/"},{"@type":"Person","@id":"https:\/\/www.encontrasaogoncalo.com.br\/sobre\/author\/esaogoncalo\/#author","url":"https:\/\/www.encontrasaogoncalo.com.br\/sobre\/author\/esaogoncalo\/","name":"Encontra S\u00e3o Gon\u00e7alo","image":{"@type":"ImageObject","@id":"https:\/\/www.encontrasaogoncalo.com.br\/sobre\/departamento-de-vale-social-passara-a-funcionar-em-novo-endereco-a-partir-da-proxima-segunda\/#authorImage","url":"https:\/\/secure.gravatar.com\/avatar\/507340682b8270222e1f208e23198b6ae7e2c6a1033ae84e99bc6bce4f82a387?s=96&d=mm&r=g","width":96,"height":96,"caption":"Encontra S\u00e3o Gon\u00e7alo"}},{"@type":"WebPage","@id":"https:\/\/www.encontrasaogoncalo.com.br\/sobre\/departamento-de-vale-social-passara-a-funcionar-em-novo-endereco-a-partir-da-proxima-segunda\/#webpage","url":"https:\/\/www.encontrasaogoncalo.com.br\/sobre\/departamento-de-vale-social-passara-a-funcionar-em-novo-endereco-a-partir-da-proxima-segunda\/","name":"Departamento de Vale Social passar\u00e1 a funcionar em novo endere\u00e7o a partir da pr\u00f3xima segunda | Encontra S\u00e3o Gon\u00e7alo","inLanguage":"pt-BR","isPartOf":{"@id":"https:\/\/www.encontrasaogoncalo.com.br\/sobre\/#website"},"breadcrumb":{"@id":"https:\/\/www.encontrasaogoncalo.com.br\/sobre\/departamento-de-vale-social-passara-a-funcionar-em-novo-endereco-a-partir-da-proxima-segunda\/#breadcrumblist"},"author":{"@id":"https:\/\/www.encontrasaogoncalo.com.br\/sobre\/author\/esaogoncalo\/#author"},"creator":{"@id":"https:\/\/www.encontrasaogoncalo.com.br\/sobre\/author\/esaogoncalo\/#author"},"image":{"@type":"ImageObject","url":"https:\/\/www.encontrasaogoncalo.com.br\/sobre\/wp-content\/uploads\/departamento-de-vale-social-passara-a-funcionar-em-novo-endereco-a-partir-da-proxima-segunda.webp","@id":"https:\/\/www.encontrasaogoncalo.com.br\/sobre\/departamento-de-vale-social-passara-a-funcionar-em-novo-endereco-a-partir-da-proxima-segunda\/#mainImage","width":280,"height":280,"caption":"Departamento de Vale Social"},"primaryImageOfPage":{"@id":"https:\/\/www.encontrasaogoncalo.com.br\/sobre\/departamento-de-vale-social-passara-a-funcionar-em-novo-endereco-a-partir-da-proxima-segunda\/#mainImage"},"datePublished":"2026-04-30T09:30:58+00:00","dateModified":"2026-04-30T09:30:58+00:00"},{"@type":"WebSite","@id":"https:\/\/www.encontrasaogoncalo.com.br\/sobre\/#website","url":"https:\/\/www.encontrasaogoncalo.com.br\/sobre\/","name":"Encontra S\u00e3o Gon\u00e7alo","description":"Not\u00edcias, eventos, informa\u00e7\u00f5es e dicas da cidade de S\u00e3o Gon\u00e7alo e regi\u00e3o","inLanguage":"pt-BR","publisher":{"@id":"https:\/\/www.encontrasaogoncalo.com.br\/sobre\/#organization"}}]},"og:locale":"pt_BR","og:site_name":"Encontra S\u00e3o Gon\u00e7alo | Not\u00edcias, eventos, informa\u00e7\u00f5es e dicas da cidade de S\u00e3o Gon\u00e7alo e regi\u00e3o","og:type":"article","og:title":"Departamento de Vale Social passar\u00e1 a funcionar em novo endere\u00e7o a partir da pr\u00f3xima segunda | Encontra S\u00e3o Gon\u00e7alo","og:url":"https:\/\/www.encontrasaogoncalo.com.br\/sobre\/departamento-de-vale-social-passara-a-funcionar-em-novo-endereco-a-partir-da-proxima-segunda\/","article:published_time":"2026-04-30T09:30:58+00:00","article:modified_time":"2026-04-30T09:30:58+00:00","twitter:card":"summary","twitter:title":"Departamento de Vale Social passar\u00e1 a funcionar em novo endere\u00e7o a partir da pr\u00f3xima segunda | Encontra S\u00e3o Gon\u00e7alo"},"aioseo_meta_data":{"post_id":"1989","title":null,"description":null,"keywords":null,"keyphrases":null,"primary_term":null,"canonical_url":null,"og_title":null,"og_description":null,"og_object_type":"default","og_image_type":"default","og_image_url":null,"og_image_width":null,"og_image_height":null,"og_image_custom_url":null,"og_image_custom_fields":null,"og_video":null,"og_custom_url":null,"og_article_section":null,"og_article_tags":null,"twitter_use_og":false,"twitter_card":"default","twitter_image_type":"default","twitter_image_url":null,"twitter_image_custom_url":null,"twitter_image_custom_fields":null,"twitter_title":null,"twitter_description":null,"schema":{"blockGraphs":[],"customGraphs":[],"default":{"data":{"Article":[],"Course":[],"Dataset":[],"FAQPage":[],"Movie":[],"Person":[],"Product":[],"ProductReview":[],"Car":[],"Recipe":[],"Service":[],"SoftwareApplication":[],"WebPage":[]},"graphName":"Article","isEnabled":true},"graphs":[]},"schema_type":"default","schema_type_options":null,"pillar_content":false,"robots_default":true,"robots_noindex":false,"robots_noarchive":false,"robots_nosnippet":false,"robots_nofollow":false,"robots_noimageindex":false,"robots_noodp":false,"robots_notranslate":false,"robots_max_snippet":null,"robots_max_videopreview":null,"robots_max_imagepreview":"large","priority":null,"frequency":null,"local_seo":null,"breadcrumb_settings":null,"limit_modified_date":false,"ai":null,"created":"2026-04-30 09:31:03","updated":"2026-04-30 09:34:13","focus_keyword":null,"additional_keywords":null,"truseo_locale":null,"seo_analyzer_scan_date":null},"aioseo_breadcrumb":"<div class=\"aioseo-breadcrumbs\"><span class=\"aioseo-breadcrumb\">\n\t\t\t<a href=\"https:\/\/www.encontrasaogoncalo.com.br\/sobre\" title=\"In\u00edcio\">In\u00edcio<\/a>\n\t\t<\/span><span class=\"aioseo-breadcrumb-separator\">&raquo;<\/span><span class=\"aioseo-breadcrumb\">\n\t\t\t<a href=\"https:\/\/www.encontrasaogoncalo.com.br\/sobre\/noticias-em-sao-goncalo\/\" title=\"Not\u00edcias S\u00e3o Gon\u00e7alo\">Not\u00edcias S\u00e3o Gon\u00e7alo<\/a>\n\t\t<\/span><span class=\"aioseo-breadcrumb-separator\">&raquo;<\/span><span class=\"aioseo-breadcrumb\">\n\t\t\tDepartamento de Vale Social passar\u00e1 a funcionar em novo endere\u00e7o a partir da pr\u00f3xima segunda\n\t\t<\/span><\/div>","aioseo_breadcrumb_json":[{"label":"In\u00edcio","link":"https:\/\/www.encontrasaogoncalo.com.br\/sobre"},{"label":"Not\u00edcias S\u00e3o Gon\u00e7alo","link":"https:\/\/www.encontrasaogoncalo.com.br\/sobre\/noticias-em-sao-goncalo\/"},{"label":"Departamento de Vale Social passar\u00e1 a funcionar em novo endere\u00e7o a partir da pr\u00f3xima segunda","link":"https:\/\/www.encontrasaogoncalo.com.br\/sobre\/departamento-de-vale-social-passara-a-funcionar-em-novo-endereco-a-partir-da-proxima-segunda\/"}],"_links":{"self":[{"href":"https:\/\/www.encontrasaogoncalo.com.br\/sobre\/wp-json\/wp\/v2\/posts\/1989","targetHints":{"allow":["GET"]}}],"collection":[{"href":"https:\/\/www.encontrasaogoncalo.com.br\/sobre\/wp-json\/wp\/v2\/posts"}],"about":[{"href":"https:\/\/www.encontrasaogoncalo.com.br\/sobre\/wp-json\/wp\/v2\/types\/post"}],"author":[{"embeddable":true,"href":"https:\/\/www.encontrasaogoncalo.com.br\/sobre\/wp-json\/wp\/v2\/users\/1"}],"replies":[{"embeddable":true,"href":"https:\/\/www.encontrasaogoncalo.com.br\/sobre\/wp-json\/wp\/v2\/comments?post=1989"}],"version-history":[{"count":0,"href":"https:\/\/www.encontrasaogoncalo.com.br\/sobre\/wp-json\/wp\/v2\/posts\/1989\/revisions"}],"wp:featuredmedia":[{"embeddable":true,"href":"https:\/\/www.encontrasaogoncalo.com.br\/sobre\/wp-json\/wp\/v2\/media\/1988"}],"wp:attachment":[{"href":"https:\/\/www.encontrasaogoncalo.com.br\/sobre\/wp-json\/wp\/v2\/media?parent=1989"}],"wp:term":[{"taxonomy":"category","embeddable":true,"href":"https:\/\/www.encontrasaogoncalo.com.br\/sobre\/wp-json\/wp\/v2\/categories?post=1989"},{"taxonomy":"post_tag","embeddable":true,"href":"https:\/\/www.encontrasaogoncalo.com.br\/sobre\/wp-json\/wp\/v2\/tags?post=1989"}],"curies":[{"name":"wp","href":"https:\/\/api.w.org\/{rel}","templated":true}]}}