{"id":2005,"date":"2026-05-05T09:17:25","date_gmt":"2026-05-05T09:17:25","guid":{"rendered":"https:\/\/www.encontrasaogoncalo.com.br\/sobre\/caravana-de-arte-e-lazer-chega-ao-bairro-boacu-neste-domingo-19\/"},"modified":"2026-05-05T09:17:25","modified_gmt":"2026-05-05T09:17:25","slug":"caravana-de-arte-e-lazer-chega-ao-bairro-boacu-neste-domingo-19","status":"publish","type":"post","link":"https:\/\/www.encontrasaogoncalo.com.br\/sobre\/caravana-de-arte-e-lazer-chega-ao-bairro-boacu-neste-domingo-19\/","title":{"rendered":"Caravana de Arte e Lazer chega ao bairro Boa\u00e7u neste domingo (19)"},"content":{"rendered":"<div class=\"558ebb280150f569344a3237cd236fe7\" data-index=\"1\" style=\"float: none; margin:0px;\">\n<!-- Anuncio display - global -->\r\n<ins class=\"adsbygoogle\"\r\n     style=\"display:block\"\r\n     data-ad-client=\"ca-pub-8585364105181520\"\r\n     data-ad-slot=\"8789329856\"\r\n     data-ad-format=\"auto\"\r\n     data-full-width-responsive=\"true\"><\/ins>\r\n<script>\r\n     (adsbygoogle = window.adsbygoogle || []).push({});\r\n<\/script>\n<\/div>\n<h2>O que \u00e9 a Caravana de Arte e Lazer?<\/h2>\n<p>A Caravana de Arte e Lazer \u00e9 uma iniciativa promovida pela Prefeitura de S\u00e3o Gon\u00e7alo com a finalidade de oferecer atividades recreativas e culturais ao p\u00fablico local, especialmente voltadas para as crian\u00e7as. Este projeto foi desenvolvido pela Funda\u00e7\u00e3o de Artes, Esporte e Lazer de S\u00e3o Gon\u00e7alo (Faelsg) e tem como objetivo trazer momentos de alegria e divers\u00e3o para as fam\u00edlias durante os fins de semana.<\/p>\n<h2>Atividades Dispon\u00edveis na Caravana<\/h2>\n<p>Durante os eventos da Caravana, as crian\u00e7as t\u00eam acesso a uma ampla gama de atividades l\u00fadicas que promovem o entretenimento e a socializa\u00e7\u00e3o. Entre as op\u00e7\u00f5es, destacam-se:<\/p>\n<ul>\n<li><strong>Pula-pula:<\/strong> Uma atra\u00e7\u00e3o que oferece divers\u00e3o e exerc\u00edcio ao mesmo tempo.<\/li>\n<li><strong>Brinquedos Infl\u00e1veis:<\/strong> Diversas op\u00e7\u00f5es que garantem a seguran\u00e7a e a alegria dos pequenos.<\/li>\n<li><strong>Jogos Interativos:<\/strong> Competi\u00e7\u00f5es amig\u00e1veis que incentivam o trabalho em equipe.<\/li>\n<li><strong>Pintura no Rosto:<\/strong> Uma forma criativa de express\u00e3o que encanta as crian\u00e7as.<\/li>\n<li><strong>Bal\u00f5es e Brindes:<\/strong> Pequenos presentes que fazem a alegria da garotada.<\/li>\n<\/ul>\n<h2>Hor\u00e1rio e Local do Evento<\/h2>\n<p>O pr\u00f3ximo evento da Caravana de Arte e Lazer acontecer\u00e1 no dia 19 de abril, no bairro Boa\u00e7u, especificamente na Avenida Luiz Corr\u00eaa da Silva (Lodial). O evento ter\u00e1 in\u00edcio \u00e0s 9h da manh\u00e3 e se estender\u00e1 at\u00e9 \u00e0s 13h.<\/p>\n<p><img decoding=\"async\" src=\"https:\/\/www.encontrasaogoncalo.com.br\/sobre\/wp-content\/uploads\/caravana-de-arte-e-lazer-chega-ao-bairro-boacu-neste-domingo-19.webp\" alt=\"\" loading=\"lazy\" \/><\/p>\n<h2>Benef\u00edcios para as Crian\u00e7as<\/h2>\n<p>A Caravana de Arte e Lazer promove n\u00e3o apenas o entretenimento, mas tamb\u00e9m o desenvolvimento social e emocional das crian\u00e7as. As atividades oferecidas ajudam a:<\/p>\n<ul>\n<li><strong>Desenvolver Habilidades Sociais:<\/strong> A intera\u00e7\u00e3o com outras crian\u00e7as \u00e9 essencial para o crescimento e a forma\u00e7\u00e3o de la\u00e7os.<\/li>\n<li><strong>Estimular a Criatividade:<\/strong> As atividades art\u00edsticas, como a pintura de rosto, incentivam a express\u00e3o criativa.<\/li>\n<li><strong>Promover a Sa\u00fade F\u00edsica:<\/strong> Brincadeiras ativas contribuem para o desenvolvimento f\u00edsico e a preven\u00e7\u00e3o de doen\u00e7as.<\/li>\n<li><strong>Proporcionar Momentos de Alegria:<\/strong> Divers\u00e3o \u00e9 fundamental para a felicidade infantil, e eventos como este s\u00e3o uma forma de garantir isso.<\/li>\n<\/ul>\n<h2>Apoio da Prefeitura de S\u00e3o Gon\u00e7alo<\/h2>\n<p>A Prefeitura de S\u00e3o Gon\u00e7alo, por meio da Faelsg, \u00e9 a respons\u00e1vel pela realiza\u00e7\u00e3o da Caravana de Arte e Lazer. O apoio da administra\u00e7\u00e3o municipal visa criar espa\u00e7os de lazer e cultura, promovendo a inclus\u00e3o social e o fortalecimento da comunidade. A iniciativa tem sido um grande sucesso, atingindo milhares de fam\u00edlias desde 2022.<\/p>\n<h2>Hist\u00f3rico da Caravana de Arte e Lazer<\/h2>\n<p>Desde o seu lan\u00e7amento, a Caravana de Arte e Lazer j\u00e1 percorreu mais de 60 bairros da cidade, levando divers\u00e3o e alegria a crian\u00e7as e suas fam\u00edlias. O projeto foi criado para atender \u00e0 demanda por atividades culturais e recreativas e ao longo do tempo se consolidou como um importante evento no calend\u00e1rio municipal.<\/p>\n<h2>Depoimentos de Participantes<\/h2>\n<p>Os feedbacks dos participantes s\u00e3o extremamente positivos. Muitas fam\u00edlias relatam que as a\u00e7\u00f5es da Caravana s\u00e3o uma oportunidade \u00fanica para passar tempo de qualidade com seus filhos e proporcionar momentos memor\u00e1veis. Os pais destacam a import\u00e2ncia de eventos como este para o desenvolvimento das crian\u00e7as e para a vida comunit\u00e1ria.<\/p>\n<h2>Como Participar do Evento<\/h2>\n<p>A participa\u00e7\u00e3o nos eventos da Caravana de Arte e Lazer \u00e9 totalmente gratuita, sendo aberta a toda a popula\u00e7\u00e3o. N\u00e3o \u00e9 necess\u00e1rio realizar inscri\u00e7\u00f5es pr\u00e9vias, basta comparecer ao local no dia e hor\u00e1rio agendados e aproveitar as atividades que ser\u00e3o oferecidas.<\/p>\n<h2>Import\u00e2ncia de Eventos na Comunidade<\/h2>\n<p>Eventos como a Caravana de Arte e Lazer desempenham um papel fundamental nas comunidades. Eles ajudam a:<\/p>\n<ul>\n<li><strong>Fomentar a Integra\u00e7\u00e3o Social:<\/strong> Criam oportunidades para que as fam\u00edlias se conhe\u00e7am e interajam.<\/li>\n<li><strong>Criar um Sentido de Pertencimento:<\/strong> Reunindo pessoas em um mesmo espa\u00e7o, fortalecem os la\u00e7os comunit\u00e1rios.<\/li>\n<li><strong>Promover a Cultura Local:<\/strong> Incentivam a valoriza\u00e7\u00e3o da cultura e das tradi\u00e7\u00f5es locais.<\/li>\n<\/ul>\n<h2>Futuras Paradas da Caravana<\/h2>\n<p>A Caravana de Arte e Lazer tem um calend\u00e1rio de eventos programados para outras localidades de S\u00e3o Gon\u00e7alo ao longo do ano. As datas e locais futuros ser\u00e3o divulgados para garantir que mais crian\u00e7as e suas fam\u00edlias possam participar e usufruir desses momentos de lazer e integra\u00e7\u00e3o.<\/p>\n\n<div style=\"font-size: 0px; height: 0px; line-height: 0px; margin: 0; padding: 0; clear: both;\"><\/div>","protected":false},"excerpt":{"rendered":"<p>Caravana de Arte e Lazer chega ao Boa\u00e7u neste domingo com divers\u00e3o gratuita!<\/p>\n","protected":false},"author":1,"featured_media":2004,"comment_status":"open","ping_status":"closed","sticky":false,"template":"","format":"standard","meta":{"footnotes":""},"categories":[6],"tags":[],"class_list":["post-2005","post","type-post","status-publish","format-standard","has-post-thumbnail","hentry","category-noticias-em-sao-goncalo","has_thumb"],"aioseo_notices":[],"aioseo_head":"\n\t\t<!-- All in One SEO 5.0.0.1 - aioseo.com -->\n\t<meta name=\"robots\" content=\"max-image-preview:large\" \/>\n\t<meta name=\"author\" content=\"Encontra S\u00e3o Gon\u00e7alo\"\/>\n\t<link rel=\"canonical\" href=\"https:\/\/www.encontrasaogoncalo.com.br\/sobre\/caravana-de-arte-e-lazer-chega-ao-bairro-boacu-neste-domingo-19\/\" \/>\n\t<meta name=\"generator\" content=\"All in One SEO (AIOSEO) 5.0.0.1\" \/>\n\t\t<meta property=\"og:locale\" content=\"pt_BR\" \/>\n\t\t<meta property=\"og:site_name\" content=\"Encontra S\u00e3o Gon\u00e7alo | Not\u00edcias, eventos, informa\u00e7\u00f5es e dicas da cidade de S\u00e3o Gon\u00e7alo e regi\u00e3o\" \/>\n\t\t<meta property=\"og:type\" content=\"article\" \/>\n\t\t<meta property=\"og:title\" content=\"Caravana de Arte e Lazer chega ao bairro Boa\u00e7u neste domingo (19) | Encontra S\u00e3o Gon\u00e7alo\" \/>\n\t\t<meta property=\"og:url\" content=\"https:\/\/www.encontrasaogoncalo.com.br\/sobre\/caravana-de-arte-e-lazer-chega-ao-bairro-boacu-neste-domingo-19\/\" \/>\n\t\t<meta property=\"article:published_time\" content=\"2026-05-05T09:17:25+00:00\" \/>\n\t\t<meta property=\"article:modified_time\" content=\"2026-05-05T09:17:25+00:00\" \/>\n\t\t<meta name=\"twitter:card\" content=\"summary\" \/>\n\t\t<meta name=\"twitter:title\" content=\"Caravana de Arte e Lazer chega ao bairro Boa\u00e7u neste domingo (19) | Encontra S\u00e3o Gon\u00e7alo\" \/>\n\t\t<script type=\"application\/ld+json\" class=\"aioseo-schema\">\n\t\t\t{\"@context\":\"https:\\\/\\\/schema.org\",\"@graph\":[{\"@type\":\"Article\",\"@id\":\"https:\\\/\\\/www.encontrasaogoncalo.com.br\\\/sobre\\\/caravana-de-arte-e-lazer-chega-ao-bairro-boacu-neste-domingo-19\\\/#article\",\"name\":\"Caravana de Arte e Lazer chega ao bairro Boa\\u00e7u neste domingo (19) | Encontra S\\u00e3o Gon\\u00e7alo\",\"headline\":\"Caravana de Arte e Lazer chega ao bairro Boa\\u00e7u neste domingo (19)\",\"author\":{\"@id\":\"https:\\\/\\\/www.encontrasaogoncalo.com.br\\\/sobre\\\/author\\\/esaogoncalo\\\/#author\"},\"publisher\":{\"@id\":\"https:\\\/\\\/www.encontrasaogoncalo.com.br\\\/sobre\\\/#organization\"},\"image\":{\"@type\":\"ImageObject\",\"url\":\"https:\\\/\\\/www.encontrasaogoncalo.com.br\\\/sobre\\\/wp-content\\\/uploads\\\/caravana-de-arte-e-lazer-chega-ao-bairro-boacu-neste-domingo-19.webp\",\"width\":280,\"height\":280},\"datePublished\":\"2026-05-05T09:17:25+00:00\",\"dateModified\":\"2026-05-05T09:17:25+00:00\",\"inLanguage\":\"pt-BR\",\"mainEntityOfPage\":{\"@id\":\"https:\\\/\\\/www.encontrasaogoncalo.com.br\\\/sobre\\\/caravana-de-arte-e-lazer-chega-ao-bairro-boacu-neste-domingo-19\\\/#webpage\"},\"isPartOf\":{\"@id\":\"https:\\\/\\\/www.encontrasaogoncalo.com.br\\\/sobre\\\/caravana-de-arte-e-lazer-chega-ao-bairro-boacu-neste-domingo-19\\\/#webpage\"},\"articleSection\":\"Not\\u00edcias S\\u00e3o Gon\\u00e7alo\"},{\"@type\":\"BreadcrumbList\",\"@id\":\"https:\\\/\\\/www.encontrasaogoncalo.com.br\\\/sobre\\\/caravana-de-arte-e-lazer-chega-ao-bairro-boacu-neste-domingo-19\\\/#breadcrumblist\",\"itemListElement\":[{\"@type\":\"ListItem\",\"@id\":\"https:\\\/\\\/www.encontrasaogoncalo.com.br\\\/sobre#listItem\",\"position\":1,\"name\":\"In\\u00edcio\",\"item\":\"https:\\\/\\\/www.encontrasaogoncalo.com.br\\\/sobre\",\"nextItem\":{\"@type\":\"ListItem\",\"@id\":\"https:\\\/\\\/www.encontrasaogoncalo.com.br\\\/sobre\\\/noticias-em-sao-goncalo\\\/#listItem\",\"name\":\"Not\\u00edcias S\\u00e3o Gon\\u00e7alo\"}},{\"@type\":\"ListItem\",\"@id\":\"https:\\\/\\\/www.encontrasaogoncalo.com.br\\\/sobre\\\/noticias-em-sao-goncalo\\\/#listItem\",\"position\":2,\"name\":\"Not\\u00edcias S\\u00e3o Gon\\u00e7alo\",\"item\":\"https:\\\/\\\/www.encontrasaogoncalo.com.br\\\/sobre\\\/noticias-em-sao-goncalo\\\/\",\"nextItem\":{\"@type\":\"ListItem\",\"@id\":\"https:\\\/\\\/www.encontrasaogoncalo.com.br\\\/sobre\\\/caravana-de-arte-e-lazer-chega-ao-bairro-boacu-neste-domingo-19\\\/#listItem\",\"name\":\"Caravana de Arte e Lazer chega ao bairro Boa\\u00e7u neste domingo (19)\"},\"previousItem\":{\"@type\":\"ListItem\",\"@id\":\"https:\\\/\\\/www.encontrasaogoncalo.com.br\\\/sobre#listItem\",\"name\":\"In\\u00edcio\"}},{\"@type\":\"ListItem\",\"@id\":\"https:\\\/\\\/www.encontrasaogoncalo.com.br\\\/sobre\\\/caravana-de-arte-e-lazer-chega-ao-bairro-boacu-neste-domingo-19\\\/#listItem\",\"position\":3,\"name\":\"Caravana de Arte e Lazer chega ao bairro Boa\\u00e7u neste domingo (19)\",\"previousItem\":{\"@type\":\"ListItem\",\"@id\":\"https:\\\/\\\/www.encontrasaogoncalo.com.br\\\/sobre\\\/noticias-em-sao-goncalo\\\/#listItem\",\"name\":\"Not\\u00edcias S\\u00e3o Gon\\u00e7alo\"}}]},{\"@type\":\"Organization\",\"@id\":\"https:\\\/\\\/www.encontrasaogoncalo.com.br\\\/sobre\\\/#organization\",\"name\":\"Encontra S\\u00e3o Gon\\u00e7alo\",\"description\":\"Not\\u00edcias, eventos, informa\\u00e7\\u00f5es e dicas da cidade de S\\u00e3o Gon\\u00e7alo e regi\\u00e3o\",\"url\":\"https:\\\/\\\/www.encontrasaogoncalo.com.br\\\/sobre\\\/\"},{\"@type\":\"Person\",\"@id\":\"https:\\\/\\\/www.encontrasaogoncalo.com.br\\\/sobre\\\/author\\\/esaogoncalo\\\/#author\",\"url\":\"https:\\\/\\\/www.encontrasaogoncalo.com.br\\\/sobre\\\/author\\\/esaogoncalo\\\/\",\"name\":\"Encontra S\\u00e3o Gon\\u00e7alo\",\"image\":{\"@type\":\"ImageObject\",\"@id\":\"https:\\\/\\\/www.encontrasaogoncalo.com.br\\\/sobre\\\/caravana-de-arte-e-lazer-chega-ao-bairro-boacu-neste-domingo-19\\\/#authorImage\",\"url\":\"https:\\\/\\\/secure.gravatar.com\\\/avatar\\\/507340682b8270222e1f208e23198b6ae7e2c6a1033ae84e99bc6bce4f82a387?s=96&d=mm&r=g\",\"width\":96,\"height\":96,\"caption\":\"Encontra S\\u00e3o Gon\\u00e7alo\"}},{\"@type\":\"WebPage\",\"@id\":\"https:\\\/\\\/www.encontrasaogoncalo.com.br\\\/sobre\\\/caravana-de-arte-e-lazer-chega-ao-bairro-boacu-neste-domingo-19\\\/#webpage\",\"url\":\"https:\\\/\\\/www.encontrasaogoncalo.com.br\\\/sobre\\\/caravana-de-arte-e-lazer-chega-ao-bairro-boacu-neste-domingo-19\\\/\",\"name\":\"Caravana de Arte e Lazer chega ao bairro Boa\\u00e7u neste domingo (19) | Encontra S\\u00e3o Gon\\u00e7alo\",\"inLanguage\":\"pt-BR\",\"isPartOf\":{\"@id\":\"https:\\\/\\\/www.encontrasaogoncalo.com.br\\\/sobre\\\/#website\"},\"breadcrumb\":{\"@id\":\"https:\\\/\\\/www.encontrasaogoncalo.com.br\\\/sobre\\\/caravana-de-arte-e-lazer-chega-ao-bairro-boacu-neste-domingo-19\\\/#breadcrumblist\"},\"author\":{\"@id\":\"https:\\\/\\\/www.encontrasaogoncalo.com.br\\\/sobre\\\/author\\\/esaogoncalo\\\/#author\"},\"creator\":{\"@id\":\"https:\\\/\\\/www.encontrasaogoncalo.com.br\\\/sobre\\\/author\\\/esaogoncalo\\\/#author\"},\"image\":{\"@type\":\"ImageObject\",\"url\":\"https:\\\/\\\/www.encontrasaogoncalo.com.br\\\/sobre\\\/wp-content\\\/uploads\\\/caravana-de-arte-e-lazer-chega-ao-bairro-boacu-neste-domingo-19.webp\",\"@id\":\"https:\\\/\\\/www.encontrasaogoncalo.com.br\\\/sobre\\\/caravana-de-arte-e-lazer-chega-ao-bairro-boacu-neste-domingo-19\\\/#mainImage\",\"width\":280,\"height\":280},\"primaryImageOfPage\":{\"@id\":\"https:\\\/\\\/www.encontrasaogoncalo.com.br\\\/sobre\\\/caravana-de-arte-e-lazer-chega-ao-bairro-boacu-neste-domingo-19\\\/#mainImage\"},\"datePublished\":\"2026-05-05T09:17:25+00:00\",\"dateModified\":\"2026-05-05T09:17:25+00:00\"},{\"@type\":\"WebSite\",\"@id\":\"https:\\\/\\\/www.encontrasaogoncalo.com.br\\\/sobre\\\/#website\",\"url\":\"https:\\\/\\\/www.encontrasaogoncalo.com.br\\\/sobre\\\/\",\"name\":\"Encontra S\\u00e3o Gon\\u00e7alo\",\"description\":\"Not\\u00edcias, eventos, informa\\u00e7\\u00f5es e dicas da cidade de S\\u00e3o Gon\\u00e7alo e regi\\u00e3o\",\"inLanguage\":\"pt-BR\",\"publisher\":{\"@id\":\"https:\\\/\\\/www.encontrasaogoncalo.com.br\\\/sobre\\\/#organization\"}}]}\n\t\t<\/script>\n\t\t<!-- All in One SEO -->\n\n","aioseo_head_json":{"title":"Caravana de Arte e Lazer chega ao bairro Boa\u00e7u neste domingo (19) | Encontra S\u00e3o Gon\u00e7alo","description":"","canonical_url":"https:\/\/www.encontrasaogoncalo.com.br\/sobre\/caravana-de-arte-e-lazer-chega-ao-bairro-boacu-neste-domingo-19\/","robots":"max-image-preview:large","keywords":"","webmasterTools":{"miscellaneous":""},"schema":{"@context":"https:\/\/schema.org","@graph":[{"@type":"Article","@id":"https:\/\/www.encontrasaogoncalo.com.br\/sobre\/caravana-de-arte-e-lazer-chega-ao-bairro-boacu-neste-domingo-19\/#article","name":"Caravana de Arte e Lazer chega ao bairro Boa\u00e7u neste domingo (19) | Encontra S\u00e3o Gon\u00e7alo","headline":"Caravana de Arte e Lazer chega ao bairro Boa\u00e7u neste domingo (19)","author":{"@id":"https:\/\/www.encontrasaogoncalo.com.br\/sobre\/author\/esaogoncalo\/#author"},"publisher":{"@id":"https:\/\/www.encontrasaogoncalo.com.br\/sobre\/#organization"},"image":{"@type":"ImageObject","url":"https:\/\/www.encontrasaogoncalo.com.br\/sobre\/wp-content\/uploads\/caravana-de-arte-e-lazer-chega-ao-bairro-boacu-neste-domingo-19.webp","width":280,"height":280},"datePublished":"2026-05-05T09:17:25+00:00","dateModified":"2026-05-05T09:17:25+00:00","inLanguage":"pt-BR","mainEntityOfPage":{"@id":"https:\/\/www.encontrasaogoncalo.com.br\/sobre\/caravana-de-arte-e-lazer-chega-ao-bairro-boacu-neste-domingo-19\/#webpage"},"isPartOf":{"@id":"https:\/\/www.encontrasaogoncalo.com.br\/sobre\/caravana-de-arte-e-lazer-chega-ao-bairro-boacu-neste-domingo-19\/#webpage"},"articleSection":"Not\u00edcias S\u00e3o Gon\u00e7alo"},{"@type":"BreadcrumbList","@id":"https:\/\/www.encontrasaogoncalo.com.br\/sobre\/caravana-de-arte-e-lazer-chega-ao-bairro-boacu-neste-domingo-19\/#breadcrumblist","itemListElement":[{"@type":"ListItem","@id":"https:\/\/www.encontrasaogoncalo.com.br\/sobre#listItem","position":1,"name":"In\u00edcio","item":"https:\/\/www.encontrasaogoncalo.com.br\/sobre","nextItem":{"@type":"ListItem","@id":"https:\/\/www.encontrasaogoncalo.com.br\/sobre\/noticias-em-sao-goncalo\/#listItem","name":"Not\u00edcias S\u00e3o Gon\u00e7alo"}},{"@type":"ListItem","@id":"https:\/\/www.encontrasaogoncalo.com.br\/sobre\/noticias-em-sao-goncalo\/#listItem","position":2,"name":"Not\u00edcias S\u00e3o Gon\u00e7alo","item":"https:\/\/www.encontrasaogoncalo.com.br\/sobre\/noticias-em-sao-goncalo\/","nextItem":{"@type":"ListItem","@id":"https:\/\/www.encontrasaogoncalo.com.br\/sobre\/caravana-de-arte-e-lazer-chega-ao-bairro-boacu-neste-domingo-19\/#listItem","name":"Caravana de Arte e Lazer chega ao bairro Boa\u00e7u neste domingo (19)"},"previousItem":{"@type":"ListItem","@id":"https:\/\/www.encontrasaogoncalo.com.br\/sobre#listItem","name":"In\u00edcio"}},{"@type":"ListItem","@id":"https:\/\/www.encontrasaogoncalo.com.br\/sobre\/caravana-de-arte-e-lazer-chega-ao-bairro-boacu-neste-domingo-19\/#listItem","position":3,"name":"Caravana de Arte e Lazer chega ao bairro Boa\u00e7u neste domingo (19)","previousItem":{"@type":"ListItem","@id":"https:\/\/www.encontrasaogoncalo.com.br\/sobre\/noticias-em-sao-goncalo\/#listItem","name":"Not\u00edcias S\u00e3o Gon\u00e7alo"}}]},{"@type":"Organization","@id":"https:\/\/www.encontrasaogoncalo.com.br\/sobre\/#organization","name":"Encontra S\u00e3o Gon\u00e7alo","description":"Not\u00edcias, eventos, informa\u00e7\u00f5es e dicas da cidade de S\u00e3o Gon\u00e7alo e regi\u00e3o","url":"https:\/\/www.encontrasaogoncalo.com.br\/sobre\/"},{"@type":"Person","@id":"https:\/\/www.encontrasaogoncalo.com.br\/sobre\/author\/esaogoncalo\/#author","url":"https:\/\/www.encontrasaogoncalo.com.br\/sobre\/author\/esaogoncalo\/","name":"Encontra S\u00e3o Gon\u00e7alo","image":{"@type":"ImageObject","@id":"https:\/\/www.encontrasaogoncalo.com.br\/sobre\/caravana-de-arte-e-lazer-chega-ao-bairro-boacu-neste-domingo-19\/#authorImage","url":"https:\/\/secure.gravatar.com\/avatar\/507340682b8270222e1f208e23198b6ae7e2c6a1033ae84e99bc6bce4f82a387?s=96&d=mm&r=g","width":96,"height":96,"caption":"Encontra S\u00e3o Gon\u00e7alo"}},{"@type":"WebPage","@id":"https:\/\/www.encontrasaogoncalo.com.br\/sobre\/caravana-de-arte-e-lazer-chega-ao-bairro-boacu-neste-domingo-19\/#webpage","url":"https:\/\/www.encontrasaogoncalo.com.br\/sobre\/caravana-de-arte-e-lazer-chega-ao-bairro-boacu-neste-domingo-19\/","name":"Caravana de Arte e Lazer chega ao bairro Boa\u00e7u neste domingo (19) | Encontra S\u00e3o Gon\u00e7alo","inLanguage":"pt-BR","isPartOf":{"@id":"https:\/\/www.encontrasaogoncalo.com.br\/sobre\/#website"},"breadcrumb":{"@id":"https:\/\/www.encontrasaogoncalo.com.br\/sobre\/caravana-de-arte-e-lazer-chega-ao-bairro-boacu-neste-domingo-19\/#breadcrumblist"},"author":{"@id":"https:\/\/www.encontrasaogoncalo.com.br\/sobre\/author\/esaogoncalo\/#author"},"creator":{"@id":"https:\/\/www.encontrasaogoncalo.com.br\/sobre\/author\/esaogoncalo\/#author"},"image":{"@type":"ImageObject","url":"https:\/\/www.encontrasaogoncalo.com.br\/sobre\/wp-content\/uploads\/caravana-de-arte-e-lazer-chega-ao-bairro-boacu-neste-domingo-19.webp","@id":"https:\/\/www.encontrasaogoncalo.com.br\/sobre\/caravana-de-arte-e-lazer-chega-ao-bairro-boacu-neste-domingo-19\/#mainImage","width":280,"height":280},"primaryImageOfPage":{"@id":"https:\/\/www.encontrasaogoncalo.com.br\/sobre\/caravana-de-arte-e-lazer-chega-ao-bairro-boacu-neste-domingo-19\/#mainImage"},"datePublished":"2026-05-05T09:17:25+00:00","dateModified":"2026-05-05T09:17:25+00:00"},{"@type":"WebSite","@id":"https:\/\/www.encontrasaogoncalo.com.br\/sobre\/#website","url":"https:\/\/www.encontrasaogoncalo.com.br\/sobre\/","name":"Encontra S\u00e3o Gon\u00e7alo","description":"Not\u00edcias, eventos, informa\u00e7\u00f5es e dicas da cidade de S\u00e3o Gon\u00e7alo e regi\u00e3o","inLanguage":"pt-BR","publisher":{"@id":"https:\/\/www.encontrasaogoncalo.com.br\/sobre\/#organization"}}]},"og:locale":"pt_BR","og:site_name":"Encontra S\u00e3o Gon\u00e7alo | Not\u00edcias, eventos, informa\u00e7\u00f5es e dicas da cidade de S\u00e3o Gon\u00e7alo e regi\u00e3o","og:type":"article","og:title":"Caravana de Arte e Lazer chega ao bairro Boa\u00e7u neste domingo (19) | Encontra S\u00e3o Gon\u00e7alo","og:url":"https:\/\/www.encontrasaogoncalo.com.br\/sobre\/caravana-de-arte-e-lazer-chega-ao-bairro-boacu-neste-domingo-19\/","article:published_time":"2026-05-05T09:17:25+00:00","article:modified_time":"2026-05-05T09:17:25+00:00","twitter:card":"summary","twitter:title":"Caravana de Arte e Lazer chega ao bairro Boa\u00e7u neste domingo (19) | Encontra S\u00e3o Gon\u00e7alo"},"aioseo_meta_data":{"post_id":"2005","title":null,"description":null,"keywords":null,"keyphrases":null,"primary_term":null,"canonical_url":null,"og_title":null,"og_description":null,"og_object_type":"default","og_image_type":"default","og_image_url":null,"og_image_width":null,"og_image_height":null,"og_image_custom_url":null,"og_image_custom_fields":null,"og_video":null,"og_custom_url":null,"og_article_section":null,"og_article_tags":null,"twitter_use_og":false,"twitter_card":"default","twitter_image_type":"default","twitter_image_url":null,"twitter_image_custom_url":null,"twitter_image_custom_fields":null,"twitter_title":null,"twitter_description":null,"schema":{"blockGraphs":[],"customGraphs":[],"default":{"data":{"Article":[],"Course":[],"Dataset":[],"FAQPage":[],"Movie":[],"Person":[],"Product":[],"ProductReview":[],"Car":[],"Recipe":[],"Service":[],"SoftwareApplication":[],"WebPage":[]},"graphName":"Article","isEnabled":true},"graphs":[]},"schema_type":"default","schema_type_options":null,"pillar_content":false,"robots_default":true,"robots_noindex":false,"robots_noarchive":false,"robots_nosnippet":false,"robots_nofollow":false,"robots_noimageindex":false,"robots_noodp":false,"robots_notranslate":false,"robots_max_snippet":null,"robots_max_videopreview":null,"robots_max_imagepreview":"large","priority":null,"frequency":null,"local_seo":null,"breadcrumb_settings":null,"limit_modified_date":false,"ai":null,"created":"2026-05-05 09:17:28","updated":"2026-05-05 10:21:52","focus_keyword":null,"additional_keywords":null,"truseo_locale":null,"seo_analyzer_scan_date":null},"aioseo_breadcrumb":"<div class=\"aioseo-breadcrumbs\"><span class=\"aioseo-breadcrumb\">\n\t\t\t<a href=\"https:\/\/www.encontrasaogoncalo.com.br\/sobre\" title=\"In\u00edcio\">In\u00edcio<\/a>\n\t\t<\/span><span class=\"aioseo-breadcrumb-separator\">&raquo;<\/span><span class=\"aioseo-breadcrumb\">\n\t\t\t<a href=\"https:\/\/www.encontrasaogoncalo.com.br\/sobre\/noticias-em-sao-goncalo\/\" title=\"Not\u00edcias S\u00e3o Gon\u00e7alo\">Not\u00edcias S\u00e3o Gon\u00e7alo<\/a>\n\t\t<\/span><span class=\"aioseo-breadcrumb-separator\">&raquo;<\/span><span class=\"aioseo-breadcrumb\">\n\t\t\tCaravana de Arte e Lazer chega ao bairro Boa\u00e7u neste domingo (19)\n\t\t<\/span><\/div>","aioseo_breadcrumb_json":[{"label":"In\u00edcio","link":"https:\/\/www.encontrasaogoncalo.com.br\/sobre"},{"label":"Not\u00edcias S\u00e3o Gon\u00e7alo","link":"https:\/\/www.encontrasaogoncalo.com.br\/sobre\/noticias-em-sao-goncalo\/"},{"label":"Caravana de Arte e Lazer chega ao bairro Boa\u00e7u neste domingo (19)","link":"https:\/\/www.encontrasaogoncalo.com.br\/sobre\/caravana-de-arte-e-lazer-chega-ao-bairro-boacu-neste-domingo-19\/"}],"_links":{"self":[{"href":"https:\/\/www.encontrasaogoncalo.com.br\/sobre\/wp-json\/wp\/v2\/posts\/2005","targetHints":{"allow":["GET"]}}],"collection":[{"href":"https:\/\/www.encontrasaogoncalo.com.br\/sobre\/wp-json\/wp\/v2\/posts"}],"about":[{"href":"https:\/\/www.encontrasaogoncalo.com.br\/sobre\/wp-json\/wp\/v2\/types\/post"}],"author":[{"embeddable":true,"href":"https:\/\/www.encontrasaogoncalo.com.br\/sobre\/wp-json\/wp\/v2\/users\/1"}],"replies":[{"embeddable":true,"href":"https:\/\/www.encontrasaogoncalo.com.br\/sobre\/wp-json\/wp\/v2\/comments?post=2005"}],"version-history":[{"count":0,"href":"https:\/\/www.encontrasaogoncalo.com.br\/sobre\/wp-json\/wp\/v2\/posts\/2005\/revisions"}],"wp:featuredmedia":[{"embeddable":true,"href":"https:\/\/www.encontrasaogoncalo.com.br\/sobre\/wp-json\/wp\/v2\/media\/2004"}],"wp:attachment":[{"href":"https:\/\/www.encontrasaogoncalo.com.br\/sobre\/wp-json\/wp\/v2\/media?parent=2005"}],"wp:term":[{"taxonomy":"category","embeddable":true,"href":"https:\/\/www.encontrasaogoncalo.com.br\/sobre\/wp-json\/wp\/v2\/categories?post=2005"},{"taxonomy":"post_tag","embeddable":true,"href":"https:\/\/www.encontrasaogoncalo.com.br\/sobre\/wp-json\/wp\/v2\/tags?post=2005"}],"curies":[{"name":"wp","href":"https:\/\/api.w.org\/{rel}","templated":true}]}}