{"id":2010,"date":"2026-05-05T09:26:46","date_gmt":"2026-05-05T09:26:46","guid":{"rendered":"https:\/\/www.encontrasaogoncalo.com.br\/sobre\/prefeitura-inicia-obras-de-complementacao-de-infraestrutura-em-estradas-vicinais-no-largo-da-ideia\/"},"modified":"2026-05-05T09:26:46","modified_gmt":"2026-05-05T09:26:46","slug":"prefeitura-inicia-obras-de-complementacao-de-infraestrutura-em-estradas-vicinais-no-largo-da-ideia","status":"publish","type":"post","link":"https:\/\/www.encontrasaogoncalo.com.br\/sobre\/prefeitura-inicia-obras-de-complementacao-de-infraestrutura-em-estradas-vicinais-no-largo-da-ideia\/","title":{"rendered":"Prefeitura inicia obras de complementa\u00e7\u00e3o de infraestrutura em estradas vicinais no Largo da Ideia"},"content":{"rendered":"<div class=\"558ebb280150f569344a3237cd236fe7\" data-index=\"1\" style=\"float: none; margin:0px;\">\n<!-- Anuncio display - global -->\r\n<ins class=\"adsbygoogle\"\r\n     style=\"display:block\"\r\n     data-ad-client=\"ca-pub-8585364105181520\"\r\n     data-ad-slot=\"8789329856\"\r\n     data-ad-format=\"auto\"\r\n     data-full-width-responsive=\"true\"><\/ins>\r\n<script>\r\n     (adsbygoogle = window.adsbygoogle || []).push({});\r\n<\/script>\n<\/div>\n<h2>Impacto das obras na comunidade local<\/h2>\n<p>As recenti\u00e7\u00f5es nas estradas vicinais do Largo da Ideia, promovidas pela Prefeitura de S\u00e3o Gon\u00e7alo, v\u00eam trazendo um impacto positivo consider\u00e1vel para a comunidade. Com as melhorias planejadas, espera-se que essas interven\u00e7\u00f5es n\u00e3o apenas melhorem a qualidade das vias, mas tamb\u00e9m proporcionem um aumento na seguran\u00e7a e mobilidade dos moradores. As congestionadas estradas rurais, que frequentemente se apresentam em condi\u00e7\u00f5es ruins, tornar-se-\u00e3o mais acess\u00edveis, facilitando a locomo\u00e7\u00e3o di\u00e1ria de pedestres e motoristas.<\/p>\n<h2>Objetivos do pacote de infraestrutura<\/h2>\n<p>O principal objetivo deste pacote de infraestrutura \u00e9 a complementa\u00e7\u00e3o funcional das vias vicinais, tornando-as adequadas para o tr\u00e1fego de ve\u00edculos e para o transporte de cidad\u00e3os. As melhorias incluem a recupera\u00e7\u00e3o da pavimenta\u00e7\u00e3o asf\u00e1ltica, a instala\u00e7\u00e3o de drenagens eficazes e a melhoria da sinaliza\u00e7\u00e3o. Al\u00e9m disso, o governo busca valorizar a regi\u00e3o, proporcionando um sentido de bem-estar e seguran\u00e7a para os usu\u00e1rios dessas estradas.<\/p>\n<h2>Estradas beneficiadas pelas interven\u00e7\u00f5es<\/h2>\n<p>As obras abrangem v\u00e1rias estradas selecionadas nos bairros de Santa Izabel, Sacramento e Largo da Ideia, incluindo:<\/p>\n<p><img decoding=\"async\" src=\"https:\/\/www.encontrasaogoncalo.com.br\/sobre\/wp-content\/uploads\/prefeitura-inicia-obras-de-complementacao-de-infraestrutura-em-estradas-vicinais-no-largo-da-ideia.webp\" alt=\"complementa\u00e7\u00e3o de infraestrutura\" loading=\"lazy\" \/><\/p>\n<ul>\n<li>Estrada do Rio Frio<\/li>\n<li>Estrada de Itaitindiba<\/li>\n<li>Estrada do Engenho Novo<\/li>\n<li>Estrada Laura Farias<\/li>\n<li>Estrada do Bonsucesso<\/li>\n<li>Estrada Monte Formoso<\/li>\n<\/ul>\n<p>Estas interven\u00e7\u00f5es s\u00e3o fundamentais para descongestionar as principais vias de acesso e garantir que os habitantes possam se deslocar com mais conforto e seguran\u00e7a.<\/p>\n<h2>Import\u00e2ncia das estradas vicinais para o munic\u00edpio<\/h2>\n<p>As estradas vicinais desempenham um papel crucial na rede de transporte do munic\u00edpio, pois conectam pequenas comunidades e \u00e1reas rurais \u00e0s principais rodovias e centros urbanos. Elas s\u00e3o respons\u00e1veis pela facilita\u00e7\u00e3o do transporte de produtos agr\u00edcolas e servi\u00e7os, al\u00e9m de assegurarem que as fam\u00edlias possam acessar servi\u00e7os essenciais, como sa\u00fade e educa\u00e7\u00e3o. A condi\u00e7\u00e3o dessas estradas, portanto, reflete diretamente na qualidade de vida dos moradores e no desenvolvimento econ\u00f4mico da regi\u00e3o.<\/p>\n<h2>Testemunhos de moradores sobre as melhorias<\/h2>\n<p>Moradores da regi\u00e3o est\u00e3o otimistas quanto \u00e0s melhorias. Gilda Flor Almeida, uma aposentada que reside na \u00e1rea h\u00e1 22 anos, destacou: &#8220;A expectativa \u00e9 de melhoria! Uma estrada melhor, com menos poeira e menos buracos. Esses investimentos s\u00e3o muito necess\u00e1rios, especialmente para quem passa por aqui a p\u00e9 ou de carro todos os dias&#8221;. Suas palavras mostram a receptividade e a esperan\u00e7a da comunidade diante das interven\u00e7\u00f5es. Muitos outros moradores t\u00eam expressado sentimentos semelhantes, refor\u00e7ando a import\u00e2ncia dessas obras para a transforma\u00e7\u00e3o da regi\u00e3o.<\/p>\n<h2>Investimento total e suas implica\u00e7\u00f5es<\/h2>\n<p>O investimento total estimado para a execu\u00e7\u00e3o das obras \u00e9 de R$ 52.610.997,80, o que representa um grande esfor\u00e7o financeiro da Prefeitura. Este valor ser\u00e1 alocado em diferentes frentes de trabalho, garantindo que as obras sejam conclu\u00eddas com qualidade e efici\u00eancia, impactando positivamente na infraestrutura da cidade. A magnitude desse investimento pode trazer benef\u00edcios que se estender\u00e3o por anos \u00e0 frente, melhorando a qualidade de vida e as condi\u00e7\u00f5es de tr\u00e1fego nas \u00e1reas beneficiadas.<\/p>\n<h2>Etapas das obras come\u00e7ando pela Estrada do Rio Frio<\/h2>\n<p>As etapas iniciais do projeto envolvem a retirada do asfalto deteriorado da Estrada do Rio Frio, um passo fundamental antes da instala\u00e7\u00e3o de uma nova camada de asfalto. A equipe respons\u00e1vel pela obra se comprometeu a executar as etapas de forma met\u00f3dica e organizada, garantindo que os trabalhadores e o maquin\u00e1rio possam operar com seguran\u00e7a e efic\u00e1cia. A conclus\u00e3o das etapas iniciais \u00e9 vital para que o cronograma das obras se mantenha dentro das expectativas, com a conclus\u00e3o prevista para meados de 2027.<\/p>\n<h2>Contribui\u00e7\u00f5es para a qualidade de vida da popula\u00e7\u00e3o<\/h2>\n<p>Com a revitaliza\u00e7\u00e3o das estradas, a qualidade de vida da popula\u00e7\u00e3o deve melhorar significativamente. As promessas de vias mais seguras com menores riscos de acidentes e menor desgaste para ve\u00edculos se traduzem em um cotidiano mais tranquilo para os residentes. Al\u00e9m disso, a melhoria nas condi\u00e7\u00f5es das estradas deve facilitar o transporte de servi\u00e7os e a chegada de visitantes, o que pode gerar um impacto positivo na economia local.<\/p>\n<h2>Expectativa de conclus\u00e3o e fases do projeto<\/h2>\n<p>Os gestores p\u00fablicos esperam que as obras sejam conclu\u00eddas at\u00e9 2027, seguindo um planejamento rigoroso que compreende v\u00e1rias fases. Cada fase \u00e9 projetada para garantir que a implementa\u00e7\u00e3o das melhorias ocorra sem interrup\u00e7\u00f5es excessivas para os residentes e usu\u00e1rios das vias. A expectativa \u00e9 de que, ao longo dos pr\u00f3ximos anos, as hist\u00f3rias de dificuldades enfrentadas pelos usu\u00e1rios das estradas vicinais se tornem hist\u00f3rias do passado.<\/p>\n<h2>A\u00e7\u00f5es complementares em outros bairros<\/h2>\n<p>Al\u00e9m das a\u00e7\u00f5es no Largo da Ideia, a Prefeitura de S\u00e3o Gon\u00e7alo est\u00e1 implementando melhorias em v\u00e1rias outras \u00e1reas, tais como as obras do MUVI em Alc\u00e2ntara e no bairro Sacramento. Este esfor\u00e7o integrado reflete um compromisso cont\u00ednuo da administra\u00e7\u00e3o p\u00fablica em elevar o padr\u00e3o de infraestrutura em toda a cidade, focando em um S\u00e3o Gon\u00e7alo mais acess\u00edvel e conectado.<\/p>\n\n<div style=\"font-size: 0px; height: 0px; line-height: 0px; margin: 0; padding: 0; clear: both;\"><\/div>","protected":false},"excerpt":{"rendered":"<p>Obras de infraestrutura nas estradas vicinais no Largo da Ideia est\u00e3o em andamento.<\/p>\n","protected":false},"author":1,"featured_media":2009,"comment_status":"open","ping_status":"closed","sticky":false,"template":"","format":"standard","meta":{"footnotes":""},"categories":[6],"tags":[],"class_list":["post-2010","post","type-post","status-publish","format-standard","has-post-thumbnail","hentry","category-noticias-em-sao-goncalo","has_thumb"],"aioseo_notices":[],"aioseo_head":"\n\t\t<!-- All in One SEO 5.0.0.1 - aioseo.com -->\n\t<meta name=\"robots\" content=\"max-image-preview:large\" \/>\n\t<meta name=\"author\" content=\"Encontra S\u00e3o Gon\u00e7alo\"\/>\n\t<link rel=\"canonical\" href=\"https:\/\/www.encontrasaogoncalo.com.br\/sobre\/prefeitura-inicia-obras-de-complementacao-de-infraestrutura-em-estradas-vicinais-no-largo-da-ideia\/\" \/>\n\t<meta name=\"generator\" content=\"All in One SEO (AIOSEO) 5.0.0.1\" \/>\n\t\t<meta property=\"og:locale\" content=\"pt_BR\" \/>\n\t\t<meta property=\"og:site_name\" content=\"Encontra S\u00e3o Gon\u00e7alo | Not\u00edcias, eventos, informa\u00e7\u00f5es e dicas da cidade de S\u00e3o Gon\u00e7alo e regi\u00e3o\" \/>\n\t\t<meta property=\"og:type\" content=\"article\" \/>\n\t\t<meta property=\"og:title\" content=\"Prefeitura inicia obras de complementa\u00e7\u00e3o de infraestrutura em estradas vicinais no Largo da Ideia | Encontra S\u00e3o Gon\u00e7alo\" \/>\n\t\t<meta property=\"og:url\" content=\"https:\/\/www.encontrasaogoncalo.com.br\/sobre\/prefeitura-inicia-obras-de-complementacao-de-infraestrutura-em-estradas-vicinais-no-largo-da-ideia\/\" \/>\n\t\t<meta property=\"article:published_time\" content=\"2026-05-05T09:26:46+00:00\" \/>\n\t\t<meta property=\"article:modified_time\" content=\"2026-05-05T09:26:46+00:00\" \/>\n\t\t<meta name=\"twitter:card\" content=\"summary\" \/>\n\t\t<meta name=\"twitter:title\" content=\"Prefeitura inicia obras de complementa\u00e7\u00e3o de infraestrutura em estradas vicinais no Largo da Ideia | Encontra S\u00e3o Gon\u00e7alo\" \/>\n\t\t<script type=\"application\/ld+json\" class=\"aioseo-schema\">\n\t\t\t{\"@context\":\"https:\\\/\\\/schema.org\",\"@graph\":[{\"@type\":\"Article\",\"@id\":\"https:\\\/\\\/www.encontrasaogoncalo.com.br\\\/sobre\\\/prefeitura-inicia-obras-de-complementacao-de-infraestrutura-em-estradas-vicinais-no-largo-da-ideia\\\/#article\",\"name\":\"Prefeitura inicia obras de complementa\\u00e7\\u00e3o de infraestrutura em estradas vicinais no Largo da Ideia | Encontra S\\u00e3o Gon\\u00e7alo\",\"headline\":\"Prefeitura inicia obras de complementa\\u00e7\\u00e3o de infraestrutura em estradas vicinais no Largo da Ideia\",\"author\":{\"@id\":\"https:\\\/\\\/www.encontrasaogoncalo.com.br\\\/sobre\\\/author\\\/esaogoncalo\\\/#author\"},\"publisher\":{\"@id\":\"https:\\\/\\\/www.encontrasaogoncalo.com.br\\\/sobre\\\/#organization\"},\"image\":{\"@type\":\"ImageObject\",\"url\":\"https:\\\/\\\/www.encontrasaogoncalo.com.br\\\/sobre\\\/wp-content\\\/uploads\\\/prefeitura-inicia-obras-de-complementacao-de-infraestrutura-em-estradas-vicinais-no-largo-da-ideia.webp\",\"width\":280,\"height\":280,\"caption\":\"complementa\\u00e7\\u00e3o de infraestrutura\"},\"datePublished\":\"2026-05-05T09:26:46+00:00\",\"dateModified\":\"2026-05-05T09:26:46+00:00\",\"inLanguage\":\"pt-BR\",\"mainEntityOfPage\":{\"@id\":\"https:\\\/\\\/www.encontrasaogoncalo.com.br\\\/sobre\\\/prefeitura-inicia-obras-de-complementacao-de-infraestrutura-em-estradas-vicinais-no-largo-da-ideia\\\/#webpage\"},\"isPartOf\":{\"@id\":\"https:\\\/\\\/www.encontrasaogoncalo.com.br\\\/sobre\\\/prefeitura-inicia-obras-de-complementacao-de-infraestrutura-em-estradas-vicinais-no-largo-da-ideia\\\/#webpage\"},\"articleSection\":\"Not\\u00edcias S\\u00e3o Gon\\u00e7alo\"},{\"@type\":\"BreadcrumbList\",\"@id\":\"https:\\\/\\\/www.encontrasaogoncalo.com.br\\\/sobre\\\/prefeitura-inicia-obras-de-complementacao-de-infraestrutura-em-estradas-vicinais-no-largo-da-ideia\\\/#breadcrumblist\",\"itemListElement\":[{\"@type\":\"ListItem\",\"@id\":\"https:\\\/\\\/www.encontrasaogoncalo.com.br\\\/sobre#listItem\",\"position\":1,\"name\":\"In\\u00edcio\",\"item\":\"https:\\\/\\\/www.encontrasaogoncalo.com.br\\\/sobre\",\"nextItem\":{\"@type\":\"ListItem\",\"@id\":\"https:\\\/\\\/www.encontrasaogoncalo.com.br\\\/sobre\\\/noticias-em-sao-goncalo\\\/#listItem\",\"name\":\"Not\\u00edcias S\\u00e3o Gon\\u00e7alo\"}},{\"@type\":\"ListItem\",\"@id\":\"https:\\\/\\\/www.encontrasaogoncalo.com.br\\\/sobre\\\/noticias-em-sao-goncalo\\\/#listItem\",\"position\":2,\"name\":\"Not\\u00edcias S\\u00e3o Gon\\u00e7alo\",\"item\":\"https:\\\/\\\/www.encontrasaogoncalo.com.br\\\/sobre\\\/noticias-em-sao-goncalo\\\/\",\"nextItem\":{\"@type\":\"ListItem\",\"@id\":\"https:\\\/\\\/www.encontrasaogoncalo.com.br\\\/sobre\\\/prefeitura-inicia-obras-de-complementacao-de-infraestrutura-em-estradas-vicinais-no-largo-da-ideia\\\/#listItem\",\"name\":\"Prefeitura inicia obras de complementa\\u00e7\\u00e3o de infraestrutura em estradas vicinais no Largo da Ideia\"},\"previousItem\":{\"@type\":\"ListItem\",\"@id\":\"https:\\\/\\\/www.encontrasaogoncalo.com.br\\\/sobre#listItem\",\"name\":\"In\\u00edcio\"}},{\"@type\":\"ListItem\",\"@id\":\"https:\\\/\\\/www.encontrasaogoncalo.com.br\\\/sobre\\\/prefeitura-inicia-obras-de-complementacao-de-infraestrutura-em-estradas-vicinais-no-largo-da-ideia\\\/#listItem\",\"position\":3,\"name\":\"Prefeitura inicia obras de complementa\\u00e7\\u00e3o de infraestrutura em estradas vicinais no Largo da Ideia\",\"previousItem\":{\"@type\":\"ListItem\",\"@id\":\"https:\\\/\\\/www.encontrasaogoncalo.com.br\\\/sobre\\\/noticias-em-sao-goncalo\\\/#listItem\",\"name\":\"Not\\u00edcias S\\u00e3o Gon\\u00e7alo\"}}]},{\"@type\":\"Organization\",\"@id\":\"https:\\\/\\\/www.encontrasaogoncalo.com.br\\\/sobre\\\/#organization\",\"name\":\"Encontra S\\u00e3o Gon\\u00e7alo\",\"description\":\"Not\\u00edcias, eventos, informa\\u00e7\\u00f5es e dicas da cidade de S\\u00e3o Gon\\u00e7alo e regi\\u00e3o\",\"url\":\"https:\\\/\\\/www.encontrasaogoncalo.com.br\\\/sobre\\\/\"},{\"@type\":\"Person\",\"@id\":\"https:\\\/\\\/www.encontrasaogoncalo.com.br\\\/sobre\\\/author\\\/esaogoncalo\\\/#author\",\"url\":\"https:\\\/\\\/www.encontrasaogoncalo.com.br\\\/sobre\\\/author\\\/esaogoncalo\\\/\",\"name\":\"Encontra S\\u00e3o Gon\\u00e7alo\",\"image\":{\"@type\":\"ImageObject\",\"@id\":\"https:\\\/\\\/www.encontrasaogoncalo.com.br\\\/sobre\\\/prefeitura-inicia-obras-de-complementacao-de-infraestrutura-em-estradas-vicinais-no-largo-da-ideia\\\/#authorImage\",\"url\":\"https:\\\/\\\/secure.gravatar.com\\\/avatar\\\/507340682b8270222e1f208e23198b6ae7e2c6a1033ae84e99bc6bce4f82a387?s=96&d=mm&r=g\",\"width\":96,\"height\":96,\"caption\":\"Encontra S\\u00e3o Gon\\u00e7alo\"}},{\"@type\":\"WebPage\",\"@id\":\"https:\\\/\\\/www.encontrasaogoncalo.com.br\\\/sobre\\\/prefeitura-inicia-obras-de-complementacao-de-infraestrutura-em-estradas-vicinais-no-largo-da-ideia\\\/#webpage\",\"url\":\"https:\\\/\\\/www.encontrasaogoncalo.com.br\\\/sobre\\\/prefeitura-inicia-obras-de-complementacao-de-infraestrutura-em-estradas-vicinais-no-largo-da-ideia\\\/\",\"name\":\"Prefeitura inicia obras de complementa\\u00e7\\u00e3o de infraestrutura em estradas vicinais no Largo da Ideia | Encontra S\\u00e3o Gon\\u00e7alo\",\"inLanguage\":\"pt-BR\",\"isPartOf\":{\"@id\":\"https:\\\/\\\/www.encontrasaogoncalo.com.br\\\/sobre\\\/#website\"},\"breadcrumb\":{\"@id\":\"https:\\\/\\\/www.encontrasaogoncalo.com.br\\\/sobre\\\/prefeitura-inicia-obras-de-complementacao-de-infraestrutura-em-estradas-vicinais-no-largo-da-ideia\\\/#breadcrumblist\"},\"author\":{\"@id\":\"https:\\\/\\\/www.encontrasaogoncalo.com.br\\\/sobre\\\/author\\\/esaogoncalo\\\/#author\"},\"creator\":{\"@id\":\"https:\\\/\\\/www.encontrasaogoncalo.com.br\\\/sobre\\\/author\\\/esaogoncalo\\\/#author\"},\"image\":{\"@type\":\"ImageObject\",\"url\":\"https:\\\/\\\/www.encontrasaogoncalo.com.br\\\/sobre\\\/wp-content\\\/uploads\\\/prefeitura-inicia-obras-de-complementacao-de-infraestrutura-em-estradas-vicinais-no-largo-da-ideia.webp\",\"@id\":\"https:\\\/\\\/www.encontrasaogoncalo.com.br\\\/sobre\\\/prefeitura-inicia-obras-de-complementacao-de-infraestrutura-em-estradas-vicinais-no-largo-da-ideia\\\/#mainImage\",\"width\":280,\"height\":280,\"caption\":\"complementa\\u00e7\\u00e3o de infraestrutura\"},\"primaryImageOfPage\":{\"@id\":\"https:\\\/\\\/www.encontrasaogoncalo.com.br\\\/sobre\\\/prefeitura-inicia-obras-de-complementacao-de-infraestrutura-em-estradas-vicinais-no-largo-da-ideia\\\/#mainImage\"},\"datePublished\":\"2026-05-05T09:26:46+00:00\",\"dateModified\":\"2026-05-05T09:26:46+00:00\"},{\"@type\":\"WebSite\",\"@id\":\"https:\\\/\\\/www.encontrasaogoncalo.com.br\\\/sobre\\\/#website\",\"url\":\"https:\\\/\\\/www.encontrasaogoncalo.com.br\\\/sobre\\\/\",\"name\":\"Encontra S\\u00e3o Gon\\u00e7alo\",\"description\":\"Not\\u00edcias, eventos, informa\\u00e7\\u00f5es e dicas da cidade de S\\u00e3o Gon\\u00e7alo e regi\\u00e3o\",\"inLanguage\":\"pt-BR\",\"publisher\":{\"@id\":\"https:\\\/\\\/www.encontrasaogoncalo.com.br\\\/sobre\\\/#organization\"}}]}\n\t\t<\/script>\n\t\t<!-- All in One SEO -->\n\n","aioseo_head_json":{"title":"Prefeitura inicia obras de complementa\u00e7\u00e3o de infraestrutura em estradas vicinais no Largo da Ideia | Encontra S\u00e3o Gon\u00e7alo","description":"","canonical_url":"https:\/\/www.encontrasaogoncalo.com.br\/sobre\/prefeitura-inicia-obras-de-complementacao-de-infraestrutura-em-estradas-vicinais-no-largo-da-ideia\/","robots":"max-image-preview:large","keywords":"","webmasterTools":{"miscellaneous":""},"schema":{"@context":"https:\/\/schema.org","@graph":[{"@type":"Article","@id":"https:\/\/www.encontrasaogoncalo.com.br\/sobre\/prefeitura-inicia-obras-de-complementacao-de-infraestrutura-em-estradas-vicinais-no-largo-da-ideia\/#article","name":"Prefeitura inicia obras de complementa\u00e7\u00e3o de infraestrutura em estradas vicinais no Largo da Ideia | Encontra S\u00e3o Gon\u00e7alo","headline":"Prefeitura inicia obras de complementa\u00e7\u00e3o de infraestrutura em estradas vicinais no Largo da Ideia","author":{"@id":"https:\/\/www.encontrasaogoncalo.com.br\/sobre\/author\/esaogoncalo\/#author"},"publisher":{"@id":"https:\/\/www.encontrasaogoncalo.com.br\/sobre\/#organization"},"image":{"@type":"ImageObject","url":"https:\/\/www.encontrasaogoncalo.com.br\/sobre\/wp-content\/uploads\/prefeitura-inicia-obras-de-complementacao-de-infraestrutura-em-estradas-vicinais-no-largo-da-ideia.webp","width":280,"height":280,"caption":"complementa\u00e7\u00e3o de infraestrutura"},"datePublished":"2026-05-05T09:26:46+00:00","dateModified":"2026-05-05T09:26:46+00:00","inLanguage":"pt-BR","mainEntityOfPage":{"@id":"https:\/\/www.encontrasaogoncalo.com.br\/sobre\/prefeitura-inicia-obras-de-complementacao-de-infraestrutura-em-estradas-vicinais-no-largo-da-ideia\/#webpage"},"isPartOf":{"@id":"https:\/\/www.encontrasaogoncalo.com.br\/sobre\/prefeitura-inicia-obras-de-complementacao-de-infraestrutura-em-estradas-vicinais-no-largo-da-ideia\/#webpage"},"articleSection":"Not\u00edcias S\u00e3o Gon\u00e7alo"},{"@type":"BreadcrumbList","@id":"https:\/\/www.encontrasaogoncalo.com.br\/sobre\/prefeitura-inicia-obras-de-complementacao-de-infraestrutura-em-estradas-vicinais-no-largo-da-ideia\/#breadcrumblist","itemListElement":[{"@type":"ListItem","@id":"https:\/\/www.encontrasaogoncalo.com.br\/sobre#listItem","position":1,"name":"In\u00edcio","item":"https:\/\/www.encontrasaogoncalo.com.br\/sobre","nextItem":{"@type":"ListItem","@id":"https:\/\/www.encontrasaogoncalo.com.br\/sobre\/noticias-em-sao-goncalo\/#listItem","name":"Not\u00edcias S\u00e3o Gon\u00e7alo"}},{"@type":"ListItem","@id":"https:\/\/www.encontrasaogoncalo.com.br\/sobre\/noticias-em-sao-goncalo\/#listItem","position":2,"name":"Not\u00edcias S\u00e3o Gon\u00e7alo","item":"https:\/\/www.encontrasaogoncalo.com.br\/sobre\/noticias-em-sao-goncalo\/","nextItem":{"@type":"ListItem","@id":"https:\/\/www.encontrasaogoncalo.com.br\/sobre\/prefeitura-inicia-obras-de-complementacao-de-infraestrutura-em-estradas-vicinais-no-largo-da-ideia\/#listItem","name":"Prefeitura inicia obras de complementa\u00e7\u00e3o de infraestrutura em estradas vicinais no Largo da Ideia"},"previousItem":{"@type":"ListItem","@id":"https:\/\/www.encontrasaogoncalo.com.br\/sobre#listItem","name":"In\u00edcio"}},{"@type":"ListItem","@id":"https:\/\/www.encontrasaogoncalo.com.br\/sobre\/prefeitura-inicia-obras-de-complementacao-de-infraestrutura-em-estradas-vicinais-no-largo-da-ideia\/#listItem","position":3,"name":"Prefeitura inicia obras de complementa\u00e7\u00e3o de infraestrutura em estradas vicinais no Largo da Ideia","previousItem":{"@type":"ListItem","@id":"https:\/\/www.encontrasaogoncalo.com.br\/sobre\/noticias-em-sao-goncalo\/#listItem","name":"Not\u00edcias S\u00e3o Gon\u00e7alo"}}]},{"@type":"Organization","@id":"https:\/\/www.encontrasaogoncalo.com.br\/sobre\/#organization","name":"Encontra S\u00e3o Gon\u00e7alo","description":"Not\u00edcias, eventos, informa\u00e7\u00f5es e dicas da cidade de S\u00e3o Gon\u00e7alo e regi\u00e3o","url":"https:\/\/www.encontrasaogoncalo.com.br\/sobre\/"},{"@type":"Person","@id":"https:\/\/www.encontrasaogoncalo.com.br\/sobre\/author\/esaogoncalo\/#author","url":"https:\/\/www.encontrasaogoncalo.com.br\/sobre\/author\/esaogoncalo\/","name":"Encontra S\u00e3o Gon\u00e7alo","image":{"@type":"ImageObject","@id":"https:\/\/www.encontrasaogoncalo.com.br\/sobre\/prefeitura-inicia-obras-de-complementacao-de-infraestrutura-em-estradas-vicinais-no-largo-da-ideia\/#authorImage","url":"https:\/\/secure.gravatar.com\/avatar\/507340682b8270222e1f208e23198b6ae7e2c6a1033ae84e99bc6bce4f82a387?s=96&d=mm&r=g","width":96,"height":96,"caption":"Encontra S\u00e3o Gon\u00e7alo"}},{"@type":"WebPage","@id":"https:\/\/www.encontrasaogoncalo.com.br\/sobre\/prefeitura-inicia-obras-de-complementacao-de-infraestrutura-em-estradas-vicinais-no-largo-da-ideia\/#webpage","url":"https:\/\/www.encontrasaogoncalo.com.br\/sobre\/prefeitura-inicia-obras-de-complementacao-de-infraestrutura-em-estradas-vicinais-no-largo-da-ideia\/","name":"Prefeitura inicia obras de complementa\u00e7\u00e3o de infraestrutura em estradas vicinais no Largo da Ideia | Encontra S\u00e3o Gon\u00e7alo","inLanguage":"pt-BR","isPartOf":{"@id":"https:\/\/www.encontrasaogoncalo.com.br\/sobre\/#website"},"breadcrumb":{"@id":"https:\/\/www.encontrasaogoncalo.com.br\/sobre\/prefeitura-inicia-obras-de-complementacao-de-infraestrutura-em-estradas-vicinais-no-largo-da-ideia\/#breadcrumblist"},"author":{"@id":"https:\/\/www.encontrasaogoncalo.com.br\/sobre\/author\/esaogoncalo\/#author"},"creator":{"@id":"https:\/\/www.encontrasaogoncalo.com.br\/sobre\/author\/esaogoncalo\/#author"},"image":{"@type":"ImageObject","url":"https:\/\/www.encontrasaogoncalo.com.br\/sobre\/wp-content\/uploads\/prefeitura-inicia-obras-de-complementacao-de-infraestrutura-em-estradas-vicinais-no-largo-da-ideia.webp","@id":"https:\/\/www.encontrasaogoncalo.com.br\/sobre\/prefeitura-inicia-obras-de-complementacao-de-infraestrutura-em-estradas-vicinais-no-largo-da-ideia\/#mainImage","width":280,"height":280,"caption":"complementa\u00e7\u00e3o de infraestrutura"},"primaryImageOfPage":{"@id":"https:\/\/www.encontrasaogoncalo.com.br\/sobre\/prefeitura-inicia-obras-de-complementacao-de-infraestrutura-em-estradas-vicinais-no-largo-da-ideia\/#mainImage"},"datePublished":"2026-05-05T09:26:46+00:00","dateModified":"2026-05-05T09:26:46+00:00"},{"@type":"WebSite","@id":"https:\/\/www.encontrasaogoncalo.com.br\/sobre\/#website","url":"https:\/\/www.encontrasaogoncalo.com.br\/sobre\/","name":"Encontra S\u00e3o Gon\u00e7alo","description":"Not\u00edcias, eventos, informa\u00e7\u00f5es e dicas da cidade de S\u00e3o Gon\u00e7alo e regi\u00e3o","inLanguage":"pt-BR","publisher":{"@id":"https:\/\/www.encontrasaogoncalo.com.br\/sobre\/#organization"}}]},"og:locale":"pt_BR","og:site_name":"Encontra S\u00e3o Gon\u00e7alo | Not\u00edcias, eventos, informa\u00e7\u00f5es e dicas da cidade de S\u00e3o Gon\u00e7alo e regi\u00e3o","og:type":"article","og:title":"Prefeitura inicia obras de complementa\u00e7\u00e3o de infraestrutura em estradas vicinais no Largo da Ideia | Encontra S\u00e3o Gon\u00e7alo","og:url":"https:\/\/www.encontrasaogoncalo.com.br\/sobre\/prefeitura-inicia-obras-de-complementacao-de-infraestrutura-em-estradas-vicinais-no-largo-da-ideia\/","article:published_time":"2026-05-05T09:26:46+00:00","article:modified_time":"2026-05-05T09:26:46+00:00","twitter:card":"summary","twitter:title":"Prefeitura inicia obras de complementa\u00e7\u00e3o de infraestrutura em estradas vicinais no Largo da Ideia | Encontra S\u00e3o Gon\u00e7alo"},"aioseo_meta_data":{"post_id":"2010","title":null,"description":null,"keywords":null,"keyphrases":null,"primary_term":null,"canonical_url":null,"og_title":null,"og_description":null,"og_object_type":"default","og_image_type":"default","og_image_url":null,"og_image_width":null,"og_image_height":null,"og_image_custom_url":null,"og_image_custom_fields":null,"og_video":null,"og_custom_url":null,"og_article_section":null,"og_article_tags":null,"twitter_use_og":false,"twitter_card":"default","twitter_image_type":"default","twitter_image_url":null,"twitter_image_custom_url":null,"twitter_image_custom_fields":null,"twitter_title":null,"twitter_description":null,"schema":{"blockGraphs":[],"customGraphs":[],"default":{"data":{"Article":[],"Course":[],"Dataset":[],"FAQPage":[],"Movie":[],"Person":[],"Product":[],"ProductReview":[],"Car":[],"Recipe":[],"Service":[],"SoftwareApplication":[],"WebPage":[]},"graphName":"Article","isEnabled":true},"graphs":[]},"schema_type":"default","schema_type_options":null,"pillar_content":false,"robots_default":true,"robots_noindex":false,"robots_noarchive":false,"robots_nosnippet":false,"robots_nofollow":false,"robots_noimageindex":false,"robots_noodp":false,"robots_notranslate":false,"robots_max_snippet":null,"robots_max_videopreview":null,"robots_max_imagepreview":"large","priority":null,"frequency":null,"local_seo":null,"breadcrumb_settings":null,"limit_modified_date":false,"ai":null,"created":"2026-05-05 09:26:49","updated":"2026-05-05 10:21:52","focus_keyword":null,"additional_keywords":null,"truseo_locale":null,"seo_analyzer_scan_date":null},"aioseo_breadcrumb":"<div class=\"aioseo-breadcrumbs\"><span class=\"aioseo-breadcrumb\">\n\t\t\t<a href=\"https:\/\/www.encontrasaogoncalo.com.br\/sobre\" title=\"In\u00edcio\">In\u00edcio<\/a>\n\t\t<\/span><span class=\"aioseo-breadcrumb-separator\">&raquo;<\/span><span class=\"aioseo-breadcrumb\">\n\t\t\t<a href=\"https:\/\/www.encontrasaogoncalo.com.br\/sobre\/noticias-em-sao-goncalo\/\" title=\"Not\u00edcias S\u00e3o Gon\u00e7alo\">Not\u00edcias S\u00e3o Gon\u00e7alo<\/a>\n\t\t<\/span><span class=\"aioseo-breadcrumb-separator\">&raquo;<\/span><span class=\"aioseo-breadcrumb\">\n\t\t\tPrefeitura inicia obras de complementa\u00e7\u00e3o de infraestrutura em estradas vicinais no Largo da Ideia\n\t\t<\/span><\/div>","aioseo_breadcrumb_json":[{"label":"In\u00edcio","link":"https:\/\/www.encontrasaogoncalo.com.br\/sobre"},{"label":"Not\u00edcias S\u00e3o Gon\u00e7alo","link":"https:\/\/www.encontrasaogoncalo.com.br\/sobre\/noticias-em-sao-goncalo\/"},{"label":"Prefeitura inicia obras de complementa\u00e7\u00e3o de infraestrutura em estradas vicinais no Largo da Ideia","link":"https:\/\/www.encontrasaogoncalo.com.br\/sobre\/prefeitura-inicia-obras-de-complementacao-de-infraestrutura-em-estradas-vicinais-no-largo-da-ideia\/"}],"_links":{"self":[{"href":"https:\/\/www.encontrasaogoncalo.com.br\/sobre\/wp-json\/wp\/v2\/posts\/2010","targetHints":{"allow":["GET"]}}],"collection":[{"href":"https:\/\/www.encontrasaogoncalo.com.br\/sobre\/wp-json\/wp\/v2\/posts"}],"about":[{"href":"https:\/\/www.encontrasaogoncalo.com.br\/sobre\/wp-json\/wp\/v2\/types\/post"}],"author":[{"embeddable":true,"href":"https:\/\/www.encontrasaogoncalo.com.br\/sobre\/wp-json\/wp\/v2\/users\/1"}],"replies":[{"embeddable":true,"href":"https:\/\/www.encontrasaogoncalo.com.br\/sobre\/wp-json\/wp\/v2\/comments?post=2010"}],"version-history":[{"count":0,"href":"https:\/\/www.encontrasaogoncalo.com.br\/sobre\/wp-json\/wp\/v2\/posts\/2010\/revisions"}],"wp:featuredmedia":[{"embeddable":true,"href":"https:\/\/www.encontrasaogoncalo.com.br\/sobre\/wp-json\/wp\/v2\/media\/2009"}],"wp:attachment":[{"href":"https:\/\/www.encontrasaogoncalo.com.br\/sobre\/wp-json\/wp\/v2\/media?parent=2010"}],"wp:term":[{"taxonomy":"category","embeddable":true,"href":"https:\/\/www.encontrasaogoncalo.com.br\/sobre\/wp-json\/wp\/v2\/categories?post=2010"},{"taxonomy":"post_tag","embeddable":true,"href":"https:\/\/www.encontrasaogoncalo.com.br\/sobre\/wp-json\/wp\/v2\/tags?post=2010"}],"curies":[{"name":"wp","href":"https:\/\/api.w.org\/{rel}","templated":true}]}}