{"id":2014,"date":"2026-05-05T09:29:50","date_gmt":"2026-05-05T09:29:50","guid":{"rendered":"https:\/\/www.encontrasaogoncalo.com.br\/sobre\/posturas-passa-a-funcionar-em-novo-endereco-no-centro-de-sao-goncalo\/"},"modified":"2026-05-05T09:29:50","modified_gmt":"2026-05-05T09:29:50","slug":"posturas-passa-a-funcionar-em-novo-endereco-no-centro-de-sao-goncalo","status":"publish","type":"post","link":"https:\/\/www.encontrasaogoncalo.com.br\/sobre\/posturas-passa-a-funcionar-em-novo-endereco-no-centro-de-sao-goncalo\/","title":{"rendered":"Posturas passa a funcionar em novo endere\u00e7o no Centro de S\u00e3o Gon\u00e7alo"},"content":{"rendered":"<div class=\"558ebb280150f569344a3237cd236fe7\" data-index=\"1\" style=\"float: none; margin:0px;\">\n<!-- Anuncio display - global -->\r\n<ins class=\"adsbygoogle\"\r\n     style=\"display:block\"\r\n     data-ad-client=\"ca-pub-8585364105181520\"\r\n     data-ad-slot=\"8789329856\"\r\n     data-ad-format=\"auto\"\r\n     data-full-width-responsive=\"true\"><\/ins>\r\n<script>\r\n     (adsbygoogle = window.adsbygoogle || []).push({});\r\n<\/script>\n<\/div>\n<h2>Novo Local<\/h2>\n<p>A Subsecretaria de Fiscaliza\u00e7\u00e3o de Posturas, vinculada \u00e0 Secretaria de Ordem P\u00fablica da Prefeitura de S\u00e3o Gon\u00e7alo, agora est\u00e1 atendendo em um novo endere\u00e7o, localizado na Rua Eduardo Vieira de Souza, n\u00famero 58, no Centro da cidade. Este novo espa\u00e7o foi oficialmente inaugurado no dia 4 de maio de 2026, e estar\u00e1 \u00e0 disposi\u00e7\u00e3o do p\u00fablico de segunda a sexta-feira, das 9h \u00e0s 17h.<\/p>\n<h2>Novas Oportunidades<\/h2>\n<p>Com a mudan\u00e7a para um novo endere\u00e7o, h\u00e1 uma expectativa de que a proximidade com a popula\u00e7\u00e3o traga novas oportunidades de intera\u00e7\u00e3o. O subsecret\u00e1rio Diego Manh\u00e3es destacou que a mudan\u00e7a visa ouvir as demandas da comunidade e atender a solicita\u00e7\u00f5es de maneira mais eficaz. &#8220;Estamos de portas abertas para esclarecer d\u00favidas e auxiliar os cidad\u00e3os&#8221; afirmou ele, enfatizando a import\u00e2ncia dessa rela\u00e7\u00e3o direta com o p\u00fablico.<\/p>\n<h2>Atendimento ao P\u00fablico: Hor\u00e1rios e Informa\u00e7\u00f5es<\/h2>\n<p>A nova sede da Subsecretaria estar\u00e1 em funcionamento dentro das seguintes condi\u00e7\u00f5es:<\/p>\n<p><img decoding=\"async\" src=\"https:\/\/www.encontrasaogoncalo.com.br\/sobre\/wp-content\/uploads\/posturas-passa-a-funcionar-em-novo-endereco-no-centro-de-sao-goncalo.webp\" alt=\"posturas S\u00e3o Gon\u00e7alo\" loading=\"lazy\" \/><\/p>\n<ul>\n<li><strong>Endere\u00e7o:<\/strong> Rua Eduardo Vieira de Souza, 58, Centro, S\u00e3o Gon\u00e7alo.<\/li>\n<li><strong>Hor\u00e1rio de Atendimento:<\/strong> De segunda a sexta-feira, das 9h \u00e0s 17h.<\/li>\n<\/ul>\n<p>Os cidad\u00e3os poder\u00e3o se dirigir ao novo local para esclarecer qualquer d\u00favida, realizar solicita\u00e7\u00e3o de licen\u00e7as, alvar\u00e1s ou obter informa\u00e7\u00f5es sobre as atividades comerciais na cidade.<\/p>\n<h2>Conhecendo a Subsecretaria de Fiscaliza\u00e7\u00e3o de Posturas<\/h2>\n<p>A Subsecretaria de Fiscaliza\u00e7\u00e3o de Posturas atua na regula\u00e7\u00e3o de pr\u00e1ticas comerciais no munic\u00edpio. Dentre as fun\u00e7\u00f5es que ela desempenha, destacam-se:<\/p>\n<ul>\n<li>Gerenciamento de licen\u00e7as comerciais.<\/li>\n<li>Concess\u00e3o de alvar\u00e1s de localiza\u00e7\u00e3o.<\/li>\n<li>Supervis\u00e3o e fiscaliza\u00e7\u00e3o das atividades comerciais, assegurando que estejam em conformidade com as normas vigentes.<\/li>\n<\/ul>\n<p>O trabalho realizado pela subsecretaria \u00e9 fundamental para garantir a ordem e o cumprimento das legisla\u00e7\u00f5es que visam a prote\u00e7\u00e3o do bem-estar p\u00fablico na cidade.<\/p>\n<h2>Import\u00e2ncia da Fiscaliza\u00e7\u00e3o para a Ordem P\u00fablica<\/h2>\n<p>A fiscaliza\u00e7\u00e3o exerce um papel crucial na manuten\u00e7\u00e3o da ordem p\u00fablica. Com a nova sede, a Subsecretaria poder\u00e1:<\/p>\n<ul>\n<li>Refor\u00e7ar sua atua\u00e7\u00e3o na fiscaliza\u00e7\u00e3o. Com um espa\u00e7o melhor estruturado, os profissionais poder\u00e3o desempenhar suas fun\u00e7\u00f5es com maior efici\u00eancia.<\/li>\n<li>Estar mais pr\u00f3ximo da popula\u00e7\u00e3o, permitindo um canal de comunica\u00e7\u00e3o mais direto e eficaz.<\/li>\n<\/ul>\n<p>Esse fortalecimento da fiscaliza\u00e7\u00e3o reflete diretamente na melhoria da qualidade de vida no munic\u00edpio, proporcionando um ambiente mais seguro e organizado para todos.<\/p>\n<h2>Servi\u00e7os Dispon\u00edveis na Nova Sede<\/h2>\n<p>Na nova localiza\u00e7\u00e3o, a Subsecretaria oferece diversos servi\u00e7os aos cidad\u00e3os, tais como:<\/p>\n<ul>\n<li>Solicita\u00e7\u00e3o e renova\u00e7\u00e3o de alvar\u00e1s de funcionamento.<\/li>\n<li>Orienta\u00e7\u00e3o sobre regulamenta\u00e7\u00f5es e normas para o exerc\u00edcio de atividades comerciais.<\/li>\n<li>Atendimento a den\u00fancias e reclama\u00e7\u00f5es relacionadas a atividades irregulares.<\/li>\n<li>Informa\u00e7\u00f5es gerais sobre a legisla\u00e7\u00e3o de posturas e ordenamento urbano.<\/li>\n<\/ul>\n<p>Esses servi\u00e7os s\u00e3o essenciais para assegurar que todos os estabelecimentos comerciais atuem dentro da legalidade, promovendo a sa\u00fade e o bem-estar da comunidade.<\/p>\n<h2>Como Chegar ao Novo Endere\u00e7o<\/h2>\n<p>A nova sede \u00e9 facilmente acess\u00edvel. Para quem utiliza transporte p\u00fablico, a esta\u00e7\u00e3o de \u00f4nibus mais pr\u00f3xima est\u00e1 a poucos minutos a p\u00e9. Al\u00e9m disso, a localiza\u00e7\u00e3o central facilita o acesso para quem vai de carro, com op\u00e7\u00f5es de estacionamento nas proximidades. Os principais pontos de refer\u00eancia incluem:<\/p>\n<ul>\n<li>Foi projetada para ser facilmente identific\u00e1vel.<\/li>\n<li>A proximidade de outros servi\u00e7os p\u00fablicos o torna um local conveniente para as atividades do dia a dia.<\/li>\n<\/ul>\n<h2>Depoimentos de Cidad\u00e3os que Utilizaram os Servi\u00e7os<\/h2>\n<p>Com a abertura da nova sede, diversas pessoas j\u00e1 tiveram a oportunidade de visitar o local e utilizar os servi\u00e7os oferecidos. Aqui est\u00e3o alguns depoimentos:<\/p>\n<ul>\n<li>&#8220;Fui \u00e0 nova sede para tirar uma d\u00favida sobre a licen\u00e7a do meu com\u00e9rcio e fui muito bem atendido. O local \u00e9 mais acess\u00edvel e confort\u00e1vel!&#8221; &#8211; Jo\u00e3o, comerciante.<\/li>\n<li>&#8220;A mudan\u00e7a realmente ajudou, pois antes tinha dificuldades para chegar. Agora \u00e9 muito mais f\u00e1cil!&#8221; &#8211; Maria, propriet\u00e1ria de loja.<\/li>\n<\/ul>\n<h2>Expectativas para o Futuro da Subsecretaria<\/h2>\n<p>A expectativa \u00e9 de que a nova sede n\u00e3o apenas melhore o atendimento, mas tamb\u00e9m amplie a capacidade da Subsecretaria de Fiscaliza\u00e7\u00e3o de Posturas de se adaptar \u00e0s demandas da cidade. O objetivo \u00e9 estabelecer uma unidade de fiscaliza\u00e7\u00e3o mais \u00e1gil e eficaz, que atenda melhor as necessidades dos cidad\u00e3os, contribuindo para um ambiente urbano mais harmonioso e organizado.<\/p>\n<h2>Acessibilidade e Comodidade para Todos<\/h2>\n<p>Uma das prioridades na nova sede \u00e9 a acessibilidade. O espa\u00e7o foi projetado para garantir que todos os cidad\u00e3os consigam utilizar os servi\u00e7os oferecidos. Isso inclui:<\/p>\n<ul>\n<li>Infraestrutura acess\u00edvel para pessoas com defici\u00eancia.<\/li>\n<li>Assist\u00eancia para orienta\u00e7\u00e3o no local.<\/li>\n<\/ul>\n<p>Assim, a Subsecretaria refor\u00e7a seu compromisso em atender a todos, sem distin\u00e7\u00e3o.<\/p>\n<h2>Entre em Contato: O Que Fazer em Caso de D\u00favidas<\/h2>\n<p>Em caso de d\u00favidas ou para mais informa\u00e7\u00f5es, os cidad\u00e3os s\u00e3o encorajados a visitar a nova sede ou entrar em contato pelos seguintes meios:<\/p>\n<ul>\n<li><strong>Telefone:<\/strong> (21) 2199-6374<\/li>\n<li><strong>Email:<\/strong> contato@saogoncalo.rj.gov.br<\/li>\n<\/ul>\n<p>\\n<\/p>\n<p>Os canais de comunica\u00e7\u00e3o est\u00e3o abertos para garantir que qualquer questionamento seja rapidamente esclarecido, mostrando o compromisso da Subsecretaria em ser acess\u00edvel e prestativa para a popula\u00e7\u00e3o de S\u00e3o Gon\u00e7alo.<\/p>\n\n<div style=\"font-size: 0px; height: 0px; line-height: 0px; margin: 0; padding: 0; clear: both;\"><\/div>","protected":false},"excerpt":{"rendered":"<p>Posturas passa a funcionar em novo endere\u00e7o no Centro de S\u00e3o Gon\u00e7alo, d\u00e9couvrez d\u00e8s maintenant!<\/p>\n","protected":false},"author":1,"featured_media":2013,"comment_status":"open","ping_status":"closed","sticky":false,"template":"","format":"standard","meta":{"footnotes":""},"categories":[6],"tags":[],"class_list":["post-2014","post","type-post","status-publish","format-standard","has-post-thumbnail","hentry","category-noticias-em-sao-goncalo","has_thumb"],"aioseo_notices":[],"aioseo_head":"\n\t\t<!-- All in One SEO 5.0.0.1 - aioseo.com -->\n\t<meta name=\"robots\" content=\"max-image-preview:large\" \/>\n\t<meta name=\"author\" content=\"Encontra S\u00e3o Gon\u00e7alo\"\/>\n\t<link rel=\"canonical\" href=\"https:\/\/www.encontrasaogoncalo.com.br\/sobre\/posturas-passa-a-funcionar-em-novo-endereco-no-centro-de-sao-goncalo\/\" \/>\n\t<meta name=\"generator\" content=\"All in One SEO (AIOSEO) 5.0.0.1\" \/>\n\t\t<meta property=\"og:locale\" content=\"pt_BR\" \/>\n\t\t<meta property=\"og:site_name\" content=\"Encontra S\u00e3o Gon\u00e7alo | Not\u00edcias, eventos, informa\u00e7\u00f5es e dicas da cidade de S\u00e3o Gon\u00e7alo e regi\u00e3o\" \/>\n\t\t<meta property=\"og:type\" content=\"article\" \/>\n\t\t<meta property=\"og:title\" content=\"Posturas passa a funcionar em novo endere\u00e7o no Centro de S\u00e3o Gon\u00e7alo | Encontra S\u00e3o Gon\u00e7alo\" \/>\n\t\t<meta property=\"og:url\" content=\"https:\/\/www.encontrasaogoncalo.com.br\/sobre\/posturas-passa-a-funcionar-em-novo-endereco-no-centro-de-sao-goncalo\/\" \/>\n\t\t<meta property=\"article:published_time\" content=\"2026-05-05T09:29:50+00:00\" \/>\n\t\t<meta property=\"article:modified_time\" content=\"2026-05-05T09:29:50+00:00\" \/>\n\t\t<meta name=\"twitter:card\" content=\"summary\" \/>\n\t\t<meta name=\"twitter:title\" content=\"Posturas passa a funcionar em novo endere\u00e7o no Centro de S\u00e3o Gon\u00e7alo | Encontra S\u00e3o Gon\u00e7alo\" \/>\n\t\t<script type=\"application\/ld+json\" class=\"aioseo-schema\">\n\t\t\t{\"@context\":\"https:\\\/\\\/schema.org\",\"@graph\":[{\"@type\":\"Article\",\"@id\":\"https:\\\/\\\/www.encontrasaogoncalo.com.br\\\/sobre\\\/posturas-passa-a-funcionar-em-novo-endereco-no-centro-de-sao-goncalo\\\/#article\",\"name\":\"Posturas passa a funcionar em novo endere\\u00e7o no Centro de S\\u00e3o Gon\\u00e7alo | Encontra S\\u00e3o Gon\\u00e7alo\",\"headline\":\"Posturas passa a funcionar em novo endere\\u00e7o no Centro de S\\u00e3o Gon\\u00e7alo\",\"author\":{\"@id\":\"https:\\\/\\\/www.encontrasaogoncalo.com.br\\\/sobre\\\/author\\\/esaogoncalo\\\/#author\"},\"publisher\":{\"@id\":\"https:\\\/\\\/www.encontrasaogoncalo.com.br\\\/sobre\\\/#organization\"},\"image\":{\"@type\":\"ImageObject\",\"url\":\"https:\\\/\\\/www.encontrasaogoncalo.com.br\\\/sobre\\\/wp-content\\\/uploads\\\/posturas-passa-a-funcionar-em-novo-endereco-no-centro-de-sao-goncalo.webp\",\"width\":280,\"height\":280,\"caption\":\"posturas S\\u00e3o Gon\\u00e7alo\"},\"datePublished\":\"2026-05-05T09:29:50+00:00\",\"dateModified\":\"2026-05-05T09:29:50+00:00\",\"inLanguage\":\"pt-BR\",\"mainEntityOfPage\":{\"@id\":\"https:\\\/\\\/www.encontrasaogoncalo.com.br\\\/sobre\\\/posturas-passa-a-funcionar-em-novo-endereco-no-centro-de-sao-goncalo\\\/#webpage\"},\"isPartOf\":{\"@id\":\"https:\\\/\\\/www.encontrasaogoncalo.com.br\\\/sobre\\\/posturas-passa-a-funcionar-em-novo-endereco-no-centro-de-sao-goncalo\\\/#webpage\"},\"articleSection\":\"Not\\u00edcias S\\u00e3o Gon\\u00e7alo\"},{\"@type\":\"BreadcrumbList\",\"@id\":\"https:\\\/\\\/www.encontrasaogoncalo.com.br\\\/sobre\\\/posturas-passa-a-funcionar-em-novo-endereco-no-centro-de-sao-goncalo\\\/#breadcrumblist\",\"itemListElement\":[{\"@type\":\"ListItem\",\"@id\":\"https:\\\/\\\/www.encontrasaogoncalo.com.br\\\/sobre#listItem\",\"position\":1,\"name\":\"In\\u00edcio\",\"item\":\"https:\\\/\\\/www.encontrasaogoncalo.com.br\\\/sobre\",\"nextItem\":{\"@type\":\"ListItem\",\"@id\":\"https:\\\/\\\/www.encontrasaogoncalo.com.br\\\/sobre\\\/noticias-em-sao-goncalo\\\/#listItem\",\"name\":\"Not\\u00edcias S\\u00e3o Gon\\u00e7alo\"}},{\"@type\":\"ListItem\",\"@id\":\"https:\\\/\\\/www.encontrasaogoncalo.com.br\\\/sobre\\\/noticias-em-sao-goncalo\\\/#listItem\",\"position\":2,\"name\":\"Not\\u00edcias S\\u00e3o Gon\\u00e7alo\",\"item\":\"https:\\\/\\\/www.encontrasaogoncalo.com.br\\\/sobre\\\/noticias-em-sao-goncalo\\\/\",\"nextItem\":{\"@type\":\"ListItem\",\"@id\":\"https:\\\/\\\/www.encontrasaogoncalo.com.br\\\/sobre\\\/posturas-passa-a-funcionar-em-novo-endereco-no-centro-de-sao-goncalo\\\/#listItem\",\"name\":\"Posturas passa a funcionar em novo endere\\u00e7o no Centro de S\\u00e3o Gon\\u00e7alo\"},\"previousItem\":{\"@type\":\"ListItem\",\"@id\":\"https:\\\/\\\/www.encontrasaogoncalo.com.br\\\/sobre#listItem\",\"name\":\"In\\u00edcio\"}},{\"@type\":\"ListItem\",\"@id\":\"https:\\\/\\\/www.encontrasaogoncalo.com.br\\\/sobre\\\/posturas-passa-a-funcionar-em-novo-endereco-no-centro-de-sao-goncalo\\\/#listItem\",\"position\":3,\"name\":\"Posturas passa a funcionar em novo endere\\u00e7o no Centro de S\\u00e3o Gon\\u00e7alo\",\"previousItem\":{\"@type\":\"ListItem\",\"@id\":\"https:\\\/\\\/www.encontrasaogoncalo.com.br\\\/sobre\\\/noticias-em-sao-goncalo\\\/#listItem\",\"name\":\"Not\\u00edcias S\\u00e3o Gon\\u00e7alo\"}}]},{\"@type\":\"Organization\",\"@id\":\"https:\\\/\\\/www.encontrasaogoncalo.com.br\\\/sobre\\\/#organization\",\"name\":\"Encontra S\\u00e3o Gon\\u00e7alo\",\"description\":\"Not\\u00edcias, eventos, informa\\u00e7\\u00f5es e dicas da cidade de S\\u00e3o Gon\\u00e7alo e regi\\u00e3o\",\"url\":\"https:\\\/\\\/www.encontrasaogoncalo.com.br\\\/sobre\\\/\"},{\"@type\":\"Person\",\"@id\":\"https:\\\/\\\/www.encontrasaogoncalo.com.br\\\/sobre\\\/author\\\/esaogoncalo\\\/#author\",\"url\":\"https:\\\/\\\/www.encontrasaogoncalo.com.br\\\/sobre\\\/author\\\/esaogoncalo\\\/\",\"name\":\"Encontra S\\u00e3o Gon\\u00e7alo\",\"image\":{\"@type\":\"ImageObject\",\"@id\":\"https:\\\/\\\/www.encontrasaogoncalo.com.br\\\/sobre\\\/posturas-passa-a-funcionar-em-novo-endereco-no-centro-de-sao-goncalo\\\/#authorImage\",\"url\":\"https:\\\/\\\/secure.gravatar.com\\\/avatar\\\/507340682b8270222e1f208e23198b6ae7e2c6a1033ae84e99bc6bce4f82a387?s=96&d=mm&r=g\",\"width\":96,\"height\":96,\"caption\":\"Encontra S\\u00e3o Gon\\u00e7alo\"}},{\"@type\":\"WebPage\",\"@id\":\"https:\\\/\\\/www.encontrasaogoncalo.com.br\\\/sobre\\\/posturas-passa-a-funcionar-em-novo-endereco-no-centro-de-sao-goncalo\\\/#webpage\",\"url\":\"https:\\\/\\\/www.encontrasaogoncalo.com.br\\\/sobre\\\/posturas-passa-a-funcionar-em-novo-endereco-no-centro-de-sao-goncalo\\\/\",\"name\":\"Posturas passa a funcionar em novo endere\\u00e7o no Centro de S\\u00e3o Gon\\u00e7alo | Encontra S\\u00e3o Gon\\u00e7alo\",\"inLanguage\":\"pt-BR\",\"isPartOf\":{\"@id\":\"https:\\\/\\\/www.encontrasaogoncalo.com.br\\\/sobre\\\/#website\"},\"breadcrumb\":{\"@id\":\"https:\\\/\\\/www.encontrasaogoncalo.com.br\\\/sobre\\\/posturas-passa-a-funcionar-em-novo-endereco-no-centro-de-sao-goncalo\\\/#breadcrumblist\"},\"author\":{\"@id\":\"https:\\\/\\\/www.encontrasaogoncalo.com.br\\\/sobre\\\/author\\\/esaogoncalo\\\/#author\"},\"creator\":{\"@id\":\"https:\\\/\\\/www.encontrasaogoncalo.com.br\\\/sobre\\\/author\\\/esaogoncalo\\\/#author\"},\"image\":{\"@type\":\"ImageObject\",\"url\":\"https:\\\/\\\/www.encontrasaogoncalo.com.br\\\/sobre\\\/wp-content\\\/uploads\\\/posturas-passa-a-funcionar-em-novo-endereco-no-centro-de-sao-goncalo.webp\",\"@id\":\"https:\\\/\\\/www.encontrasaogoncalo.com.br\\\/sobre\\\/posturas-passa-a-funcionar-em-novo-endereco-no-centro-de-sao-goncalo\\\/#mainImage\",\"width\":280,\"height\":280,\"caption\":\"posturas S\\u00e3o Gon\\u00e7alo\"},\"primaryImageOfPage\":{\"@id\":\"https:\\\/\\\/www.encontrasaogoncalo.com.br\\\/sobre\\\/posturas-passa-a-funcionar-em-novo-endereco-no-centro-de-sao-goncalo\\\/#mainImage\"},\"datePublished\":\"2026-05-05T09:29:50+00:00\",\"dateModified\":\"2026-05-05T09:29:50+00:00\"},{\"@type\":\"WebSite\",\"@id\":\"https:\\\/\\\/www.encontrasaogoncalo.com.br\\\/sobre\\\/#website\",\"url\":\"https:\\\/\\\/www.encontrasaogoncalo.com.br\\\/sobre\\\/\",\"name\":\"Encontra S\\u00e3o Gon\\u00e7alo\",\"description\":\"Not\\u00edcias, eventos, informa\\u00e7\\u00f5es e dicas da cidade de S\\u00e3o Gon\\u00e7alo e regi\\u00e3o\",\"inLanguage\":\"pt-BR\",\"publisher\":{\"@id\":\"https:\\\/\\\/www.encontrasaogoncalo.com.br\\\/sobre\\\/#organization\"}}]}\n\t\t<\/script>\n\t\t<!-- All in One SEO -->\n\n","aioseo_head_json":{"title":"Posturas passa a funcionar em novo endere\u00e7o no Centro de S\u00e3o Gon\u00e7alo | Encontra S\u00e3o Gon\u00e7alo","description":"","canonical_url":"https:\/\/www.encontrasaogoncalo.com.br\/sobre\/posturas-passa-a-funcionar-em-novo-endereco-no-centro-de-sao-goncalo\/","robots":"max-image-preview:large","keywords":"","webmasterTools":{"miscellaneous":""},"schema":{"@context":"https:\/\/schema.org","@graph":[{"@type":"Article","@id":"https:\/\/www.encontrasaogoncalo.com.br\/sobre\/posturas-passa-a-funcionar-em-novo-endereco-no-centro-de-sao-goncalo\/#article","name":"Posturas passa a funcionar em novo endere\u00e7o no Centro de S\u00e3o Gon\u00e7alo | Encontra S\u00e3o Gon\u00e7alo","headline":"Posturas passa a funcionar em novo endere\u00e7o no Centro de S\u00e3o Gon\u00e7alo","author":{"@id":"https:\/\/www.encontrasaogoncalo.com.br\/sobre\/author\/esaogoncalo\/#author"},"publisher":{"@id":"https:\/\/www.encontrasaogoncalo.com.br\/sobre\/#organization"},"image":{"@type":"ImageObject","url":"https:\/\/www.encontrasaogoncalo.com.br\/sobre\/wp-content\/uploads\/posturas-passa-a-funcionar-em-novo-endereco-no-centro-de-sao-goncalo.webp","width":280,"height":280,"caption":"posturas S\u00e3o Gon\u00e7alo"},"datePublished":"2026-05-05T09:29:50+00:00","dateModified":"2026-05-05T09:29:50+00:00","inLanguage":"pt-BR","mainEntityOfPage":{"@id":"https:\/\/www.encontrasaogoncalo.com.br\/sobre\/posturas-passa-a-funcionar-em-novo-endereco-no-centro-de-sao-goncalo\/#webpage"},"isPartOf":{"@id":"https:\/\/www.encontrasaogoncalo.com.br\/sobre\/posturas-passa-a-funcionar-em-novo-endereco-no-centro-de-sao-goncalo\/#webpage"},"articleSection":"Not\u00edcias S\u00e3o Gon\u00e7alo"},{"@type":"BreadcrumbList","@id":"https:\/\/www.encontrasaogoncalo.com.br\/sobre\/posturas-passa-a-funcionar-em-novo-endereco-no-centro-de-sao-goncalo\/#breadcrumblist","itemListElement":[{"@type":"ListItem","@id":"https:\/\/www.encontrasaogoncalo.com.br\/sobre#listItem","position":1,"name":"In\u00edcio","item":"https:\/\/www.encontrasaogoncalo.com.br\/sobre","nextItem":{"@type":"ListItem","@id":"https:\/\/www.encontrasaogoncalo.com.br\/sobre\/noticias-em-sao-goncalo\/#listItem","name":"Not\u00edcias S\u00e3o Gon\u00e7alo"}},{"@type":"ListItem","@id":"https:\/\/www.encontrasaogoncalo.com.br\/sobre\/noticias-em-sao-goncalo\/#listItem","position":2,"name":"Not\u00edcias S\u00e3o Gon\u00e7alo","item":"https:\/\/www.encontrasaogoncalo.com.br\/sobre\/noticias-em-sao-goncalo\/","nextItem":{"@type":"ListItem","@id":"https:\/\/www.encontrasaogoncalo.com.br\/sobre\/posturas-passa-a-funcionar-em-novo-endereco-no-centro-de-sao-goncalo\/#listItem","name":"Posturas passa a funcionar em novo endere\u00e7o no Centro de S\u00e3o Gon\u00e7alo"},"previousItem":{"@type":"ListItem","@id":"https:\/\/www.encontrasaogoncalo.com.br\/sobre#listItem","name":"In\u00edcio"}},{"@type":"ListItem","@id":"https:\/\/www.encontrasaogoncalo.com.br\/sobre\/posturas-passa-a-funcionar-em-novo-endereco-no-centro-de-sao-goncalo\/#listItem","position":3,"name":"Posturas passa a funcionar em novo endere\u00e7o no Centro de S\u00e3o Gon\u00e7alo","previousItem":{"@type":"ListItem","@id":"https:\/\/www.encontrasaogoncalo.com.br\/sobre\/noticias-em-sao-goncalo\/#listItem","name":"Not\u00edcias S\u00e3o Gon\u00e7alo"}}]},{"@type":"Organization","@id":"https:\/\/www.encontrasaogoncalo.com.br\/sobre\/#organization","name":"Encontra S\u00e3o Gon\u00e7alo","description":"Not\u00edcias, eventos, informa\u00e7\u00f5es e dicas da cidade de S\u00e3o Gon\u00e7alo e regi\u00e3o","url":"https:\/\/www.encontrasaogoncalo.com.br\/sobre\/"},{"@type":"Person","@id":"https:\/\/www.encontrasaogoncalo.com.br\/sobre\/author\/esaogoncalo\/#author","url":"https:\/\/www.encontrasaogoncalo.com.br\/sobre\/author\/esaogoncalo\/","name":"Encontra S\u00e3o Gon\u00e7alo","image":{"@type":"ImageObject","@id":"https:\/\/www.encontrasaogoncalo.com.br\/sobre\/posturas-passa-a-funcionar-em-novo-endereco-no-centro-de-sao-goncalo\/#authorImage","url":"https:\/\/secure.gravatar.com\/avatar\/507340682b8270222e1f208e23198b6ae7e2c6a1033ae84e99bc6bce4f82a387?s=96&d=mm&r=g","width":96,"height":96,"caption":"Encontra S\u00e3o Gon\u00e7alo"}},{"@type":"WebPage","@id":"https:\/\/www.encontrasaogoncalo.com.br\/sobre\/posturas-passa-a-funcionar-em-novo-endereco-no-centro-de-sao-goncalo\/#webpage","url":"https:\/\/www.encontrasaogoncalo.com.br\/sobre\/posturas-passa-a-funcionar-em-novo-endereco-no-centro-de-sao-goncalo\/","name":"Posturas passa a funcionar em novo endere\u00e7o no Centro de S\u00e3o Gon\u00e7alo | Encontra S\u00e3o Gon\u00e7alo","inLanguage":"pt-BR","isPartOf":{"@id":"https:\/\/www.encontrasaogoncalo.com.br\/sobre\/#website"},"breadcrumb":{"@id":"https:\/\/www.encontrasaogoncalo.com.br\/sobre\/posturas-passa-a-funcionar-em-novo-endereco-no-centro-de-sao-goncalo\/#breadcrumblist"},"author":{"@id":"https:\/\/www.encontrasaogoncalo.com.br\/sobre\/author\/esaogoncalo\/#author"},"creator":{"@id":"https:\/\/www.encontrasaogoncalo.com.br\/sobre\/author\/esaogoncalo\/#author"},"image":{"@type":"ImageObject","url":"https:\/\/www.encontrasaogoncalo.com.br\/sobre\/wp-content\/uploads\/posturas-passa-a-funcionar-em-novo-endereco-no-centro-de-sao-goncalo.webp","@id":"https:\/\/www.encontrasaogoncalo.com.br\/sobre\/posturas-passa-a-funcionar-em-novo-endereco-no-centro-de-sao-goncalo\/#mainImage","width":280,"height":280,"caption":"posturas S\u00e3o Gon\u00e7alo"},"primaryImageOfPage":{"@id":"https:\/\/www.encontrasaogoncalo.com.br\/sobre\/posturas-passa-a-funcionar-em-novo-endereco-no-centro-de-sao-goncalo\/#mainImage"},"datePublished":"2026-05-05T09:29:50+00:00","dateModified":"2026-05-05T09:29:50+00:00"},{"@type":"WebSite","@id":"https:\/\/www.encontrasaogoncalo.com.br\/sobre\/#website","url":"https:\/\/www.encontrasaogoncalo.com.br\/sobre\/","name":"Encontra S\u00e3o Gon\u00e7alo","description":"Not\u00edcias, eventos, informa\u00e7\u00f5es e dicas da cidade de S\u00e3o Gon\u00e7alo e regi\u00e3o","inLanguage":"pt-BR","publisher":{"@id":"https:\/\/www.encontrasaogoncalo.com.br\/sobre\/#organization"}}]},"og:locale":"pt_BR","og:site_name":"Encontra S\u00e3o Gon\u00e7alo | Not\u00edcias, eventos, informa\u00e7\u00f5es e dicas da cidade de S\u00e3o Gon\u00e7alo e regi\u00e3o","og:type":"article","og:title":"Posturas passa a funcionar em novo endere\u00e7o no Centro de S\u00e3o Gon\u00e7alo | Encontra S\u00e3o Gon\u00e7alo","og:url":"https:\/\/www.encontrasaogoncalo.com.br\/sobre\/posturas-passa-a-funcionar-em-novo-endereco-no-centro-de-sao-goncalo\/","article:published_time":"2026-05-05T09:29:50+00:00","article:modified_time":"2026-05-05T09:29:50+00:00","twitter:card":"summary","twitter:title":"Posturas passa a funcionar em novo endere\u00e7o no Centro de S\u00e3o Gon\u00e7alo | Encontra S\u00e3o Gon\u00e7alo"},"aioseo_meta_data":{"post_id":"2014","title":null,"description":null,"keywords":null,"keyphrases":null,"primary_term":null,"canonical_url":null,"og_title":null,"og_description":null,"og_object_type":"default","og_image_type":"default","og_image_url":null,"og_image_width":null,"og_image_height":null,"og_image_custom_url":null,"og_image_custom_fields":null,"og_video":null,"og_custom_url":null,"og_article_section":null,"og_article_tags":null,"twitter_use_og":false,"twitter_card":"default","twitter_image_type":"default","twitter_image_url":null,"twitter_image_custom_url":null,"twitter_image_custom_fields":null,"twitter_title":null,"twitter_description":null,"schema":{"blockGraphs":[],"customGraphs":[],"default":{"data":{"Article":[],"Course":[],"Dataset":[],"FAQPage":[],"Movie":[],"Person":[],"Product":[],"ProductReview":[],"Car":[],"Recipe":[],"Service":[],"SoftwareApplication":[],"WebPage":[]},"graphName":"Article","isEnabled":true},"graphs":[]},"schema_type":"default","schema_type_options":null,"pillar_content":false,"robots_default":true,"robots_noindex":false,"robots_noarchive":false,"robots_nosnippet":false,"robots_nofollow":false,"robots_noimageindex":false,"robots_noodp":false,"robots_notranslate":false,"robots_max_snippet":null,"robots_max_videopreview":null,"robots_max_imagepreview":"large","priority":null,"frequency":null,"local_seo":null,"breadcrumb_settings":null,"limit_modified_date":false,"ai":null,"created":"2026-05-05 09:29:53","updated":"2026-05-05 10:21:52","focus_keyword":null,"additional_keywords":null,"truseo_locale":null,"seo_analyzer_scan_date":null},"aioseo_breadcrumb":"<div class=\"aioseo-breadcrumbs\"><span class=\"aioseo-breadcrumb\">\n\t\t\t<a href=\"https:\/\/www.encontrasaogoncalo.com.br\/sobre\" title=\"In\u00edcio\">In\u00edcio<\/a>\n\t\t<\/span><span class=\"aioseo-breadcrumb-separator\">&raquo;<\/span><span class=\"aioseo-breadcrumb\">\n\t\t\t<a href=\"https:\/\/www.encontrasaogoncalo.com.br\/sobre\/noticias-em-sao-goncalo\/\" title=\"Not\u00edcias S\u00e3o Gon\u00e7alo\">Not\u00edcias S\u00e3o Gon\u00e7alo<\/a>\n\t\t<\/span><span class=\"aioseo-breadcrumb-separator\">&raquo;<\/span><span class=\"aioseo-breadcrumb\">\n\t\t\tPosturas passa a funcionar em novo endere\u00e7o no Centro de S\u00e3o Gon\u00e7alo\n\t\t<\/span><\/div>","aioseo_breadcrumb_json":[{"label":"In\u00edcio","link":"https:\/\/www.encontrasaogoncalo.com.br\/sobre"},{"label":"Not\u00edcias S\u00e3o Gon\u00e7alo","link":"https:\/\/www.encontrasaogoncalo.com.br\/sobre\/noticias-em-sao-goncalo\/"},{"label":"Posturas passa a funcionar em novo endere\u00e7o no Centro de S\u00e3o Gon\u00e7alo","link":"https:\/\/www.encontrasaogoncalo.com.br\/sobre\/posturas-passa-a-funcionar-em-novo-endereco-no-centro-de-sao-goncalo\/"}],"_links":{"self":[{"href":"https:\/\/www.encontrasaogoncalo.com.br\/sobre\/wp-json\/wp\/v2\/posts\/2014","targetHints":{"allow":["GET"]}}],"collection":[{"href":"https:\/\/www.encontrasaogoncalo.com.br\/sobre\/wp-json\/wp\/v2\/posts"}],"about":[{"href":"https:\/\/www.encontrasaogoncalo.com.br\/sobre\/wp-json\/wp\/v2\/types\/post"}],"author":[{"embeddable":true,"href":"https:\/\/www.encontrasaogoncalo.com.br\/sobre\/wp-json\/wp\/v2\/users\/1"}],"replies":[{"embeddable":true,"href":"https:\/\/www.encontrasaogoncalo.com.br\/sobre\/wp-json\/wp\/v2\/comments?post=2014"}],"version-history":[{"count":0,"href":"https:\/\/www.encontrasaogoncalo.com.br\/sobre\/wp-json\/wp\/v2\/posts\/2014\/revisions"}],"wp:featuredmedia":[{"embeddable":true,"href":"https:\/\/www.encontrasaogoncalo.com.br\/sobre\/wp-json\/wp\/v2\/media\/2013"}],"wp:attachment":[{"href":"https:\/\/www.encontrasaogoncalo.com.br\/sobre\/wp-json\/wp\/v2\/media?parent=2014"}],"wp:term":[{"taxonomy":"category","embeddable":true,"href":"https:\/\/www.encontrasaogoncalo.com.br\/sobre\/wp-json\/wp\/v2\/categories?post=2014"},{"taxonomy":"post_tag","embeddable":true,"href":"https:\/\/www.encontrasaogoncalo.com.br\/sobre\/wp-json\/wp\/v2\/tags?post=2014"}],"curies":[{"name":"wp","href":"https:\/\/api.w.org\/{rel}","templated":true}]}}