{"id":2024,"date":"2026-05-07T09:18:19","date_gmt":"2026-05-07T09:18:19","guid":{"rendered":"https:\/\/www.encontrasaogoncalo.com.br\/sobre\/sao-goncalo-tem-programacao-cultural-variada-neste-fim-de-semana\/"},"modified":"2026-05-07T09:18:19","modified_gmt":"2026-05-07T09:18:19","slug":"sao-goncalo-tem-programacao-cultural-variada-neste-fim-de-semana","status":"publish","type":"post","link":"https:\/\/www.encontrasaogoncalo.com.br\/sobre\/sao-goncalo-tem-programacao-cultural-variada-neste-fim-de-semana\/","title":{"rendered":"S\u00e3o Gon\u00e7alo tem programa\u00e7\u00e3o cultural variada neste fim de semana"},"content":{"rendered":"<div class=\"558ebb280150f569344a3237cd236fe7\" data-index=\"1\" style=\"float: none; margin:0px;\">\n<!-- Anuncio display - global -->\r\n<ins class=\"adsbygoogle\"\r\n     style=\"display:block\"\r\n     data-ad-client=\"ca-pub-8585364105181520\"\r\n     data-ad-slot=\"8789329856\"\r\n     data-ad-format=\"auto\"\r\n     data-full-width-responsive=\"true\"><\/ins>\r\n<script>\r\n     (adsbygoogle = window.adsbygoogle || []).push({});\r\n<\/script>\n<\/div>\n<h2>Eventos Culturais em S\u00e3o Gon\u00e7alo<\/h2>\n<p>Entre os dias 8 e 10 de maio, S\u00e3o Gon\u00e7alo se enriquece com uma programa\u00e7\u00e3o cultural diversificada, oferecendo oportunidades para que os cidad\u00e3os desfrutem de experi\u00eancias art\u00edsticas \u00fanicas. A agenda inclui apresenta\u00e7\u00f5es de m\u00fasica, teatro e a sempre animada cena do samba e do pagode. \u00c9 uma chance imperd\u00edvel para todos que buscam cultura e entretenimento na cidade.<\/p>\n<h2>Teatro Municipal: Atra\u00e7\u00f5es da Semana<\/h2>\n<p>O Teatro Municipal de S\u00e3o Gon\u00e7alo ser\u00e1 o principal palco dos eventos culturais nesse fim de semana. Com uma localiza\u00e7\u00e3o central e f\u00e1cil acesso, o espa\u00e7o \u00e9 conhecido por acolher uma variedade de apresenta\u00e7\u00f5es que agradam a todos os gostos. Al\u00e9m de um confort\u00e1vel ambiente, o teatro proporciona uma experi\u00eancia \u00fanica para os visitantes que desejam apreciar artes c\u00eanicas e musicais.<\/p>\n<h2>Orquestra Municipal em Homenagem \u00e0s M\u00e3es<\/h2>\n<p>No dia 8 de maio, sexta-feira, a Orquestra Municipal de S\u00e3o Gon\u00e7alo oferece um espet\u00e1culo especial em alus\u00e3o ao Dia das M\u00e3es. A apresenta\u00e7\u00e3o come\u00e7a \u00e0s 19 horas, e ser\u00e1 conduzida pelo talentoso maestro Paulo Guarany. Com um repert\u00f3rio cuidadosamente selecionado, a orquestra promete tocar o cora\u00e7\u00e3o de todos com can\u00e7\u00f5es que celebram a rela\u00e7\u00e3o entre m\u00e3es e filhos. A entrada \u00e9 gratuita, e os locais s\u00e3o limitados, portanto, \u00e9 aconselh\u00e1vel chegar cedo para garantir um bom assento.<\/p>\n<p><img decoding=\"async\" src=\"https:\/\/www.encontrasaogoncalo.com.br\/sobre\/wp-content\/uploads\/sao-goncalo-tem-programacao-cultural-variada-neste-fim-de-semana.webp\" alt=\"programa\u00e7\u00e3o cultural em S\u00e3o Gon\u00e7alo\" loading=\"lazy\" \/><\/p>\n<h2>Pe\u00e7a Teatral: O Beijo no Asfalto<\/h2>\n<p>O s\u00e1bado, 9 de maio, traz a aclamada pe\u00e7a &#8220;O Beijo no Asfalto&#8221;, escrita por Nelson Rodrigues. Com in\u00edcio tamb\u00e9m \u00e0s 19 horas, o espet\u00e1culo aborda quest\u00f5es de moralidade, preconceito e \u00e9tica na m\u00eddia, apresentando um enredo intenso que envolve o p\u00fablico. Com uma classifica\u00e7\u00e3o indicativa de 12 anos, a compra de ingressos pode ser realizada atrav\u00e9s do site <a href=\"https:\/\/www.sympla.com.br\/evento\/o-beijo-no-asfalto-em-sao-goncalo\/3382361\">sympla.com.br<\/a>. Para os amantes do teatro, \u00e9 uma oportunidade de ver uma das obras mais emblem\u00e1ticas do autor, em uma performance memor\u00e1vel.<\/p>\n<h2>Programa\u00e7\u00e3o para Todas as Idades<\/h2>\n<p>A programa\u00e7\u00e3o do fim de semana \u00e9 pautada na inclus\u00e3o, proporcionando atividades para diversas faixas et\u00e1rias. Desde os pequenos que podem acompanhar suas m\u00e3es na apresenta\u00e7\u00e3o da orquestra at\u00e9 os jovens e adultos que se interessam pelo teatro, todos t\u00eam espa\u00e7o garantido. A diversidade cultural de S\u00e3o Gon\u00e7alo permite que cada um encontre algo que o atraia e que se encaixe em seus interesses.<\/p>\n<h2>Samba da Feira de Neves<\/h2>\n<p>Para encerrar o final de semana com chave de ouro, no dia 10 de maio, a festa da m\u00fasica brasileira continua com o \u201cSamba da Feira de Neves\u201d. Este evento ocorrer\u00e1 no Centro de Tradi\u00e7\u00f5es Nordestinas, come\u00e7ando \u00e0s 13 horas, e a entrada \u00e9 gratuita. Ap\u00f3s o sucesso da primeira edi\u00e7\u00e3o, que aconteceu no final de semana anterior, a expectativa \u00e9 de que a festa re\u00fana os amantes do samba e do pagode para uma tarde cheia de divers\u00e3o, dan\u00e7a e boa m\u00fasica.<\/p>\n<h2>Ingressos e Informa\u00e7\u00f5es<\/h2>\n<p>Os ingressos para as pe\u00e7as teatrais devem ser adquiridos antecipadamente via <a href=\"https:\/\/www.sympla.com.br\/evento\/o-beijo-no-asfalto-em-sao-goncalo\/3382361\">Sympla<\/a>. Para os shows e eventos com entrada gratuita, a recomenda\u00e7\u00e3o \u00e9 chegar cedo ao local, j\u00e1 que a capacidade \u00e9 limitada. As informa\u00e7\u00f5es adicionais sobre os eventos podem ser obtidas nas redes sociais da prefeitura ou no site oficial, onde tamb\u00e9m s\u00e3o divulgadas as programa\u00e7\u00f5es futuras.<\/p>\n<h2>Como Aproveitar o Fim de Semana<\/h2>\n<p>Para quem mora em S\u00e3o Gon\u00e7alo, aproveitar essa programa\u00e7\u00e3o cultural \u00e9 uma excelente oportunidade para sair de casa, socializar com amigos e familiares, e desfrutar das manifesta\u00e7\u00f5es art\u00edsticas que a cidade tem a oferecer. Al\u00e9m dos eventos, os visitantes tamb\u00e9m podem explorar as belezas naturais e hist\u00f3ricas de S\u00e3o Gon\u00e7alo, combinando cultura com lazer.<\/p>\n<h2>Pontos Tur\u00edsticos Relacionados<\/h2>\n<p>Sin\u00f4nimo de diversidade cultural, S\u00e3o Gon\u00e7alo \u00e9 rica em pontos tur\u00edsticos que podem ser explorados durante o fim de semana. Pra\u00e7as, parques e outros espa\u00e7os p\u00fablicos ser\u00e3o excelentes locais para um passeio em fam\u00edlia ou entre amigos, oferecendo um descanso entre as atividades culturais. Algumas op\u00e7\u00f5es a serem inclu\u00eddas na agenda podem ser:<\/p>\n<ul>\n<li><strong>Pra\u00e7a do Porto:<\/strong> Um espa\u00e7o aberto que frequentemente abriga feiras e eventos art\u00edsticos.<\/li>\n<li><strong>Centro Cultural Joaquim Lavoura:<\/strong> Famoso por suas exposi\u00e7\u00f5es e atividades culturais regulares.<\/li>\n<\/ul>\n<h2>Cultura como Patrim\u00f4nio de S\u00e3o Gon\u00e7alo<\/h2>\n<p>A Cultura em S\u00e3o Gon\u00e7alo \u00e9 uma parte essencial da identidade da cidade. Os eventos programados neste fim de semana s\u00e3o apenas o reflexo de uma sociedade que valoriza a arte e a express\u00e3o cultural. Atrav\u00e9s da m\u00fasica, do teatro e de outras formas de arte, a popula\u00e7\u00e3o se une para celebrar a diversidade e a riqueza do patrim\u00f4nio cultural local. Neste sentido, a cidade se destaca como um polo importante para artistas e para aqueles que buscam vivenciar momentos que conectem a tradi\u00e7\u00e3o e a inova\u00e7\u00e3o.<\/p>\n\n<div style=\"font-size: 0px; height: 0px; line-height: 0px; margin: 0; padding: 0; clear: both;\"><\/div>","protected":false},"excerpt":{"rendered":"<p>S\u00e3o Gon\u00e7alo oferece uma programa\u00e7\u00e3o cultural rica e variada neste fim de semana.<\/p>\n","protected":false},"author":1,"featured_media":2023,"comment_status":"open","ping_status":"closed","sticky":false,"template":"","format":"standard","meta":{"footnotes":""},"categories":[6],"tags":[],"class_list":["post-2024","post","type-post","status-publish","format-standard","has-post-thumbnail","hentry","category-noticias-em-sao-goncalo","has_thumb"],"aioseo_notices":[],"aioseo_head":"\n\t\t<!-- All in One SEO 5.0.0.1 - aioseo.com -->\n\t<meta name=\"robots\" content=\"max-image-preview:large\" \/>\n\t<meta name=\"author\" content=\"Encontra S\u00e3o Gon\u00e7alo\"\/>\n\t<link rel=\"canonical\" href=\"https:\/\/www.encontrasaogoncalo.com.br\/sobre\/sao-goncalo-tem-programacao-cultural-variada-neste-fim-de-semana\/\" \/>\n\t<meta name=\"generator\" content=\"All in One SEO (AIOSEO) 5.0.0.1\" \/>\n\t\t<meta property=\"og:locale\" content=\"pt_BR\" \/>\n\t\t<meta property=\"og:site_name\" content=\"Encontra S\u00e3o Gon\u00e7alo | Not\u00edcias, eventos, informa\u00e7\u00f5es e dicas da cidade de S\u00e3o Gon\u00e7alo e regi\u00e3o\" \/>\n\t\t<meta property=\"og:type\" content=\"article\" \/>\n\t\t<meta property=\"og:title\" content=\"S\u00e3o Gon\u00e7alo tem programa\u00e7\u00e3o cultural variada neste fim de semana | Encontra S\u00e3o Gon\u00e7alo\" \/>\n\t\t<meta property=\"og:url\" content=\"https:\/\/www.encontrasaogoncalo.com.br\/sobre\/sao-goncalo-tem-programacao-cultural-variada-neste-fim-de-semana\/\" \/>\n\t\t<meta property=\"article:published_time\" content=\"2026-05-07T09:18:19+00:00\" \/>\n\t\t<meta property=\"article:modified_time\" content=\"2026-05-07T09:18:19+00:00\" \/>\n\t\t<meta name=\"twitter:card\" content=\"summary\" \/>\n\t\t<meta name=\"twitter:title\" content=\"S\u00e3o Gon\u00e7alo tem programa\u00e7\u00e3o cultural variada neste fim de semana | Encontra S\u00e3o Gon\u00e7alo\" \/>\n\t\t<script type=\"application\/ld+json\" class=\"aioseo-schema\">\n\t\t\t{\"@context\":\"https:\\\/\\\/schema.org\",\"@graph\":[{\"@type\":\"Article\",\"@id\":\"https:\\\/\\\/www.encontrasaogoncalo.com.br\\\/sobre\\\/sao-goncalo-tem-programacao-cultural-variada-neste-fim-de-semana\\\/#article\",\"name\":\"S\\u00e3o Gon\\u00e7alo tem programa\\u00e7\\u00e3o cultural variada neste fim de semana | Encontra S\\u00e3o Gon\\u00e7alo\",\"headline\":\"S\\u00e3o Gon\\u00e7alo tem programa\\u00e7\\u00e3o cultural variada neste fim de semana\",\"author\":{\"@id\":\"https:\\\/\\\/www.encontrasaogoncalo.com.br\\\/sobre\\\/author\\\/esaogoncalo\\\/#author\"},\"publisher\":{\"@id\":\"https:\\\/\\\/www.encontrasaogoncalo.com.br\\\/sobre\\\/#organization\"},\"image\":{\"@type\":\"ImageObject\",\"url\":\"https:\\\/\\\/www.encontrasaogoncalo.com.br\\\/sobre\\\/wp-content\\\/uploads\\\/sao-goncalo-tem-programacao-cultural-variada-neste-fim-de-semana.webp\",\"width\":280,\"height\":280,\"caption\":\"programa\\u00e7\\u00e3o cultural em S\\u00e3o Gon\\u00e7alo\"},\"datePublished\":\"2026-05-07T09:18:19+00:00\",\"dateModified\":\"2026-05-07T09:18:19+00:00\",\"inLanguage\":\"pt-BR\",\"mainEntityOfPage\":{\"@id\":\"https:\\\/\\\/www.encontrasaogoncalo.com.br\\\/sobre\\\/sao-goncalo-tem-programacao-cultural-variada-neste-fim-de-semana\\\/#webpage\"},\"isPartOf\":{\"@id\":\"https:\\\/\\\/www.encontrasaogoncalo.com.br\\\/sobre\\\/sao-goncalo-tem-programacao-cultural-variada-neste-fim-de-semana\\\/#webpage\"},\"articleSection\":\"Not\\u00edcias S\\u00e3o Gon\\u00e7alo\"},{\"@type\":\"BreadcrumbList\",\"@id\":\"https:\\\/\\\/www.encontrasaogoncalo.com.br\\\/sobre\\\/sao-goncalo-tem-programacao-cultural-variada-neste-fim-de-semana\\\/#breadcrumblist\",\"itemListElement\":[{\"@type\":\"ListItem\",\"@id\":\"https:\\\/\\\/www.encontrasaogoncalo.com.br\\\/sobre#listItem\",\"position\":1,\"name\":\"In\\u00edcio\",\"item\":\"https:\\\/\\\/www.encontrasaogoncalo.com.br\\\/sobre\",\"nextItem\":{\"@type\":\"ListItem\",\"@id\":\"https:\\\/\\\/www.encontrasaogoncalo.com.br\\\/sobre\\\/noticias-em-sao-goncalo\\\/#listItem\",\"name\":\"Not\\u00edcias S\\u00e3o Gon\\u00e7alo\"}},{\"@type\":\"ListItem\",\"@id\":\"https:\\\/\\\/www.encontrasaogoncalo.com.br\\\/sobre\\\/noticias-em-sao-goncalo\\\/#listItem\",\"position\":2,\"name\":\"Not\\u00edcias S\\u00e3o Gon\\u00e7alo\",\"item\":\"https:\\\/\\\/www.encontrasaogoncalo.com.br\\\/sobre\\\/noticias-em-sao-goncalo\\\/\",\"nextItem\":{\"@type\":\"ListItem\",\"@id\":\"https:\\\/\\\/www.encontrasaogoncalo.com.br\\\/sobre\\\/sao-goncalo-tem-programacao-cultural-variada-neste-fim-de-semana\\\/#listItem\",\"name\":\"S\\u00e3o Gon\\u00e7alo tem programa\\u00e7\\u00e3o cultural variada neste fim de semana\"},\"previousItem\":{\"@type\":\"ListItem\",\"@id\":\"https:\\\/\\\/www.encontrasaogoncalo.com.br\\\/sobre#listItem\",\"name\":\"In\\u00edcio\"}},{\"@type\":\"ListItem\",\"@id\":\"https:\\\/\\\/www.encontrasaogoncalo.com.br\\\/sobre\\\/sao-goncalo-tem-programacao-cultural-variada-neste-fim-de-semana\\\/#listItem\",\"position\":3,\"name\":\"S\\u00e3o Gon\\u00e7alo tem programa\\u00e7\\u00e3o cultural variada neste fim de semana\",\"previousItem\":{\"@type\":\"ListItem\",\"@id\":\"https:\\\/\\\/www.encontrasaogoncalo.com.br\\\/sobre\\\/noticias-em-sao-goncalo\\\/#listItem\",\"name\":\"Not\\u00edcias S\\u00e3o Gon\\u00e7alo\"}}]},{\"@type\":\"Organization\",\"@id\":\"https:\\\/\\\/www.encontrasaogoncalo.com.br\\\/sobre\\\/#organization\",\"name\":\"Encontra S\\u00e3o Gon\\u00e7alo\",\"description\":\"Not\\u00edcias, eventos, informa\\u00e7\\u00f5es e dicas da cidade de S\\u00e3o Gon\\u00e7alo e regi\\u00e3o\",\"url\":\"https:\\\/\\\/www.encontrasaogoncalo.com.br\\\/sobre\\\/\"},{\"@type\":\"Person\",\"@id\":\"https:\\\/\\\/www.encontrasaogoncalo.com.br\\\/sobre\\\/author\\\/esaogoncalo\\\/#author\",\"url\":\"https:\\\/\\\/www.encontrasaogoncalo.com.br\\\/sobre\\\/author\\\/esaogoncalo\\\/\",\"name\":\"Encontra S\\u00e3o Gon\\u00e7alo\",\"image\":{\"@type\":\"ImageObject\",\"@id\":\"https:\\\/\\\/www.encontrasaogoncalo.com.br\\\/sobre\\\/sao-goncalo-tem-programacao-cultural-variada-neste-fim-de-semana\\\/#authorImage\",\"url\":\"https:\\\/\\\/secure.gravatar.com\\\/avatar\\\/507340682b8270222e1f208e23198b6ae7e2c6a1033ae84e99bc6bce4f82a387?s=96&d=mm&r=g\",\"width\":96,\"height\":96,\"caption\":\"Encontra S\\u00e3o Gon\\u00e7alo\"}},{\"@type\":\"WebPage\",\"@id\":\"https:\\\/\\\/www.encontrasaogoncalo.com.br\\\/sobre\\\/sao-goncalo-tem-programacao-cultural-variada-neste-fim-de-semana\\\/#webpage\",\"url\":\"https:\\\/\\\/www.encontrasaogoncalo.com.br\\\/sobre\\\/sao-goncalo-tem-programacao-cultural-variada-neste-fim-de-semana\\\/\",\"name\":\"S\\u00e3o Gon\\u00e7alo tem programa\\u00e7\\u00e3o cultural variada neste fim de semana | Encontra S\\u00e3o Gon\\u00e7alo\",\"inLanguage\":\"pt-BR\",\"isPartOf\":{\"@id\":\"https:\\\/\\\/www.encontrasaogoncalo.com.br\\\/sobre\\\/#website\"},\"breadcrumb\":{\"@id\":\"https:\\\/\\\/www.encontrasaogoncalo.com.br\\\/sobre\\\/sao-goncalo-tem-programacao-cultural-variada-neste-fim-de-semana\\\/#breadcrumblist\"},\"author\":{\"@id\":\"https:\\\/\\\/www.encontrasaogoncalo.com.br\\\/sobre\\\/author\\\/esaogoncalo\\\/#author\"},\"creator\":{\"@id\":\"https:\\\/\\\/www.encontrasaogoncalo.com.br\\\/sobre\\\/author\\\/esaogoncalo\\\/#author\"},\"image\":{\"@type\":\"ImageObject\",\"url\":\"https:\\\/\\\/www.encontrasaogoncalo.com.br\\\/sobre\\\/wp-content\\\/uploads\\\/sao-goncalo-tem-programacao-cultural-variada-neste-fim-de-semana.webp\",\"@id\":\"https:\\\/\\\/www.encontrasaogoncalo.com.br\\\/sobre\\\/sao-goncalo-tem-programacao-cultural-variada-neste-fim-de-semana\\\/#mainImage\",\"width\":280,\"height\":280,\"caption\":\"programa\\u00e7\\u00e3o cultural em S\\u00e3o Gon\\u00e7alo\"},\"primaryImageOfPage\":{\"@id\":\"https:\\\/\\\/www.encontrasaogoncalo.com.br\\\/sobre\\\/sao-goncalo-tem-programacao-cultural-variada-neste-fim-de-semana\\\/#mainImage\"},\"datePublished\":\"2026-05-07T09:18:19+00:00\",\"dateModified\":\"2026-05-07T09:18:19+00:00\"},{\"@type\":\"WebSite\",\"@id\":\"https:\\\/\\\/www.encontrasaogoncalo.com.br\\\/sobre\\\/#website\",\"url\":\"https:\\\/\\\/www.encontrasaogoncalo.com.br\\\/sobre\\\/\",\"name\":\"Encontra S\\u00e3o Gon\\u00e7alo\",\"description\":\"Not\\u00edcias, eventos, informa\\u00e7\\u00f5es e dicas da cidade de S\\u00e3o Gon\\u00e7alo e regi\\u00e3o\",\"inLanguage\":\"pt-BR\",\"publisher\":{\"@id\":\"https:\\\/\\\/www.encontrasaogoncalo.com.br\\\/sobre\\\/#organization\"}}]}\n\t\t<\/script>\n\t\t<!-- All in One SEO -->\n\n","aioseo_head_json":{"title":"S\u00e3o Gon\u00e7alo tem programa\u00e7\u00e3o cultural variada neste fim de semana | Encontra S\u00e3o Gon\u00e7alo","description":"","canonical_url":"https:\/\/www.encontrasaogoncalo.com.br\/sobre\/sao-goncalo-tem-programacao-cultural-variada-neste-fim-de-semana\/","robots":"max-image-preview:large","keywords":"","webmasterTools":{"miscellaneous":""},"schema":{"@context":"https:\/\/schema.org","@graph":[{"@type":"Article","@id":"https:\/\/www.encontrasaogoncalo.com.br\/sobre\/sao-goncalo-tem-programacao-cultural-variada-neste-fim-de-semana\/#article","name":"S\u00e3o Gon\u00e7alo tem programa\u00e7\u00e3o cultural variada neste fim de semana | Encontra S\u00e3o Gon\u00e7alo","headline":"S\u00e3o Gon\u00e7alo tem programa\u00e7\u00e3o cultural variada neste fim de semana","author":{"@id":"https:\/\/www.encontrasaogoncalo.com.br\/sobre\/author\/esaogoncalo\/#author"},"publisher":{"@id":"https:\/\/www.encontrasaogoncalo.com.br\/sobre\/#organization"},"image":{"@type":"ImageObject","url":"https:\/\/www.encontrasaogoncalo.com.br\/sobre\/wp-content\/uploads\/sao-goncalo-tem-programacao-cultural-variada-neste-fim-de-semana.webp","width":280,"height":280,"caption":"programa\u00e7\u00e3o cultural em S\u00e3o Gon\u00e7alo"},"datePublished":"2026-05-07T09:18:19+00:00","dateModified":"2026-05-07T09:18:19+00:00","inLanguage":"pt-BR","mainEntityOfPage":{"@id":"https:\/\/www.encontrasaogoncalo.com.br\/sobre\/sao-goncalo-tem-programacao-cultural-variada-neste-fim-de-semana\/#webpage"},"isPartOf":{"@id":"https:\/\/www.encontrasaogoncalo.com.br\/sobre\/sao-goncalo-tem-programacao-cultural-variada-neste-fim-de-semana\/#webpage"},"articleSection":"Not\u00edcias S\u00e3o Gon\u00e7alo"},{"@type":"BreadcrumbList","@id":"https:\/\/www.encontrasaogoncalo.com.br\/sobre\/sao-goncalo-tem-programacao-cultural-variada-neste-fim-de-semana\/#breadcrumblist","itemListElement":[{"@type":"ListItem","@id":"https:\/\/www.encontrasaogoncalo.com.br\/sobre#listItem","position":1,"name":"In\u00edcio","item":"https:\/\/www.encontrasaogoncalo.com.br\/sobre","nextItem":{"@type":"ListItem","@id":"https:\/\/www.encontrasaogoncalo.com.br\/sobre\/noticias-em-sao-goncalo\/#listItem","name":"Not\u00edcias S\u00e3o Gon\u00e7alo"}},{"@type":"ListItem","@id":"https:\/\/www.encontrasaogoncalo.com.br\/sobre\/noticias-em-sao-goncalo\/#listItem","position":2,"name":"Not\u00edcias S\u00e3o Gon\u00e7alo","item":"https:\/\/www.encontrasaogoncalo.com.br\/sobre\/noticias-em-sao-goncalo\/","nextItem":{"@type":"ListItem","@id":"https:\/\/www.encontrasaogoncalo.com.br\/sobre\/sao-goncalo-tem-programacao-cultural-variada-neste-fim-de-semana\/#listItem","name":"S\u00e3o Gon\u00e7alo tem programa\u00e7\u00e3o cultural variada neste fim de semana"},"previousItem":{"@type":"ListItem","@id":"https:\/\/www.encontrasaogoncalo.com.br\/sobre#listItem","name":"In\u00edcio"}},{"@type":"ListItem","@id":"https:\/\/www.encontrasaogoncalo.com.br\/sobre\/sao-goncalo-tem-programacao-cultural-variada-neste-fim-de-semana\/#listItem","position":3,"name":"S\u00e3o Gon\u00e7alo tem programa\u00e7\u00e3o cultural variada neste fim de semana","previousItem":{"@type":"ListItem","@id":"https:\/\/www.encontrasaogoncalo.com.br\/sobre\/noticias-em-sao-goncalo\/#listItem","name":"Not\u00edcias S\u00e3o Gon\u00e7alo"}}]},{"@type":"Organization","@id":"https:\/\/www.encontrasaogoncalo.com.br\/sobre\/#organization","name":"Encontra S\u00e3o Gon\u00e7alo","description":"Not\u00edcias, eventos, informa\u00e7\u00f5es e dicas da cidade de S\u00e3o Gon\u00e7alo e regi\u00e3o","url":"https:\/\/www.encontrasaogoncalo.com.br\/sobre\/"},{"@type":"Person","@id":"https:\/\/www.encontrasaogoncalo.com.br\/sobre\/author\/esaogoncalo\/#author","url":"https:\/\/www.encontrasaogoncalo.com.br\/sobre\/author\/esaogoncalo\/","name":"Encontra S\u00e3o Gon\u00e7alo","image":{"@type":"ImageObject","@id":"https:\/\/www.encontrasaogoncalo.com.br\/sobre\/sao-goncalo-tem-programacao-cultural-variada-neste-fim-de-semana\/#authorImage","url":"https:\/\/secure.gravatar.com\/avatar\/507340682b8270222e1f208e23198b6ae7e2c6a1033ae84e99bc6bce4f82a387?s=96&d=mm&r=g","width":96,"height":96,"caption":"Encontra S\u00e3o Gon\u00e7alo"}},{"@type":"WebPage","@id":"https:\/\/www.encontrasaogoncalo.com.br\/sobre\/sao-goncalo-tem-programacao-cultural-variada-neste-fim-de-semana\/#webpage","url":"https:\/\/www.encontrasaogoncalo.com.br\/sobre\/sao-goncalo-tem-programacao-cultural-variada-neste-fim-de-semana\/","name":"S\u00e3o Gon\u00e7alo tem programa\u00e7\u00e3o cultural variada neste fim de semana | Encontra S\u00e3o Gon\u00e7alo","inLanguage":"pt-BR","isPartOf":{"@id":"https:\/\/www.encontrasaogoncalo.com.br\/sobre\/#website"},"breadcrumb":{"@id":"https:\/\/www.encontrasaogoncalo.com.br\/sobre\/sao-goncalo-tem-programacao-cultural-variada-neste-fim-de-semana\/#breadcrumblist"},"author":{"@id":"https:\/\/www.encontrasaogoncalo.com.br\/sobre\/author\/esaogoncalo\/#author"},"creator":{"@id":"https:\/\/www.encontrasaogoncalo.com.br\/sobre\/author\/esaogoncalo\/#author"},"image":{"@type":"ImageObject","url":"https:\/\/www.encontrasaogoncalo.com.br\/sobre\/wp-content\/uploads\/sao-goncalo-tem-programacao-cultural-variada-neste-fim-de-semana.webp","@id":"https:\/\/www.encontrasaogoncalo.com.br\/sobre\/sao-goncalo-tem-programacao-cultural-variada-neste-fim-de-semana\/#mainImage","width":280,"height":280,"caption":"programa\u00e7\u00e3o cultural em S\u00e3o Gon\u00e7alo"},"primaryImageOfPage":{"@id":"https:\/\/www.encontrasaogoncalo.com.br\/sobre\/sao-goncalo-tem-programacao-cultural-variada-neste-fim-de-semana\/#mainImage"},"datePublished":"2026-05-07T09:18:19+00:00","dateModified":"2026-05-07T09:18:19+00:00"},{"@type":"WebSite","@id":"https:\/\/www.encontrasaogoncalo.com.br\/sobre\/#website","url":"https:\/\/www.encontrasaogoncalo.com.br\/sobre\/","name":"Encontra S\u00e3o Gon\u00e7alo","description":"Not\u00edcias, eventos, informa\u00e7\u00f5es e dicas da cidade de S\u00e3o Gon\u00e7alo e regi\u00e3o","inLanguage":"pt-BR","publisher":{"@id":"https:\/\/www.encontrasaogoncalo.com.br\/sobre\/#organization"}}]},"og:locale":"pt_BR","og:site_name":"Encontra S\u00e3o Gon\u00e7alo | Not\u00edcias, eventos, informa\u00e7\u00f5es e dicas da cidade de S\u00e3o Gon\u00e7alo e regi\u00e3o","og:type":"article","og:title":"S\u00e3o Gon\u00e7alo tem programa\u00e7\u00e3o cultural variada neste fim de semana | Encontra S\u00e3o Gon\u00e7alo","og:url":"https:\/\/www.encontrasaogoncalo.com.br\/sobre\/sao-goncalo-tem-programacao-cultural-variada-neste-fim-de-semana\/","article:published_time":"2026-05-07T09:18:19+00:00","article:modified_time":"2026-05-07T09:18:19+00:00","twitter:card":"summary","twitter:title":"S\u00e3o Gon\u00e7alo tem programa\u00e7\u00e3o cultural variada neste fim de semana | Encontra S\u00e3o Gon\u00e7alo"},"aioseo_meta_data":{"post_id":"2024","title":null,"description":null,"keywords":null,"keyphrases":null,"primary_term":null,"canonical_url":null,"og_title":null,"og_description":null,"og_object_type":"default","og_image_type":"default","og_image_url":null,"og_image_width":null,"og_image_height":null,"og_image_custom_url":null,"og_image_custom_fields":null,"og_video":null,"og_custom_url":null,"og_article_section":null,"og_article_tags":null,"twitter_use_og":false,"twitter_card":"default","twitter_image_type":"default","twitter_image_url":null,"twitter_image_custom_url":null,"twitter_image_custom_fields":null,"twitter_title":null,"twitter_description":null,"schema":{"blockGraphs":[],"customGraphs":[],"default":{"data":{"Article":[],"Course":[],"Dataset":[],"FAQPage":[],"Movie":[],"Person":[],"Product":[],"ProductReview":[],"Car":[],"Recipe":[],"Service":[],"SoftwareApplication":[],"WebPage":[]},"graphName":"Article","isEnabled":true},"graphs":[]},"schema_type":"default","schema_type_options":null,"pillar_content":false,"robots_default":true,"robots_noindex":false,"robots_noarchive":false,"robots_nosnippet":false,"robots_nofollow":false,"robots_noimageindex":false,"robots_noodp":false,"robots_notranslate":false,"robots_max_snippet":null,"robots_max_videopreview":null,"robots_max_imagepreview":"large","priority":null,"frequency":null,"local_seo":null,"breadcrumb_settings":null,"limit_modified_date":false,"ai":null,"created":"2026-05-07 09:18:23","updated":"2026-05-07 09:39:00","focus_keyword":null,"additional_keywords":null,"truseo_locale":null,"seo_analyzer_scan_date":null},"aioseo_breadcrumb":"<div class=\"aioseo-breadcrumbs\"><span class=\"aioseo-breadcrumb\">\n\t\t\t<a href=\"https:\/\/www.encontrasaogoncalo.com.br\/sobre\" title=\"In\u00edcio\">In\u00edcio<\/a>\n\t\t<\/span><span class=\"aioseo-breadcrumb-separator\">&raquo;<\/span><span class=\"aioseo-breadcrumb\">\n\t\t\t<a href=\"https:\/\/www.encontrasaogoncalo.com.br\/sobre\/noticias-em-sao-goncalo\/\" title=\"Not\u00edcias S\u00e3o Gon\u00e7alo\">Not\u00edcias S\u00e3o Gon\u00e7alo<\/a>\n\t\t<\/span><span class=\"aioseo-breadcrumb-separator\">&raquo;<\/span><span class=\"aioseo-breadcrumb\">\n\t\t\tS\u00e3o Gon\u00e7alo tem programa\u00e7\u00e3o cultural variada neste fim de semana\n\t\t<\/span><\/div>","aioseo_breadcrumb_json":[{"label":"In\u00edcio","link":"https:\/\/www.encontrasaogoncalo.com.br\/sobre"},{"label":"Not\u00edcias S\u00e3o Gon\u00e7alo","link":"https:\/\/www.encontrasaogoncalo.com.br\/sobre\/noticias-em-sao-goncalo\/"},{"label":"S\u00e3o Gon\u00e7alo tem programa\u00e7\u00e3o cultural variada neste fim de semana","link":"https:\/\/www.encontrasaogoncalo.com.br\/sobre\/sao-goncalo-tem-programacao-cultural-variada-neste-fim-de-semana\/"}],"_links":{"self":[{"href":"https:\/\/www.encontrasaogoncalo.com.br\/sobre\/wp-json\/wp\/v2\/posts\/2024","targetHints":{"allow":["GET"]}}],"collection":[{"href":"https:\/\/www.encontrasaogoncalo.com.br\/sobre\/wp-json\/wp\/v2\/posts"}],"about":[{"href":"https:\/\/www.encontrasaogoncalo.com.br\/sobre\/wp-json\/wp\/v2\/types\/post"}],"author":[{"embeddable":true,"href":"https:\/\/www.encontrasaogoncalo.com.br\/sobre\/wp-json\/wp\/v2\/users\/1"}],"replies":[{"embeddable":true,"href":"https:\/\/www.encontrasaogoncalo.com.br\/sobre\/wp-json\/wp\/v2\/comments?post=2024"}],"version-history":[{"count":0,"href":"https:\/\/www.encontrasaogoncalo.com.br\/sobre\/wp-json\/wp\/v2\/posts\/2024\/revisions"}],"wp:featuredmedia":[{"embeddable":true,"href":"https:\/\/www.encontrasaogoncalo.com.br\/sobre\/wp-json\/wp\/v2\/media\/2023"}],"wp:attachment":[{"href":"https:\/\/www.encontrasaogoncalo.com.br\/sobre\/wp-json\/wp\/v2\/media?parent=2024"}],"wp:term":[{"taxonomy":"category","embeddable":true,"href":"https:\/\/www.encontrasaogoncalo.com.br\/sobre\/wp-json\/wp\/v2\/categories?post=2024"},{"taxonomy":"post_tag","embeddable":true,"href":"https:\/\/www.encontrasaogoncalo.com.br\/sobre\/wp-json\/wp\/v2\/tags?post=2024"}],"curies":[{"name":"wp","href":"https:\/\/api.w.org\/{rel}","templated":true}]}}