{"id":2062,"date":"2026-05-23T09:05:09","date_gmt":"2026-05-23T09:05:09","guid":{"rendered":"https:\/\/www.encontrasaogoncalo.com.br\/sobre\/sao-goncalo-faz-sorteio-de-vagas-para-centros-de-referencia-em-autismo\/"},"modified":"2026-05-23T09:05:09","modified_gmt":"2026-05-23T09:05:09","slug":"sao-goncalo-faz-sorteio-de-vagas-para-centros-de-referencia-em-autismo","status":"publish","type":"post","link":"https:\/\/www.encontrasaogoncalo.com.br\/sobre\/sao-goncalo-faz-sorteio-de-vagas-para-centros-de-referencia-em-autismo\/","title":{"rendered":"S\u00e3o Gon\u00e7alo faz sorteio de vagas para Centros de Refer\u00eancia em Autismo"},"content":{"rendered":"<div class=\"558ebb280150f569344a3237cd236fe7\" data-index=\"1\" style=\"float: none; margin:0px;\">\n<!-- Anuncio display - global -->\r\n<ins class=\"adsbygoogle\"\r\n     style=\"display:block\"\r\n     data-ad-client=\"ca-pub-8585364105181520\"\r\n     data-ad-slot=\"8789329856\"\r\n     data-ad-format=\"auto\"\r\n     data-full-width-responsive=\"true\"><\/ins>\r\n<script>\r\n     (adsbygoogle = window.adsbygoogle || []).push({});\r\n<\/script>\n<\/div>\n<h2>O que s\u00e3o os Centros de Refer\u00eancia em Autismo?<\/h2>\n<p>Os Centros de Refer\u00eancia em Autismo (CRAs) foram estabelecidos com a finalidade de promover formas de atendimento especializadas aos indiv\u00edduos diagnosticados com Transtorno do Espectro Autista (TEA). Essas institui\u00e7\u00f5es visam oferecer suporte abrangente, que inclui n\u00e3o apenas orienta\u00e7\u00f5es e cuidados, mas tamb\u00e9m a inclus\u00e3o social e educativa das crian\u00e7as e jovens que apresentam essa condi\u00e7\u00e3o. Nos CRAs, os profissionais est\u00e3o capacitados para abordar diversas vertentes do TEA, permitindo um acompanhamento integral das necessidades dos indiv\u00edduos e de suas fam\u00edlias.<\/p>\n<h2>Como ocorre o sorteio das vagas?<\/h2>\n<p>O processo de sele\u00e7\u00e3o para preenchimento das vagas nos CRAs \u00e9 realizado atrav\u00e9s de um sorteio, com a inten\u00e7\u00e3o de garantir igualdade de oportunidades. Durante o evento, s\u00e3o disponibilizadas as vagas, e todos os interessados t\u00eam a chance de participar. \u00c9 um m\u00e9todo transparente que demonstra a imparcialidade na escolha dos benefici\u00e1rios, evitando favorecimentos e garantindo que todos tenham a oportunidade de acessar os servi\u00e7os oferecidos.<\/p>\n<h2>Import\u00e2ncia dos Centros de Apoio<\/h2>\n<p>A exist\u00eancia dos Centros de Refer\u00eancia em Autismo \u00e9 crucial, pois oferecem uma rede de apoio especializada tanto para os indiv\u00edduos com TEA quanto para suas fam\u00edlias. O suporte psicol\u00f3gico, educacional e social promovido atrav\u00e9s dessas institui\u00e7\u00f5es \u00e9 fundamental para o desenvolvimento das compet\u00eancias e habilidades das crian\u00e7as e adolescentes, al\u00e9m de facilitar o processo de inclus\u00e3o e adapta\u00e7\u00e3o no ambiente escolar e social. Essa abordagem integrada contribui diretamente para a melhoria da qualidade de vida dos benefici\u00e1rios e a minimiza\u00e7\u00e3o das dificuldades enfrentadas.<\/p>\n<p><img decoding=\"async\" src=\"https:\/\/www.encontrasaogoncalo.com.br\/sobre\/wp-content\/uploads\/sao-goncalo-faz-sorteio-de-vagas-para-centros-de-referencia-em-autismo.webp\" alt=\"Centros de Refer\u00eancia em Autismo\" loading=\"lazy\" \/><\/p>\n<h2>Documenta\u00e7\u00e3o necess\u00e1ria para matr\u00edcula<\/h2>\n<p>Para a efetiva\u00e7\u00e3o da matr\u00edcula nos Centros de Refer\u00eancia em Autismo, os candidatos devem apresentar uma documenta\u00e7\u00e3o espec\u00edfica, que \u00e9 fundamental para validar o processo de inscri\u00e7\u00e3o. Essa documenta\u00e7\u00e3o inclui:<\/p>\n<ul>\n<li>Documento de identifica\u00e7\u00e3o do respons\u00e1vel;<\/li>\n<li>Comprovante de resid\u00eancia;<\/li>\n<li>Laudo m\u00e9dico confirmando o diagn\u00f3stico de Transtorno do Espectro Autista (TEA);<\/li>\n<li>Declara\u00e7\u00e3o de matr\u00edcula em uma institui\u00e7\u00e3o de Educa\u00e7\u00e3o B\u00e1sica.<\/li>\n<\/ul>\n<p>\u00c9 essencial que a documenta\u00e7\u00e3o esteja completa e adequada para evitar desclassifica\u00e7\u00f5es no sorteio das vagas.<\/p>\n<h2>P\u00fablico-alvo do sorteio<\/h2>\n<p>O sorteio das vagas para os CRAs \u00e9 destinado a crian\u00e7as e adolescentes que estejam no espectro autista, al\u00e9m de serem residentes do munic\u00edpio de S\u00e3o Gon\u00e7alo. Para participar, os candidatos precisam estar matriculados em institui\u00e7\u00f5es de ensino fundamental, desde a educa\u00e7\u00e3o infantil at\u00e9 o 9\u00ba ano, incluindo a Educa\u00e7\u00e3o de Jovens e Adultos (EJA). Essa medida visa atender adequadamente os alunos que precisam de suporte educacional e terap\u00eautico espec\u00edfico.<\/p>\n<h2>Data e local do evento<\/h2>\n<p>O sorteio das vagas ser\u00e1 realizado na pr\u00f3xima sexta-feira, dia 15 de maio, no audit\u00f3rio da Secretaria de Educa\u00e7\u00e3o de S\u00e3o Gon\u00e7alo. O evento est\u00e1 programado para ser transmitido ao vivo pela plataforma Instagram, no perfil oficial da educa\u00e7\u00e3o (@educacao_sg), permitindo que a comunidade acompanhe o processo em tempo real. A expectativa \u00e9 que o evento n\u00e3o apenas cumpra sua fun\u00e7\u00e3o de sele\u00e7\u00e3o, mas tamb\u00e9m informe e mobilize a comunidade sobre a import\u00e2ncia do atendimento \u00e0s necessidades do TEA.<\/p>\n<h2>Resultados e lista dos sorteados<\/h2>\n<p>Ap\u00f3s a realiza\u00e7\u00e3o do sorteio, a lista dos selecionados para as vagas ser\u00e1 divulgada no Di\u00e1rio Oficial do Munic\u00edpio e tamb\u00e9m estar\u00e1 dispon\u00edvel no portal de inscri\u00e7\u00f5es. Esse resultado ser\u00e1 publicado no dia 18 de maio, garantindo que todos os participantes do sorteio tenham acesso \u00e0 informa\u00e7\u00e3o de forma clara e acess\u00edvel.<\/p>\n<h2>Cadastro de reserva: como funciona?<\/h2>\n<p>Junto com a lista dos sorteados, um cadastro de reserva ser\u00e1 disponibilizado. Esse cadastro \u00e9 fundamental para o caso de eventual desclassifica\u00e7\u00e3o de algum dos selecionados ou n\u00e3o cumprimento das exig\u00eancias necess\u00e1rias para a matr\u00edcula. Assim, os candidatos que ficarem na lista de espera podem ser chamados a qualquer momento, assegurando que as vagas sejam totalmente preenchidas e que o atendimento \u00e0s necessidades da comunidade seja amplo e eficiente.<\/p>\n<h2>Impacto nas fam\u00edlias atendidas<\/h2>\n<p>Os Centros de Refer\u00eancia em Autismo desempenham um papel vital no suporte \u00e0s fam\u00edlias, proporcionando n\u00e3o apenas o atendimento aos pr\u00f3prios indiv\u00edduos diagnosticados com TEA, mas tamb\u00e9m orienta\u00e7\u00e3o e apoio aos familiares. Esse suporte \u00e9 essencial para que as fam\u00edlias consigam lidar com a realidade do diagn\u00f3stico, al\u00e9m de oferecer ferramentas e estrat\u00e9gias para integrar os jovens na sociedade, atuando diretamente na melhora da din\u00e2mica familiar e no fortalecimento dos la\u00e7os parentais.<\/p>\n<h2>Pr\u00f3ximos passos ap\u00f3s o sorteio<\/h2>\n<p>Ap\u00f3s a publica\u00e7\u00e3o dos resultados, as matr\u00edculas dos sorteados ocorrer\u00e3o entre 19 e 22 de maio. Durante esse per\u00edodo, os selecionados devem comparecer ao Centro de Refer\u00eancia em Autismo correspondente para efetuar a matr\u00edcula e apresentar a documenta\u00e7\u00e3o exigida. \u00c9 crucial que os respons\u00e1veis estejam atentos ao prazo estipulado, uma vez que a n\u00e3o apresenta\u00e7\u00e3o no per\u00edodo ou a falta de documenta\u00e7\u00e3o podem resultar na desclassifica\u00e7\u00e3o do candidato.<\/p>\n<p>Esses procedimentos visam assegurar que cada um dos participantes tenha a mesma oportunidade e acesso aos servi\u00e7os especiais oferecidos pelos Centros de Refer\u00eancia, fortalecendo a rede de apoio aos indiv\u00edduos com TEA e suas fam\u00edlias.<\/p>\n\n<div style=\"font-size: 0px; height: 0px; line-height: 0px; margin: 0; padding: 0; clear: both;\"><\/div>","protected":false},"excerpt":{"rendered":"<p>Centros de Refer\u00eancia em Autismo ter\u00e3o sorteio de 150 vagas!<\/p>\n","protected":false},"author":1,"featured_media":2061,"comment_status":"open","ping_status":"closed","sticky":false,"template":"","format":"standard","meta":{"footnotes":""},"categories":[6],"tags":[],"class_list":["post-2062","post","type-post","status-publish","format-standard","has-post-thumbnail","hentry","category-noticias-em-sao-goncalo","has_thumb"],"aioseo_notices":[],"aioseo_head":"\n\t\t<!-- All in One SEO 5.0.0.1 - aioseo.com -->\n\t<meta name=\"robots\" content=\"max-image-preview:large\" \/>\n\t<meta name=\"author\" content=\"Encontra S\u00e3o Gon\u00e7alo\"\/>\n\t<link rel=\"canonical\" href=\"https:\/\/www.encontrasaogoncalo.com.br\/sobre\/sao-goncalo-faz-sorteio-de-vagas-para-centros-de-referencia-em-autismo\/\" \/>\n\t<meta name=\"generator\" content=\"All in One SEO (AIOSEO) 5.0.0.1\" \/>\n\t\t<meta property=\"og:locale\" content=\"pt_BR\" \/>\n\t\t<meta property=\"og:site_name\" content=\"Encontra S\u00e3o Gon\u00e7alo | Not\u00edcias, eventos, informa\u00e7\u00f5es e dicas da cidade de S\u00e3o Gon\u00e7alo e regi\u00e3o\" \/>\n\t\t<meta property=\"og:type\" content=\"article\" \/>\n\t\t<meta property=\"og:title\" content=\"S\u00e3o Gon\u00e7alo faz sorteio de vagas para Centros de Refer\u00eancia em Autismo | Encontra S\u00e3o Gon\u00e7alo\" \/>\n\t\t<meta property=\"og:url\" content=\"https:\/\/www.encontrasaogoncalo.com.br\/sobre\/sao-goncalo-faz-sorteio-de-vagas-para-centros-de-referencia-em-autismo\/\" \/>\n\t\t<meta property=\"article:published_time\" content=\"2026-05-23T09:05:09+00:00\" \/>\n\t\t<meta property=\"article:modified_time\" content=\"2026-05-23T09:05:09+00:00\" \/>\n\t\t<meta name=\"twitter:card\" content=\"summary\" \/>\n\t\t<meta name=\"twitter:title\" content=\"S\u00e3o Gon\u00e7alo faz sorteio de vagas para Centros de Refer\u00eancia em Autismo | Encontra S\u00e3o Gon\u00e7alo\" \/>\n\t\t<script type=\"application\/ld+json\" class=\"aioseo-schema\">\n\t\t\t{\"@context\":\"https:\\\/\\\/schema.org\",\"@graph\":[{\"@type\":\"Article\",\"@id\":\"https:\\\/\\\/www.encontrasaogoncalo.com.br\\\/sobre\\\/sao-goncalo-faz-sorteio-de-vagas-para-centros-de-referencia-em-autismo\\\/#article\",\"name\":\"S\\u00e3o Gon\\u00e7alo faz sorteio de vagas para Centros de Refer\\u00eancia em Autismo | Encontra S\\u00e3o Gon\\u00e7alo\",\"headline\":\"S\\u00e3o Gon\\u00e7alo faz sorteio de vagas para Centros de Refer\\u00eancia em Autismo\",\"author\":{\"@id\":\"https:\\\/\\\/www.encontrasaogoncalo.com.br\\\/sobre\\\/author\\\/esaogoncalo\\\/#author\"},\"publisher\":{\"@id\":\"https:\\\/\\\/www.encontrasaogoncalo.com.br\\\/sobre\\\/#organization\"},\"image\":{\"@type\":\"ImageObject\",\"url\":\"https:\\\/\\\/www.encontrasaogoncalo.com.br\\\/sobre\\\/wp-content\\\/uploads\\\/sao-goncalo-faz-sorteio-de-vagas-para-centros-de-referencia-em-autismo.webp\",\"width\":280,\"height\":280,\"caption\":\"Centros de Refer\\u00eancia em Autismo\"},\"datePublished\":\"2026-05-23T09:05:09+00:00\",\"dateModified\":\"2026-05-23T09:05:09+00:00\",\"inLanguage\":\"pt-BR\",\"mainEntityOfPage\":{\"@id\":\"https:\\\/\\\/www.encontrasaogoncalo.com.br\\\/sobre\\\/sao-goncalo-faz-sorteio-de-vagas-para-centros-de-referencia-em-autismo\\\/#webpage\"},\"isPartOf\":{\"@id\":\"https:\\\/\\\/www.encontrasaogoncalo.com.br\\\/sobre\\\/sao-goncalo-faz-sorteio-de-vagas-para-centros-de-referencia-em-autismo\\\/#webpage\"},\"articleSection\":\"Not\\u00edcias S\\u00e3o Gon\\u00e7alo\"},{\"@type\":\"BreadcrumbList\",\"@id\":\"https:\\\/\\\/www.encontrasaogoncalo.com.br\\\/sobre\\\/sao-goncalo-faz-sorteio-de-vagas-para-centros-de-referencia-em-autismo\\\/#breadcrumblist\",\"itemListElement\":[{\"@type\":\"ListItem\",\"@id\":\"https:\\\/\\\/www.encontrasaogoncalo.com.br\\\/sobre#listItem\",\"position\":1,\"name\":\"In\\u00edcio\",\"item\":\"https:\\\/\\\/www.encontrasaogoncalo.com.br\\\/sobre\",\"nextItem\":{\"@type\":\"ListItem\",\"@id\":\"https:\\\/\\\/www.encontrasaogoncalo.com.br\\\/sobre\\\/noticias-em-sao-goncalo\\\/#listItem\",\"name\":\"Not\\u00edcias S\\u00e3o Gon\\u00e7alo\"}},{\"@type\":\"ListItem\",\"@id\":\"https:\\\/\\\/www.encontrasaogoncalo.com.br\\\/sobre\\\/noticias-em-sao-goncalo\\\/#listItem\",\"position\":2,\"name\":\"Not\\u00edcias S\\u00e3o Gon\\u00e7alo\",\"item\":\"https:\\\/\\\/www.encontrasaogoncalo.com.br\\\/sobre\\\/noticias-em-sao-goncalo\\\/\",\"nextItem\":{\"@type\":\"ListItem\",\"@id\":\"https:\\\/\\\/www.encontrasaogoncalo.com.br\\\/sobre\\\/sao-goncalo-faz-sorteio-de-vagas-para-centros-de-referencia-em-autismo\\\/#listItem\",\"name\":\"S\\u00e3o Gon\\u00e7alo faz sorteio de vagas para Centros de Refer\\u00eancia em Autismo\"},\"previousItem\":{\"@type\":\"ListItem\",\"@id\":\"https:\\\/\\\/www.encontrasaogoncalo.com.br\\\/sobre#listItem\",\"name\":\"In\\u00edcio\"}},{\"@type\":\"ListItem\",\"@id\":\"https:\\\/\\\/www.encontrasaogoncalo.com.br\\\/sobre\\\/sao-goncalo-faz-sorteio-de-vagas-para-centros-de-referencia-em-autismo\\\/#listItem\",\"position\":3,\"name\":\"S\\u00e3o Gon\\u00e7alo faz sorteio de vagas para Centros de Refer\\u00eancia em Autismo\",\"previousItem\":{\"@type\":\"ListItem\",\"@id\":\"https:\\\/\\\/www.encontrasaogoncalo.com.br\\\/sobre\\\/noticias-em-sao-goncalo\\\/#listItem\",\"name\":\"Not\\u00edcias S\\u00e3o Gon\\u00e7alo\"}}]},{\"@type\":\"Organization\",\"@id\":\"https:\\\/\\\/www.encontrasaogoncalo.com.br\\\/sobre\\\/#organization\",\"name\":\"Encontra S\\u00e3o Gon\\u00e7alo\",\"description\":\"Not\\u00edcias, eventos, informa\\u00e7\\u00f5es e dicas da cidade de S\\u00e3o Gon\\u00e7alo e regi\\u00e3o\",\"url\":\"https:\\\/\\\/www.encontrasaogoncalo.com.br\\\/sobre\\\/\"},{\"@type\":\"Person\",\"@id\":\"https:\\\/\\\/www.encontrasaogoncalo.com.br\\\/sobre\\\/author\\\/esaogoncalo\\\/#author\",\"url\":\"https:\\\/\\\/www.encontrasaogoncalo.com.br\\\/sobre\\\/author\\\/esaogoncalo\\\/\",\"name\":\"Encontra S\\u00e3o Gon\\u00e7alo\",\"image\":{\"@type\":\"ImageObject\",\"@id\":\"https:\\\/\\\/www.encontrasaogoncalo.com.br\\\/sobre\\\/sao-goncalo-faz-sorteio-de-vagas-para-centros-de-referencia-em-autismo\\\/#authorImage\",\"url\":\"https:\\\/\\\/secure.gravatar.com\\\/avatar\\\/507340682b8270222e1f208e23198b6ae7e2c6a1033ae84e99bc6bce4f82a387?s=96&d=mm&r=g\",\"width\":96,\"height\":96,\"caption\":\"Encontra S\\u00e3o Gon\\u00e7alo\"}},{\"@type\":\"WebPage\",\"@id\":\"https:\\\/\\\/www.encontrasaogoncalo.com.br\\\/sobre\\\/sao-goncalo-faz-sorteio-de-vagas-para-centros-de-referencia-em-autismo\\\/#webpage\",\"url\":\"https:\\\/\\\/www.encontrasaogoncalo.com.br\\\/sobre\\\/sao-goncalo-faz-sorteio-de-vagas-para-centros-de-referencia-em-autismo\\\/\",\"name\":\"S\\u00e3o Gon\\u00e7alo faz sorteio de vagas para Centros de Refer\\u00eancia em Autismo | Encontra S\\u00e3o Gon\\u00e7alo\",\"inLanguage\":\"pt-BR\",\"isPartOf\":{\"@id\":\"https:\\\/\\\/www.encontrasaogoncalo.com.br\\\/sobre\\\/#website\"},\"breadcrumb\":{\"@id\":\"https:\\\/\\\/www.encontrasaogoncalo.com.br\\\/sobre\\\/sao-goncalo-faz-sorteio-de-vagas-para-centros-de-referencia-em-autismo\\\/#breadcrumblist\"},\"author\":{\"@id\":\"https:\\\/\\\/www.encontrasaogoncalo.com.br\\\/sobre\\\/author\\\/esaogoncalo\\\/#author\"},\"creator\":{\"@id\":\"https:\\\/\\\/www.encontrasaogoncalo.com.br\\\/sobre\\\/author\\\/esaogoncalo\\\/#author\"},\"image\":{\"@type\":\"ImageObject\",\"url\":\"https:\\\/\\\/www.encontrasaogoncalo.com.br\\\/sobre\\\/wp-content\\\/uploads\\\/sao-goncalo-faz-sorteio-de-vagas-para-centros-de-referencia-em-autismo.webp\",\"@id\":\"https:\\\/\\\/www.encontrasaogoncalo.com.br\\\/sobre\\\/sao-goncalo-faz-sorteio-de-vagas-para-centros-de-referencia-em-autismo\\\/#mainImage\",\"width\":280,\"height\":280,\"caption\":\"Centros de Refer\\u00eancia em Autismo\"},\"primaryImageOfPage\":{\"@id\":\"https:\\\/\\\/www.encontrasaogoncalo.com.br\\\/sobre\\\/sao-goncalo-faz-sorteio-de-vagas-para-centros-de-referencia-em-autismo\\\/#mainImage\"},\"datePublished\":\"2026-05-23T09:05:09+00:00\",\"dateModified\":\"2026-05-23T09:05:09+00:00\"},{\"@type\":\"WebSite\",\"@id\":\"https:\\\/\\\/www.encontrasaogoncalo.com.br\\\/sobre\\\/#website\",\"url\":\"https:\\\/\\\/www.encontrasaogoncalo.com.br\\\/sobre\\\/\",\"name\":\"Encontra S\\u00e3o Gon\\u00e7alo\",\"description\":\"Not\\u00edcias, eventos, informa\\u00e7\\u00f5es e dicas da cidade de S\\u00e3o Gon\\u00e7alo e regi\\u00e3o\",\"inLanguage\":\"pt-BR\",\"publisher\":{\"@id\":\"https:\\\/\\\/www.encontrasaogoncalo.com.br\\\/sobre\\\/#organization\"}}]}\n\t\t<\/script>\n\t\t<!-- All in One SEO -->\n\n","aioseo_head_json":{"title":"S\u00e3o Gon\u00e7alo faz sorteio de vagas para Centros de Refer\u00eancia em Autismo | Encontra S\u00e3o Gon\u00e7alo","description":"","canonical_url":"https:\/\/www.encontrasaogoncalo.com.br\/sobre\/sao-goncalo-faz-sorteio-de-vagas-para-centros-de-referencia-em-autismo\/","robots":"max-image-preview:large","keywords":"","webmasterTools":{"miscellaneous":""},"schema":{"@context":"https:\/\/schema.org","@graph":[{"@type":"Article","@id":"https:\/\/www.encontrasaogoncalo.com.br\/sobre\/sao-goncalo-faz-sorteio-de-vagas-para-centros-de-referencia-em-autismo\/#article","name":"S\u00e3o Gon\u00e7alo faz sorteio de vagas para Centros de Refer\u00eancia em Autismo | Encontra S\u00e3o Gon\u00e7alo","headline":"S\u00e3o Gon\u00e7alo faz sorteio de vagas para Centros de Refer\u00eancia em Autismo","author":{"@id":"https:\/\/www.encontrasaogoncalo.com.br\/sobre\/author\/esaogoncalo\/#author"},"publisher":{"@id":"https:\/\/www.encontrasaogoncalo.com.br\/sobre\/#organization"},"image":{"@type":"ImageObject","url":"https:\/\/www.encontrasaogoncalo.com.br\/sobre\/wp-content\/uploads\/sao-goncalo-faz-sorteio-de-vagas-para-centros-de-referencia-em-autismo.webp","width":280,"height":280,"caption":"Centros de Refer\u00eancia em Autismo"},"datePublished":"2026-05-23T09:05:09+00:00","dateModified":"2026-05-23T09:05:09+00:00","inLanguage":"pt-BR","mainEntityOfPage":{"@id":"https:\/\/www.encontrasaogoncalo.com.br\/sobre\/sao-goncalo-faz-sorteio-de-vagas-para-centros-de-referencia-em-autismo\/#webpage"},"isPartOf":{"@id":"https:\/\/www.encontrasaogoncalo.com.br\/sobre\/sao-goncalo-faz-sorteio-de-vagas-para-centros-de-referencia-em-autismo\/#webpage"},"articleSection":"Not\u00edcias S\u00e3o Gon\u00e7alo"},{"@type":"BreadcrumbList","@id":"https:\/\/www.encontrasaogoncalo.com.br\/sobre\/sao-goncalo-faz-sorteio-de-vagas-para-centros-de-referencia-em-autismo\/#breadcrumblist","itemListElement":[{"@type":"ListItem","@id":"https:\/\/www.encontrasaogoncalo.com.br\/sobre#listItem","position":1,"name":"In\u00edcio","item":"https:\/\/www.encontrasaogoncalo.com.br\/sobre","nextItem":{"@type":"ListItem","@id":"https:\/\/www.encontrasaogoncalo.com.br\/sobre\/noticias-em-sao-goncalo\/#listItem","name":"Not\u00edcias S\u00e3o Gon\u00e7alo"}},{"@type":"ListItem","@id":"https:\/\/www.encontrasaogoncalo.com.br\/sobre\/noticias-em-sao-goncalo\/#listItem","position":2,"name":"Not\u00edcias S\u00e3o Gon\u00e7alo","item":"https:\/\/www.encontrasaogoncalo.com.br\/sobre\/noticias-em-sao-goncalo\/","nextItem":{"@type":"ListItem","@id":"https:\/\/www.encontrasaogoncalo.com.br\/sobre\/sao-goncalo-faz-sorteio-de-vagas-para-centros-de-referencia-em-autismo\/#listItem","name":"S\u00e3o Gon\u00e7alo faz sorteio de vagas para Centros de Refer\u00eancia em Autismo"},"previousItem":{"@type":"ListItem","@id":"https:\/\/www.encontrasaogoncalo.com.br\/sobre#listItem","name":"In\u00edcio"}},{"@type":"ListItem","@id":"https:\/\/www.encontrasaogoncalo.com.br\/sobre\/sao-goncalo-faz-sorteio-de-vagas-para-centros-de-referencia-em-autismo\/#listItem","position":3,"name":"S\u00e3o Gon\u00e7alo faz sorteio de vagas para Centros de Refer\u00eancia em Autismo","previousItem":{"@type":"ListItem","@id":"https:\/\/www.encontrasaogoncalo.com.br\/sobre\/noticias-em-sao-goncalo\/#listItem","name":"Not\u00edcias S\u00e3o Gon\u00e7alo"}}]},{"@type":"Organization","@id":"https:\/\/www.encontrasaogoncalo.com.br\/sobre\/#organization","name":"Encontra S\u00e3o Gon\u00e7alo","description":"Not\u00edcias, eventos, informa\u00e7\u00f5es e dicas da cidade de S\u00e3o Gon\u00e7alo e regi\u00e3o","url":"https:\/\/www.encontrasaogoncalo.com.br\/sobre\/"},{"@type":"Person","@id":"https:\/\/www.encontrasaogoncalo.com.br\/sobre\/author\/esaogoncalo\/#author","url":"https:\/\/www.encontrasaogoncalo.com.br\/sobre\/author\/esaogoncalo\/","name":"Encontra S\u00e3o Gon\u00e7alo","image":{"@type":"ImageObject","@id":"https:\/\/www.encontrasaogoncalo.com.br\/sobre\/sao-goncalo-faz-sorteio-de-vagas-para-centros-de-referencia-em-autismo\/#authorImage","url":"https:\/\/secure.gravatar.com\/avatar\/507340682b8270222e1f208e23198b6ae7e2c6a1033ae84e99bc6bce4f82a387?s=96&d=mm&r=g","width":96,"height":96,"caption":"Encontra S\u00e3o Gon\u00e7alo"}},{"@type":"WebPage","@id":"https:\/\/www.encontrasaogoncalo.com.br\/sobre\/sao-goncalo-faz-sorteio-de-vagas-para-centros-de-referencia-em-autismo\/#webpage","url":"https:\/\/www.encontrasaogoncalo.com.br\/sobre\/sao-goncalo-faz-sorteio-de-vagas-para-centros-de-referencia-em-autismo\/","name":"S\u00e3o Gon\u00e7alo faz sorteio de vagas para Centros de Refer\u00eancia em Autismo | Encontra S\u00e3o Gon\u00e7alo","inLanguage":"pt-BR","isPartOf":{"@id":"https:\/\/www.encontrasaogoncalo.com.br\/sobre\/#website"},"breadcrumb":{"@id":"https:\/\/www.encontrasaogoncalo.com.br\/sobre\/sao-goncalo-faz-sorteio-de-vagas-para-centros-de-referencia-em-autismo\/#breadcrumblist"},"author":{"@id":"https:\/\/www.encontrasaogoncalo.com.br\/sobre\/author\/esaogoncalo\/#author"},"creator":{"@id":"https:\/\/www.encontrasaogoncalo.com.br\/sobre\/author\/esaogoncalo\/#author"},"image":{"@type":"ImageObject","url":"https:\/\/www.encontrasaogoncalo.com.br\/sobre\/wp-content\/uploads\/sao-goncalo-faz-sorteio-de-vagas-para-centros-de-referencia-em-autismo.webp","@id":"https:\/\/www.encontrasaogoncalo.com.br\/sobre\/sao-goncalo-faz-sorteio-de-vagas-para-centros-de-referencia-em-autismo\/#mainImage","width":280,"height":280,"caption":"Centros de Refer\u00eancia em Autismo"},"primaryImageOfPage":{"@id":"https:\/\/www.encontrasaogoncalo.com.br\/sobre\/sao-goncalo-faz-sorteio-de-vagas-para-centros-de-referencia-em-autismo\/#mainImage"},"datePublished":"2026-05-23T09:05:09+00:00","dateModified":"2026-05-23T09:05:09+00:00"},{"@type":"WebSite","@id":"https:\/\/www.encontrasaogoncalo.com.br\/sobre\/#website","url":"https:\/\/www.encontrasaogoncalo.com.br\/sobre\/","name":"Encontra S\u00e3o Gon\u00e7alo","description":"Not\u00edcias, eventos, informa\u00e7\u00f5es e dicas da cidade de S\u00e3o Gon\u00e7alo e regi\u00e3o","inLanguage":"pt-BR","publisher":{"@id":"https:\/\/www.encontrasaogoncalo.com.br\/sobre\/#organization"}}]},"og:locale":"pt_BR","og:site_name":"Encontra S\u00e3o Gon\u00e7alo | Not\u00edcias, eventos, informa\u00e7\u00f5es e dicas da cidade de S\u00e3o Gon\u00e7alo e regi\u00e3o","og:type":"article","og:title":"S\u00e3o Gon\u00e7alo faz sorteio de vagas para Centros de Refer\u00eancia em Autismo | Encontra S\u00e3o Gon\u00e7alo","og:url":"https:\/\/www.encontrasaogoncalo.com.br\/sobre\/sao-goncalo-faz-sorteio-de-vagas-para-centros-de-referencia-em-autismo\/","article:published_time":"2026-05-23T09:05:09+00:00","article:modified_time":"2026-05-23T09:05:09+00:00","twitter:card":"summary","twitter:title":"S\u00e3o Gon\u00e7alo faz sorteio de vagas para Centros de Refer\u00eancia em Autismo | Encontra S\u00e3o Gon\u00e7alo"},"aioseo_meta_data":{"post_id":"2062","title":null,"description":null,"keywords":null,"keyphrases":null,"primary_term":null,"canonical_url":null,"og_title":null,"og_description":null,"og_object_type":"default","og_image_type":"default","og_image_url":null,"og_image_width":null,"og_image_height":null,"og_image_custom_url":null,"og_image_custom_fields":null,"og_video":null,"og_custom_url":null,"og_article_section":null,"og_article_tags":null,"twitter_use_og":false,"twitter_card":"default","twitter_image_type":"default","twitter_image_url":null,"twitter_image_custom_url":null,"twitter_image_custom_fields":null,"twitter_title":null,"twitter_description":null,"schema":{"blockGraphs":[],"customGraphs":[],"default":{"data":{"Article":[],"Course":[],"Dataset":[],"FAQPage":[],"Movie":[],"Person":[],"Product":[],"ProductReview":[],"Car":[],"Recipe":[],"Service":[],"SoftwareApplication":[],"WebPage":[]},"graphName":"Article","isEnabled":true},"graphs":[]},"schema_type":"default","schema_type_options":null,"pillar_content":false,"robots_default":true,"robots_noindex":false,"robots_noarchive":false,"robots_nosnippet":false,"robots_nofollow":false,"robots_noimageindex":false,"robots_noodp":false,"robots_notranslate":false,"robots_max_snippet":null,"robots_max_videopreview":null,"robots_max_imagepreview":"large","priority":null,"frequency":null,"local_seo":null,"breadcrumb_settings":null,"limit_modified_date":false,"ai":null,"created":"2026-05-23 09:05:11","updated":"2026-05-23 09:31:54","focus_keyword":null,"additional_keywords":null,"truseo_locale":null,"seo_analyzer_scan_date":null},"aioseo_breadcrumb":"<div class=\"aioseo-breadcrumbs\"><span class=\"aioseo-breadcrumb\">\n\t\t\t<a href=\"https:\/\/www.encontrasaogoncalo.com.br\/sobre\" title=\"In\u00edcio\">In\u00edcio<\/a>\n\t\t<\/span><span class=\"aioseo-breadcrumb-separator\">&raquo;<\/span><span class=\"aioseo-breadcrumb\">\n\t\t\t<a href=\"https:\/\/www.encontrasaogoncalo.com.br\/sobre\/noticias-em-sao-goncalo\/\" title=\"Not\u00edcias S\u00e3o Gon\u00e7alo\">Not\u00edcias S\u00e3o Gon\u00e7alo<\/a>\n\t\t<\/span><span class=\"aioseo-breadcrumb-separator\">&raquo;<\/span><span class=\"aioseo-breadcrumb\">\n\t\t\tS\u00e3o Gon\u00e7alo faz sorteio de vagas para Centros de Refer\u00eancia em Autismo\n\t\t<\/span><\/div>","aioseo_breadcrumb_json":[{"label":"In\u00edcio","link":"https:\/\/www.encontrasaogoncalo.com.br\/sobre"},{"label":"Not\u00edcias S\u00e3o Gon\u00e7alo","link":"https:\/\/www.encontrasaogoncalo.com.br\/sobre\/noticias-em-sao-goncalo\/"},{"label":"S\u00e3o Gon\u00e7alo faz sorteio de vagas para Centros de Refer\u00eancia em Autismo","link":"https:\/\/www.encontrasaogoncalo.com.br\/sobre\/sao-goncalo-faz-sorteio-de-vagas-para-centros-de-referencia-em-autismo\/"}],"_links":{"self":[{"href":"https:\/\/www.encontrasaogoncalo.com.br\/sobre\/wp-json\/wp\/v2\/posts\/2062","targetHints":{"allow":["GET"]}}],"collection":[{"href":"https:\/\/www.encontrasaogoncalo.com.br\/sobre\/wp-json\/wp\/v2\/posts"}],"about":[{"href":"https:\/\/www.encontrasaogoncalo.com.br\/sobre\/wp-json\/wp\/v2\/types\/post"}],"author":[{"embeddable":true,"href":"https:\/\/www.encontrasaogoncalo.com.br\/sobre\/wp-json\/wp\/v2\/users\/1"}],"replies":[{"embeddable":true,"href":"https:\/\/www.encontrasaogoncalo.com.br\/sobre\/wp-json\/wp\/v2\/comments?post=2062"}],"version-history":[{"count":0,"href":"https:\/\/www.encontrasaogoncalo.com.br\/sobre\/wp-json\/wp\/v2\/posts\/2062\/revisions"}],"wp:featuredmedia":[{"embeddable":true,"href":"https:\/\/www.encontrasaogoncalo.com.br\/sobre\/wp-json\/wp\/v2\/media\/2061"}],"wp:attachment":[{"href":"https:\/\/www.encontrasaogoncalo.com.br\/sobre\/wp-json\/wp\/v2\/media?parent=2062"}],"wp:term":[{"taxonomy":"category","embeddable":true,"href":"https:\/\/www.encontrasaogoncalo.com.br\/sobre\/wp-json\/wp\/v2\/categories?post=2062"},{"taxonomy":"post_tag","embeddable":true,"href":"https:\/\/www.encontrasaogoncalo.com.br\/sobre\/wp-json\/wp\/v2\/tags?post=2062"}],"curies":[{"name":"wp","href":"https:\/\/api.w.org\/{rel}","templated":true}]}}