{"id":2064,"date":"2026-05-23T09:06:58","date_gmt":"2026-05-23T09:06:58","guid":{"rendered":"https:\/\/www.encontrasaogoncalo.com.br\/sobre\/sao-goncalo-publica-no-diario-oficial-do-dia-18-a-lista-de-sorteados-para-centros-de-autismo\/"},"modified":"2026-05-23T09:06:58","modified_gmt":"2026-05-23T09:06:58","slug":"sao-goncalo-publica-no-diario-oficial-do-dia-18-a-lista-de-sorteados-para-centros-de-autismo","status":"publish","type":"post","link":"https:\/\/www.encontrasaogoncalo.com.br\/sobre\/sao-goncalo-publica-no-diario-oficial-do-dia-18-a-lista-de-sorteados-para-centros-de-autismo\/","title":{"rendered":"S\u00e3o Gon\u00e7alo publica no Di\u00e1rio Oficial do dia 18 a lista de sorteados para centros de autismo"},"content":{"rendered":"<div class=\"558ebb280150f569344a3237cd236fe7\" data-index=\"1\" style=\"float: none; margin:0px;\">\n<!-- Anuncio display - global -->\r\n<ins class=\"adsbygoogle\"\r\n     style=\"display:block\"\r\n     data-ad-client=\"ca-pub-8585364105181520\"\r\n     data-ad-slot=\"8789329856\"\r\n     data-ad-format=\"auto\"\r\n     data-full-width-responsive=\"true\"><\/ins>\r\n<script>\r\n     (adsbygoogle = window.adsbygoogle || []).push({});\r\n<\/script>\n<\/div>\n<h2>O que s\u00e3o os Centros de Autismo em S\u00e3o Gon\u00e7alo?<\/h2>\n<p>Os Centros de Refer\u00eancia em Autismo no munic\u00edpio de S\u00e3o Gon\u00e7alo t\u00eam como miss\u00e3o proporcionar apoio e assist\u00eancia especializada para crian\u00e7as que apresentam Transtorno do Espectro Autista (TEA). Essas institui\u00e7\u00f5es, que atendem crian\u00e7as de diferentes faixas et\u00e1rias, foram estabelecidas para oferecer um ambiente prop\u00edcio ao desenvolvimento das habilidades sociais, emocionais e de aprendizado das crian\u00e7as com TEA.<\/p>\n<p>Atualmente, existem duas unidades operando: a do bairro Gradim e outra localizada no Centro da cidade. Esses centros t\u00eam profissionais qualificados dedicados a oferecer atendimento psicol\u00f3gico, educacional, e social, colaborando diretamente com as fam\u00edlias para otimizar a integra\u00e7\u00e3o das crian\u00e7as na sociedade.<\/p>\n<h2>Como se deu o sorteio das vagas?<\/h2>\n<p>Na \u00faltima sexta-feira, dia 15 de maio, a Secretaria de Educa\u00e7\u00e3o de S\u00e3o Gon\u00e7alo realizou um sorteio para selecionar os alunos que ocupar\u00e3o as vagas dispon\u00edveis nos centros de autismo. O evento contou com a participa\u00e7\u00e3o de representantes da comunidade e teve como base um total de 150 vagas, sendo 50 para a unidade do Gradim e 100 para o Centro.<\/p>\n<p><img decoding=\"async\" src=\"https:\/\/www.encontrasaogoncalo.com.br\/sobre\/wp-content\/uploads\/sao-goncalo-publica-no-diario-oficial-do-dia-18-a-lista-de-sorteados-para-centros-de-autismo.webp\" alt=\"sorteados para centros de autismo\" loading=\"lazy\" \/><\/p>\n<p>A lista dos sorteados, bem como a informa\u00e7\u00e3o sobre o Cadastro de Reserva, foi publicada no <strong>Di\u00e1rio Oficial<\/strong> do munic\u00edpio. Al\u00e9m disso, os resultados tamb\u00e9m podem ser consultados no portal de inscri\u00e7\u00f5es da Secretaria, localizado no <a href=\"https:\/\/crma.saogoncalo.educacaomais.com.br\/\">site oficial<\/a>.<\/p>\n<h2>Quais os crit\u00e9rios para a sele\u00e7\u00e3o dos sorteados?<\/h2>\n<p>Os crit\u00e9rios estabelecidos para a sele\u00e7\u00e3o dos candidatos que foram sorteados para as vagas s\u00e3o rigorosos e t\u00eam como objetivo garantir que as crian\u00e7as realmente necessitem do atendimento especializado. A seguir, apresentamos os principais crit\u00e9rios de desclassifica\u00e7\u00e3o:<\/p>\n<ul>\n<li>N\u00e3o comparecer ao Centro de Refer\u00eancia em Autismo para efetuar a matr\u00edcula dentro do prazo estabelecido.<\/li>\n<li>N\u00e3o apresentar a documenta\u00e7\u00e3o exigida no momento da matr\u00edcula.<\/li>\n<li>N\u00e3o ser diagnosticado com Transtorno do Espectro Autista (TEA).<\/li>\n<li>N\u00e3o residir no munic\u00edpio de S\u00e3o Gon\u00e7alo.<\/li>\n<li>N\u00e3o estar matriculado em uma institui\u00e7\u00e3o de ensino b\u00e1sica, que abrange desde a Educa\u00e7\u00e3o Infantil at\u00e9 o 9\u00ba ano do Ensino Fundamental, al\u00e9m da Educa\u00e7\u00e3o de Jovens e Adultos (EJA) no munic\u00edpio.<\/li>\n<li>Apresentar laudo que n\u00e3o seja referente ao Transtorno do Espectro Autista.<\/li>\n<li>Num caso de fraude ou apresenta\u00e7\u00e3o de documentos falsos, o candidato ser\u00e1 eliminado sem direito a recurso.<\/li>\n<\/ul>\n<h2>Documenta\u00e7\u00e3o necess\u00e1ria para a matr\u00edcula<\/h2>\n<p>Para a efetiva\u00e7\u00e3o da matr\u00edcula, os respons\u00e1veis devem apresentar os seguintes documentos, tanto em c\u00f3pia quanto em original:<\/p>\n<ul>\n<li>Certid\u00e3o de Nascimento da crian\u00e7a.<\/li>\n<li>Documentos de identidade do respons\u00e1vel e do sorteado.<\/li>\n<li>Cadastro de Pessoa F\u00edsica (CPF) do respons\u00e1vel e do sorteado.<\/li>\n<li>Comprovante de resid\u00eancia.<\/li>\n<li>Laudo m\u00e9dico que comprove o diagn\u00f3stico de TEA.<\/li>\n<li>Declara\u00e7\u00e3o de matr\u00edcula escolar atualizada.<\/li>\n<li>Quatro fotos 3&#215;4 recentes.<\/li>\n<li>Cart\u00e3o do Sistema \u00danico de Sa\u00fade (SUS).<\/li>\n<\/ul>\n<h2>Data e local das matr\u00edculas<\/h2>\n<p>As matr\u00edculas dos alunos sorteados est\u00e3o previstas para ocorrer entre os dias 19 e 22 de maio. Durante esse per\u00edodo, os respons\u00e1veis devem se dirigir aos Centros de Refer\u00eancia em Autismo nas respectivas unidades, munidos da documenta\u00e7\u00e3o necess\u00e1ria, para garantir a vaga para seus filhos.<\/p>\n<h2>O que fazer se n\u00e3o puder comparecer \u00e0 matr\u00edcula?<\/h2>\n<p>Os respons\u00e1veis que n\u00e3o puderem comparecer dentro do prazo estipulado devem estar cientes de que a aus\u00eancia pode acarretar na desclassifica\u00e7\u00e3o do sorteado. Neste caso, \u00e9 recomend\u00e1vel contactar a Secretaria Municipal de Educa\u00e7\u00e3o o mais breve poss\u00edvel para entender as op\u00e7\u00f5es dispon\u00edveis, caso haja alguma justificativa v\u00e1lida para a n\u00e3o comparecimento.<\/p>\n<h2>Import\u00e2ncia do suporte educacional para crian\u00e7as com TEA<\/h2>\n<p>O suporte educacional desempenha um papel fundamental na vida de crian\u00e7as com Transtorno do Espectro Autista. Os centros oferecem um curr\u00edculo adaptado que atende \u00e0s necessidades espec\u00edficas de cada aluno, favorecendo seu aprendizado e desenvolvimento. A intera\u00e7\u00e3o com profissionais especializados e a conviv\u00eancia com outras crian\u00e7as criam um ambiente seguro e estimulante onde as habilidades sociais podem ser desenvolvidas.<\/p>\n<h2>Depoimentos de fam\u00edlias atendidas<\/h2>\n<p>As fam\u00edlias que t\u00eam acesso aos Centros de Refer\u00eancia em Autismo frequentemente relatam experi\u00eancias positivas. Pais e respons\u00e1veis destacam a import\u00e2ncia do atendimento personalizado e a dedica\u00e7\u00e3o dos profissionais. Muitos tamb\u00e9m mencionam como a inclus\u00e3o educacional proporciona melhor autoestima e socializa\u00e7\u00e3o para as crian\u00e7as atendidas.<\/p>\n<h2>Futuras iniciativas da Secretaria de Educa\u00e7\u00e3o<\/h2>\n<p>A Secretaria de Educa\u00e7\u00e3o de S\u00e3o Gon\u00e7alo est\u00e1 comprometida em expandir as ofertas de servi\u00e7os para crian\u00e7as com TEA. Entre as futuras iniciativas, est\u00e1 a implementa\u00e7\u00e3o de novos programas de forma\u00e7\u00e3o para educadores, visando capacit\u00e1-los para lidar com as necessidades especiais dos alunos, al\u00e9m de ampliar a quantidade de vagas nos centros de atendimento.<\/p>\n<h2>Como acompanhar not\u00edcias e atualiza\u00e7\u00f5es<\/h2>\n<p>Para ficar por dentro de todas as novidades e atualiza\u00e7\u00f5es sobre os Centros de Refer\u00eancia em Autismo, assim como outras iniciativas da Secretaria de Educa\u00e7\u00e3o, os interessados podem acessar o <strong>site oficial<\/strong> da Prefeitura de S\u00e3o Gon\u00e7alo e o <strong>Di\u00e1rio Oficial<\/strong>. Al\u00e9m disso, tamb\u00e9m \u00e9 recomendado seguir as redes sociais da prefeitura onde informa\u00e7\u00f5es relevantes e eventos ser\u00e3o divulgados regularmente.<\/p>\n\n<div style=\"font-size: 0px; height: 0px; line-height: 0px; margin: 0; padding: 0; clear: both;\"><\/div>","protected":false},"excerpt":{"rendered":"<p>Saiba tudo sobre a lista de sorteados para Centros de Autismo em S\u00e3o Gon\u00e7alo.<\/p>\n","protected":false},"author":1,"featured_media":2063,"comment_status":"open","ping_status":"closed","sticky":false,"template":"","format":"standard","meta":{"footnotes":""},"categories":[6],"tags":[],"class_list":["post-2064","post","type-post","status-publish","format-standard","has-post-thumbnail","hentry","category-noticias-em-sao-goncalo","has_thumb"],"aioseo_notices":[],"aioseo_head":"\n\t\t<!-- All in One SEO 5.0.0.1 - aioseo.com -->\n\t<meta name=\"robots\" content=\"max-image-preview:large\" \/>\n\t<meta name=\"author\" content=\"Encontra S\u00e3o Gon\u00e7alo\"\/>\n\t<link rel=\"canonical\" href=\"https:\/\/www.encontrasaogoncalo.com.br\/sobre\/sao-goncalo-publica-no-diario-oficial-do-dia-18-a-lista-de-sorteados-para-centros-de-autismo\/\" \/>\n\t<meta name=\"generator\" content=\"All in One SEO (AIOSEO) 5.0.0.1\" \/>\n\t\t<meta property=\"og:locale\" content=\"pt_BR\" \/>\n\t\t<meta property=\"og:site_name\" content=\"Encontra S\u00e3o Gon\u00e7alo | Not\u00edcias, eventos, informa\u00e7\u00f5es e dicas da cidade de S\u00e3o Gon\u00e7alo e regi\u00e3o\" \/>\n\t\t<meta property=\"og:type\" content=\"article\" \/>\n\t\t<meta property=\"og:title\" content=\"S\u00e3o Gon\u00e7alo publica no Di\u00e1rio Oficial do dia 18 a lista de sorteados para centros de autismo | Encontra S\u00e3o Gon\u00e7alo\" \/>\n\t\t<meta property=\"og:url\" content=\"https:\/\/www.encontrasaogoncalo.com.br\/sobre\/sao-goncalo-publica-no-diario-oficial-do-dia-18-a-lista-de-sorteados-para-centros-de-autismo\/\" \/>\n\t\t<meta property=\"article:published_time\" content=\"2026-05-23T09:06:58+00:00\" \/>\n\t\t<meta property=\"article:modified_time\" content=\"2026-05-23T09:06:58+00:00\" \/>\n\t\t<meta name=\"twitter:card\" content=\"summary\" \/>\n\t\t<meta name=\"twitter:title\" content=\"S\u00e3o Gon\u00e7alo publica no Di\u00e1rio Oficial do dia 18 a lista de sorteados para centros de autismo | Encontra S\u00e3o Gon\u00e7alo\" \/>\n\t\t<script type=\"application\/ld+json\" class=\"aioseo-schema\">\n\t\t\t{\"@context\":\"https:\\\/\\\/schema.org\",\"@graph\":[{\"@type\":\"Article\",\"@id\":\"https:\\\/\\\/www.encontrasaogoncalo.com.br\\\/sobre\\\/sao-goncalo-publica-no-diario-oficial-do-dia-18-a-lista-de-sorteados-para-centros-de-autismo\\\/#article\",\"name\":\"S\\u00e3o Gon\\u00e7alo publica no Di\\u00e1rio Oficial do dia 18 a lista de sorteados para centros de autismo | Encontra S\\u00e3o Gon\\u00e7alo\",\"headline\":\"S\\u00e3o Gon\\u00e7alo publica no Di\\u00e1rio Oficial do dia 18 a lista de sorteados para centros de autismo\",\"author\":{\"@id\":\"https:\\\/\\\/www.encontrasaogoncalo.com.br\\\/sobre\\\/author\\\/esaogoncalo\\\/#author\"},\"publisher\":{\"@id\":\"https:\\\/\\\/www.encontrasaogoncalo.com.br\\\/sobre\\\/#organization\"},\"image\":{\"@type\":\"ImageObject\",\"url\":\"https:\\\/\\\/www.encontrasaogoncalo.com.br\\\/sobre\\\/wp-content\\\/uploads\\\/sao-goncalo-publica-no-diario-oficial-do-dia-18-a-lista-de-sorteados-para-centros-de-autismo.webp\",\"width\":280,\"height\":280,\"caption\":\"sorteados para centros de autismo\"},\"datePublished\":\"2026-05-23T09:06:58+00:00\",\"dateModified\":\"2026-05-23T09:06:58+00:00\",\"inLanguage\":\"pt-BR\",\"mainEntityOfPage\":{\"@id\":\"https:\\\/\\\/www.encontrasaogoncalo.com.br\\\/sobre\\\/sao-goncalo-publica-no-diario-oficial-do-dia-18-a-lista-de-sorteados-para-centros-de-autismo\\\/#webpage\"},\"isPartOf\":{\"@id\":\"https:\\\/\\\/www.encontrasaogoncalo.com.br\\\/sobre\\\/sao-goncalo-publica-no-diario-oficial-do-dia-18-a-lista-de-sorteados-para-centros-de-autismo\\\/#webpage\"},\"articleSection\":\"Not\\u00edcias S\\u00e3o Gon\\u00e7alo\"},{\"@type\":\"BreadcrumbList\",\"@id\":\"https:\\\/\\\/www.encontrasaogoncalo.com.br\\\/sobre\\\/sao-goncalo-publica-no-diario-oficial-do-dia-18-a-lista-de-sorteados-para-centros-de-autismo\\\/#breadcrumblist\",\"itemListElement\":[{\"@type\":\"ListItem\",\"@id\":\"https:\\\/\\\/www.encontrasaogoncalo.com.br\\\/sobre#listItem\",\"position\":1,\"name\":\"In\\u00edcio\",\"item\":\"https:\\\/\\\/www.encontrasaogoncalo.com.br\\\/sobre\",\"nextItem\":{\"@type\":\"ListItem\",\"@id\":\"https:\\\/\\\/www.encontrasaogoncalo.com.br\\\/sobre\\\/noticias-em-sao-goncalo\\\/#listItem\",\"name\":\"Not\\u00edcias S\\u00e3o Gon\\u00e7alo\"}},{\"@type\":\"ListItem\",\"@id\":\"https:\\\/\\\/www.encontrasaogoncalo.com.br\\\/sobre\\\/noticias-em-sao-goncalo\\\/#listItem\",\"position\":2,\"name\":\"Not\\u00edcias S\\u00e3o Gon\\u00e7alo\",\"item\":\"https:\\\/\\\/www.encontrasaogoncalo.com.br\\\/sobre\\\/noticias-em-sao-goncalo\\\/\",\"nextItem\":{\"@type\":\"ListItem\",\"@id\":\"https:\\\/\\\/www.encontrasaogoncalo.com.br\\\/sobre\\\/sao-goncalo-publica-no-diario-oficial-do-dia-18-a-lista-de-sorteados-para-centros-de-autismo\\\/#listItem\",\"name\":\"S\\u00e3o Gon\\u00e7alo publica no Di\\u00e1rio Oficial do dia 18 a lista de sorteados para centros de autismo\"},\"previousItem\":{\"@type\":\"ListItem\",\"@id\":\"https:\\\/\\\/www.encontrasaogoncalo.com.br\\\/sobre#listItem\",\"name\":\"In\\u00edcio\"}},{\"@type\":\"ListItem\",\"@id\":\"https:\\\/\\\/www.encontrasaogoncalo.com.br\\\/sobre\\\/sao-goncalo-publica-no-diario-oficial-do-dia-18-a-lista-de-sorteados-para-centros-de-autismo\\\/#listItem\",\"position\":3,\"name\":\"S\\u00e3o Gon\\u00e7alo publica no Di\\u00e1rio Oficial do dia 18 a lista de sorteados para centros de autismo\",\"previousItem\":{\"@type\":\"ListItem\",\"@id\":\"https:\\\/\\\/www.encontrasaogoncalo.com.br\\\/sobre\\\/noticias-em-sao-goncalo\\\/#listItem\",\"name\":\"Not\\u00edcias S\\u00e3o Gon\\u00e7alo\"}}]},{\"@type\":\"Organization\",\"@id\":\"https:\\\/\\\/www.encontrasaogoncalo.com.br\\\/sobre\\\/#organization\",\"name\":\"Encontra S\\u00e3o Gon\\u00e7alo\",\"description\":\"Not\\u00edcias, eventos, informa\\u00e7\\u00f5es e dicas da cidade de S\\u00e3o Gon\\u00e7alo e regi\\u00e3o\",\"url\":\"https:\\\/\\\/www.encontrasaogoncalo.com.br\\\/sobre\\\/\"},{\"@type\":\"Person\",\"@id\":\"https:\\\/\\\/www.encontrasaogoncalo.com.br\\\/sobre\\\/author\\\/esaogoncalo\\\/#author\",\"url\":\"https:\\\/\\\/www.encontrasaogoncalo.com.br\\\/sobre\\\/author\\\/esaogoncalo\\\/\",\"name\":\"Encontra S\\u00e3o Gon\\u00e7alo\",\"image\":{\"@type\":\"ImageObject\",\"@id\":\"https:\\\/\\\/www.encontrasaogoncalo.com.br\\\/sobre\\\/sao-goncalo-publica-no-diario-oficial-do-dia-18-a-lista-de-sorteados-para-centros-de-autismo\\\/#authorImage\",\"url\":\"https:\\\/\\\/secure.gravatar.com\\\/avatar\\\/507340682b8270222e1f208e23198b6ae7e2c6a1033ae84e99bc6bce4f82a387?s=96&d=mm&r=g\",\"width\":96,\"height\":96,\"caption\":\"Encontra S\\u00e3o Gon\\u00e7alo\"}},{\"@type\":\"WebPage\",\"@id\":\"https:\\\/\\\/www.encontrasaogoncalo.com.br\\\/sobre\\\/sao-goncalo-publica-no-diario-oficial-do-dia-18-a-lista-de-sorteados-para-centros-de-autismo\\\/#webpage\",\"url\":\"https:\\\/\\\/www.encontrasaogoncalo.com.br\\\/sobre\\\/sao-goncalo-publica-no-diario-oficial-do-dia-18-a-lista-de-sorteados-para-centros-de-autismo\\\/\",\"name\":\"S\\u00e3o Gon\\u00e7alo publica no Di\\u00e1rio Oficial do dia 18 a lista de sorteados para centros de autismo | Encontra S\\u00e3o Gon\\u00e7alo\",\"inLanguage\":\"pt-BR\",\"isPartOf\":{\"@id\":\"https:\\\/\\\/www.encontrasaogoncalo.com.br\\\/sobre\\\/#website\"},\"breadcrumb\":{\"@id\":\"https:\\\/\\\/www.encontrasaogoncalo.com.br\\\/sobre\\\/sao-goncalo-publica-no-diario-oficial-do-dia-18-a-lista-de-sorteados-para-centros-de-autismo\\\/#breadcrumblist\"},\"author\":{\"@id\":\"https:\\\/\\\/www.encontrasaogoncalo.com.br\\\/sobre\\\/author\\\/esaogoncalo\\\/#author\"},\"creator\":{\"@id\":\"https:\\\/\\\/www.encontrasaogoncalo.com.br\\\/sobre\\\/author\\\/esaogoncalo\\\/#author\"},\"image\":{\"@type\":\"ImageObject\",\"url\":\"https:\\\/\\\/www.encontrasaogoncalo.com.br\\\/sobre\\\/wp-content\\\/uploads\\\/sao-goncalo-publica-no-diario-oficial-do-dia-18-a-lista-de-sorteados-para-centros-de-autismo.webp\",\"@id\":\"https:\\\/\\\/www.encontrasaogoncalo.com.br\\\/sobre\\\/sao-goncalo-publica-no-diario-oficial-do-dia-18-a-lista-de-sorteados-para-centros-de-autismo\\\/#mainImage\",\"width\":280,\"height\":280,\"caption\":\"sorteados para centros de autismo\"},\"primaryImageOfPage\":{\"@id\":\"https:\\\/\\\/www.encontrasaogoncalo.com.br\\\/sobre\\\/sao-goncalo-publica-no-diario-oficial-do-dia-18-a-lista-de-sorteados-para-centros-de-autismo\\\/#mainImage\"},\"datePublished\":\"2026-05-23T09:06:58+00:00\",\"dateModified\":\"2026-05-23T09:06:58+00:00\"},{\"@type\":\"WebSite\",\"@id\":\"https:\\\/\\\/www.encontrasaogoncalo.com.br\\\/sobre\\\/#website\",\"url\":\"https:\\\/\\\/www.encontrasaogoncalo.com.br\\\/sobre\\\/\",\"name\":\"Encontra S\\u00e3o Gon\\u00e7alo\",\"description\":\"Not\\u00edcias, eventos, informa\\u00e7\\u00f5es e dicas da cidade de S\\u00e3o Gon\\u00e7alo e regi\\u00e3o\",\"inLanguage\":\"pt-BR\",\"publisher\":{\"@id\":\"https:\\\/\\\/www.encontrasaogoncalo.com.br\\\/sobre\\\/#organization\"}}]}\n\t\t<\/script>\n\t\t<!-- All in One SEO -->\n\n","aioseo_head_json":{"title":"S\u00e3o Gon\u00e7alo publica no Di\u00e1rio Oficial do dia 18 a lista de sorteados para centros de autismo | Encontra S\u00e3o Gon\u00e7alo","description":"","canonical_url":"https:\/\/www.encontrasaogoncalo.com.br\/sobre\/sao-goncalo-publica-no-diario-oficial-do-dia-18-a-lista-de-sorteados-para-centros-de-autismo\/","robots":"max-image-preview:large","keywords":"","webmasterTools":{"miscellaneous":""},"schema":{"@context":"https:\/\/schema.org","@graph":[{"@type":"Article","@id":"https:\/\/www.encontrasaogoncalo.com.br\/sobre\/sao-goncalo-publica-no-diario-oficial-do-dia-18-a-lista-de-sorteados-para-centros-de-autismo\/#article","name":"S\u00e3o Gon\u00e7alo publica no Di\u00e1rio Oficial do dia 18 a lista de sorteados para centros de autismo | Encontra S\u00e3o Gon\u00e7alo","headline":"S\u00e3o Gon\u00e7alo publica no Di\u00e1rio Oficial do dia 18 a lista de sorteados para centros de autismo","author":{"@id":"https:\/\/www.encontrasaogoncalo.com.br\/sobre\/author\/esaogoncalo\/#author"},"publisher":{"@id":"https:\/\/www.encontrasaogoncalo.com.br\/sobre\/#organization"},"image":{"@type":"ImageObject","url":"https:\/\/www.encontrasaogoncalo.com.br\/sobre\/wp-content\/uploads\/sao-goncalo-publica-no-diario-oficial-do-dia-18-a-lista-de-sorteados-para-centros-de-autismo.webp","width":280,"height":280,"caption":"sorteados para centros de autismo"},"datePublished":"2026-05-23T09:06:58+00:00","dateModified":"2026-05-23T09:06:58+00:00","inLanguage":"pt-BR","mainEntityOfPage":{"@id":"https:\/\/www.encontrasaogoncalo.com.br\/sobre\/sao-goncalo-publica-no-diario-oficial-do-dia-18-a-lista-de-sorteados-para-centros-de-autismo\/#webpage"},"isPartOf":{"@id":"https:\/\/www.encontrasaogoncalo.com.br\/sobre\/sao-goncalo-publica-no-diario-oficial-do-dia-18-a-lista-de-sorteados-para-centros-de-autismo\/#webpage"},"articleSection":"Not\u00edcias S\u00e3o Gon\u00e7alo"},{"@type":"BreadcrumbList","@id":"https:\/\/www.encontrasaogoncalo.com.br\/sobre\/sao-goncalo-publica-no-diario-oficial-do-dia-18-a-lista-de-sorteados-para-centros-de-autismo\/#breadcrumblist","itemListElement":[{"@type":"ListItem","@id":"https:\/\/www.encontrasaogoncalo.com.br\/sobre#listItem","position":1,"name":"In\u00edcio","item":"https:\/\/www.encontrasaogoncalo.com.br\/sobre","nextItem":{"@type":"ListItem","@id":"https:\/\/www.encontrasaogoncalo.com.br\/sobre\/noticias-em-sao-goncalo\/#listItem","name":"Not\u00edcias S\u00e3o Gon\u00e7alo"}},{"@type":"ListItem","@id":"https:\/\/www.encontrasaogoncalo.com.br\/sobre\/noticias-em-sao-goncalo\/#listItem","position":2,"name":"Not\u00edcias S\u00e3o Gon\u00e7alo","item":"https:\/\/www.encontrasaogoncalo.com.br\/sobre\/noticias-em-sao-goncalo\/","nextItem":{"@type":"ListItem","@id":"https:\/\/www.encontrasaogoncalo.com.br\/sobre\/sao-goncalo-publica-no-diario-oficial-do-dia-18-a-lista-de-sorteados-para-centros-de-autismo\/#listItem","name":"S\u00e3o Gon\u00e7alo publica no Di\u00e1rio Oficial do dia 18 a lista de sorteados para centros de autismo"},"previousItem":{"@type":"ListItem","@id":"https:\/\/www.encontrasaogoncalo.com.br\/sobre#listItem","name":"In\u00edcio"}},{"@type":"ListItem","@id":"https:\/\/www.encontrasaogoncalo.com.br\/sobre\/sao-goncalo-publica-no-diario-oficial-do-dia-18-a-lista-de-sorteados-para-centros-de-autismo\/#listItem","position":3,"name":"S\u00e3o Gon\u00e7alo publica no Di\u00e1rio Oficial do dia 18 a lista de sorteados para centros de autismo","previousItem":{"@type":"ListItem","@id":"https:\/\/www.encontrasaogoncalo.com.br\/sobre\/noticias-em-sao-goncalo\/#listItem","name":"Not\u00edcias S\u00e3o Gon\u00e7alo"}}]},{"@type":"Organization","@id":"https:\/\/www.encontrasaogoncalo.com.br\/sobre\/#organization","name":"Encontra S\u00e3o Gon\u00e7alo","description":"Not\u00edcias, eventos, informa\u00e7\u00f5es e dicas da cidade de S\u00e3o Gon\u00e7alo e regi\u00e3o","url":"https:\/\/www.encontrasaogoncalo.com.br\/sobre\/"},{"@type":"Person","@id":"https:\/\/www.encontrasaogoncalo.com.br\/sobre\/author\/esaogoncalo\/#author","url":"https:\/\/www.encontrasaogoncalo.com.br\/sobre\/author\/esaogoncalo\/","name":"Encontra S\u00e3o Gon\u00e7alo","image":{"@type":"ImageObject","@id":"https:\/\/www.encontrasaogoncalo.com.br\/sobre\/sao-goncalo-publica-no-diario-oficial-do-dia-18-a-lista-de-sorteados-para-centros-de-autismo\/#authorImage","url":"https:\/\/secure.gravatar.com\/avatar\/507340682b8270222e1f208e23198b6ae7e2c6a1033ae84e99bc6bce4f82a387?s=96&d=mm&r=g","width":96,"height":96,"caption":"Encontra S\u00e3o Gon\u00e7alo"}},{"@type":"WebPage","@id":"https:\/\/www.encontrasaogoncalo.com.br\/sobre\/sao-goncalo-publica-no-diario-oficial-do-dia-18-a-lista-de-sorteados-para-centros-de-autismo\/#webpage","url":"https:\/\/www.encontrasaogoncalo.com.br\/sobre\/sao-goncalo-publica-no-diario-oficial-do-dia-18-a-lista-de-sorteados-para-centros-de-autismo\/","name":"S\u00e3o Gon\u00e7alo publica no Di\u00e1rio Oficial do dia 18 a lista de sorteados para centros de autismo | Encontra S\u00e3o Gon\u00e7alo","inLanguage":"pt-BR","isPartOf":{"@id":"https:\/\/www.encontrasaogoncalo.com.br\/sobre\/#website"},"breadcrumb":{"@id":"https:\/\/www.encontrasaogoncalo.com.br\/sobre\/sao-goncalo-publica-no-diario-oficial-do-dia-18-a-lista-de-sorteados-para-centros-de-autismo\/#breadcrumblist"},"author":{"@id":"https:\/\/www.encontrasaogoncalo.com.br\/sobre\/author\/esaogoncalo\/#author"},"creator":{"@id":"https:\/\/www.encontrasaogoncalo.com.br\/sobre\/author\/esaogoncalo\/#author"},"image":{"@type":"ImageObject","url":"https:\/\/www.encontrasaogoncalo.com.br\/sobre\/wp-content\/uploads\/sao-goncalo-publica-no-diario-oficial-do-dia-18-a-lista-de-sorteados-para-centros-de-autismo.webp","@id":"https:\/\/www.encontrasaogoncalo.com.br\/sobre\/sao-goncalo-publica-no-diario-oficial-do-dia-18-a-lista-de-sorteados-para-centros-de-autismo\/#mainImage","width":280,"height":280,"caption":"sorteados para centros de autismo"},"primaryImageOfPage":{"@id":"https:\/\/www.encontrasaogoncalo.com.br\/sobre\/sao-goncalo-publica-no-diario-oficial-do-dia-18-a-lista-de-sorteados-para-centros-de-autismo\/#mainImage"},"datePublished":"2026-05-23T09:06:58+00:00","dateModified":"2026-05-23T09:06:58+00:00"},{"@type":"WebSite","@id":"https:\/\/www.encontrasaogoncalo.com.br\/sobre\/#website","url":"https:\/\/www.encontrasaogoncalo.com.br\/sobre\/","name":"Encontra S\u00e3o Gon\u00e7alo","description":"Not\u00edcias, eventos, informa\u00e7\u00f5es e dicas da cidade de S\u00e3o Gon\u00e7alo e regi\u00e3o","inLanguage":"pt-BR","publisher":{"@id":"https:\/\/www.encontrasaogoncalo.com.br\/sobre\/#organization"}}]},"og:locale":"pt_BR","og:site_name":"Encontra S\u00e3o Gon\u00e7alo | Not\u00edcias, eventos, informa\u00e7\u00f5es e dicas da cidade de S\u00e3o Gon\u00e7alo e regi\u00e3o","og:type":"article","og:title":"S\u00e3o Gon\u00e7alo publica no Di\u00e1rio Oficial do dia 18 a lista de sorteados para centros de autismo | Encontra S\u00e3o Gon\u00e7alo","og:url":"https:\/\/www.encontrasaogoncalo.com.br\/sobre\/sao-goncalo-publica-no-diario-oficial-do-dia-18-a-lista-de-sorteados-para-centros-de-autismo\/","article:published_time":"2026-05-23T09:06:58+00:00","article:modified_time":"2026-05-23T09:06:58+00:00","twitter:card":"summary","twitter:title":"S\u00e3o Gon\u00e7alo publica no Di\u00e1rio Oficial do dia 18 a lista de sorteados para centros de autismo | Encontra S\u00e3o Gon\u00e7alo"},"aioseo_meta_data":{"post_id":"2064","title":null,"description":null,"keywords":null,"keyphrases":null,"primary_term":null,"canonical_url":null,"og_title":null,"og_description":null,"og_object_type":"default","og_image_type":"default","og_image_url":null,"og_image_width":null,"og_image_height":null,"og_image_custom_url":null,"og_image_custom_fields":null,"og_video":null,"og_custom_url":null,"og_article_section":null,"og_article_tags":null,"twitter_use_og":false,"twitter_card":"default","twitter_image_type":"default","twitter_image_url":null,"twitter_image_custom_url":null,"twitter_image_custom_fields":null,"twitter_title":null,"twitter_description":null,"schema":{"blockGraphs":[],"customGraphs":[],"default":{"data":{"Article":[],"Course":[],"Dataset":[],"FAQPage":[],"Movie":[],"Person":[],"Product":[],"ProductReview":[],"Car":[],"Recipe":[],"Service":[],"SoftwareApplication":[],"WebPage":[]},"graphName":"Article","isEnabled":true},"graphs":[]},"schema_type":"default","schema_type_options":null,"pillar_content":false,"robots_default":true,"robots_noindex":false,"robots_noarchive":false,"robots_nosnippet":false,"robots_nofollow":false,"robots_noimageindex":false,"robots_noodp":false,"robots_notranslate":false,"robots_max_snippet":null,"robots_max_videopreview":null,"robots_max_imagepreview":"large","priority":null,"frequency":null,"local_seo":null,"breadcrumb_settings":null,"limit_modified_date":false,"ai":null,"created":"2026-05-23 09:07:01","updated":"2026-05-23 09:31:54","focus_keyword":null,"additional_keywords":null,"truseo_locale":null,"seo_analyzer_scan_date":null},"aioseo_breadcrumb":"<div class=\"aioseo-breadcrumbs\"><span class=\"aioseo-breadcrumb\">\n\t\t\t<a href=\"https:\/\/www.encontrasaogoncalo.com.br\/sobre\" title=\"In\u00edcio\">In\u00edcio<\/a>\n\t\t<\/span><span class=\"aioseo-breadcrumb-separator\">&raquo;<\/span><span class=\"aioseo-breadcrumb\">\n\t\t\t<a href=\"https:\/\/www.encontrasaogoncalo.com.br\/sobre\/noticias-em-sao-goncalo\/\" title=\"Not\u00edcias S\u00e3o Gon\u00e7alo\">Not\u00edcias S\u00e3o Gon\u00e7alo<\/a>\n\t\t<\/span><span class=\"aioseo-breadcrumb-separator\">&raquo;<\/span><span class=\"aioseo-breadcrumb\">\n\t\t\tS\u00e3o Gon\u00e7alo publica no Di\u00e1rio Oficial do dia 18 a lista de sorteados para centros de autismo\n\t\t<\/span><\/div>","aioseo_breadcrumb_json":[{"label":"In\u00edcio","link":"https:\/\/www.encontrasaogoncalo.com.br\/sobre"},{"label":"Not\u00edcias S\u00e3o Gon\u00e7alo","link":"https:\/\/www.encontrasaogoncalo.com.br\/sobre\/noticias-em-sao-goncalo\/"},{"label":"S\u00e3o Gon\u00e7alo publica no Di\u00e1rio Oficial do dia 18 a lista de sorteados para centros de autismo","link":"https:\/\/www.encontrasaogoncalo.com.br\/sobre\/sao-goncalo-publica-no-diario-oficial-do-dia-18-a-lista-de-sorteados-para-centros-de-autismo\/"}],"_links":{"self":[{"href":"https:\/\/www.encontrasaogoncalo.com.br\/sobre\/wp-json\/wp\/v2\/posts\/2064","targetHints":{"allow":["GET"]}}],"collection":[{"href":"https:\/\/www.encontrasaogoncalo.com.br\/sobre\/wp-json\/wp\/v2\/posts"}],"about":[{"href":"https:\/\/www.encontrasaogoncalo.com.br\/sobre\/wp-json\/wp\/v2\/types\/post"}],"author":[{"embeddable":true,"href":"https:\/\/www.encontrasaogoncalo.com.br\/sobre\/wp-json\/wp\/v2\/users\/1"}],"replies":[{"embeddable":true,"href":"https:\/\/www.encontrasaogoncalo.com.br\/sobre\/wp-json\/wp\/v2\/comments?post=2064"}],"version-history":[{"count":0,"href":"https:\/\/www.encontrasaogoncalo.com.br\/sobre\/wp-json\/wp\/v2\/posts\/2064\/revisions"}],"wp:featuredmedia":[{"embeddable":true,"href":"https:\/\/www.encontrasaogoncalo.com.br\/sobre\/wp-json\/wp\/v2\/media\/2063"}],"wp:attachment":[{"href":"https:\/\/www.encontrasaogoncalo.com.br\/sobre\/wp-json\/wp\/v2\/media?parent=2064"}],"wp:term":[{"taxonomy":"category","embeddable":true,"href":"https:\/\/www.encontrasaogoncalo.com.br\/sobre\/wp-json\/wp\/v2\/categories?post=2064"},{"taxonomy":"post_tag","embeddable":true,"href":"https:\/\/www.encontrasaogoncalo.com.br\/sobre\/wp-json\/wp\/v2\/tags?post=2064"}],"curies":[{"name":"wp","href":"https:\/\/api.w.org\/{rel}","templated":true}]}}