{"id":2069,"date":"2026-05-24T09:20:57","date_gmt":"2026-05-24T09:20:57","guid":{"rendered":"https:\/\/www.encontrasaogoncalo.com.br\/sobre\/sao-goncalo-vai-realizar-evento-para-maes-atipicas-e-com-deficiencia\/"},"modified":"2026-05-24T09:20:57","modified_gmt":"2026-05-24T09:20:57","slug":"sao-goncalo-vai-realizar-evento-para-maes-atipicas-e-com-deficiencia","status":"publish","type":"post","link":"https:\/\/www.encontrasaogoncalo.com.br\/sobre\/sao-goncalo-vai-realizar-evento-para-maes-atipicas-e-com-deficiencia\/","title":{"rendered":"S\u00e3o Gon\u00e7alo vai realizar evento para m\u00e3es at\u00edpicas e com defici\u00eancia"},"content":{"rendered":"<div class=\"558ebb280150f569344a3237cd236fe7\" data-index=\"1\" style=\"float: none; margin:0px;\">\n<!-- Anuncio display - global -->\r\n<ins class=\"adsbygoogle\"\r\n     style=\"display:block\"\r\n     data-ad-client=\"ca-pub-8585364105181520\"\r\n     data-ad-slot=\"8789329856\"\r\n     data-ad-format=\"auto\"\r\n     data-full-width-responsive=\"true\"><\/ins>\r\n<script>\r\n     (adsbygoogle = window.adsbygoogle || []).push({});\r\n<\/script>\n<\/div>\n<h2>O que \u00e9 o Evento &#8216;M\u00e3es PCD em Foco&#8217;?<\/h2>\n<p>O evento &#8216;M\u00e3es PCD em Foco&#8217; \u00e9 uma iniciativa promovida pela Prefeitura de S\u00e3o Gon\u00e7alo, especificamente pela Subsecretaria da Pessoa com Defici\u00eancia, que visa oferecer um espa\u00e7o acolhedor e de valoriza\u00e7\u00e3o para m\u00e3es que t\u00eam defici\u00eancia ou que s\u00e3o m\u00e3es de crian\u00e7as com defici\u00eancia. Este evento ser\u00e1 realizado no pr\u00f3ximo dia 19, no Espa\u00e7o Mais Conhecimento, no Partage Shopping, a partir das 13h.<\/p>\n<h2>Como Participar e Aproveitar o Evento<\/h2>\n<p>A participa\u00e7\u00e3o no evento \u00e9 gratuita e \u00e9 uma excelente oportunidade para as m\u00e3es se beneficiarem de diversos servi\u00e7os e cuidados. \u00c9 ideal que as interessadas cheguem cedo, para garantir acesso a todas as atividades dispon\u00edveis. A programa\u00e7\u00e3o inclui atendimentos variados que visam promover sa\u00fade e bem-estar.<\/p>\n<h2>Servi\u00e7os Oferecidos durante o Evento<\/h2>\n<p>Durante o &#8216;M\u00e3es PCD em Foco&#8217;, haver\u00e1 uma variedade de servi\u00e7os gratuitos:<\/p>\n<ul>\n<li><strong>Fisioterapia:<\/strong> Tratamentos focados no bem-estar f\u00edsico das participantes.<\/li>\n<li><strong>Auriculoterapia:<\/strong> Uma t\u00e9cnica de tratamento que utiliza pontos de est\u00edmulo na orelha para aliviar dores e tens\u00f5es.<\/li>\n<li><strong>Massoterapia:<\/strong> Sess\u00f5es de massagem para relaxamento e al\u00edvio de estresse.<\/li>\n<li><strong>Orienta\u00e7\u00f5es Nutricionais:<\/strong> Consultas com profissionais de nutri\u00e7\u00e3o, abordando alimenta\u00e7\u00e3o saud\u00e1vel e cuidados.<\/li>\n<li><strong>Servi\u00e7os de Beleza:<\/strong> Maquiagem e cuidados est\u00e9ticos para as participantes.<\/li>\n<\/ul>\n<h2>A Import\u00e2ncia do Apoio \u00e0s M\u00e3es com Defici\u00eancia<\/h2>\n<p>O evento tem um papel fundamental na promo\u00e7\u00e3o do apoio e na valoriza\u00e7\u00e3o das m\u00e3es que enfrentam desafios di\u00e1rios, tanto por sua condi\u00e7\u00e3o pessoal quanto pela responsabilidade de cuidar de filhos com defici\u00eancia. \u00c9 uma maneira de destacar a necessidade de suporte e de construir uma rede de aux\u00edlio entre essas mulheres.<\/p>\n<h2>Hist\u00f3rias Inspiradoras de M\u00e3es At\u00edpicas<\/h2>\n<p>Uma das grandes riquezas do evento foi a possibilidade de troca de experi\u00eancias. M\u00e3es compartilham hist\u00f3rias que transmitir\u00e3o for\u00e7a e resili\u00eancia, inspirando outras a superarem dificuldades. Essas narrativas pessoais ajudam a criar um sentido de comunidade e pertencimento.<\/p>\n<h2>Din\u00e2micas de Grupo e Socializa\u00e7\u00e3o<\/h2>\n<p>Al\u00e9m dos servi\u00e7os oferecidos, haver\u00e1 momentos destinados \u00e0 socializa\u00e7\u00e3o. Din\u00e2micas de grupo est\u00e3o programadas para promover intera\u00e7\u00f5es entre as participantes, facilitando a constru\u00e7\u00e3o de la\u00e7os e compartilhamento de experi\u00eancias. Essas intera\u00e7\u00f5es s\u00e3o cruciais para o fortalecimento emocional e social das m\u00e3es envolvidas.<\/p>\n<h2>Fisioterapia e Cuidados de Sa\u00fade Dispon\u00edveis<\/h2>\n<p>Os atendimentos de sa\u00fade, como fisioterapia e auriculoterapia, s\u00e3o especialmente projetados para atender as necessidades das participantes. Esses servi\u00e7os podem auxiliar na melhoria da qualidade de vida, aliviando tens\u00f5es f\u00edsicas e emocionais.<\/p>\n<h2>A Valoriza\u00e7\u00e3o das M\u00e3es no M\u00eas das M\u00e3es<\/h2>\n<p>O m\u00eas de maio \u00e9 tradicionalmente uma \u00e9poca de celebra\u00e7\u00e3o das m\u00e3es. Assim, este evento estabelece um marco importante na valoriza\u00e7\u00e3o dessas mulheres, proporcionando n\u00e3o apenas cuidados f\u00edsicos e emocionais, mas tamb\u00e9m um reconhecimento das suas lutas e conquistas. O evento refor\u00e7a a ideia de que cada m\u00e3e merece um espa\u00e7o de aten\u00e7\u00e3o e carinho.<\/p>\n<h2>Compartilhando Experi\u00eancias e Conex\u00f5es<\/h2>\n<p>As m\u00e3es que participam do evento t\u00eam a chance de fazer novas amizades e manter redes de apoio. Compartilhar experi\u00eancias pessoais cria um ambiente de empatia e compreens\u00e3o, essencial para o fortalecimento da comunidade.<\/p>\n<h2>Aspectos e Impactos do Evento na Comunidade<\/h2>\n<p>O evento &#8216;M\u00e3es PCD em Foco&#8217; n\u00e3o apenas impacta as participantes diretamente, mas tamb\u00e9m desempenha um papel importante na conscientiza\u00e7\u00e3o social sobre as necessidades das m\u00e3es com defici\u00eancia e aquelas que cuidam de filhos com defici\u00eancia. A visibilidade gerada por iniciativas como essa contribui para a constru\u00e7\u00e3o de uma sociedade mais inclusiva e emp\u00e1tica.<\/p>\n<p>Em resumo, o evento &#8216;M\u00e3es PCD em Foco&#8217; \u00e9 uma celebra\u00e7\u00e3o e um suporte vital para um grupo muitas vezes sub-representado e que enfrenta desafios particulares. Com uma programa\u00e7\u00e3o repleta de servi\u00e7os, oportunidades de socializa\u00e7\u00e3o e um ambiente acolhedor, espera-se que cada participante saia do evento rejuvenescida e refor\u00e7ada em sua jornada como m\u00e3e.<\/p>\n\n<div style=\"font-size: 0px; height: 0px; line-height: 0px; margin: 0; padding: 0; clear: both;\"><\/div>","protected":false},"excerpt":{"rendered":"<p>S\u00e3o Gon\u00e7alo realiza evento especial para m\u00e3es at\u00edpicas e com defici\u00eancia, valorizando suas conquistas.<\/p>\n","protected":false},"author":1,"featured_media":0,"comment_status":"open","ping_status":"closed","sticky":false,"template":"","format":"standard","meta":{"footnotes":""},"categories":[33],"tags":[],"class_list":["post-2069","post","type-post","status-publish","format-standard","hentry","category-educacao-em-sao-goncalo"],"aioseo_notices":[],"aioseo_head":"\n\t\t<!-- All in One SEO 5.0.0.1 - aioseo.com -->\n\t<meta name=\"robots\" content=\"max-image-preview:large\" \/>\n\t<meta name=\"author\" content=\"Encontra S\u00e3o Gon\u00e7alo\"\/>\n\t<link rel=\"canonical\" href=\"https:\/\/www.encontrasaogoncalo.com.br\/sobre\/sao-goncalo-vai-realizar-evento-para-maes-atipicas-e-com-deficiencia\/\" \/>\n\t<meta name=\"generator\" content=\"All in One SEO (AIOSEO) 5.0.0.1\" \/>\n\t\t<meta property=\"og:locale\" content=\"pt_BR\" \/>\n\t\t<meta property=\"og:site_name\" content=\"Encontra S\u00e3o Gon\u00e7alo | Not\u00edcias, eventos, informa\u00e7\u00f5es e dicas da cidade de S\u00e3o Gon\u00e7alo e regi\u00e3o\" \/>\n\t\t<meta property=\"og:type\" content=\"article\" \/>\n\t\t<meta property=\"og:title\" content=\"S\u00e3o Gon\u00e7alo vai realizar evento para m\u00e3es at\u00edpicas e com defici\u00eancia | Encontra S\u00e3o Gon\u00e7alo\" \/>\n\t\t<meta property=\"og:url\" content=\"https:\/\/www.encontrasaogoncalo.com.br\/sobre\/sao-goncalo-vai-realizar-evento-para-maes-atipicas-e-com-deficiencia\/\" \/>\n\t\t<meta property=\"article:published_time\" content=\"2026-05-24T09:20:57+00:00\" \/>\n\t\t<meta property=\"article:modified_time\" content=\"2026-05-24T09:20:57+00:00\" \/>\n\t\t<meta name=\"twitter:card\" content=\"summary\" \/>\n\t\t<meta name=\"twitter:title\" content=\"S\u00e3o Gon\u00e7alo vai realizar evento para m\u00e3es at\u00edpicas e com defici\u00eancia | Encontra S\u00e3o Gon\u00e7alo\" \/>\n\t\t<script type=\"application\/ld+json\" class=\"aioseo-schema\">\n\t\t\t{\"@context\":\"https:\\\/\\\/schema.org\",\"@graph\":[{\"@type\":\"Article\",\"@id\":\"https:\\\/\\\/www.encontrasaogoncalo.com.br\\\/sobre\\\/sao-goncalo-vai-realizar-evento-para-maes-atipicas-e-com-deficiencia\\\/#article\",\"name\":\"S\\u00e3o Gon\\u00e7alo vai realizar evento para m\\u00e3es at\\u00edpicas e com defici\\u00eancia | Encontra S\\u00e3o Gon\\u00e7alo\",\"headline\":\"S\\u00e3o Gon\\u00e7alo vai realizar evento para m\\u00e3es at\\u00edpicas e com defici\\u00eancia\",\"author\":{\"@id\":\"https:\\\/\\\/www.encontrasaogoncalo.com.br\\\/sobre\\\/author\\\/esaogoncalo\\\/#author\"},\"publisher\":{\"@id\":\"https:\\\/\\\/www.encontrasaogoncalo.com.br\\\/sobre\\\/#organization\"},\"datePublished\":\"2026-05-24T09:20:57+00:00\",\"dateModified\":\"2026-05-24T09:20:57+00:00\",\"inLanguage\":\"pt-BR\",\"mainEntityOfPage\":{\"@id\":\"https:\\\/\\\/www.encontrasaogoncalo.com.br\\\/sobre\\\/sao-goncalo-vai-realizar-evento-para-maes-atipicas-e-com-deficiencia\\\/#webpage\"},\"isPartOf\":{\"@id\":\"https:\\\/\\\/www.encontrasaogoncalo.com.br\\\/sobre\\\/sao-goncalo-vai-realizar-evento-para-maes-atipicas-e-com-deficiencia\\\/#webpage\"},\"articleSection\":\"Educa\\u00e7\\u00e3o S\\u00e3o Gon\\u00e7alo\"},{\"@type\":\"BreadcrumbList\",\"@id\":\"https:\\\/\\\/www.encontrasaogoncalo.com.br\\\/sobre\\\/sao-goncalo-vai-realizar-evento-para-maes-atipicas-e-com-deficiencia\\\/#breadcrumblist\",\"itemListElement\":[{\"@type\":\"ListItem\",\"@id\":\"https:\\\/\\\/www.encontrasaogoncalo.com.br\\\/sobre#listItem\",\"position\":1,\"name\":\"In\\u00edcio\",\"item\":\"https:\\\/\\\/www.encontrasaogoncalo.com.br\\\/sobre\",\"nextItem\":{\"@type\":\"ListItem\",\"@id\":\"https:\\\/\\\/www.encontrasaogoncalo.com.br\\\/sobre\\\/educacao-em-sao-goncalo\\\/#listItem\",\"name\":\"Educa\\u00e7\\u00e3o S\\u00e3o Gon\\u00e7alo\"}},{\"@type\":\"ListItem\",\"@id\":\"https:\\\/\\\/www.encontrasaogoncalo.com.br\\\/sobre\\\/educacao-em-sao-goncalo\\\/#listItem\",\"position\":2,\"name\":\"Educa\\u00e7\\u00e3o S\\u00e3o Gon\\u00e7alo\",\"item\":\"https:\\\/\\\/www.encontrasaogoncalo.com.br\\\/sobre\\\/educacao-em-sao-goncalo\\\/\",\"nextItem\":{\"@type\":\"ListItem\",\"@id\":\"https:\\\/\\\/www.encontrasaogoncalo.com.br\\\/sobre\\\/sao-goncalo-vai-realizar-evento-para-maes-atipicas-e-com-deficiencia\\\/#listItem\",\"name\":\"S\\u00e3o Gon\\u00e7alo vai realizar evento para m\\u00e3es at\\u00edpicas e com defici\\u00eancia\"},\"previousItem\":{\"@type\":\"ListItem\",\"@id\":\"https:\\\/\\\/www.encontrasaogoncalo.com.br\\\/sobre#listItem\",\"name\":\"In\\u00edcio\"}},{\"@type\":\"ListItem\",\"@id\":\"https:\\\/\\\/www.encontrasaogoncalo.com.br\\\/sobre\\\/sao-goncalo-vai-realizar-evento-para-maes-atipicas-e-com-deficiencia\\\/#listItem\",\"position\":3,\"name\":\"S\\u00e3o Gon\\u00e7alo vai realizar evento para m\\u00e3es at\\u00edpicas e com defici\\u00eancia\",\"previousItem\":{\"@type\":\"ListItem\",\"@id\":\"https:\\\/\\\/www.encontrasaogoncalo.com.br\\\/sobre\\\/educacao-em-sao-goncalo\\\/#listItem\",\"name\":\"Educa\\u00e7\\u00e3o S\\u00e3o Gon\\u00e7alo\"}}]},{\"@type\":\"Organization\",\"@id\":\"https:\\\/\\\/www.encontrasaogoncalo.com.br\\\/sobre\\\/#organization\",\"name\":\"Encontra S\\u00e3o Gon\\u00e7alo\",\"description\":\"Not\\u00edcias, eventos, informa\\u00e7\\u00f5es e dicas da cidade de S\\u00e3o Gon\\u00e7alo e regi\\u00e3o\",\"url\":\"https:\\\/\\\/www.encontrasaogoncalo.com.br\\\/sobre\\\/\"},{\"@type\":\"Person\",\"@id\":\"https:\\\/\\\/www.encontrasaogoncalo.com.br\\\/sobre\\\/author\\\/esaogoncalo\\\/#author\",\"url\":\"https:\\\/\\\/www.encontrasaogoncalo.com.br\\\/sobre\\\/author\\\/esaogoncalo\\\/\",\"name\":\"Encontra S\\u00e3o Gon\\u00e7alo\",\"image\":{\"@type\":\"ImageObject\",\"@id\":\"https:\\\/\\\/www.encontrasaogoncalo.com.br\\\/sobre\\\/sao-goncalo-vai-realizar-evento-para-maes-atipicas-e-com-deficiencia\\\/#authorImage\",\"url\":\"https:\\\/\\\/secure.gravatar.com\\\/avatar\\\/507340682b8270222e1f208e23198b6ae7e2c6a1033ae84e99bc6bce4f82a387?s=96&d=mm&r=g\",\"width\":96,\"height\":96,\"caption\":\"Encontra S\\u00e3o Gon\\u00e7alo\"}},{\"@type\":\"WebPage\",\"@id\":\"https:\\\/\\\/www.encontrasaogoncalo.com.br\\\/sobre\\\/sao-goncalo-vai-realizar-evento-para-maes-atipicas-e-com-deficiencia\\\/#webpage\",\"url\":\"https:\\\/\\\/www.encontrasaogoncalo.com.br\\\/sobre\\\/sao-goncalo-vai-realizar-evento-para-maes-atipicas-e-com-deficiencia\\\/\",\"name\":\"S\\u00e3o Gon\\u00e7alo vai realizar evento para m\\u00e3es at\\u00edpicas e com defici\\u00eancia | Encontra S\\u00e3o Gon\\u00e7alo\",\"inLanguage\":\"pt-BR\",\"isPartOf\":{\"@id\":\"https:\\\/\\\/www.encontrasaogoncalo.com.br\\\/sobre\\\/#website\"},\"breadcrumb\":{\"@id\":\"https:\\\/\\\/www.encontrasaogoncalo.com.br\\\/sobre\\\/sao-goncalo-vai-realizar-evento-para-maes-atipicas-e-com-deficiencia\\\/#breadcrumblist\"},\"author\":{\"@id\":\"https:\\\/\\\/www.encontrasaogoncalo.com.br\\\/sobre\\\/author\\\/esaogoncalo\\\/#author\"},\"creator\":{\"@id\":\"https:\\\/\\\/www.encontrasaogoncalo.com.br\\\/sobre\\\/author\\\/esaogoncalo\\\/#author\"},\"datePublished\":\"2026-05-24T09:20:57+00:00\",\"dateModified\":\"2026-05-24T09:20:57+00:00\"},{\"@type\":\"WebSite\",\"@id\":\"https:\\\/\\\/www.encontrasaogoncalo.com.br\\\/sobre\\\/#website\",\"url\":\"https:\\\/\\\/www.encontrasaogoncalo.com.br\\\/sobre\\\/\",\"name\":\"Encontra S\\u00e3o Gon\\u00e7alo\",\"description\":\"Not\\u00edcias, eventos, informa\\u00e7\\u00f5es e dicas da cidade de S\\u00e3o Gon\\u00e7alo e regi\\u00e3o\",\"inLanguage\":\"pt-BR\",\"publisher\":{\"@id\":\"https:\\\/\\\/www.encontrasaogoncalo.com.br\\\/sobre\\\/#organization\"}}]}\n\t\t<\/script>\n\t\t<!-- All in One SEO -->\n\n","aioseo_head_json":{"title":"S\u00e3o Gon\u00e7alo vai realizar evento para m\u00e3es at\u00edpicas e com defici\u00eancia | Encontra S\u00e3o Gon\u00e7alo","description":"","canonical_url":"https:\/\/www.encontrasaogoncalo.com.br\/sobre\/sao-goncalo-vai-realizar-evento-para-maes-atipicas-e-com-deficiencia\/","robots":"max-image-preview:large","keywords":"","webmasterTools":{"miscellaneous":""},"schema":{"@context":"https:\/\/schema.org","@graph":[{"@type":"Article","@id":"https:\/\/www.encontrasaogoncalo.com.br\/sobre\/sao-goncalo-vai-realizar-evento-para-maes-atipicas-e-com-deficiencia\/#article","name":"S\u00e3o Gon\u00e7alo vai realizar evento para m\u00e3es at\u00edpicas e com defici\u00eancia | Encontra S\u00e3o Gon\u00e7alo","headline":"S\u00e3o Gon\u00e7alo vai realizar evento para m\u00e3es at\u00edpicas e com defici\u00eancia","author":{"@id":"https:\/\/www.encontrasaogoncalo.com.br\/sobre\/author\/esaogoncalo\/#author"},"publisher":{"@id":"https:\/\/www.encontrasaogoncalo.com.br\/sobre\/#organization"},"datePublished":"2026-05-24T09:20:57+00:00","dateModified":"2026-05-24T09:20:57+00:00","inLanguage":"pt-BR","mainEntityOfPage":{"@id":"https:\/\/www.encontrasaogoncalo.com.br\/sobre\/sao-goncalo-vai-realizar-evento-para-maes-atipicas-e-com-deficiencia\/#webpage"},"isPartOf":{"@id":"https:\/\/www.encontrasaogoncalo.com.br\/sobre\/sao-goncalo-vai-realizar-evento-para-maes-atipicas-e-com-deficiencia\/#webpage"},"articleSection":"Educa\u00e7\u00e3o S\u00e3o Gon\u00e7alo"},{"@type":"BreadcrumbList","@id":"https:\/\/www.encontrasaogoncalo.com.br\/sobre\/sao-goncalo-vai-realizar-evento-para-maes-atipicas-e-com-deficiencia\/#breadcrumblist","itemListElement":[{"@type":"ListItem","@id":"https:\/\/www.encontrasaogoncalo.com.br\/sobre#listItem","position":1,"name":"In\u00edcio","item":"https:\/\/www.encontrasaogoncalo.com.br\/sobre","nextItem":{"@type":"ListItem","@id":"https:\/\/www.encontrasaogoncalo.com.br\/sobre\/educacao-em-sao-goncalo\/#listItem","name":"Educa\u00e7\u00e3o S\u00e3o Gon\u00e7alo"}},{"@type":"ListItem","@id":"https:\/\/www.encontrasaogoncalo.com.br\/sobre\/educacao-em-sao-goncalo\/#listItem","position":2,"name":"Educa\u00e7\u00e3o S\u00e3o Gon\u00e7alo","item":"https:\/\/www.encontrasaogoncalo.com.br\/sobre\/educacao-em-sao-goncalo\/","nextItem":{"@type":"ListItem","@id":"https:\/\/www.encontrasaogoncalo.com.br\/sobre\/sao-goncalo-vai-realizar-evento-para-maes-atipicas-e-com-deficiencia\/#listItem","name":"S\u00e3o Gon\u00e7alo vai realizar evento para m\u00e3es at\u00edpicas e com defici\u00eancia"},"previousItem":{"@type":"ListItem","@id":"https:\/\/www.encontrasaogoncalo.com.br\/sobre#listItem","name":"In\u00edcio"}},{"@type":"ListItem","@id":"https:\/\/www.encontrasaogoncalo.com.br\/sobre\/sao-goncalo-vai-realizar-evento-para-maes-atipicas-e-com-deficiencia\/#listItem","position":3,"name":"S\u00e3o Gon\u00e7alo vai realizar evento para m\u00e3es at\u00edpicas e com defici\u00eancia","previousItem":{"@type":"ListItem","@id":"https:\/\/www.encontrasaogoncalo.com.br\/sobre\/educacao-em-sao-goncalo\/#listItem","name":"Educa\u00e7\u00e3o S\u00e3o Gon\u00e7alo"}}]},{"@type":"Organization","@id":"https:\/\/www.encontrasaogoncalo.com.br\/sobre\/#organization","name":"Encontra S\u00e3o Gon\u00e7alo","description":"Not\u00edcias, eventos, informa\u00e7\u00f5es e dicas da cidade de S\u00e3o Gon\u00e7alo e regi\u00e3o","url":"https:\/\/www.encontrasaogoncalo.com.br\/sobre\/"},{"@type":"Person","@id":"https:\/\/www.encontrasaogoncalo.com.br\/sobre\/author\/esaogoncalo\/#author","url":"https:\/\/www.encontrasaogoncalo.com.br\/sobre\/author\/esaogoncalo\/","name":"Encontra S\u00e3o Gon\u00e7alo","image":{"@type":"ImageObject","@id":"https:\/\/www.encontrasaogoncalo.com.br\/sobre\/sao-goncalo-vai-realizar-evento-para-maes-atipicas-e-com-deficiencia\/#authorImage","url":"https:\/\/secure.gravatar.com\/avatar\/507340682b8270222e1f208e23198b6ae7e2c6a1033ae84e99bc6bce4f82a387?s=96&d=mm&r=g","width":96,"height":96,"caption":"Encontra S\u00e3o Gon\u00e7alo"}},{"@type":"WebPage","@id":"https:\/\/www.encontrasaogoncalo.com.br\/sobre\/sao-goncalo-vai-realizar-evento-para-maes-atipicas-e-com-deficiencia\/#webpage","url":"https:\/\/www.encontrasaogoncalo.com.br\/sobre\/sao-goncalo-vai-realizar-evento-para-maes-atipicas-e-com-deficiencia\/","name":"S\u00e3o Gon\u00e7alo vai realizar evento para m\u00e3es at\u00edpicas e com defici\u00eancia | Encontra S\u00e3o Gon\u00e7alo","inLanguage":"pt-BR","isPartOf":{"@id":"https:\/\/www.encontrasaogoncalo.com.br\/sobre\/#website"},"breadcrumb":{"@id":"https:\/\/www.encontrasaogoncalo.com.br\/sobre\/sao-goncalo-vai-realizar-evento-para-maes-atipicas-e-com-deficiencia\/#breadcrumblist"},"author":{"@id":"https:\/\/www.encontrasaogoncalo.com.br\/sobre\/author\/esaogoncalo\/#author"},"creator":{"@id":"https:\/\/www.encontrasaogoncalo.com.br\/sobre\/author\/esaogoncalo\/#author"},"datePublished":"2026-05-24T09:20:57+00:00","dateModified":"2026-05-24T09:20:57+00:00"},{"@type":"WebSite","@id":"https:\/\/www.encontrasaogoncalo.com.br\/sobre\/#website","url":"https:\/\/www.encontrasaogoncalo.com.br\/sobre\/","name":"Encontra S\u00e3o Gon\u00e7alo","description":"Not\u00edcias, eventos, informa\u00e7\u00f5es e dicas da cidade de S\u00e3o Gon\u00e7alo e regi\u00e3o","inLanguage":"pt-BR","publisher":{"@id":"https:\/\/www.encontrasaogoncalo.com.br\/sobre\/#organization"}}]},"og:locale":"pt_BR","og:site_name":"Encontra S\u00e3o Gon\u00e7alo | Not\u00edcias, eventos, informa\u00e7\u00f5es e dicas da cidade de S\u00e3o Gon\u00e7alo e regi\u00e3o","og:type":"article","og:title":"S\u00e3o Gon\u00e7alo vai realizar evento para m\u00e3es at\u00edpicas e com defici\u00eancia | Encontra S\u00e3o Gon\u00e7alo","og:url":"https:\/\/www.encontrasaogoncalo.com.br\/sobre\/sao-goncalo-vai-realizar-evento-para-maes-atipicas-e-com-deficiencia\/","article:published_time":"2026-05-24T09:20:57+00:00","article:modified_time":"2026-05-24T09:20:57+00:00","twitter:card":"summary","twitter:title":"S\u00e3o Gon\u00e7alo vai realizar evento para m\u00e3es at\u00edpicas e com defici\u00eancia | Encontra S\u00e3o Gon\u00e7alo"},"aioseo_meta_data":{"post_id":"2069","title":null,"description":null,"keywords":null,"keyphrases":null,"primary_term":null,"canonical_url":null,"og_title":null,"og_description":null,"og_object_type":"default","og_image_type":"default","og_image_url":null,"og_image_width":null,"og_image_height":null,"og_image_custom_url":null,"og_image_custom_fields":null,"og_video":null,"og_custom_url":null,"og_article_section":null,"og_article_tags":null,"twitter_use_og":false,"twitter_card":"default","twitter_image_type":"default","twitter_image_url":null,"twitter_image_custom_url":null,"twitter_image_custom_fields":null,"twitter_title":null,"twitter_description":null,"schema":{"blockGraphs":[],"customGraphs":[],"default":{"data":{"Article":[],"Course":[],"Dataset":[],"FAQPage":[],"Movie":[],"Person":[],"Product":[],"ProductReview":[],"Car":[],"Recipe":[],"Service":[],"SoftwareApplication":[],"WebPage":[]},"graphName":"Article","isEnabled":true},"graphs":[]},"schema_type":"default","schema_type_options":null,"pillar_content":false,"robots_default":true,"robots_noindex":false,"robots_noarchive":false,"robots_nosnippet":false,"robots_nofollow":false,"robots_noimageindex":false,"robots_noodp":false,"robots_notranslate":false,"robots_max_snippet":null,"robots_max_videopreview":null,"robots_max_imagepreview":"large","priority":null,"frequency":null,"local_seo":null,"breadcrumb_settings":null,"limit_modified_date":false,"ai":null,"created":"2026-05-24 09:21:00","updated":"2026-05-24 09:45:24","focus_keyword":null,"additional_keywords":null,"truseo_locale":null,"seo_analyzer_scan_date":null},"aioseo_breadcrumb":"<div class=\"aioseo-breadcrumbs\"><span class=\"aioseo-breadcrumb\">\n\t\t\t<a href=\"https:\/\/www.encontrasaogoncalo.com.br\/sobre\" title=\"In\u00edcio\">In\u00edcio<\/a>\n\t\t<\/span><span class=\"aioseo-breadcrumb-separator\">&raquo;<\/span><span class=\"aioseo-breadcrumb\">\n\t\t\t<a href=\"https:\/\/www.encontrasaogoncalo.com.br\/sobre\/educacao-em-sao-goncalo\/\" title=\"Educa\u00e7\u00e3o S\u00e3o Gon\u00e7alo\">Educa\u00e7\u00e3o S\u00e3o Gon\u00e7alo<\/a>\n\t\t<\/span><span class=\"aioseo-breadcrumb-separator\">&raquo;<\/span><span class=\"aioseo-breadcrumb\">\n\t\t\tS\u00e3o Gon\u00e7alo vai realizar evento para m\u00e3es at\u00edpicas e com defici\u00eancia\n\t\t<\/span><\/div>","aioseo_breadcrumb_json":[{"label":"In\u00edcio","link":"https:\/\/www.encontrasaogoncalo.com.br\/sobre"},{"label":"Educa\u00e7\u00e3o S\u00e3o Gon\u00e7alo","link":"https:\/\/www.encontrasaogoncalo.com.br\/sobre\/educacao-em-sao-goncalo\/"},{"label":"S\u00e3o Gon\u00e7alo vai realizar evento para m\u00e3es at\u00edpicas e com defici\u00eancia","link":"https:\/\/www.encontrasaogoncalo.com.br\/sobre\/sao-goncalo-vai-realizar-evento-para-maes-atipicas-e-com-deficiencia\/"}],"_links":{"self":[{"href":"https:\/\/www.encontrasaogoncalo.com.br\/sobre\/wp-json\/wp\/v2\/posts\/2069","targetHints":{"allow":["GET"]}}],"collection":[{"href":"https:\/\/www.encontrasaogoncalo.com.br\/sobre\/wp-json\/wp\/v2\/posts"}],"about":[{"href":"https:\/\/www.encontrasaogoncalo.com.br\/sobre\/wp-json\/wp\/v2\/types\/post"}],"author":[{"embeddable":true,"href":"https:\/\/www.encontrasaogoncalo.com.br\/sobre\/wp-json\/wp\/v2\/users\/1"}],"replies":[{"embeddable":true,"href":"https:\/\/www.encontrasaogoncalo.com.br\/sobre\/wp-json\/wp\/v2\/comments?post=2069"}],"version-history":[{"count":0,"href":"https:\/\/www.encontrasaogoncalo.com.br\/sobre\/wp-json\/wp\/v2\/posts\/2069\/revisions"}],"wp:attachment":[{"href":"https:\/\/www.encontrasaogoncalo.com.br\/sobre\/wp-json\/wp\/v2\/media?parent=2069"}],"wp:term":[{"taxonomy":"category","embeddable":true,"href":"https:\/\/www.encontrasaogoncalo.com.br\/sobre\/wp-json\/wp\/v2\/categories?post=2069"},{"taxonomy":"post_tag","embeddable":true,"href":"https:\/\/www.encontrasaogoncalo.com.br\/sobre\/wp-json\/wp\/v2\/tags?post=2069"}],"curies":[{"name":"wp","href":"https:\/\/api.w.org\/{rel}","templated":true}]}}