{"id":2074,"date":"2026-05-24T09:28:15","date_gmt":"2026-05-24T09:28:15","guid":{"rendered":"https:\/\/www.encontrasaogoncalo.com.br\/sobre\/sao-goncalo-realiza-mais-uma-edicao-do-maes-pcd-em-foco\/"},"modified":"2026-05-24T09:28:15","modified_gmt":"2026-05-24T09:28:15","slug":"sao-goncalo-realiza-mais-uma-edicao-do-maes-pcd-em-foco","status":"publish","type":"post","link":"https:\/\/www.encontrasaogoncalo.com.br\/sobre\/sao-goncalo-realiza-mais-uma-edicao-do-maes-pcd-em-foco\/","title":{"rendered":"S\u00e3o Gon\u00e7alo realiza mais uma edi\u00e7\u00e3o do M\u00e3es PCD em Foco"},"content":{"rendered":"<div class=\"558ebb280150f569344a3237cd236fe7\" data-index=\"1\" style=\"float: none; margin:0px;\">\n<!-- Anuncio display - global -->\r\n<ins class=\"adsbygoogle\"\r\n     style=\"display:block\"\r\n     data-ad-client=\"ca-pub-8585364105181520\"\r\n     data-ad-slot=\"8789329856\"\r\n     data-ad-format=\"auto\"\r\n     data-full-width-responsive=\"true\"><\/ins>\r\n<script>\r\n     (adsbygoogle = window.adsbygoogle || []).push({});\r\n<\/script>\n<\/div>\n<h2>O que \u00e9 o projeto M\u00e3es PCD em Foco?<\/h2>\n<p>O projeto &#8220;M\u00e3es PCD em Foco&#8221; \u00e9 uma iniciativa desenvolvida pela Secretaria de Assist\u00eancia Social da Prefeitura de S\u00e3o Gon\u00e7alo, que visa proporcionar uma aten\u00e7\u00e3o especial \u00e0s m\u00e3es com defici\u00eancia e aquelas que t\u00eam filhos com defici\u00eancia. A proposta \u00e9 oferecer um espa\u00e7o de acolhimento e suporte, onde essas mulheres possam vivenciar momentos de valoriza\u00e7\u00e3o e autocuidado. Atrav\u00e9s de atividades diversificadas, o evento busca n\u00e3o apenas celebrar a condi\u00e7\u00e3o dessas m\u00e3es, mas tamb\u00e9m proporcionar um ambiente de confraterniza\u00e7\u00e3o e troca de viv\u00eancias.<\/p>\n<h2>Objetivos do Evento para M\u00e3es com Defici\u00eancia<\/h2>\n<p>Os objetivos principais do evento incluem:<\/p>\n<ul>\n<li><strong>Valoriza\u00e7\u00e3o:<\/strong> Promover o reconhecimento e a valoriza\u00e7\u00e3o das m\u00e3es com defici\u00eancia e das m\u00e3es de pessoas com defici\u00eancia.<\/li>\n<li><strong>Apoio emocional:<\/strong> Facilitar o contato entre estas m\u00e3es, permitindo que compartilhem experi\u00eancias e desafios.<\/li>\n<li><strong>Autoestima:<\/strong> Contribuir para a eleva\u00e7\u00e3o da autoestima, oferecendo servi\u00e7os de beleza e autocuidado.<\/li>\n<li><strong>Informa\u00e7\u00e3o:<\/strong> Proporcionar acesso a informa\u00e7\u00f5es relevantes sobre direitos e benef\u00edcios voltados para esse p\u00fablico.<\/li>\n<\/ul>\n<h2>Atividades Oferecidas no Evento<\/h2>\n<p>Durante a realiza\u00e7\u00e3o do evento, diversas atividades foram oferecidas para as participantes:<\/p>\n<ul>\n<li><strong>Cuidados de beleza:<\/strong> As m\u00e3es puderam usufruir de servi\u00e7os como maquiagem e cuidados com a pele.<\/li>\n<li><strong>Massoterapia:<\/strong> Sess\u00f5es de massoterapia foram disponibilizadas para promover relaxamento e bem-estar.<\/li>\n<li><strong>Auriculoterapia:<\/strong> T\u00e9cnicas de auriculoterapia foram apresentadas, buscando aliviar tens\u00f5es e proporcionar relaxamento.<\/li>\n<li><strong>Atividades recreativas:<\/strong> Momentos de descontra\u00e7\u00e3o e humor foram inseridos na programa\u00e7\u00e3o, criando um ambiente leve e acolhedor.<\/li>\n<\/ul>\n<h2>Depoimentos de Participantes Inspiradoras<\/h2>\n<p>Os depoimentos das participantes destacam a import\u00e2ncia dos eventos promovidos:<\/p>\n<p>A aut\u00f4noma Gisele da Cruz, m\u00e3e de Samuel Christian, de 4 anos, compartilhou sua experi\u00eancia: &#8220;Fiquei sabendo do evento atrav\u00e9s da assistente social do CRAS e n\u00e3o hesitei em participar. Mesmo meu filho ainda n\u00e3o tendo participado de outras atividades, sinto que eventos como este nos fazem sentir relevantes. \u00c9 essencial termos momentos dedicados a n\u00f3s, m\u00e3es.&#8221;<\/p>\n<h2>Import\u00e2ncia da Valoriza\u00e7\u00e3o das M\u00e3es PCD<\/h2>\n<p>A valoriza\u00e7\u00e3o das m\u00e3es com defici\u00eancia e das m\u00e3es de pessoas com defici\u00eancia \u00e9 crucial. Muitas vezes, essas mulheres est\u00e3o t\u00e3o focadas em cuidar de seus filhos e de suas responsabilidades que esquecem da import\u00e2ncia de cuidar de si mesmas. Projetos como &#8220;M\u00e3es PCD em Foco&#8221; buscam inverter essa situa\u00e7\u00e3o, lembrando-as de sua import\u00e2ncia e oferecendo suporte emocional e pr\u00e1tico.<\/p>\n<h2>Como Participar de Pr\u00f3ximas Edi\u00e7\u00f5es<\/h2>\n<p>As m\u00e3es interessadas em participar das pr\u00f3ximas edi\u00e7\u00f5es do evento podem ficar atentas \u00e0s divulga\u00e7\u00f5es realizadas pela Secretaria de Assist\u00eancia Social. \u00c9 importante estar em contato com o CRAS local e acompanhar as redes sociais da prefeitura para n\u00e3o perder as informa\u00e7\u00f5es sobre as datas e inscri\u00e7\u00f5es.<\/p>\n<h2>Cuidado e Bem-Estar: Pr\u00e1ticas para M\u00e3es<\/h2>\n<p>Cuidar de si mesma \u00e9 fundamental para qualquer m\u00e3e, e isso se torna ainda mais essencial para aquelas que enfrentam desafios adicionais. Algumas recomenda\u00e7\u00f5es para promover o bem-estar incluem:<\/p>\n<ul>\n<li><strong>Pr\u00e1ticas de autocuidado:<\/strong> Reservar um tempo di\u00e1rio para atividades que proporcionem prazer e relaxamento.<\/li>\n<li><strong>Exerc\u00edcios f\u00edsicos:<\/strong> A pr\u00e1tica regular de atividades f\u00edsicas pode ajudar a melhorar a sa\u00fade mental e f\u00edsica.<\/li>\n<li><strong>Alimenta\u00e7\u00e3o saud\u00e1vel:<\/strong> Manter uma dieta equilibrada \u00e9 essencial para a sa\u00fade e o bem-estar geral.<\/li>\n<li><strong>Busca por apoio:<\/strong> N\u00e3o hesitar em procurar ajuda profissional quando necess\u00e1rio, seja emocional ou psicol\u00f3gica.<\/li>\n<\/ul>\n<h2>O Papel da Secretaria de Assist\u00eancia Social<\/h2>\n<p>A Secretaria de Assist\u00eancia Social desempenha um papel fundamental na organiza\u00e7\u00e3o de eventos como &#8220;M\u00e3es PCD em Foco&#8221;. Atrav\u00e9s da Subsecretaria da Pessoa com Defici\u00eancia, s\u00e3o formuladas a\u00e7\u00f5es voltadas para a inclus\u00e3o, direitos e valoriza\u00e7\u00e3o das pessoas com defici\u00eancia e suas fam\u00edlias. Essa atua\u00e7\u00e3o busca n\u00e3o apenas mudar a percep\u00e7\u00e3o social acerca das pessoas com defici\u00eancia, mas tamb\u00e9m oferecer um suporte real \u00e0s suas necessidades.<\/p>\n<h2>A Celebra\u00e7\u00e3o do M\u00eas das M\u00e3es em S\u00e3o Gon\u00e7alo<\/h2>\n<p>O m\u00eas de maio \u00e9 tradicionalmente associado \u00e0 celebra\u00e7\u00e3o das m\u00e3es, e o evento &#8220;M\u00e3es PCD em Foco&#8221; se alinha a essa comemora\u00e7\u00e3o, promovendo um espa\u00e7o especial para aquelas que, muitas vezes, enfrentam batalhas invis\u00edveis no seu cotidiano. A a\u00e7\u00e3o realizada neste m\u00eas destaca a import\u00e2ncia do reconhecimento e da valoriza\u00e7\u00e3o das m\u00e3es, ressaltando que elas tamb\u00e9m merecem momentos de cuidado e celebra\u00e7\u00e3o.<\/p>\n<h2>Feedback da Comunidade sobre o Evento<\/h2>\n<p>O feedback da comunidade em rela\u00e7\u00e3o ao evento tem sido bastante positivo. As m\u00e3es que participaram relataram a import\u00e2ncia de momentos como esse para a sua sa\u00fade mental e emocional. Muitas destacaram a sensa\u00e7\u00e3o de acolhimento e pertencimento proporcionada pelo encontro. Al\u00e9m disso, o evento tem servido como um ponto de uni\u00e3o, onde experi\u00eancias e desafios podem ser compartilhados, fortalecendo a rede de apoio entre as participantes.<\/p>\n\n<div style=\"font-size: 0px; height: 0px; line-height: 0px; margin: 0; padding: 0; clear: both;\"><\/div>","protected":false},"excerpt":{"rendered":"<p>M\u00e3es PCD em Foco: um evento que faz a diferen\u00e7a na vida das m\u00e3es!<\/p>\n","protected":false},"author":1,"featured_media":0,"comment_status":"open","ping_status":"closed","sticky":false,"template":"","format":"standard","meta":{"footnotes":""},"categories":[33],"tags":[],"class_list":["post-2074","post","type-post","status-publish","format-standard","hentry","category-educacao-em-sao-goncalo"],"aioseo_notices":[],"aioseo_head":"\n\t\t<!-- All in One SEO 5.0.0.1 - aioseo.com -->\n\t<meta name=\"robots\" content=\"max-image-preview:large\" \/>\n\t<meta name=\"author\" content=\"Encontra S\u00e3o Gon\u00e7alo\"\/>\n\t<link rel=\"canonical\" href=\"https:\/\/www.encontrasaogoncalo.com.br\/sobre\/sao-goncalo-realiza-mais-uma-edicao-do-maes-pcd-em-foco\/\" \/>\n\t<meta name=\"generator\" content=\"All in One SEO (AIOSEO) 5.0.0.1\" \/>\n\t\t<meta property=\"og:locale\" content=\"pt_BR\" \/>\n\t\t<meta property=\"og:site_name\" content=\"Encontra S\u00e3o Gon\u00e7alo | Not\u00edcias, eventos, informa\u00e7\u00f5es e dicas da cidade de S\u00e3o Gon\u00e7alo e regi\u00e3o\" \/>\n\t\t<meta property=\"og:type\" content=\"article\" \/>\n\t\t<meta property=\"og:title\" content=\"S\u00e3o Gon\u00e7alo realiza mais uma edi\u00e7\u00e3o do M\u00e3es PCD em Foco | Encontra S\u00e3o Gon\u00e7alo\" \/>\n\t\t<meta property=\"og:url\" content=\"https:\/\/www.encontrasaogoncalo.com.br\/sobre\/sao-goncalo-realiza-mais-uma-edicao-do-maes-pcd-em-foco\/\" \/>\n\t\t<meta property=\"article:published_time\" content=\"2026-05-24T09:28:15+00:00\" \/>\n\t\t<meta property=\"article:modified_time\" content=\"2026-05-24T09:28:15+00:00\" \/>\n\t\t<meta name=\"twitter:card\" content=\"summary\" \/>\n\t\t<meta name=\"twitter:title\" content=\"S\u00e3o Gon\u00e7alo realiza mais uma edi\u00e7\u00e3o do M\u00e3es PCD em Foco | Encontra S\u00e3o Gon\u00e7alo\" \/>\n\t\t<script type=\"application\/ld+json\" class=\"aioseo-schema\">\n\t\t\t{\"@context\":\"https:\\\/\\\/schema.org\",\"@graph\":[{\"@type\":\"Article\",\"@id\":\"https:\\\/\\\/www.encontrasaogoncalo.com.br\\\/sobre\\\/sao-goncalo-realiza-mais-uma-edicao-do-maes-pcd-em-foco\\\/#article\",\"name\":\"S\\u00e3o Gon\\u00e7alo realiza mais uma edi\\u00e7\\u00e3o do M\\u00e3es PCD em Foco | Encontra S\\u00e3o Gon\\u00e7alo\",\"headline\":\"S\\u00e3o Gon\\u00e7alo realiza mais uma edi\\u00e7\\u00e3o do M\\u00e3es PCD em Foco\",\"author\":{\"@id\":\"https:\\\/\\\/www.encontrasaogoncalo.com.br\\\/sobre\\\/author\\\/esaogoncalo\\\/#author\"},\"publisher\":{\"@id\":\"https:\\\/\\\/www.encontrasaogoncalo.com.br\\\/sobre\\\/#organization\"},\"datePublished\":\"2026-05-24T09:28:15+00:00\",\"dateModified\":\"2026-05-24T09:28:15+00:00\",\"inLanguage\":\"pt-BR\",\"mainEntityOfPage\":{\"@id\":\"https:\\\/\\\/www.encontrasaogoncalo.com.br\\\/sobre\\\/sao-goncalo-realiza-mais-uma-edicao-do-maes-pcd-em-foco\\\/#webpage\"},\"isPartOf\":{\"@id\":\"https:\\\/\\\/www.encontrasaogoncalo.com.br\\\/sobre\\\/sao-goncalo-realiza-mais-uma-edicao-do-maes-pcd-em-foco\\\/#webpage\"},\"articleSection\":\"Educa\\u00e7\\u00e3o S\\u00e3o Gon\\u00e7alo\"},{\"@type\":\"BreadcrumbList\",\"@id\":\"https:\\\/\\\/www.encontrasaogoncalo.com.br\\\/sobre\\\/sao-goncalo-realiza-mais-uma-edicao-do-maes-pcd-em-foco\\\/#breadcrumblist\",\"itemListElement\":[{\"@type\":\"ListItem\",\"@id\":\"https:\\\/\\\/www.encontrasaogoncalo.com.br\\\/sobre#listItem\",\"position\":1,\"name\":\"In\\u00edcio\",\"item\":\"https:\\\/\\\/www.encontrasaogoncalo.com.br\\\/sobre\",\"nextItem\":{\"@type\":\"ListItem\",\"@id\":\"https:\\\/\\\/www.encontrasaogoncalo.com.br\\\/sobre\\\/educacao-em-sao-goncalo\\\/#listItem\",\"name\":\"Educa\\u00e7\\u00e3o S\\u00e3o Gon\\u00e7alo\"}},{\"@type\":\"ListItem\",\"@id\":\"https:\\\/\\\/www.encontrasaogoncalo.com.br\\\/sobre\\\/educacao-em-sao-goncalo\\\/#listItem\",\"position\":2,\"name\":\"Educa\\u00e7\\u00e3o S\\u00e3o Gon\\u00e7alo\",\"item\":\"https:\\\/\\\/www.encontrasaogoncalo.com.br\\\/sobre\\\/educacao-em-sao-goncalo\\\/\",\"nextItem\":{\"@type\":\"ListItem\",\"@id\":\"https:\\\/\\\/www.encontrasaogoncalo.com.br\\\/sobre\\\/sao-goncalo-realiza-mais-uma-edicao-do-maes-pcd-em-foco\\\/#listItem\",\"name\":\"S\\u00e3o Gon\\u00e7alo realiza mais uma edi\\u00e7\\u00e3o do M\\u00e3es PCD em Foco\"},\"previousItem\":{\"@type\":\"ListItem\",\"@id\":\"https:\\\/\\\/www.encontrasaogoncalo.com.br\\\/sobre#listItem\",\"name\":\"In\\u00edcio\"}},{\"@type\":\"ListItem\",\"@id\":\"https:\\\/\\\/www.encontrasaogoncalo.com.br\\\/sobre\\\/sao-goncalo-realiza-mais-uma-edicao-do-maes-pcd-em-foco\\\/#listItem\",\"position\":3,\"name\":\"S\\u00e3o Gon\\u00e7alo realiza mais uma edi\\u00e7\\u00e3o do M\\u00e3es PCD em Foco\",\"previousItem\":{\"@type\":\"ListItem\",\"@id\":\"https:\\\/\\\/www.encontrasaogoncalo.com.br\\\/sobre\\\/educacao-em-sao-goncalo\\\/#listItem\",\"name\":\"Educa\\u00e7\\u00e3o S\\u00e3o Gon\\u00e7alo\"}}]},{\"@type\":\"Organization\",\"@id\":\"https:\\\/\\\/www.encontrasaogoncalo.com.br\\\/sobre\\\/#organization\",\"name\":\"Encontra S\\u00e3o Gon\\u00e7alo\",\"description\":\"Not\\u00edcias, eventos, informa\\u00e7\\u00f5es e dicas da cidade de S\\u00e3o Gon\\u00e7alo e regi\\u00e3o\",\"url\":\"https:\\\/\\\/www.encontrasaogoncalo.com.br\\\/sobre\\\/\"},{\"@type\":\"Person\",\"@id\":\"https:\\\/\\\/www.encontrasaogoncalo.com.br\\\/sobre\\\/author\\\/esaogoncalo\\\/#author\",\"url\":\"https:\\\/\\\/www.encontrasaogoncalo.com.br\\\/sobre\\\/author\\\/esaogoncalo\\\/\",\"name\":\"Encontra S\\u00e3o Gon\\u00e7alo\",\"image\":{\"@type\":\"ImageObject\",\"@id\":\"https:\\\/\\\/www.encontrasaogoncalo.com.br\\\/sobre\\\/sao-goncalo-realiza-mais-uma-edicao-do-maes-pcd-em-foco\\\/#authorImage\",\"url\":\"https:\\\/\\\/secure.gravatar.com\\\/avatar\\\/507340682b8270222e1f208e23198b6ae7e2c6a1033ae84e99bc6bce4f82a387?s=96&d=mm&r=g\",\"width\":96,\"height\":96,\"caption\":\"Encontra S\\u00e3o Gon\\u00e7alo\"}},{\"@type\":\"WebPage\",\"@id\":\"https:\\\/\\\/www.encontrasaogoncalo.com.br\\\/sobre\\\/sao-goncalo-realiza-mais-uma-edicao-do-maes-pcd-em-foco\\\/#webpage\",\"url\":\"https:\\\/\\\/www.encontrasaogoncalo.com.br\\\/sobre\\\/sao-goncalo-realiza-mais-uma-edicao-do-maes-pcd-em-foco\\\/\",\"name\":\"S\\u00e3o Gon\\u00e7alo realiza mais uma edi\\u00e7\\u00e3o do M\\u00e3es PCD em Foco | Encontra S\\u00e3o Gon\\u00e7alo\",\"inLanguage\":\"pt-BR\",\"isPartOf\":{\"@id\":\"https:\\\/\\\/www.encontrasaogoncalo.com.br\\\/sobre\\\/#website\"},\"breadcrumb\":{\"@id\":\"https:\\\/\\\/www.encontrasaogoncalo.com.br\\\/sobre\\\/sao-goncalo-realiza-mais-uma-edicao-do-maes-pcd-em-foco\\\/#breadcrumblist\"},\"author\":{\"@id\":\"https:\\\/\\\/www.encontrasaogoncalo.com.br\\\/sobre\\\/author\\\/esaogoncalo\\\/#author\"},\"creator\":{\"@id\":\"https:\\\/\\\/www.encontrasaogoncalo.com.br\\\/sobre\\\/author\\\/esaogoncalo\\\/#author\"},\"datePublished\":\"2026-05-24T09:28:15+00:00\",\"dateModified\":\"2026-05-24T09:28:15+00:00\"},{\"@type\":\"WebSite\",\"@id\":\"https:\\\/\\\/www.encontrasaogoncalo.com.br\\\/sobre\\\/#website\",\"url\":\"https:\\\/\\\/www.encontrasaogoncalo.com.br\\\/sobre\\\/\",\"name\":\"Encontra S\\u00e3o Gon\\u00e7alo\",\"description\":\"Not\\u00edcias, eventos, informa\\u00e7\\u00f5es e dicas da cidade de S\\u00e3o Gon\\u00e7alo e regi\\u00e3o\",\"inLanguage\":\"pt-BR\",\"publisher\":{\"@id\":\"https:\\\/\\\/www.encontrasaogoncalo.com.br\\\/sobre\\\/#organization\"}}]}\n\t\t<\/script>\n\t\t<!-- All in One SEO -->\n\n","aioseo_head_json":{"title":"S\u00e3o Gon\u00e7alo realiza mais uma edi\u00e7\u00e3o do M\u00e3es PCD em Foco | Encontra S\u00e3o Gon\u00e7alo","description":"","canonical_url":"https:\/\/www.encontrasaogoncalo.com.br\/sobre\/sao-goncalo-realiza-mais-uma-edicao-do-maes-pcd-em-foco\/","robots":"max-image-preview:large","keywords":"","webmasterTools":{"miscellaneous":""},"schema":{"@context":"https:\/\/schema.org","@graph":[{"@type":"Article","@id":"https:\/\/www.encontrasaogoncalo.com.br\/sobre\/sao-goncalo-realiza-mais-uma-edicao-do-maes-pcd-em-foco\/#article","name":"S\u00e3o Gon\u00e7alo realiza mais uma edi\u00e7\u00e3o do M\u00e3es PCD em Foco | Encontra S\u00e3o Gon\u00e7alo","headline":"S\u00e3o Gon\u00e7alo realiza mais uma edi\u00e7\u00e3o do M\u00e3es PCD em Foco","author":{"@id":"https:\/\/www.encontrasaogoncalo.com.br\/sobre\/author\/esaogoncalo\/#author"},"publisher":{"@id":"https:\/\/www.encontrasaogoncalo.com.br\/sobre\/#organization"},"datePublished":"2026-05-24T09:28:15+00:00","dateModified":"2026-05-24T09:28:15+00:00","inLanguage":"pt-BR","mainEntityOfPage":{"@id":"https:\/\/www.encontrasaogoncalo.com.br\/sobre\/sao-goncalo-realiza-mais-uma-edicao-do-maes-pcd-em-foco\/#webpage"},"isPartOf":{"@id":"https:\/\/www.encontrasaogoncalo.com.br\/sobre\/sao-goncalo-realiza-mais-uma-edicao-do-maes-pcd-em-foco\/#webpage"},"articleSection":"Educa\u00e7\u00e3o S\u00e3o Gon\u00e7alo"},{"@type":"BreadcrumbList","@id":"https:\/\/www.encontrasaogoncalo.com.br\/sobre\/sao-goncalo-realiza-mais-uma-edicao-do-maes-pcd-em-foco\/#breadcrumblist","itemListElement":[{"@type":"ListItem","@id":"https:\/\/www.encontrasaogoncalo.com.br\/sobre#listItem","position":1,"name":"In\u00edcio","item":"https:\/\/www.encontrasaogoncalo.com.br\/sobre","nextItem":{"@type":"ListItem","@id":"https:\/\/www.encontrasaogoncalo.com.br\/sobre\/educacao-em-sao-goncalo\/#listItem","name":"Educa\u00e7\u00e3o S\u00e3o Gon\u00e7alo"}},{"@type":"ListItem","@id":"https:\/\/www.encontrasaogoncalo.com.br\/sobre\/educacao-em-sao-goncalo\/#listItem","position":2,"name":"Educa\u00e7\u00e3o S\u00e3o Gon\u00e7alo","item":"https:\/\/www.encontrasaogoncalo.com.br\/sobre\/educacao-em-sao-goncalo\/","nextItem":{"@type":"ListItem","@id":"https:\/\/www.encontrasaogoncalo.com.br\/sobre\/sao-goncalo-realiza-mais-uma-edicao-do-maes-pcd-em-foco\/#listItem","name":"S\u00e3o Gon\u00e7alo realiza mais uma edi\u00e7\u00e3o do M\u00e3es PCD em Foco"},"previousItem":{"@type":"ListItem","@id":"https:\/\/www.encontrasaogoncalo.com.br\/sobre#listItem","name":"In\u00edcio"}},{"@type":"ListItem","@id":"https:\/\/www.encontrasaogoncalo.com.br\/sobre\/sao-goncalo-realiza-mais-uma-edicao-do-maes-pcd-em-foco\/#listItem","position":3,"name":"S\u00e3o Gon\u00e7alo realiza mais uma edi\u00e7\u00e3o do M\u00e3es PCD em Foco","previousItem":{"@type":"ListItem","@id":"https:\/\/www.encontrasaogoncalo.com.br\/sobre\/educacao-em-sao-goncalo\/#listItem","name":"Educa\u00e7\u00e3o S\u00e3o Gon\u00e7alo"}}]},{"@type":"Organization","@id":"https:\/\/www.encontrasaogoncalo.com.br\/sobre\/#organization","name":"Encontra S\u00e3o Gon\u00e7alo","description":"Not\u00edcias, eventos, informa\u00e7\u00f5es e dicas da cidade de S\u00e3o Gon\u00e7alo e regi\u00e3o","url":"https:\/\/www.encontrasaogoncalo.com.br\/sobre\/"},{"@type":"Person","@id":"https:\/\/www.encontrasaogoncalo.com.br\/sobre\/author\/esaogoncalo\/#author","url":"https:\/\/www.encontrasaogoncalo.com.br\/sobre\/author\/esaogoncalo\/","name":"Encontra S\u00e3o Gon\u00e7alo","image":{"@type":"ImageObject","@id":"https:\/\/www.encontrasaogoncalo.com.br\/sobre\/sao-goncalo-realiza-mais-uma-edicao-do-maes-pcd-em-foco\/#authorImage","url":"https:\/\/secure.gravatar.com\/avatar\/507340682b8270222e1f208e23198b6ae7e2c6a1033ae84e99bc6bce4f82a387?s=96&d=mm&r=g","width":96,"height":96,"caption":"Encontra S\u00e3o Gon\u00e7alo"}},{"@type":"WebPage","@id":"https:\/\/www.encontrasaogoncalo.com.br\/sobre\/sao-goncalo-realiza-mais-uma-edicao-do-maes-pcd-em-foco\/#webpage","url":"https:\/\/www.encontrasaogoncalo.com.br\/sobre\/sao-goncalo-realiza-mais-uma-edicao-do-maes-pcd-em-foco\/","name":"S\u00e3o Gon\u00e7alo realiza mais uma edi\u00e7\u00e3o do M\u00e3es PCD em Foco | Encontra S\u00e3o Gon\u00e7alo","inLanguage":"pt-BR","isPartOf":{"@id":"https:\/\/www.encontrasaogoncalo.com.br\/sobre\/#website"},"breadcrumb":{"@id":"https:\/\/www.encontrasaogoncalo.com.br\/sobre\/sao-goncalo-realiza-mais-uma-edicao-do-maes-pcd-em-foco\/#breadcrumblist"},"author":{"@id":"https:\/\/www.encontrasaogoncalo.com.br\/sobre\/author\/esaogoncalo\/#author"},"creator":{"@id":"https:\/\/www.encontrasaogoncalo.com.br\/sobre\/author\/esaogoncalo\/#author"},"datePublished":"2026-05-24T09:28:15+00:00","dateModified":"2026-05-24T09:28:15+00:00"},{"@type":"WebSite","@id":"https:\/\/www.encontrasaogoncalo.com.br\/sobre\/#website","url":"https:\/\/www.encontrasaogoncalo.com.br\/sobre\/","name":"Encontra S\u00e3o Gon\u00e7alo","description":"Not\u00edcias, eventos, informa\u00e7\u00f5es e dicas da cidade de S\u00e3o Gon\u00e7alo e regi\u00e3o","inLanguage":"pt-BR","publisher":{"@id":"https:\/\/www.encontrasaogoncalo.com.br\/sobre\/#organization"}}]},"og:locale":"pt_BR","og:site_name":"Encontra S\u00e3o Gon\u00e7alo | Not\u00edcias, eventos, informa\u00e7\u00f5es e dicas da cidade de S\u00e3o Gon\u00e7alo e regi\u00e3o","og:type":"article","og:title":"S\u00e3o Gon\u00e7alo realiza mais uma edi\u00e7\u00e3o do M\u00e3es PCD em Foco | Encontra S\u00e3o Gon\u00e7alo","og:url":"https:\/\/www.encontrasaogoncalo.com.br\/sobre\/sao-goncalo-realiza-mais-uma-edicao-do-maes-pcd-em-foco\/","article:published_time":"2026-05-24T09:28:15+00:00","article:modified_time":"2026-05-24T09:28:15+00:00","twitter:card":"summary","twitter:title":"S\u00e3o Gon\u00e7alo realiza mais uma edi\u00e7\u00e3o do M\u00e3es PCD em Foco | Encontra S\u00e3o Gon\u00e7alo"},"aioseo_meta_data":{"post_id":"2074","title":null,"description":null,"keywords":null,"keyphrases":null,"primary_term":null,"canonical_url":null,"og_title":null,"og_description":null,"og_object_type":"default","og_image_type":"default","og_image_url":null,"og_image_width":null,"og_image_height":null,"og_image_custom_url":null,"og_image_custom_fields":null,"og_video":null,"og_custom_url":null,"og_article_section":null,"og_article_tags":null,"twitter_use_og":false,"twitter_card":"default","twitter_image_type":"default","twitter_image_url":null,"twitter_image_custom_url":null,"twitter_image_custom_fields":null,"twitter_title":null,"twitter_description":null,"schema":{"blockGraphs":[],"customGraphs":[],"default":{"data":{"Article":[],"Course":[],"Dataset":[],"FAQPage":[],"Movie":[],"Person":[],"Product":[],"ProductReview":[],"Car":[],"Recipe":[],"Service":[],"SoftwareApplication":[],"WebPage":[]},"graphName":"Article","isEnabled":true},"graphs":[]},"schema_type":"default","schema_type_options":null,"pillar_content":false,"robots_default":true,"robots_noindex":false,"robots_noarchive":false,"robots_nosnippet":false,"robots_nofollow":false,"robots_noimageindex":false,"robots_noodp":false,"robots_notranslate":false,"robots_max_snippet":null,"robots_max_videopreview":null,"robots_max_imagepreview":"large","priority":null,"frequency":null,"local_seo":null,"breadcrumb_settings":null,"limit_modified_date":false,"ai":null,"created":"2026-05-24 09:28:32","updated":"2026-05-24 09:45:24","focus_keyword":null,"additional_keywords":null,"truseo_locale":null,"seo_analyzer_scan_date":null},"aioseo_breadcrumb":"<div class=\"aioseo-breadcrumbs\"><span class=\"aioseo-breadcrumb\">\n\t\t\t<a href=\"https:\/\/www.encontrasaogoncalo.com.br\/sobre\" title=\"In\u00edcio\">In\u00edcio<\/a>\n\t\t<\/span><span class=\"aioseo-breadcrumb-separator\">&raquo;<\/span><span class=\"aioseo-breadcrumb\">\n\t\t\t<a href=\"https:\/\/www.encontrasaogoncalo.com.br\/sobre\/educacao-em-sao-goncalo\/\" title=\"Educa\u00e7\u00e3o S\u00e3o Gon\u00e7alo\">Educa\u00e7\u00e3o S\u00e3o Gon\u00e7alo<\/a>\n\t\t<\/span><span class=\"aioseo-breadcrumb-separator\">&raquo;<\/span><span class=\"aioseo-breadcrumb\">\n\t\t\tS\u00e3o Gon\u00e7alo realiza mais uma edi\u00e7\u00e3o do M\u00e3es PCD em Foco\n\t\t<\/span><\/div>","aioseo_breadcrumb_json":[{"label":"In\u00edcio","link":"https:\/\/www.encontrasaogoncalo.com.br\/sobre"},{"label":"Educa\u00e7\u00e3o S\u00e3o Gon\u00e7alo","link":"https:\/\/www.encontrasaogoncalo.com.br\/sobre\/educacao-em-sao-goncalo\/"},{"label":"S\u00e3o Gon\u00e7alo realiza mais uma edi\u00e7\u00e3o do M\u00e3es PCD em Foco","link":"https:\/\/www.encontrasaogoncalo.com.br\/sobre\/sao-goncalo-realiza-mais-uma-edicao-do-maes-pcd-em-foco\/"}],"_links":{"self":[{"href":"https:\/\/www.encontrasaogoncalo.com.br\/sobre\/wp-json\/wp\/v2\/posts\/2074","targetHints":{"allow":["GET"]}}],"collection":[{"href":"https:\/\/www.encontrasaogoncalo.com.br\/sobre\/wp-json\/wp\/v2\/posts"}],"about":[{"href":"https:\/\/www.encontrasaogoncalo.com.br\/sobre\/wp-json\/wp\/v2\/types\/post"}],"author":[{"embeddable":true,"href":"https:\/\/www.encontrasaogoncalo.com.br\/sobre\/wp-json\/wp\/v2\/users\/1"}],"replies":[{"embeddable":true,"href":"https:\/\/www.encontrasaogoncalo.com.br\/sobre\/wp-json\/wp\/v2\/comments?post=2074"}],"version-history":[{"count":0,"href":"https:\/\/www.encontrasaogoncalo.com.br\/sobre\/wp-json\/wp\/v2\/posts\/2074\/revisions"}],"wp:attachment":[{"href":"https:\/\/www.encontrasaogoncalo.com.br\/sobre\/wp-json\/wp\/v2\/media?parent=2074"}],"wp:term":[{"taxonomy":"category","embeddable":true,"href":"https:\/\/www.encontrasaogoncalo.com.br\/sobre\/wp-json\/wp\/v2\/categories?post=2074"},{"taxonomy":"post_tag","embeddable":true,"href":"https:\/\/www.encontrasaogoncalo.com.br\/sobre\/wp-json\/wp\/v2\/tags?post=2074"}],"curies":[{"name":"wp","href":"https:\/\/api.w.org\/{rel}","templated":true}]}}