{"id":2078,"date":"2026-05-24T09:33:30","date_gmt":"2026-05-24T09:33:30","guid":{"rendered":"https:\/\/www.encontrasaogoncalo.com.br\/sobre\/sao-goncalo-realiza-acao-do-maio-amarelo-em-parceria-com-o-sest-senat\/"},"modified":"2026-05-24T09:33:30","modified_gmt":"2026-05-24T09:33:30","slug":"sao-goncalo-realiza-acao-do-maio-amarelo-em-parceria-com-o-sest-senat","status":"publish","type":"post","link":"https:\/\/www.encontrasaogoncalo.com.br\/sobre\/sao-goncalo-realiza-acao-do-maio-amarelo-em-parceria-com-o-sest-senat\/","title":{"rendered":"S\u00e3o Gon\u00e7alo realiza a\u00e7\u00e3o do Maio Amarelo em parceria com o Sest Senat"},"content":{"rendered":"<div class=\"558ebb280150f569344a3237cd236fe7\" data-index=\"1\" style=\"float: none; margin:0px;\">\n<!-- Anuncio display - global -->\r\n<ins class=\"adsbygoogle\"\r\n     style=\"display:block\"\r\n     data-ad-client=\"ca-pub-8585364105181520\"\r\n     data-ad-slot=\"8789329856\"\r\n     data-ad-format=\"auto\"\r\n     data-full-width-responsive=\"true\"><\/ins>\r\n<script>\r\n     (adsbygoogle = window.adsbygoogle || []).push({});\r\n<\/script>\n<\/div>\n<h2>Objetivos do Maio Amarelo em S\u00e3o Gon\u00e7alo<\/h2>\n<p>O movimento Maio Amarelo nasceu com a miss\u00e3o de conscientizar a popula\u00e7\u00e3o sobre a seguran\u00e7a no tr\u00e2nsito e a preven\u00e7\u00e3o de acidentes. Em S\u00e3o Gon\u00e7alo, os objetivos principais incluem sensibilizar motoristas e pedestres sobre a import\u00e2ncia de respeitar as normas de tr\u00e2nsito, al\u00e9m de promover uma reflex\u00e3o sobre os impactos das imprud\u00eancias e desaten\u00e7\u00f5es que podem levar a acidentes fatais.<\/p>\n<h2>Atividades Promovidas pelo Sest Senat<\/h2>\n<p>As a\u00e7\u00f5es do Maio Amarelo em S\u00e3o Gon\u00e7alo s\u00e3o organizadas em colabora\u00e7\u00e3o com o Sest Senat e visam atingir v\u00e1rios p\u00fablicos. Dentre as atividades realizadas, destacam-se:<\/p>\n<ul>\n<li>Distribui\u00e7\u00e3o de antenas de prote\u00e7\u00e3o e cafifas para motociclistas, em parceria com empresas locais.<\/li>\n<li>Din\u00e2micas interativas para conscientiza\u00e7\u00e3o sobre situa\u00e7\u00f5es de risco no tr\u00e2nsito.<\/li>\n<li>Oficinas educativas em salas de aula, abordando o tema do autocuidado no tr\u00e2nsito.<\/li>\n<li>Atendimentos na \u00e1rea da sa\u00fade, oferecendo vacinas e exames b\u00e1sicos aos motoristas.<\/li>\n<\/ul>\n<h2>Import\u00e2ncia da Conscientiza\u00e7\u00e3o no Tr\u00e2nsito<\/h2>\n<p>Conscientizar a popula\u00e7\u00e3o sobre a seguran\u00e7a no tr\u00e2nsito \u00e9 fundamental para reduzir o n\u00famero de acidentes. As campanhas educativas t\u00eam o poder de mudar comportamentos e atitudes, resultando em um tr\u00e2nsito mais seguro. Ao destacar os riscos da imprud\u00eancia, como o uso de celulares enquanto dirige ou a velocidade excessiva, \u00e9 poss\u00edvel estimular a ado\u00e7\u00e3o de pr\u00e1ticas seguras. Essa consci\u00eancia \u00e9 especialmente relevante em um contexto onde o n\u00famero de ve\u00edculos nas ruas s\u00f3 tende a aumentar.<\/p>\n<h2>Benef\u00edcios das A\u00e7\u00f5es Educativas<\/h2>\n<p>As a\u00e7\u00f5es educativas promovidas durante o Maio Amarelo trazem diversos benef\u00edcios, tais como:<\/p>\n<ul>\n<li><strong>Diminui\u00e7\u00e3o de Acidentes:<\/strong> Aumentar a conscientiza\u00e7\u00e3o sobre os riscos pode levar a uma menor incid\u00eancia de acidentes de tr\u00e2nsito.<\/li>\n<li><strong>Melhora da Sa\u00fade P\u00fablica:<\/strong> Incentivar o autocuidado e a import\u00e2ncia de exames de sa\u00fade contribui para a sa\u00fade e bem-estar dos motoristas.<\/li>\n<li><strong>Desenvolvimento Comunit\u00e1rio:<\/strong> Engajar a comunidade em atividades que promovem educa\u00e7\u00e3o e sa\u00fade fortalece o senso de coletividade.<\/li>\n<\/ul>\n<h2>Participa\u00e7\u00e3o da Comunidade nas Atividades<\/h2>\n<p>A participa\u00e7\u00e3o da comunidade \u00e9 um dos pilares do sucesso das a\u00e7\u00f5es do Maio Amarelo. As atividades atraem motoristas, motociclistas e pedestres, criando uma oportunidade \u00fanica para que todos interajam e aprendam sobre seguran\u00e7a no tr\u00e2nsito. Al\u00e9m disso, o envolvimento das fam\u00edlias nas palestras e din\u00e2micas contribui para uma maior dissemina\u00e7\u00e3o do conhecimento.<\/p>\n<h2>Dados Sobre Acidentes de Tr\u00e2nsito<\/h2>\n<p>Os dados de acidentes de tr\u00e2nsito revelam a urg\u00eancia de a\u00e7\u00f5es efetivas na \u00e1rea. Segundo estat\u00edsticas, muitos acidentes s\u00e3o causados por fatores como:<\/p>\n<ul>\n<li>Uso imprudente de celulares.<\/li>\n<li>Excesso de velocidade.<\/li>\n<li>Condutores sob influ\u00eancia de subst\u00e2ncias alco\u00f3licas.<\/li>\n<\/ul>\n<p>Esses n\u00fameros refor\u00e7am a import\u00e2ncia das campanhas educativas e de conscientiza\u00e7\u00e3o, que visam n\u00e3o apenas informar, mas tamb\u00e9m mobilizar a sociedade em busca de um tr\u00e2nsito mais seguro.<\/p>\n<h2>Sa\u00fade e Seguran\u00e7a dos Motoristas<\/h2>\n<p>A sa\u00fade dos motoristas \u00e9 fundamental para garantir a seguran\u00e7a no tr\u00e2nsito. O Maio Amarelo em S\u00e3o Gon\u00e7alo efetua a integra\u00e7\u00e3o de a\u00e7\u00f5es de sa\u00fade, como vacina\u00e7\u00e3o e testes de DST, com a educa\u00e7\u00e3o no tr\u00e2nsito. Proporcionar um espa\u00e7o para que os motoristas cuidem da sua sa\u00fade e estejam preparados para dirigir \u00e9 uma abordagem que combina seguran\u00e7a vi\u00e1ria com sa\u00fade p\u00fablica.<\/p>\n<h2>A\u00e7\u00f5es Futuras do Maio Amarelo<\/h2>\n<p>O calend\u00e1rio das atividades do Maio Amarelo est\u00e1 repleto de eventos significativos. Algumas das programa\u00e7\u00f5es futuras incluem:<\/p>\n<ul>\n<li>Capacita\u00e7\u00f5es para motoristas em empresas locais.<\/li>\n<li>Palestras educativas em cl\u00ednicas e escolas.<\/li>\n<li>A\u00e7\u00f5es espec\u00edficas voltadas para o aumento da seguran\u00e7a entre motociclistas.<\/li>\n<\/ul>\n<h2>Depoimentos dos Participantes<\/h2>\n<p>A participa\u00e7\u00e3o dos cidad\u00e3os nas a\u00e7\u00f5es do Maio Amarelo traz relatos positivos e impactantes. Motoristas expressam sua gratid\u00e3o por poder participar de eventos que n\u00e3o s\u00f3 informam, mas tamb\u00e9m os motivam a adotar pr\u00e1ticas seguras no dia a dia. Por exemplo, um motorista rodovi\u00e1rio comentou: &#8220;A vacina\u00e7\u00e3o e os exames s\u00e3o importantes, pois muitos de n\u00f3s esquecemos de cuidar da sa\u00fade enquanto dirigimos&#8221;.<\/p>\n<h2>A Rela\u00e7\u00e3o entre Sa\u00fade e Tr\u00e2nsito<\/h2>\n<p>As campanhas do Maio Amarelo em S\u00e3o Gon\u00e7alo deixam claro que sa\u00fade e seguran\u00e7a no tr\u00e2nsito est\u00e3o interligadas. Cuidar da sa\u00fade dos motoristas \u00e9 t\u00e3o essencial quanto informar sobre a seguran\u00e7a vi\u00e1ria. A conscientiza\u00e7\u00e3o resultante dessas a\u00e7\u00f5es oferece uma oportunidade para que os motoristas entendam a import\u00e2ncia de estar em boas condi\u00e7\u00f5es de sa\u00fade para dirigir com seguran\u00e7a. Portanto, \u00e9 crucial promover iniciativas que integrem essas duas \u00e1reas, resultando em um tr\u00e2nsito mais seguro e um bem-estar ampliado na comunidade.<\/p>\n\n<div style=\"font-size: 0px; height: 0px; line-height: 0px; margin: 0; padding: 0; clear: both;\"><\/div>","protected":false},"excerpt":{"rendered":"<p>S\u00e3o Gon\u00e7alo transforma o Maio Amarelo em uma a\u00e7\u00e3o de conscientiza\u00e7\u00e3o vital.<\/p>\n","protected":false},"author":1,"featured_media":0,"comment_status":"open","ping_status":"closed","sticky":false,"template":"","format":"standard","meta":{"footnotes":""},"categories":[41],"tags":[],"class_list":["post-2078","post","type-post","status-publish","format-standard","hentry","category-saude-em-sao-goncalo"],"aioseo_notices":[],"aioseo_head":"\n\t\t<!-- All in One SEO 5.0.0.1 - aioseo.com -->\n\t<meta name=\"robots\" content=\"max-image-preview:large\" \/>\n\t<meta name=\"author\" content=\"Encontra S\u00e3o Gon\u00e7alo\"\/>\n\t<link rel=\"canonical\" href=\"https:\/\/www.encontrasaogoncalo.com.br\/sobre\/sao-goncalo-realiza-acao-do-maio-amarelo-em-parceria-com-o-sest-senat\/\" \/>\n\t<meta name=\"generator\" content=\"All in One SEO (AIOSEO) 5.0.0.1\" \/>\n\t\t<meta property=\"og:locale\" content=\"pt_BR\" \/>\n\t\t<meta property=\"og:site_name\" content=\"Encontra S\u00e3o Gon\u00e7alo | Not\u00edcias, eventos, informa\u00e7\u00f5es e dicas da cidade de S\u00e3o Gon\u00e7alo e regi\u00e3o\" \/>\n\t\t<meta property=\"og:type\" content=\"article\" \/>\n\t\t<meta property=\"og:title\" content=\"S\u00e3o Gon\u00e7alo realiza a\u00e7\u00e3o do Maio Amarelo em parceria com o Sest Senat | Encontra S\u00e3o Gon\u00e7alo\" \/>\n\t\t<meta property=\"og:url\" content=\"https:\/\/www.encontrasaogoncalo.com.br\/sobre\/sao-goncalo-realiza-acao-do-maio-amarelo-em-parceria-com-o-sest-senat\/\" \/>\n\t\t<meta property=\"article:published_time\" content=\"2026-05-24T09:33:30+00:00\" \/>\n\t\t<meta property=\"article:modified_time\" content=\"2026-05-24T09:33:30+00:00\" \/>\n\t\t<meta name=\"twitter:card\" content=\"summary\" \/>\n\t\t<meta name=\"twitter:title\" content=\"S\u00e3o Gon\u00e7alo realiza a\u00e7\u00e3o do Maio Amarelo em parceria com o Sest Senat | Encontra S\u00e3o Gon\u00e7alo\" \/>\n\t\t<script type=\"application\/ld+json\" class=\"aioseo-schema\">\n\t\t\t{\"@context\":\"https:\\\/\\\/schema.org\",\"@graph\":[{\"@type\":\"Article\",\"@id\":\"https:\\\/\\\/www.encontrasaogoncalo.com.br\\\/sobre\\\/sao-goncalo-realiza-acao-do-maio-amarelo-em-parceria-com-o-sest-senat\\\/#article\",\"name\":\"S\\u00e3o Gon\\u00e7alo realiza a\\u00e7\\u00e3o do Maio Amarelo em parceria com o Sest Senat | Encontra S\\u00e3o Gon\\u00e7alo\",\"headline\":\"S\\u00e3o Gon\\u00e7alo realiza a\\u00e7\\u00e3o do Maio Amarelo em parceria com o Sest Senat\",\"author\":{\"@id\":\"https:\\\/\\\/www.encontrasaogoncalo.com.br\\\/sobre\\\/author\\\/esaogoncalo\\\/#author\"},\"publisher\":{\"@id\":\"https:\\\/\\\/www.encontrasaogoncalo.com.br\\\/sobre\\\/#organization\"},\"datePublished\":\"2026-05-24T09:33:30+00:00\",\"dateModified\":\"2026-05-24T09:33:30+00:00\",\"inLanguage\":\"pt-BR\",\"mainEntityOfPage\":{\"@id\":\"https:\\\/\\\/www.encontrasaogoncalo.com.br\\\/sobre\\\/sao-goncalo-realiza-acao-do-maio-amarelo-em-parceria-com-o-sest-senat\\\/#webpage\"},\"isPartOf\":{\"@id\":\"https:\\\/\\\/www.encontrasaogoncalo.com.br\\\/sobre\\\/sao-goncalo-realiza-acao-do-maio-amarelo-em-parceria-com-o-sest-senat\\\/#webpage\"},\"articleSection\":\"Sa\\u00fade S\\u00e3o Gon\\u00e7alo\"},{\"@type\":\"BreadcrumbList\",\"@id\":\"https:\\\/\\\/www.encontrasaogoncalo.com.br\\\/sobre\\\/sao-goncalo-realiza-acao-do-maio-amarelo-em-parceria-com-o-sest-senat\\\/#breadcrumblist\",\"itemListElement\":[{\"@type\":\"ListItem\",\"@id\":\"https:\\\/\\\/www.encontrasaogoncalo.com.br\\\/sobre#listItem\",\"position\":1,\"name\":\"In\\u00edcio\",\"item\":\"https:\\\/\\\/www.encontrasaogoncalo.com.br\\\/sobre\",\"nextItem\":{\"@type\":\"ListItem\",\"@id\":\"https:\\\/\\\/www.encontrasaogoncalo.com.br\\\/sobre\\\/saude-em-sao-goncalo\\\/#listItem\",\"name\":\"Sa\\u00fade S\\u00e3o Gon\\u00e7alo\"}},{\"@type\":\"ListItem\",\"@id\":\"https:\\\/\\\/www.encontrasaogoncalo.com.br\\\/sobre\\\/saude-em-sao-goncalo\\\/#listItem\",\"position\":2,\"name\":\"Sa\\u00fade S\\u00e3o Gon\\u00e7alo\",\"item\":\"https:\\\/\\\/www.encontrasaogoncalo.com.br\\\/sobre\\\/saude-em-sao-goncalo\\\/\",\"nextItem\":{\"@type\":\"ListItem\",\"@id\":\"https:\\\/\\\/www.encontrasaogoncalo.com.br\\\/sobre\\\/sao-goncalo-realiza-acao-do-maio-amarelo-em-parceria-com-o-sest-senat\\\/#listItem\",\"name\":\"S\\u00e3o Gon\\u00e7alo realiza a\\u00e7\\u00e3o do Maio Amarelo em parceria com o Sest Senat\"},\"previousItem\":{\"@type\":\"ListItem\",\"@id\":\"https:\\\/\\\/www.encontrasaogoncalo.com.br\\\/sobre#listItem\",\"name\":\"In\\u00edcio\"}},{\"@type\":\"ListItem\",\"@id\":\"https:\\\/\\\/www.encontrasaogoncalo.com.br\\\/sobre\\\/sao-goncalo-realiza-acao-do-maio-amarelo-em-parceria-com-o-sest-senat\\\/#listItem\",\"position\":3,\"name\":\"S\\u00e3o Gon\\u00e7alo realiza a\\u00e7\\u00e3o do Maio Amarelo em parceria com o Sest Senat\",\"previousItem\":{\"@type\":\"ListItem\",\"@id\":\"https:\\\/\\\/www.encontrasaogoncalo.com.br\\\/sobre\\\/saude-em-sao-goncalo\\\/#listItem\",\"name\":\"Sa\\u00fade S\\u00e3o Gon\\u00e7alo\"}}]},{\"@type\":\"Organization\",\"@id\":\"https:\\\/\\\/www.encontrasaogoncalo.com.br\\\/sobre\\\/#organization\",\"name\":\"Encontra S\\u00e3o Gon\\u00e7alo\",\"description\":\"Not\\u00edcias, eventos, informa\\u00e7\\u00f5es e dicas da cidade de S\\u00e3o Gon\\u00e7alo e regi\\u00e3o\",\"url\":\"https:\\\/\\\/www.encontrasaogoncalo.com.br\\\/sobre\\\/\"},{\"@type\":\"Person\",\"@id\":\"https:\\\/\\\/www.encontrasaogoncalo.com.br\\\/sobre\\\/author\\\/esaogoncalo\\\/#author\",\"url\":\"https:\\\/\\\/www.encontrasaogoncalo.com.br\\\/sobre\\\/author\\\/esaogoncalo\\\/\",\"name\":\"Encontra S\\u00e3o Gon\\u00e7alo\",\"image\":{\"@type\":\"ImageObject\",\"@id\":\"https:\\\/\\\/www.encontrasaogoncalo.com.br\\\/sobre\\\/sao-goncalo-realiza-acao-do-maio-amarelo-em-parceria-com-o-sest-senat\\\/#authorImage\",\"url\":\"https:\\\/\\\/secure.gravatar.com\\\/avatar\\\/507340682b8270222e1f208e23198b6ae7e2c6a1033ae84e99bc6bce4f82a387?s=96&d=mm&r=g\",\"width\":96,\"height\":96,\"caption\":\"Encontra S\\u00e3o Gon\\u00e7alo\"}},{\"@type\":\"WebPage\",\"@id\":\"https:\\\/\\\/www.encontrasaogoncalo.com.br\\\/sobre\\\/sao-goncalo-realiza-acao-do-maio-amarelo-em-parceria-com-o-sest-senat\\\/#webpage\",\"url\":\"https:\\\/\\\/www.encontrasaogoncalo.com.br\\\/sobre\\\/sao-goncalo-realiza-acao-do-maio-amarelo-em-parceria-com-o-sest-senat\\\/\",\"name\":\"S\\u00e3o Gon\\u00e7alo realiza a\\u00e7\\u00e3o do Maio Amarelo em parceria com o Sest Senat | Encontra S\\u00e3o Gon\\u00e7alo\",\"inLanguage\":\"pt-BR\",\"isPartOf\":{\"@id\":\"https:\\\/\\\/www.encontrasaogoncalo.com.br\\\/sobre\\\/#website\"},\"breadcrumb\":{\"@id\":\"https:\\\/\\\/www.encontrasaogoncalo.com.br\\\/sobre\\\/sao-goncalo-realiza-acao-do-maio-amarelo-em-parceria-com-o-sest-senat\\\/#breadcrumblist\"},\"author\":{\"@id\":\"https:\\\/\\\/www.encontrasaogoncalo.com.br\\\/sobre\\\/author\\\/esaogoncalo\\\/#author\"},\"creator\":{\"@id\":\"https:\\\/\\\/www.encontrasaogoncalo.com.br\\\/sobre\\\/author\\\/esaogoncalo\\\/#author\"},\"datePublished\":\"2026-05-24T09:33:30+00:00\",\"dateModified\":\"2026-05-24T09:33:30+00:00\"},{\"@type\":\"WebSite\",\"@id\":\"https:\\\/\\\/www.encontrasaogoncalo.com.br\\\/sobre\\\/#website\",\"url\":\"https:\\\/\\\/www.encontrasaogoncalo.com.br\\\/sobre\\\/\",\"name\":\"Encontra S\\u00e3o Gon\\u00e7alo\",\"description\":\"Not\\u00edcias, eventos, informa\\u00e7\\u00f5es e dicas da cidade de S\\u00e3o Gon\\u00e7alo e regi\\u00e3o\",\"inLanguage\":\"pt-BR\",\"publisher\":{\"@id\":\"https:\\\/\\\/www.encontrasaogoncalo.com.br\\\/sobre\\\/#organization\"}}]}\n\t\t<\/script>\n\t\t<!-- All in One SEO -->\n\n","aioseo_head_json":{"title":"S\u00e3o Gon\u00e7alo realiza a\u00e7\u00e3o do Maio Amarelo em parceria com o Sest Senat | Encontra S\u00e3o Gon\u00e7alo","description":"","canonical_url":"https:\/\/www.encontrasaogoncalo.com.br\/sobre\/sao-goncalo-realiza-acao-do-maio-amarelo-em-parceria-com-o-sest-senat\/","robots":"max-image-preview:large","keywords":"","webmasterTools":{"miscellaneous":""},"schema":{"@context":"https:\/\/schema.org","@graph":[{"@type":"Article","@id":"https:\/\/www.encontrasaogoncalo.com.br\/sobre\/sao-goncalo-realiza-acao-do-maio-amarelo-em-parceria-com-o-sest-senat\/#article","name":"S\u00e3o Gon\u00e7alo realiza a\u00e7\u00e3o do Maio Amarelo em parceria com o Sest Senat | Encontra S\u00e3o Gon\u00e7alo","headline":"S\u00e3o Gon\u00e7alo realiza a\u00e7\u00e3o do Maio Amarelo em parceria com o Sest Senat","author":{"@id":"https:\/\/www.encontrasaogoncalo.com.br\/sobre\/author\/esaogoncalo\/#author"},"publisher":{"@id":"https:\/\/www.encontrasaogoncalo.com.br\/sobre\/#organization"},"datePublished":"2026-05-24T09:33:30+00:00","dateModified":"2026-05-24T09:33:30+00:00","inLanguage":"pt-BR","mainEntityOfPage":{"@id":"https:\/\/www.encontrasaogoncalo.com.br\/sobre\/sao-goncalo-realiza-acao-do-maio-amarelo-em-parceria-com-o-sest-senat\/#webpage"},"isPartOf":{"@id":"https:\/\/www.encontrasaogoncalo.com.br\/sobre\/sao-goncalo-realiza-acao-do-maio-amarelo-em-parceria-com-o-sest-senat\/#webpage"},"articleSection":"Sa\u00fade S\u00e3o Gon\u00e7alo"},{"@type":"BreadcrumbList","@id":"https:\/\/www.encontrasaogoncalo.com.br\/sobre\/sao-goncalo-realiza-acao-do-maio-amarelo-em-parceria-com-o-sest-senat\/#breadcrumblist","itemListElement":[{"@type":"ListItem","@id":"https:\/\/www.encontrasaogoncalo.com.br\/sobre#listItem","position":1,"name":"In\u00edcio","item":"https:\/\/www.encontrasaogoncalo.com.br\/sobre","nextItem":{"@type":"ListItem","@id":"https:\/\/www.encontrasaogoncalo.com.br\/sobre\/saude-em-sao-goncalo\/#listItem","name":"Sa\u00fade S\u00e3o Gon\u00e7alo"}},{"@type":"ListItem","@id":"https:\/\/www.encontrasaogoncalo.com.br\/sobre\/saude-em-sao-goncalo\/#listItem","position":2,"name":"Sa\u00fade S\u00e3o Gon\u00e7alo","item":"https:\/\/www.encontrasaogoncalo.com.br\/sobre\/saude-em-sao-goncalo\/","nextItem":{"@type":"ListItem","@id":"https:\/\/www.encontrasaogoncalo.com.br\/sobre\/sao-goncalo-realiza-acao-do-maio-amarelo-em-parceria-com-o-sest-senat\/#listItem","name":"S\u00e3o Gon\u00e7alo realiza a\u00e7\u00e3o do Maio Amarelo em parceria com o Sest Senat"},"previousItem":{"@type":"ListItem","@id":"https:\/\/www.encontrasaogoncalo.com.br\/sobre#listItem","name":"In\u00edcio"}},{"@type":"ListItem","@id":"https:\/\/www.encontrasaogoncalo.com.br\/sobre\/sao-goncalo-realiza-acao-do-maio-amarelo-em-parceria-com-o-sest-senat\/#listItem","position":3,"name":"S\u00e3o Gon\u00e7alo realiza a\u00e7\u00e3o do Maio Amarelo em parceria com o Sest Senat","previousItem":{"@type":"ListItem","@id":"https:\/\/www.encontrasaogoncalo.com.br\/sobre\/saude-em-sao-goncalo\/#listItem","name":"Sa\u00fade S\u00e3o Gon\u00e7alo"}}]},{"@type":"Organization","@id":"https:\/\/www.encontrasaogoncalo.com.br\/sobre\/#organization","name":"Encontra S\u00e3o Gon\u00e7alo","description":"Not\u00edcias, eventos, informa\u00e7\u00f5es e dicas da cidade de S\u00e3o Gon\u00e7alo e regi\u00e3o","url":"https:\/\/www.encontrasaogoncalo.com.br\/sobre\/"},{"@type":"Person","@id":"https:\/\/www.encontrasaogoncalo.com.br\/sobre\/author\/esaogoncalo\/#author","url":"https:\/\/www.encontrasaogoncalo.com.br\/sobre\/author\/esaogoncalo\/","name":"Encontra S\u00e3o Gon\u00e7alo","image":{"@type":"ImageObject","@id":"https:\/\/www.encontrasaogoncalo.com.br\/sobre\/sao-goncalo-realiza-acao-do-maio-amarelo-em-parceria-com-o-sest-senat\/#authorImage","url":"https:\/\/secure.gravatar.com\/avatar\/507340682b8270222e1f208e23198b6ae7e2c6a1033ae84e99bc6bce4f82a387?s=96&d=mm&r=g","width":96,"height":96,"caption":"Encontra S\u00e3o Gon\u00e7alo"}},{"@type":"WebPage","@id":"https:\/\/www.encontrasaogoncalo.com.br\/sobre\/sao-goncalo-realiza-acao-do-maio-amarelo-em-parceria-com-o-sest-senat\/#webpage","url":"https:\/\/www.encontrasaogoncalo.com.br\/sobre\/sao-goncalo-realiza-acao-do-maio-amarelo-em-parceria-com-o-sest-senat\/","name":"S\u00e3o Gon\u00e7alo realiza a\u00e7\u00e3o do Maio Amarelo em parceria com o Sest Senat | Encontra S\u00e3o Gon\u00e7alo","inLanguage":"pt-BR","isPartOf":{"@id":"https:\/\/www.encontrasaogoncalo.com.br\/sobre\/#website"},"breadcrumb":{"@id":"https:\/\/www.encontrasaogoncalo.com.br\/sobre\/sao-goncalo-realiza-acao-do-maio-amarelo-em-parceria-com-o-sest-senat\/#breadcrumblist"},"author":{"@id":"https:\/\/www.encontrasaogoncalo.com.br\/sobre\/author\/esaogoncalo\/#author"},"creator":{"@id":"https:\/\/www.encontrasaogoncalo.com.br\/sobre\/author\/esaogoncalo\/#author"},"datePublished":"2026-05-24T09:33:30+00:00","dateModified":"2026-05-24T09:33:30+00:00"},{"@type":"WebSite","@id":"https:\/\/www.encontrasaogoncalo.com.br\/sobre\/#website","url":"https:\/\/www.encontrasaogoncalo.com.br\/sobre\/","name":"Encontra S\u00e3o Gon\u00e7alo","description":"Not\u00edcias, eventos, informa\u00e7\u00f5es e dicas da cidade de S\u00e3o Gon\u00e7alo e regi\u00e3o","inLanguage":"pt-BR","publisher":{"@id":"https:\/\/www.encontrasaogoncalo.com.br\/sobre\/#organization"}}]},"og:locale":"pt_BR","og:site_name":"Encontra S\u00e3o Gon\u00e7alo | Not\u00edcias, eventos, informa\u00e7\u00f5es e dicas da cidade de S\u00e3o Gon\u00e7alo e regi\u00e3o","og:type":"article","og:title":"S\u00e3o Gon\u00e7alo realiza a\u00e7\u00e3o do Maio Amarelo em parceria com o Sest Senat | Encontra S\u00e3o Gon\u00e7alo","og:url":"https:\/\/www.encontrasaogoncalo.com.br\/sobre\/sao-goncalo-realiza-acao-do-maio-amarelo-em-parceria-com-o-sest-senat\/","article:published_time":"2026-05-24T09:33:30+00:00","article:modified_time":"2026-05-24T09:33:30+00:00","twitter:card":"summary","twitter:title":"S\u00e3o Gon\u00e7alo realiza a\u00e7\u00e3o do Maio Amarelo em parceria com o Sest Senat | Encontra S\u00e3o Gon\u00e7alo"},"aioseo_meta_data":{"post_id":"2078","title":null,"description":null,"keywords":null,"keyphrases":null,"primary_term":null,"canonical_url":null,"og_title":null,"og_description":null,"og_object_type":"default","og_image_type":"default","og_image_url":null,"og_image_width":null,"og_image_height":null,"og_image_custom_url":null,"og_image_custom_fields":null,"og_video":null,"og_custom_url":null,"og_article_section":null,"og_article_tags":null,"twitter_use_og":false,"twitter_card":"default","twitter_image_type":"default","twitter_image_url":null,"twitter_image_custom_url":null,"twitter_image_custom_fields":null,"twitter_title":null,"twitter_description":null,"schema":{"blockGraphs":[],"customGraphs":[],"default":{"data":{"Article":[],"Course":[],"Dataset":[],"FAQPage":[],"Movie":[],"Person":[],"Product":[],"ProductReview":[],"Car":[],"Recipe":[],"Service":[],"SoftwareApplication":[],"WebPage":[]},"graphName":"Article","isEnabled":true},"graphs":[]},"schema_type":"default","schema_type_options":null,"pillar_content":false,"robots_default":true,"robots_noindex":false,"robots_noarchive":false,"robots_nosnippet":false,"robots_nofollow":false,"robots_noimageindex":false,"robots_noodp":false,"robots_notranslate":false,"robots_max_snippet":null,"robots_max_videopreview":null,"robots_max_imagepreview":"large","priority":null,"frequency":null,"local_seo":null,"breadcrumb_settings":null,"limit_modified_date":false,"ai":null,"created":"2026-05-24 09:33:33","updated":"2026-05-24 09:53:40","focus_keyword":null,"additional_keywords":null,"truseo_locale":null,"seo_analyzer_scan_date":null},"aioseo_breadcrumb":"<div class=\"aioseo-breadcrumbs\"><span class=\"aioseo-breadcrumb\">\n\t\t\t<a href=\"https:\/\/www.encontrasaogoncalo.com.br\/sobre\" title=\"In\u00edcio\">In\u00edcio<\/a>\n\t\t<\/span><span class=\"aioseo-breadcrumb-separator\">&raquo;<\/span><span class=\"aioseo-breadcrumb\">\n\t\t\t<a href=\"https:\/\/www.encontrasaogoncalo.com.br\/sobre\/saude-em-sao-goncalo\/\" title=\"Sa\u00fade S\u00e3o Gon\u00e7alo\">Sa\u00fade S\u00e3o Gon\u00e7alo<\/a>\n\t\t<\/span><span class=\"aioseo-breadcrumb-separator\">&raquo;<\/span><span class=\"aioseo-breadcrumb\">\n\t\t\tS\u00e3o Gon\u00e7alo realiza a\u00e7\u00e3o do Maio Amarelo em parceria com o Sest Senat\n\t\t<\/span><\/div>","aioseo_breadcrumb_json":[{"label":"In\u00edcio","link":"https:\/\/www.encontrasaogoncalo.com.br\/sobre"},{"label":"Sa\u00fade S\u00e3o Gon\u00e7alo","link":"https:\/\/www.encontrasaogoncalo.com.br\/sobre\/saude-em-sao-goncalo\/"},{"label":"S\u00e3o Gon\u00e7alo realiza a\u00e7\u00e3o do Maio Amarelo em parceria com o Sest Senat","link":"https:\/\/www.encontrasaogoncalo.com.br\/sobre\/sao-goncalo-realiza-acao-do-maio-amarelo-em-parceria-com-o-sest-senat\/"}],"_links":{"self":[{"href":"https:\/\/www.encontrasaogoncalo.com.br\/sobre\/wp-json\/wp\/v2\/posts\/2078","targetHints":{"allow":["GET"]}}],"collection":[{"href":"https:\/\/www.encontrasaogoncalo.com.br\/sobre\/wp-json\/wp\/v2\/posts"}],"about":[{"href":"https:\/\/www.encontrasaogoncalo.com.br\/sobre\/wp-json\/wp\/v2\/types\/post"}],"author":[{"embeddable":true,"href":"https:\/\/www.encontrasaogoncalo.com.br\/sobre\/wp-json\/wp\/v2\/users\/1"}],"replies":[{"embeddable":true,"href":"https:\/\/www.encontrasaogoncalo.com.br\/sobre\/wp-json\/wp\/v2\/comments?post=2078"}],"version-history":[{"count":0,"href":"https:\/\/www.encontrasaogoncalo.com.br\/sobre\/wp-json\/wp\/v2\/posts\/2078\/revisions"}],"wp:attachment":[{"href":"https:\/\/www.encontrasaogoncalo.com.br\/sobre\/wp-json\/wp\/v2\/media?parent=2078"}],"wp:term":[{"taxonomy":"category","embeddable":true,"href":"https:\/\/www.encontrasaogoncalo.com.br\/sobre\/wp-json\/wp\/v2\/categories?post=2078"},{"taxonomy":"post_tag","embeddable":true,"href":"https:\/\/www.encontrasaogoncalo.com.br\/sobre\/wp-json\/wp\/v2\/tags?post=2078"}],"curies":[{"name":"wp","href":"https:\/\/api.w.org\/{rel}","templated":true}]}}