{"id":2079,"date":"2026-05-24T09:34:59","date_gmt":"2026-05-24T09:34:59","guid":{"rendered":"https:\/\/www.encontrasaogoncalo.com.br\/sobre\/sao-goncalo-vai-realizar-acao-de-conscientizacao-sobre-cuidado-com-criancas-e-adolescentes\/"},"modified":"2026-05-24T09:34:59","modified_gmt":"2026-05-24T09:34:59","slug":"sao-goncalo-vai-realizar-acao-de-conscientizacao-sobre-cuidado-com-criancas-e-adolescentes","status":"publish","type":"post","link":"https:\/\/www.encontrasaogoncalo.com.br\/sobre\/sao-goncalo-vai-realizar-acao-de-conscientizacao-sobre-cuidado-com-criancas-e-adolescentes\/","title":{"rendered":"S\u00e3o Gon\u00e7alo vai realizar a\u00e7\u00e3o de conscientiza\u00e7\u00e3o sobre cuidado com crian\u00e7as e adolescentes"},"content":{"rendered":"<div class=\"558ebb280150f569344a3237cd236fe7\" data-index=\"1\" style=\"float: none; margin:0px;\">\n<!-- Anuncio display - global -->\r\n<ins class=\"adsbygoogle\"\r\n     style=\"display:block\"\r\n     data-ad-client=\"ca-pub-8585364105181520\"\r\n     data-ad-slot=\"8789329856\"\r\n     data-ad-format=\"auto\"\r\n     data-full-width-responsive=\"true\"><\/ins>\r\n<script>\r\n     (adsbygoogle = window.adsbygoogle || []).push({});\r\n<\/script>\n<\/div>\n<h2>O Que \u00c9 a A\u00e7\u00e3o de Conscientiza\u00e7\u00e3o?<\/h2>\n<p>A proposta da a\u00e7\u00e3o de conscientiza\u00e7\u00e3o a ser realizada em S\u00e3o Gon\u00e7alo \u00e9 uma iniciativa voltada para a prote\u00e7\u00e3o de crian\u00e7as e adolescentes. Este evento \u00e9 especialmente relevante, pois visa sensibilizar a popula\u00e7\u00e3o acerca dos perigos relacionados ao abuso e \u00e0 explora\u00e7\u00e3o sexual infantojuvenil. Com o intuito de promover um ambiente mais seguro e acolhedor, a atividade ocorrer\u00e1 em um local estrat\u00e9gico, permitindo grande visibilidade e participa\u00e7\u00e3o da comunidade.<\/p>\n<h2>Import\u00e2ncia da Prote\u00e7\u00e3o Infantil<\/h2>\n<p>A prote\u00e7\u00e3o das crian\u00e7as e adolescentes \u00e9 uma responsabilidade compartilhada por toda a sociedade. Estes jovens, em fase de desenvolvimento, s\u00e3o vulner\u00e1veis e precisam de um ambiente seguro para crescer e se desenvolver. A conscientiza\u00e7\u00e3o sobre os direitos da inf\u00e2ncia e a identifica\u00e7\u00e3o de situa\u00e7\u00f5es de risco s\u00e3o fundamentais para garantir que esses direitos sejam respeitados. A prote\u00e7\u00e3o integral n\u00e3o \u00e9 apenas uma quest\u00e3o de responsabilidade legal, mas um ato humanit\u00e1rio que reafirma o compromisso da sociedade com as futuras gera\u00e7\u00f5es.<\/p>\n<h2>Como Participar da Mobiliza\u00e7\u00e3o Social<\/h2>\n<p>Os cidad\u00e3os t\u00eam um papel crucial na mobiliza\u00e7\u00e3o social em rela\u00e7\u00e3o ao cuidado com crian\u00e7as e adolescentes. A participa\u00e7\u00e3o pode ocorrer de diversas formas, tais como:<\/p>\n<ul>\n<li><strong>Comparecendo ao evento:<\/strong> Aproveitar a oportunidade para aprender e se engajar nas discuss\u00f5es sobre prote\u00e7\u00e3o infantil.<\/li>\n<li><strong>Divulgando informa\u00e7\u00f5es:<\/strong> Compartilhar as mensagens e materiais informativos nas redes sociais e entre conhecidos.<\/li>\n<li><strong>Voltando-se para a comunidade:<\/strong> Envolver-se com iniciativas locais que promovem a seguran\u00e7a e o bem-estar de crian\u00e7as e adolescentes.<\/li>\n<\/ul>\n<h2>Atividades Educativas Programadas<\/h2>\n<p>Durante a a\u00e7\u00e3o de conscientiza\u00e7\u00e3o, ser\u00e3o realizadas diversas atividades educativas que t\u00eam como objetivo informar e engajar o p\u00fablico. Dentre as atividades, est\u00e3o previstas:<\/p>\n<ul>\n<li><strong>Palestras:<\/strong> Especialistas ir\u00e3o abordar quest\u00f5es pertinentes sobre abuso e explora\u00e7\u00e3o sexual e como a comunidade pode atuar na preven\u00e7\u00e3o.<\/li>\n<li><strong>Oficinas:<\/strong> Momentos interativos que promover\u00e3o o debate e a troca de experi\u00eancias sobre prote\u00e7\u00e3o infantil.<\/li>\n<li><strong>Apresenta\u00e7\u00f5es art\u00edsticas:<\/strong> Atividades que envolvem o engajamento dos jovens para que expressam a import\u00e2ncia da seguran\u00e7a e respeito aos direitos infantojuvenis.<\/li>\n<\/ul>\n<h2>Material Informativo a Ser Distribu\u00eddo<\/h2>\n<p>Durante o evento, ser\u00e3o distribu\u00eddos materiais informativos que t\u00eam como objetivo esclarecer a popula\u00e7\u00e3o sobre os direitos das crian\u00e7as e adolescentes, destacando como identificar e denunciar situa\u00e7\u00f5es de abuso. Os materiais incluir\u00e3o:<\/p>\n<ul>\n<li><strong>Cartilhas:<\/strong> Informa\u00e7\u00f5es sobre direitos, como proceder em casos de suspeita de abuso e onde buscar ajuda.<\/li>\n<li><strong>Panfletos:<\/strong> Dados estat\u00edsticos e orienta\u00e7\u00f5es sobre como proteger crian\u00e7as e adolescentes.<\/li>\n<li><strong>Links de apoio:<\/strong> Informa\u00e7\u00f5es de contato de institui\u00e7\u00f5es que oferecem suporte e assist\u00eancia.<\/li>\n<\/ul>\n<h2>Como Denunciar Casos de Abuso<\/h2>\n<p>A den\u00fancia de casos de abuso \u00e9 uma a\u00e7\u00e3o de extrema import\u00e2ncia que pode salvar vidas. Para isso, \u00e9 fundamental conhecer os canais adequados para reportar casos suspeitos. A sociedade deve ser informada sobre como registrar uma den\u00fancia, podendo utilizar:<\/p>\n<ul>\n<li><strong>Disque 100:<\/strong> Servi\u00e7o de atendimento ao cidad\u00e3o que recebe den\u00fancias de viola\u00e7\u00e3o dos direitos humanos, inclusive abuso infantil.<\/li>\n<li><strong>Delegacias Especializadas:<\/strong> Org\u00e3os que atuam especificamente em casos de viol\u00eancia contra a crian\u00e7a e o adolescente.<\/li>\n<li><strong>Centros de refer\u00eancia:<\/strong> Institui\u00e7\u00f5es locais que oferecem acolhimento e orienta\u00e7\u00f5es a v\u00edtimas e seus familiares.<\/li>\n<\/ul>\n<h2>O Papel da Comunidade na Prote\u00e7\u00e3o<\/h2>\n<p>A comunidade desempenha um papel vital na cria\u00e7\u00e3o de um ambiente seguro para crian\u00e7as e adolescentes. A participa\u00e7\u00e3o ativa dos moradores, organiza\u00e7\u00f5es e institui\u00e7\u00f5es \u00e9 essencial. Juntos, somos a primeira linha de defesa, podendo:<\/p>\n<ul>\n<li><strong>Fomentar uma rede de apoio:<\/strong> Criar grupos comunit\u00e1rios que promovem a prote\u00e7\u00e3o da inf\u00e2ncia.<\/li>\n<li><strong>Organizar eventos de conscientiza\u00e7\u00e3o:<\/strong> Manter o tema em destaque e engajar a comunidade em a\u00e7\u00f5es permanentes de preven\u00e7\u00e3o.<\/li>\n<li><strong>Oferecer suporte:<\/strong> Auxiliar as v\u00edtimas e suas fam\u00edlias, criando um ambiente acolhedor e seguro.<\/li>\n<\/ul>\n<h2>A Data Comemorativa e Sua Relev\u00e2ncia<\/h2>\n<p>O evento \u00e9 parte das comemora\u00e7\u00f5es do Dia Nacional de Combate ao Abuso e \u00e0 Explora\u00e7\u00e3o Sexual de Crian\u00e7as e Adolescentes, um marco que busca recordar e sensibilizar a sociedade sobre a gravidade do problema. Essa data n\u00e3o deve ser vista apenas como um lembrete, mas como uma oportunidade de reflex\u00e3o e a\u00e7\u00e3o cont\u00ednua.<\/p>\n<h2>Hist\u00f3rias de Sucesso na Conscientiza\u00e7\u00e3o<\/h2>\n<p>Casos de sucesso em outras localidades evidenciam que as a\u00e7\u00f5es de conscientiza\u00e7\u00e3o podem ter um impacto significativo. Hist\u00f3rias de comunidades que se mobilizaram, se uniram e conseguiram reduzir os \u00edndices de abuso mostram que a mudan\u00e7a \u00e9 poss\u00edvel. Exemplos incluem:<\/p>\n<ul>\n<li><strong>Programas de preven\u00e7\u00e3o em escolas:<\/strong> Iniciativas que educam tanto alunos quanto pais sobre os direitos das crian\u00e7as.<\/li>\n<li><strong>A\u00e7\u00f5es de den\u00fancias em massa:<\/strong> Mobiliza\u00e7\u00f5es que resultaram em maior n\u00famero de den\u00fancias, levando a investiga\u00e7\u00f5es e a\u00e7\u00f5es efetivas.<\/li>\n<li><strong>Parcerias entre \u00f3rg\u00e3os governamentais e ONGs:<\/strong> Combina\u00e7\u00f5es de esfor\u00e7os que ampliam a atua\u00e7\u00e3o na prote\u00e7\u00e3o \u00e0 inf\u00e2ncia.<\/li>\n<\/ul>\n<h2>Pr\u00f3ximos Passos na Luta pelos Direitos<\/h2>\n<p>Em frente ao compromisso de proteger crian\u00e7as e adolescentes, a a\u00e7\u00e3o de conscientiza\u00e7\u00e3o \u00e9 apenas o come\u00e7o. \u00c9 crucial dar continuidade ao engajamento, implementando medidas que garantam a prote\u00e7\u00e3o e os direitos. Os pr\u00f3ximos passos incluem:<\/p>\n<ul>\n<li><strong>Implementar pol\u00edticas p\u00fablicas:<\/strong> Demandar que as autoridades adotem e reforcem leis voltadas para a prote\u00e7\u00e3o infantojuvenil.<\/li>\n<li><strong>Aumentar a forma\u00e7\u00e3o:<\/strong> Promover treinamentos para educadores e profissionais de sa\u00fade sobre como identificar e lidar com situa\u00e7\u00f5es de abuso.<\/li>\n<li><strong>Manter o di\u00e1logo aberto:<\/strong> Criar espa\u00e7os para que a comunidade continue conversando sobre o tema e buscando melhorias.<\/li>\n<\/ul>\n\n<div style=\"font-size: 0px; height: 0px; line-height: 0px; margin: 0; padding: 0; clear: both;\"><\/div>","protected":false},"excerpt":{"rendered":"<p>Descubra como S\u00e3o Gon\u00e7alo se mobiliza para proteger crian\u00e7as e adolescentes.<\/p>\n","protected":false},"author":1,"featured_media":0,"comment_status":"open","ping_status":"closed","sticky":false,"template":"","format":"standard","meta":{"footnotes":""},"categories":[33],"tags":[],"class_list":["post-2079","post","type-post","status-publish","format-standard","hentry","category-educacao-em-sao-goncalo"],"aioseo_notices":[],"aioseo_head":"\n\t\t<!-- All in One SEO 5.0.0.1 - aioseo.com -->\n\t<meta name=\"robots\" content=\"max-image-preview:large\" \/>\n\t<meta name=\"author\" content=\"Encontra S\u00e3o Gon\u00e7alo\"\/>\n\t<link rel=\"canonical\" href=\"https:\/\/www.encontrasaogoncalo.com.br\/sobre\/sao-goncalo-vai-realizar-acao-de-conscientizacao-sobre-cuidado-com-criancas-e-adolescentes\/\" \/>\n\t<meta name=\"generator\" content=\"All in One SEO (AIOSEO) 5.0.0.1\" \/>\n\t\t<meta property=\"og:locale\" content=\"pt_BR\" \/>\n\t\t<meta property=\"og:site_name\" content=\"Encontra S\u00e3o Gon\u00e7alo | Not\u00edcias, eventos, informa\u00e7\u00f5es e dicas da cidade de S\u00e3o Gon\u00e7alo e regi\u00e3o\" \/>\n\t\t<meta property=\"og:type\" content=\"article\" \/>\n\t\t<meta property=\"og:title\" content=\"S\u00e3o Gon\u00e7alo vai realizar a\u00e7\u00e3o de conscientiza\u00e7\u00e3o sobre cuidado com crian\u00e7as e adolescentes | Encontra S\u00e3o Gon\u00e7alo\" \/>\n\t\t<meta property=\"og:url\" content=\"https:\/\/www.encontrasaogoncalo.com.br\/sobre\/sao-goncalo-vai-realizar-acao-de-conscientizacao-sobre-cuidado-com-criancas-e-adolescentes\/\" \/>\n\t\t<meta property=\"article:published_time\" content=\"2026-05-24T09:34:59+00:00\" \/>\n\t\t<meta property=\"article:modified_time\" content=\"2026-05-24T09:34:59+00:00\" \/>\n\t\t<meta name=\"twitter:card\" content=\"summary\" \/>\n\t\t<meta name=\"twitter:title\" content=\"S\u00e3o Gon\u00e7alo vai realizar a\u00e7\u00e3o de conscientiza\u00e7\u00e3o sobre cuidado com crian\u00e7as e adolescentes | Encontra S\u00e3o Gon\u00e7alo\" \/>\n\t\t<script type=\"application\/ld+json\" class=\"aioseo-schema\">\n\t\t\t{\"@context\":\"https:\\\/\\\/schema.org\",\"@graph\":[{\"@type\":\"Article\",\"@id\":\"https:\\\/\\\/www.encontrasaogoncalo.com.br\\\/sobre\\\/sao-goncalo-vai-realizar-acao-de-conscientizacao-sobre-cuidado-com-criancas-e-adolescentes\\\/#article\",\"name\":\"S\\u00e3o Gon\\u00e7alo vai realizar a\\u00e7\\u00e3o de conscientiza\\u00e7\\u00e3o sobre cuidado com crian\\u00e7as e adolescentes | Encontra S\\u00e3o Gon\\u00e7alo\",\"headline\":\"S\\u00e3o Gon\\u00e7alo vai realizar a\\u00e7\\u00e3o de conscientiza\\u00e7\\u00e3o sobre cuidado com crian\\u00e7as e adolescentes\",\"author\":{\"@id\":\"https:\\\/\\\/www.encontrasaogoncalo.com.br\\\/sobre\\\/author\\\/esaogoncalo\\\/#author\"},\"publisher\":{\"@id\":\"https:\\\/\\\/www.encontrasaogoncalo.com.br\\\/sobre\\\/#organization\"},\"datePublished\":\"2026-05-24T09:34:59+00:00\",\"dateModified\":\"2026-05-24T09:34:59+00:00\",\"inLanguage\":\"pt-BR\",\"mainEntityOfPage\":{\"@id\":\"https:\\\/\\\/www.encontrasaogoncalo.com.br\\\/sobre\\\/sao-goncalo-vai-realizar-acao-de-conscientizacao-sobre-cuidado-com-criancas-e-adolescentes\\\/#webpage\"},\"isPartOf\":{\"@id\":\"https:\\\/\\\/www.encontrasaogoncalo.com.br\\\/sobre\\\/sao-goncalo-vai-realizar-acao-de-conscientizacao-sobre-cuidado-com-criancas-e-adolescentes\\\/#webpage\"},\"articleSection\":\"Educa\\u00e7\\u00e3o S\\u00e3o Gon\\u00e7alo\"},{\"@type\":\"BreadcrumbList\",\"@id\":\"https:\\\/\\\/www.encontrasaogoncalo.com.br\\\/sobre\\\/sao-goncalo-vai-realizar-acao-de-conscientizacao-sobre-cuidado-com-criancas-e-adolescentes\\\/#breadcrumblist\",\"itemListElement\":[{\"@type\":\"ListItem\",\"@id\":\"https:\\\/\\\/www.encontrasaogoncalo.com.br\\\/sobre#listItem\",\"position\":1,\"name\":\"In\\u00edcio\",\"item\":\"https:\\\/\\\/www.encontrasaogoncalo.com.br\\\/sobre\",\"nextItem\":{\"@type\":\"ListItem\",\"@id\":\"https:\\\/\\\/www.encontrasaogoncalo.com.br\\\/sobre\\\/educacao-em-sao-goncalo\\\/#listItem\",\"name\":\"Educa\\u00e7\\u00e3o S\\u00e3o Gon\\u00e7alo\"}},{\"@type\":\"ListItem\",\"@id\":\"https:\\\/\\\/www.encontrasaogoncalo.com.br\\\/sobre\\\/educacao-em-sao-goncalo\\\/#listItem\",\"position\":2,\"name\":\"Educa\\u00e7\\u00e3o S\\u00e3o Gon\\u00e7alo\",\"item\":\"https:\\\/\\\/www.encontrasaogoncalo.com.br\\\/sobre\\\/educacao-em-sao-goncalo\\\/\",\"nextItem\":{\"@type\":\"ListItem\",\"@id\":\"https:\\\/\\\/www.encontrasaogoncalo.com.br\\\/sobre\\\/sao-goncalo-vai-realizar-acao-de-conscientizacao-sobre-cuidado-com-criancas-e-adolescentes\\\/#listItem\",\"name\":\"S\\u00e3o Gon\\u00e7alo vai realizar a\\u00e7\\u00e3o de conscientiza\\u00e7\\u00e3o sobre cuidado com crian\\u00e7as e adolescentes\"},\"previousItem\":{\"@type\":\"ListItem\",\"@id\":\"https:\\\/\\\/www.encontrasaogoncalo.com.br\\\/sobre#listItem\",\"name\":\"In\\u00edcio\"}},{\"@type\":\"ListItem\",\"@id\":\"https:\\\/\\\/www.encontrasaogoncalo.com.br\\\/sobre\\\/sao-goncalo-vai-realizar-acao-de-conscientizacao-sobre-cuidado-com-criancas-e-adolescentes\\\/#listItem\",\"position\":3,\"name\":\"S\\u00e3o Gon\\u00e7alo vai realizar a\\u00e7\\u00e3o de conscientiza\\u00e7\\u00e3o sobre cuidado com crian\\u00e7as e adolescentes\",\"previousItem\":{\"@type\":\"ListItem\",\"@id\":\"https:\\\/\\\/www.encontrasaogoncalo.com.br\\\/sobre\\\/educacao-em-sao-goncalo\\\/#listItem\",\"name\":\"Educa\\u00e7\\u00e3o S\\u00e3o Gon\\u00e7alo\"}}]},{\"@type\":\"Organization\",\"@id\":\"https:\\\/\\\/www.encontrasaogoncalo.com.br\\\/sobre\\\/#organization\",\"name\":\"Encontra S\\u00e3o Gon\\u00e7alo\",\"description\":\"Not\\u00edcias, eventos, informa\\u00e7\\u00f5es e dicas da cidade de S\\u00e3o Gon\\u00e7alo e regi\\u00e3o\",\"url\":\"https:\\\/\\\/www.encontrasaogoncalo.com.br\\\/sobre\\\/\"},{\"@type\":\"Person\",\"@id\":\"https:\\\/\\\/www.encontrasaogoncalo.com.br\\\/sobre\\\/author\\\/esaogoncalo\\\/#author\",\"url\":\"https:\\\/\\\/www.encontrasaogoncalo.com.br\\\/sobre\\\/author\\\/esaogoncalo\\\/\",\"name\":\"Encontra S\\u00e3o Gon\\u00e7alo\",\"image\":{\"@type\":\"ImageObject\",\"@id\":\"https:\\\/\\\/www.encontrasaogoncalo.com.br\\\/sobre\\\/sao-goncalo-vai-realizar-acao-de-conscientizacao-sobre-cuidado-com-criancas-e-adolescentes\\\/#authorImage\",\"url\":\"https:\\\/\\\/secure.gravatar.com\\\/avatar\\\/507340682b8270222e1f208e23198b6ae7e2c6a1033ae84e99bc6bce4f82a387?s=96&d=mm&r=g\",\"width\":96,\"height\":96,\"caption\":\"Encontra S\\u00e3o Gon\\u00e7alo\"}},{\"@type\":\"WebPage\",\"@id\":\"https:\\\/\\\/www.encontrasaogoncalo.com.br\\\/sobre\\\/sao-goncalo-vai-realizar-acao-de-conscientizacao-sobre-cuidado-com-criancas-e-adolescentes\\\/#webpage\",\"url\":\"https:\\\/\\\/www.encontrasaogoncalo.com.br\\\/sobre\\\/sao-goncalo-vai-realizar-acao-de-conscientizacao-sobre-cuidado-com-criancas-e-adolescentes\\\/\",\"name\":\"S\\u00e3o Gon\\u00e7alo vai realizar a\\u00e7\\u00e3o de conscientiza\\u00e7\\u00e3o sobre cuidado com crian\\u00e7as e adolescentes | Encontra S\\u00e3o Gon\\u00e7alo\",\"inLanguage\":\"pt-BR\",\"isPartOf\":{\"@id\":\"https:\\\/\\\/www.encontrasaogoncalo.com.br\\\/sobre\\\/#website\"},\"breadcrumb\":{\"@id\":\"https:\\\/\\\/www.encontrasaogoncalo.com.br\\\/sobre\\\/sao-goncalo-vai-realizar-acao-de-conscientizacao-sobre-cuidado-com-criancas-e-adolescentes\\\/#breadcrumblist\"},\"author\":{\"@id\":\"https:\\\/\\\/www.encontrasaogoncalo.com.br\\\/sobre\\\/author\\\/esaogoncalo\\\/#author\"},\"creator\":{\"@id\":\"https:\\\/\\\/www.encontrasaogoncalo.com.br\\\/sobre\\\/author\\\/esaogoncalo\\\/#author\"},\"datePublished\":\"2026-05-24T09:34:59+00:00\",\"dateModified\":\"2026-05-24T09:34:59+00:00\"},{\"@type\":\"WebSite\",\"@id\":\"https:\\\/\\\/www.encontrasaogoncalo.com.br\\\/sobre\\\/#website\",\"url\":\"https:\\\/\\\/www.encontrasaogoncalo.com.br\\\/sobre\\\/\",\"name\":\"Encontra S\\u00e3o Gon\\u00e7alo\",\"description\":\"Not\\u00edcias, eventos, informa\\u00e7\\u00f5es e dicas da cidade de S\\u00e3o Gon\\u00e7alo e regi\\u00e3o\",\"inLanguage\":\"pt-BR\",\"publisher\":{\"@id\":\"https:\\\/\\\/www.encontrasaogoncalo.com.br\\\/sobre\\\/#organization\"}}]}\n\t\t<\/script>\n\t\t<!-- All in One SEO -->\n\n","aioseo_head_json":{"title":"S\u00e3o Gon\u00e7alo vai realizar a\u00e7\u00e3o de conscientiza\u00e7\u00e3o sobre cuidado com crian\u00e7as e adolescentes | Encontra S\u00e3o Gon\u00e7alo","description":"","canonical_url":"https:\/\/www.encontrasaogoncalo.com.br\/sobre\/sao-goncalo-vai-realizar-acao-de-conscientizacao-sobre-cuidado-com-criancas-e-adolescentes\/","robots":"max-image-preview:large","keywords":"","webmasterTools":{"miscellaneous":""},"schema":{"@context":"https:\/\/schema.org","@graph":[{"@type":"Article","@id":"https:\/\/www.encontrasaogoncalo.com.br\/sobre\/sao-goncalo-vai-realizar-acao-de-conscientizacao-sobre-cuidado-com-criancas-e-adolescentes\/#article","name":"S\u00e3o Gon\u00e7alo vai realizar a\u00e7\u00e3o de conscientiza\u00e7\u00e3o sobre cuidado com crian\u00e7as e adolescentes | Encontra S\u00e3o Gon\u00e7alo","headline":"S\u00e3o Gon\u00e7alo vai realizar a\u00e7\u00e3o de conscientiza\u00e7\u00e3o sobre cuidado com crian\u00e7as e adolescentes","author":{"@id":"https:\/\/www.encontrasaogoncalo.com.br\/sobre\/author\/esaogoncalo\/#author"},"publisher":{"@id":"https:\/\/www.encontrasaogoncalo.com.br\/sobre\/#organization"},"datePublished":"2026-05-24T09:34:59+00:00","dateModified":"2026-05-24T09:34:59+00:00","inLanguage":"pt-BR","mainEntityOfPage":{"@id":"https:\/\/www.encontrasaogoncalo.com.br\/sobre\/sao-goncalo-vai-realizar-acao-de-conscientizacao-sobre-cuidado-com-criancas-e-adolescentes\/#webpage"},"isPartOf":{"@id":"https:\/\/www.encontrasaogoncalo.com.br\/sobre\/sao-goncalo-vai-realizar-acao-de-conscientizacao-sobre-cuidado-com-criancas-e-adolescentes\/#webpage"},"articleSection":"Educa\u00e7\u00e3o S\u00e3o Gon\u00e7alo"},{"@type":"BreadcrumbList","@id":"https:\/\/www.encontrasaogoncalo.com.br\/sobre\/sao-goncalo-vai-realizar-acao-de-conscientizacao-sobre-cuidado-com-criancas-e-adolescentes\/#breadcrumblist","itemListElement":[{"@type":"ListItem","@id":"https:\/\/www.encontrasaogoncalo.com.br\/sobre#listItem","position":1,"name":"In\u00edcio","item":"https:\/\/www.encontrasaogoncalo.com.br\/sobre","nextItem":{"@type":"ListItem","@id":"https:\/\/www.encontrasaogoncalo.com.br\/sobre\/educacao-em-sao-goncalo\/#listItem","name":"Educa\u00e7\u00e3o S\u00e3o Gon\u00e7alo"}},{"@type":"ListItem","@id":"https:\/\/www.encontrasaogoncalo.com.br\/sobre\/educacao-em-sao-goncalo\/#listItem","position":2,"name":"Educa\u00e7\u00e3o S\u00e3o Gon\u00e7alo","item":"https:\/\/www.encontrasaogoncalo.com.br\/sobre\/educacao-em-sao-goncalo\/","nextItem":{"@type":"ListItem","@id":"https:\/\/www.encontrasaogoncalo.com.br\/sobre\/sao-goncalo-vai-realizar-acao-de-conscientizacao-sobre-cuidado-com-criancas-e-adolescentes\/#listItem","name":"S\u00e3o Gon\u00e7alo vai realizar a\u00e7\u00e3o de conscientiza\u00e7\u00e3o sobre cuidado com crian\u00e7as e adolescentes"},"previousItem":{"@type":"ListItem","@id":"https:\/\/www.encontrasaogoncalo.com.br\/sobre#listItem","name":"In\u00edcio"}},{"@type":"ListItem","@id":"https:\/\/www.encontrasaogoncalo.com.br\/sobre\/sao-goncalo-vai-realizar-acao-de-conscientizacao-sobre-cuidado-com-criancas-e-adolescentes\/#listItem","position":3,"name":"S\u00e3o Gon\u00e7alo vai realizar a\u00e7\u00e3o de conscientiza\u00e7\u00e3o sobre cuidado com crian\u00e7as e adolescentes","previousItem":{"@type":"ListItem","@id":"https:\/\/www.encontrasaogoncalo.com.br\/sobre\/educacao-em-sao-goncalo\/#listItem","name":"Educa\u00e7\u00e3o S\u00e3o Gon\u00e7alo"}}]},{"@type":"Organization","@id":"https:\/\/www.encontrasaogoncalo.com.br\/sobre\/#organization","name":"Encontra S\u00e3o Gon\u00e7alo","description":"Not\u00edcias, eventos, informa\u00e7\u00f5es e dicas da cidade de S\u00e3o Gon\u00e7alo e regi\u00e3o","url":"https:\/\/www.encontrasaogoncalo.com.br\/sobre\/"},{"@type":"Person","@id":"https:\/\/www.encontrasaogoncalo.com.br\/sobre\/author\/esaogoncalo\/#author","url":"https:\/\/www.encontrasaogoncalo.com.br\/sobre\/author\/esaogoncalo\/","name":"Encontra S\u00e3o Gon\u00e7alo","image":{"@type":"ImageObject","@id":"https:\/\/www.encontrasaogoncalo.com.br\/sobre\/sao-goncalo-vai-realizar-acao-de-conscientizacao-sobre-cuidado-com-criancas-e-adolescentes\/#authorImage","url":"https:\/\/secure.gravatar.com\/avatar\/507340682b8270222e1f208e23198b6ae7e2c6a1033ae84e99bc6bce4f82a387?s=96&d=mm&r=g","width":96,"height":96,"caption":"Encontra S\u00e3o Gon\u00e7alo"}},{"@type":"WebPage","@id":"https:\/\/www.encontrasaogoncalo.com.br\/sobre\/sao-goncalo-vai-realizar-acao-de-conscientizacao-sobre-cuidado-com-criancas-e-adolescentes\/#webpage","url":"https:\/\/www.encontrasaogoncalo.com.br\/sobre\/sao-goncalo-vai-realizar-acao-de-conscientizacao-sobre-cuidado-com-criancas-e-adolescentes\/","name":"S\u00e3o Gon\u00e7alo vai realizar a\u00e7\u00e3o de conscientiza\u00e7\u00e3o sobre cuidado com crian\u00e7as e adolescentes | Encontra S\u00e3o Gon\u00e7alo","inLanguage":"pt-BR","isPartOf":{"@id":"https:\/\/www.encontrasaogoncalo.com.br\/sobre\/#website"},"breadcrumb":{"@id":"https:\/\/www.encontrasaogoncalo.com.br\/sobre\/sao-goncalo-vai-realizar-acao-de-conscientizacao-sobre-cuidado-com-criancas-e-adolescentes\/#breadcrumblist"},"author":{"@id":"https:\/\/www.encontrasaogoncalo.com.br\/sobre\/author\/esaogoncalo\/#author"},"creator":{"@id":"https:\/\/www.encontrasaogoncalo.com.br\/sobre\/author\/esaogoncalo\/#author"},"datePublished":"2026-05-24T09:34:59+00:00","dateModified":"2026-05-24T09:34:59+00:00"},{"@type":"WebSite","@id":"https:\/\/www.encontrasaogoncalo.com.br\/sobre\/#website","url":"https:\/\/www.encontrasaogoncalo.com.br\/sobre\/","name":"Encontra S\u00e3o Gon\u00e7alo","description":"Not\u00edcias, eventos, informa\u00e7\u00f5es e dicas da cidade de S\u00e3o Gon\u00e7alo e regi\u00e3o","inLanguage":"pt-BR","publisher":{"@id":"https:\/\/www.encontrasaogoncalo.com.br\/sobre\/#organization"}}]},"og:locale":"pt_BR","og:site_name":"Encontra S\u00e3o Gon\u00e7alo | Not\u00edcias, eventos, informa\u00e7\u00f5es e dicas da cidade de S\u00e3o Gon\u00e7alo e regi\u00e3o","og:type":"article","og:title":"S\u00e3o Gon\u00e7alo vai realizar a\u00e7\u00e3o de conscientiza\u00e7\u00e3o sobre cuidado com crian\u00e7as e adolescentes | Encontra S\u00e3o Gon\u00e7alo","og:url":"https:\/\/www.encontrasaogoncalo.com.br\/sobre\/sao-goncalo-vai-realizar-acao-de-conscientizacao-sobre-cuidado-com-criancas-e-adolescentes\/","article:published_time":"2026-05-24T09:34:59+00:00","article:modified_time":"2026-05-24T09:34:59+00:00","twitter:card":"summary","twitter:title":"S\u00e3o Gon\u00e7alo vai realizar a\u00e7\u00e3o de conscientiza\u00e7\u00e3o sobre cuidado com crian\u00e7as e adolescentes | Encontra S\u00e3o Gon\u00e7alo"},"aioseo_meta_data":{"post_id":"2079","title":null,"description":null,"keywords":null,"keyphrases":null,"primary_term":null,"canonical_url":null,"og_title":null,"og_description":null,"og_object_type":"default","og_image_type":"default","og_image_url":null,"og_image_width":null,"og_image_height":null,"og_image_custom_url":null,"og_image_custom_fields":null,"og_video":null,"og_custom_url":null,"og_article_section":null,"og_article_tags":null,"twitter_use_og":false,"twitter_card":"default","twitter_image_type":"default","twitter_image_url":null,"twitter_image_custom_url":null,"twitter_image_custom_fields":null,"twitter_title":null,"twitter_description":null,"schema":{"blockGraphs":[],"customGraphs":[],"default":{"data":{"Article":[],"Course":[],"Dataset":[],"FAQPage":[],"Movie":[],"Person":[],"Product":[],"ProductReview":[],"Car":[],"Recipe":[],"Service":[],"SoftwareApplication":[],"WebPage":[]},"graphName":"Article","isEnabled":true},"graphs":[]},"schema_type":"default","schema_type_options":null,"pillar_content":false,"robots_default":true,"robots_noindex":false,"robots_noarchive":false,"robots_nosnippet":false,"robots_nofollow":false,"robots_noimageindex":false,"robots_noodp":false,"robots_notranslate":false,"robots_max_snippet":null,"robots_max_videopreview":null,"robots_max_imagepreview":"large","priority":null,"frequency":null,"local_seo":null,"breadcrumb_settings":null,"limit_modified_date":false,"ai":null,"created":"2026-05-24 09:35:02","updated":"2026-05-24 09:53:40","focus_keyword":null,"additional_keywords":null,"truseo_locale":null,"seo_analyzer_scan_date":null},"aioseo_breadcrumb":"<div class=\"aioseo-breadcrumbs\"><span class=\"aioseo-breadcrumb\">\n\t\t\t<a href=\"https:\/\/www.encontrasaogoncalo.com.br\/sobre\" title=\"In\u00edcio\">In\u00edcio<\/a>\n\t\t<\/span><span class=\"aioseo-breadcrumb-separator\">&raquo;<\/span><span class=\"aioseo-breadcrumb\">\n\t\t\t<a href=\"https:\/\/www.encontrasaogoncalo.com.br\/sobre\/educacao-em-sao-goncalo\/\" title=\"Educa\u00e7\u00e3o S\u00e3o Gon\u00e7alo\">Educa\u00e7\u00e3o S\u00e3o Gon\u00e7alo<\/a>\n\t\t<\/span><span class=\"aioseo-breadcrumb-separator\">&raquo;<\/span><span class=\"aioseo-breadcrumb\">\n\t\t\tS\u00e3o Gon\u00e7alo vai realizar a\u00e7\u00e3o de conscientiza\u00e7\u00e3o sobre cuidado com crian\u00e7as e adolescentes\n\t\t<\/span><\/div>","aioseo_breadcrumb_json":[{"label":"In\u00edcio","link":"https:\/\/www.encontrasaogoncalo.com.br\/sobre"},{"label":"Educa\u00e7\u00e3o S\u00e3o Gon\u00e7alo","link":"https:\/\/www.encontrasaogoncalo.com.br\/sobre\/educacao-em-sao-goncalo\/"},{"label":"S\u00e3o Gon\u00e7alo vai realizar a\u00e7\u00e3o de conscientiza\u00e7\u00e3o sobre cuidado com crian\u00e7as e adolescentes","link":"https:\/\/www.encontrasaogoncalo.com.br\/sobre\/sao-goncalo-vai-realizar-acao-de-conscientizacao-sobre-cuidado-com-criancas-e-adolescentes\/"}],"_links":{"self":[{"href":"https:\/\/www.encontrasaogoncalo.com.br\/sobre\/wp-json\/wp\/v2\/posts\/2079","targetHints":{"allow":["GET"]}}],"collection":[{"href":"https:\/\/www.encontrasaogoncalo.com.br\/sobre\/wp-json\/wp\/v2\/posts"}],"about":[{"href":"https:\/\/www.encontrasaogoncalo.com.br\/sobre\/wp-json\/wp\/v2\/types\/post"}],"author":[{"embeddable":true,"href":"https:\/\/www.encontrasaogoncalo.com.br\/sobre\/wp-json\/wp\/v2\/users\/1"}],"replies":[{"embeddable":true,"href":"https:\/\/www.encontrasaogoncalo.com.br\/sobre\/wp-json\/wp\/v2\/comments?post=2079"}],"version-history":[{"count":0,"href":"https:\/\/www.encontrasaogoncalo.com.br\/sobre\/wp-json\/wp\/v2\/posts\/2079\/revisions"}],"wp:attachment":[{"href":"https:\/\/www.encontrasaogoncalo.com.br\/sobre\/wp-json\/wp\/v2\/media?parent=2079"}],"wp:term":[{"taxonomy":"category","embeddable":true,"href":"https:\/\/www.encontrasaogoncalo.com.br\/sobre\/wp-json\/wp\/v2\/categories?post=2079"},{"taxonomy":"post_tag","embeddable":true,"href":"https:\/\/www.encontrasaogoncalo.com.br\/sobre\/wp-json\/wp\/v2\/tags?post=2079"}],"curies":[{"name":"wp","href":"https:\/\/api.w.org\/{rel}","templated":true}]}}