{"id":2404,"date":"2026-07-15T23:02:57","date_gmt":"2026-07-15T23:02:57","guid":{"rendered":"https:\/\/www.encontrasaogoncalo.com.br\/sobre\/ultimo-fim-de-semana-de-junho-tera-caravana-no-amendoeira-e-no-colubande\/"},"modified":"2026-07-15T23:02:57","modified_gmt":"2026-07-15T23:02:57","slug":"ultimo-fim-de-semana-de-junho-tera-caravana-no-amendoeira-e-no-colubande","status":"publish","type":"post","link":"https:\/\/www.encontrasaogoncalo.com.br\/sobre\/ultimo-fim-de-semana-de-junho-tera-caravana-no-amendoeira-e-no-colubande\/","title":{"rendered":"\u00daltimo fim de semana de junho ter\u00e1 Caravana no Amendoeira e no Coluband\u00ea"},"content":{"rendered":"<div class=\"558ebb280150f569344a3237cd236fe7\" data-index=\"1\" style=\"float: none; margin:0px;\">\n<!-- Anuncio display - global -->\r\n<ins class=\"adsbygoogle\"\r\n     style=\"display:block\"\r\n     data-ad-client=\"ca-pub-8585364105181520\"\r\n     data-ad-slot=\"8789329856\"\r\n     data-ad-format=\"auto\"\r\n     data-full-width-responsive=\"true\"><\/ins>\r\n<script>\r\n     (adsbygoogle = window.adsbygoogle || []).push({});\r\n<\/script>\n<\/div>\n<h2>O que \u00e9 a Caravana de Arte e Lazer?<\/h2>\n<p>A Caravana de Arte e Lazer \u00e9 um <strong>projeto comunit\u00e1rio<\/strong> idealizado para proporcionar divers\u00e3o e entretenimento \u00e0s crian\u00e7as da cidade de S\u00e3o Gon\u00e7alo. Essa iniciativa oferece uma variedade de atividades recreativas gratuitas, visando promover a intera\u00e7\u00e3o entre as crian\u00e7as e suas fam\u00edlias, al\u00e9m de fomentar o desenvolvimento social e cultural da regi\u00e3o.<\/p>\n<h2>Quando e Onde Acontecer\u00e1?<\/h2>\n<p>A Caravana acontece no \u00faltimo fim de semana de junho, com eventos agendados para:<\/p>\n<ul>\n<li><strong>S\u00e1bado (27):<\/strong> Rua Cristalina, em frente ao Col\u00e9gio Aurelina Dias Cavalcanti, no bairro Amendoeira.<\/li>\n<li><strong>Domingo (28):<\/strong> Rua Hugo Gon\u00e7alves, em frente ao Campo do Garcia, no bairro Coluband\u00ea.<\/li>\n<\/ul>\n<p>Ambos os eventos ocorrem das <strong>9h \u00e0s 13h<\/strong>.<\/p>\n<p><img decoding=\"async\" src=\"https:\/\/www.encontrasaogoncalo.com.br\/sobre\/wp-content\/uploads\/ultimo-fim-de-semana-de-junho-tera-caravana-no-amendoeira-e-no-colubande.webp\" alt=\"Caravana de Arte e Lazer\" loading=\"lazy\" \/><\/p>\n<h2>Atividades Recreativas Dispon\u00edveis<\/h2>\n<p>Durante as edi\u00e7\u00f5es da Caravana, as crian\u00e7as t\u00eam a oportunidade de participar de v\u00e1rias atividades, incluindo:<\/p>\n<ul>\n<li>Pula-pula e brinquedos infl\u00e1veis;<\/li>\n<li>Jogos interativos;<\/li>\n<li>Oficinas de arte e criatividade;<\/li>\n<li>lancheiras oferecendo snacks e bebidas.<\/li>\n<\/ul>\n<p>Essas op\u00e7\u00f5es visam garantir uma manh\u00e3 repleta de divers\u00e3o e aprendizado para todos os participantes.<\/p>\n<h2>Import\u00e2ncia da Intera\u00e7\u00e3o Familiar<\/h2>\n<p>Al\u00e9m de entreter as crian\u00e7as, a Caravana de Arte e Lazer oferece um espa\u00e7o vital para que as fam\u00edlias se re\u00fanam e compartilhem momentos. Essa intera\u00e7\u00e3o familiar \u00e9 essencial para:<\/p>\n<ul>\n<li>Fortalecer os v\u00ednculos entre pais e filhos;<\/li>\n<li>Promover a socializa\u00e7\u00e3o entre diferentes fam\u00edlias do bairro;<\/li>\n<li>Estimular a coopera\u00e7\u00e3o e o trabalho em equipe nas atividades propostas.<\/li>\n<\/ul>\n<p>Esses aspectos contribuem para um ambiente mais harmonioso e comunit\u00e1rio.<\/p>\n<h2>Hist\u00f3ria da Caravana em S\u00e3o Gon\u00e7alo<\/h2>\n<p>A Caravana de Arte e Lazer simboliza um esfor\u00e7o cont\u00ednuo da Funda\u00e7\u00e3o de Artes, Esporte e Lazer de S\u00e3o Gon\u00e7alo (Faelsg) para enriquecer a cultura e a vida social da cidade. Desde seu in\u00edcio, o projeto tem atra\u00eddo um n\u00famero crescente de participantes e j\u00e1 proporcionou momentos inesquec\u00edveis para milhares de crian\u00e7as em diversos bairros.<\/p>\n<h2>Benef\u00edcios das Atividades ao Ar Livre<\/h2>\n<p>Participar de atividades ao ar livre traz in\u00fameros benef\u00edcios, especialmente para as crian\u00e7as:<\/p>\n<ul>\n<li>Estimula\u00e7\u00e3o do desenvolvimento f\u00edsico, com exerc\u00edcios e brincadeiras;<\/li>\n<li>Promo\u00e7\u00e3o da sa\u00fade mental, aliviando o estresse e aumentando a felicidade;<\/li>\n<li>Desenvolvimento de habilidades sociais, atrav\u00e9s da intera\u00e7\u00e3o com outras crian\u00e7as.<\/li>\n<\/ul>\n<p>Esses fatores s\u00e3o fundamentais para o crescimento saud\u00e1vel das crian\u00e7as, tanto f\u00edsica quanto emocionalmente.<\/p>\n<h2>Como Participar da Caravana<\/h2>\n<p>A participa\u00e7\u00e3o na Caravana de Arte e Lazer \u00e9 simples e gratuita. N\u00e3o \u00e9 necess\u00e1rio fazer inscri\u00e7\u00e3o pr\u00e9via; basta comparecer aos locais e hor\u00e1rios informados. \u00c9 importante que os respons\u00e1veis pelas crian\u00e7as acompanhem e supervisionem as atividades, assegurando um ambiente seguro e divertido para todos.<\/p>\n<h2>Considera\u00e7\u00f5es sobre Seguran\u00e7a e Acessibilidade<\/h2>\n<p>A seguran\u00e7a das crian\u00e7as \u00e9 uma prioridade durante os eventos da Caravana. As atividades s\u00e3o acompanhadas por monitores treinados e toda a estrutura \u00e9 planejada para ser <strong>acess\u00edvel<\/strong> a todos, independentemente de condi\u00e7\u00f5es f\u00edsicas. Os respons\u00e1veis devem sempre ficar atentos, seguindo as normas de seguran\u00e7a para garantir uma viv\u00eancia alegre e tranquila para as crian\u00e7as.<\/p>\n<h2>Alimenta\u00e7\u00e3o e Barracas de Lanches<\/h2>\n<p>Para garantir que as crian\u00e7as tenham energia para aproveitar todas as atividades, estar\u00e3o dispon\u00edveis barraquinhas com op\u00e7\u00f5es de lanches e bebidas ao longo do evento. Essas barracas oferecem uma variedade de op\u00e7\u00f5es saud\u00e1veis, visando atender \u00e0s necessidades nutricionais dos pequenos.<\/p>\n<h2>Depoimentos de Participantes Anteriores<\/h2>\n<p>Os participantes das edi\u00e7\u00f5es anteriores da Caravana de Arte e Lazer frequentemente compartilham experi\u00eancias positivas, como:<\/p>\n<ul>\n<li>Os sorrisos e a alegria das crian\u00e7as enquanto brincam;<\/li>\n<li>A oportunidade de intera\u00e7\u00e3o social entre as fam\u00edlias, que muitas vezes se tornam amigos;<\/li>\n<li>A sensa\u00e7\u00e3o de valoriza\u00e7\u00e3o cultural e comunit\u00e1ria por parte dos organizadores e apoiadores.<\/li>\n<\/ul>\n<p>Esses testemunhos s\u00e3o prova do impacto positivo que a Caravana tem gerado na comunidade local.<\/p>\n\n<div style=\"font-size: 0px; height: 0px; line-height: 0px; margin: 0; padding: 0; clear: both;\"><\/div>","protected":false},"excerpt":{"rendered":"<p>Caravana de Arte e Lazer traz divers\u00e3o para as crian\u00e7as no final de junho.<\/p>\n","protected":false},"author":1,"featured_media":2403,"comment_status":"open","ping_status":"closed","sticky":false,"template":"","format":"standard","meta":{"footnotes":""},"categories":[9],"tags":[],"class_list":["post-2404","post","type-post","status-publish","format-standard","has-post-thumbnail","hentry","category-shows-em-sao-goncalo","has_thumb"],"aioseo_notices":[],"aioseo_head":"\n\t\t<!-- All in One SEO 5.0.0.1 - aioseo.com -->\n\t<meta name=\"robots\" content=\"max-image-preview:large\" \/>\n\t<meta name=\"author\" content=\"Encontra S\u00e3o Gon\u00e7alo\"\/>\n\t<link rel=\"canonical\" href=\"https:\/\/www.encontrasaogoncalo.com.br\/sobre\/ultimo-fim-de-semana-de-junho-tera-caravana-no-amendoeira-e-no-colubande\/\" \/>\n\t<meta name=\"generator\" content=\"All in One SEO (AIOSEO) 5.0.0.1\" \/>\n\t\t<meta property=\"og:locale\" content=\"pt_BR\" \/>\n\t\t<meta property=\"og:site_name\" content=\"Encontra S\u00e3o Gon\u00e7alo | Not\u00edcias, eventos, informa\u00e7\u00f5es e dicas da cidade de S\u00e3o Gon\u00e7alo e regi\u00e3o\" \/>\n\t\t<meta property=\"og:type\" content=\"article\" \/>\n\t\t<meta property=\"og:title\" content=\"\u00daltimo fim de semana de junho ter\u00e1 Caravana no Amendoeira e no Coluband\u00ea | Encontra S\u00e3o Gon\u00e7alo\" \/>\n\t\t<meta property=\"og:url\" content=\"https:\/\/www.encontrasaogoncalo.com.br\/sobre\/ultimo-fim-de-semana-de-junho-tera-caravana-no-amendoeira-e-no-colubande\/\" \/>\n\t\t<meta property=\"article:published_time\" content=\"2026-07-15T23:02:57+00:00\" \/>\n\t\t<meta property=\"article:modified_time\" content=\"2026-07-15T23:02:57+00:00\" \/>\n\t\t<meta name=\"twitter:card\" content=\"summary\" \/>\n\t\t<meta name=\"twitter:title\" content=\"\u00daltimo fim de semana de junho ter\u00e1 Caravana no Amendoeira e no Coluband\u00ea | Encontra S\u00e3o Gon\u00e7alo\" \/>\n\t\t<script type=\"application\/ld+json\" class=\"aioseo-schema\">\n\t\t\t{\"@context\":\"https:\\\/\\\/schema.org\",\"@graph\":[{\"@type\":\"Article\",\"@id\":\"https:\\\/\\\/www.encontrasaogoncalo.com.br\\\/sobre\\\/ultimo-fim-de-semana-de-junho-tera-caravana-no-amendoeira-e-no-colubande\\\/#article\",\"name\":\"\\u00daltimo fim de semana de junho ter\\u00e1 Caravana no Amendoeira e no Coluband\\u00ea | Encontra S\\u00e3o Gon\\u00e7alo\",\"headline\":\"\\u00daltimo fim de semana de junho ter\\u00e1 Caravana no Amendoeira e no Coluband\\u00ea\",\"author\":{\"@id\":\"https:\\\/\\\/www.encontrasaogoncalo.com.br\\\/sobre\\\/author\\\/esaogoncalo\\\/#author\"},\"publisher\":{\"@id\":\"https:\\\/\\\/www.encontrasaogoncalo.com.br\\\/sobre\\\/#organization\"},\"image\":{\"@type\":\"ImageObject\",\"url\":\"https:\\\/\\\/www.encontrasaogoncalo.com.br\\\/sobre\\\/wp-content\\\/uploads\\\/ultimo-fim-de-semana-de-junho-tera-caravana-no-amendoeira-e-no-colubande.webp\",\"width\":280,\"height\":280,\"caption\":\"Caravana de Arte e Lazer\"},\"datePublished\":\"2026-07-15T23:02:57+00:00\",\"dateModified\":\"2026-07-15T23:02:57+00:00\",\"inLanguage\":\"pt-BR\",\"mainEntityOfPage\":{\"@id\":\"https:\\\/\\\/www.encontrasaogoncalo.com.br\\\/sobre\\\/ultimo-fim-de-semana-de-junho-tera-caravana-no-amendoeira-e-no-colubande\\\/#webpage\"},\"isPartOf\":{\"@id\":\"https:\\\/\\\/www.encontrasaogoncalo.com.br\\\/sobre\\\/ultimo-fim-de-semana-de-junho-tera-caravana-no-amendoeira-e-no-colubande\\\/#webpage\"},\"articleSection\":\"Shows S\\u00e3o Gon\\u00e7alo\"},{\"@type\":\"BreadcrumbList\",\"@id\":\"https:\\\/\\\/www.encontrasaogoncalo.com.br\\\/sobre\\\/ultimo-fim-de-semana-de-junho-tera-caravana-no-amendoeira-e-no-colubande\\\/#breadcrumblist\",\"itemListElement\":[{\"@type\":\"ListItem\",\"@id\":\"https:\\\/\\\/www.encontrasaogoncalo.com.br\\\/sobre#listItem\",\"position\":1,\"name\":\"In\\u00edcio\",\"item\":\"https:\\\/\\\/www.encontrasaogoncalo.com.br\\\/sobre\",\"nextItem\":{\"@type\":\"ListItem\",\"@id\":\"https:\\\/\\\/www.encontrasaogoncalo.com.br\\\/sobre\\\/shows-em-sao-goncalo\\\/#listItem\",\"name\":\"Shows S\\u00e3o Gon\\u00e7alo\"}},{\"@type\":\"ListItem\",\"@id\":\"https:\\\/\\\/www.encontrasaogoncalo.com.br\\\/sobre\\\/shows-em-sao-goncalo\\\/#listItem\",\"position\":2,\"name\":\"Shows S\\u00e3o Gon\\u00e7alo\",\"item\":\"https:\\\/\\\/www.encontrasaogoncalo.com.br\\\/sobre\\\/shows-em-sao-goncalo\\\/\",\"nextItem\":{\"@type\":\"ListItem\",\"@id\":\"https:\\\/\\\/www.encontrasaogoncalo.com.br\\\/sobre\\\/ultimo-fim-de-semana-de-junho-tera-caravana-no-amendoeira-e-no-colubande\\\/#listItem\",\"name\":\"\\u00daltimo fim de semana de junho ter\\u00e1 Caravana no Amendoeira e no Coluband\\u00ea\"},\"previousItem\":{\"@type\":\"ListItem\",\"@id\":\"https:\\\/\\\/www.encontrasaogoncalo.com.br\\\/sobre#listItem\",\"name\":\"In\\u00edcio\"}},{\"@type\":\"ListItem\",\"@id\":\"https:\\\/\\\/www.encontrasaogoncalo.com.br\\\/sobre\\\/ultimo-fim-de-semana-de-junho-tera-caravana-no-amendoeira-e-no-colubande\\\/#listItem\",\"position\":3,\"name\":\"\\u00daltimo fim de semana de junho ter\\u00e1 Caravana no Amendoeira e no Coluband\\u00ea\",\"previousItem\":{\"@type\":\"ListItem\",\"@id\":\"https:\\\/\\\/www.encontrasaogoncalo.com.br\\\/sobre\\\/shows-em-sao-goncalo\\\/#listItem\",\"name\":\"Shows S\\u00e3o Gon\\u00e7alo\"}}]},{\"@type\":\"Organization\",\"@id\":\"https:\\\/\\\/www.encontrasaogoncalo.com.br\\\/sobre\\\/#organization\",\"name\":\"Encontra S\\u00e3o Gon\\u00e7alo\",\"description\":\"Not\\u00edcias, eventos, informa\\u00e7\\u00f5es e dicas da cidade de S\\u00e3o Gon\\u00e7alo e regi\\u00e3o\",\"url\":\"https:\\\/\\\/www.encontrasaogoncalo.com.br\\\/sobre\\\/\"},{\"@type\":\"Person\",\"@id\":\"https:\\\/\\\/www.encontrasaogoncalo.com.br\\\/sobre\\\/author\\\/esaogoncalo\\\/#author\",\"url\":\"https:\\\/\\\/www.encontrasaogoncalo.com.br\\\/sobre\\\/author\\\/esaogoncalo\\\/\",\"name\":\"Encontra S\\u00e3o Gon\\u00e7alo\",\"image\":{\"@type\":\"ImageObject\",\"@id\":\"https:\\\/\\\/www.encontrasaogoncalo.com.br\\\/sobre\\\/ultimo-fim-de-semana-de-junho-tera-caravana-no-amendoeira-e-no-colubande\\\/#authorImage\",\"url\":\"https:\\\/\\\/secure.gravatar.com\\\/avatar\\\/507340682b8270222e1f208e23198b6ae7e2c6a1033ae84e99bc6bce4f82a387?s=96&d=mm&r=g\",\"width\":96,\"height\":96,\"caption\":\"Encontra S\\u00e3o Gon\\u00e7alo\"}},{\"@type\":\"WebPage\",\"@id\":\"https:\\\/\\\/www.encontrasaogoncalo.com.br\\\/sobre\\\/ultimo-fim-de-semana-de-junho-tera-caravana-no-amendoeira-e-no-colubande\\\/#webpage\",\"url\":\"https:\\\/\\\/www.encontrasaogoncalo.com.br\\\/sobre\\\/ultimo-fim-de-semana-de-junho-tera-caravana-no-amendoeira-e-no-colubande\\\/\",\"name\":\"\\u00daltimo fim de semana de junho ter\\u00e1 Caravana no Amendoeira e no Coluband\\u00ea | Encontra S\\u00e3o Gon\\u00e7alo\",\"inLanguage\":\"pt-BR\",\"isPartOf\":{\"@id\":\"https:\\\/\\\/www.encontrasaogoncalo.com.br\\\/sobre\\\/#website\"},\"breadcrumb\":{\"@id\":\"https:\\\/\\\/www.encontrasaogoncalo.com.br\\\/sobre\\\/ultimo-fim-de-semana-de-junho-tera-caravana-no-amendoeira-e-no-colubande\\\/#breadcrumblist\"},\"author\":{\"@id\":\"https:\\\/\\\/www.encontrasaogoncalo.com.br\\\/sobre\\\/author\\\/esaogoncalo\\\/#author\"},\"creator\":{\"@id\":\"https:\\\/\\\/www.encontrasaogoncalo.com.br\\\/sobre\\\/author\\\/esaogoncalo\\\/#author\"},\"image\":{\"@type\":\"ImageObject\",\"url\":\"https:\\\/\\\/www.encontrasaogoncalo.com.br\\\/sobre\\\/wp-content\\\/uploads\\\/ultimo-fim-de-semana-de-junho-tera-caravana-no-amendoeira-e-no-colubande.webp\",\"@id\":\"https:\\\/\\\/www.encontrasaogoncalo.com.br\\\/sobre\\\/ultimo-fim-de-semana-de-junho-tera-caravana-no-amendoeira-e-no-colubande\\\/#mainImage\",\"width\":280,\"height\":280,\"caption\":\"Caravana de Arte e Lazer\"},\"primaryImageOfPage\":{\"@id\":\"https:\\\/\\\/www.encontrasaogoncalo.com.br\\\/sobre\\\/ultimo-fim-de-semana-de-junho-tera-caravana-no-amendoeira-e-no-colubande\\\/#mainImage\"},\"datePublished\":\"2026-07-15T23:02:57+00:00\",\"dateModified\":\"2026-07-15T23:02:57+00:00\"},{\"@type\":\"WebSite\",\"@id\":\"https:\\\/\\\/www.encontrasaogoncalo.com.br\\\/sobre\\\/#website\",\"url\":\"https:\\\/\\\/www.encontrasaogoncalo.com.br\\\/sobre\\\/\",\"name\":\"Encontra S\\u00e3o Gon\\u00e7alo\",\"description\":\"Not\\u00edcias, eventos, informa\\u00e7\\u00f5es e dicas da cidade de S\\u00e3o Gon\\u00e7alo e regi\\u00e3o\",\"inLanguage\":\"pt-BR\",\"publisher\":{\"@id\":\"https:\\\/\\\/www.encontrasaogoncalo.com.br\\\/sobre\\\/#organization\"}}]}\n\t\t<\/script>\n\t\t<!-- All in One SEO -->\n\n","aioseo_head_json":{"title":"\u00daltimo fim de semana de junho ter\u00e1 Caravana no Amendoeira e no Coluband\u00ea | Encontra S\u00e3o Gon\u00e7alo","description":"","canonical_url":"https:\/\/www.encontrasaogoncalo.com.br\/sobre\/ultimo-fim-de-semana-de-junho-tera-caravana-no-amendoeira-e-no-colubande\/","robots":"max-image-preview:large","keywords":"","webmasterTools":{"miscellaneous":""},"schema":{"@context":"https:\/\/schema.org","@graph":[{"@type":"Article","@id":"https:\/\/www.encontrasaogoncalo.com.br\/sobre\/ultimo-fim-de-semana-de-junho-tera-caravana-no-amendoeira-e-no-colubande\/#article","name":"\u00daltimo fim de semana de junho ter\u00e1 Caravana no Amendoeira e no Coluband\u00ea | Encontra S\u00e3o Gon\u00e7alo","headline":"\u00daltimo fim de semana de junho ter\u00e1 Caravana no Amendoeira e no Coluband\u00ea","author":{"@id":"https:\/\/www.encontrasaogoncalo.com.br\/sobre\/author\/esaogoncalo\/#author"},"publisher":{"@id":"https:\/\/www.encontrasaogoncalo.com.br\/sobre\/#organization"},"image":{"@type":"ImageObject","url":"https:\/\/www.encontrasaogoncalo.com.br\/sobre\/wp-content\/uploads\/ultimo-fim-de-semana-de-junho-tera-caravana-no-amendoeira-e-no-colubande.webp","width":280,"height":280,"caption":"Caravana de Arte e Lazer"},"datePublished":"2026-07-15T23:02:57+00:00","dateModified":"2026-07-15T23:02:57+00:00","inLanguage":"pt-BR","mainEntityOfPage":{"@id":"https:\/\/www.encontrasaogoncalo.com.br\/sobre\/ultimo-fim-de-semana-de-junho-tera-caravana-no-amendoeira-e-no-colubande\/#webpage"},"isPartOf":{"@id":"https:\/\/www.encontrasaogoncalo.com.br\/sobre\/ultimo-fim-de-semana-de-junho-tera-caravana-no-amendoeira-e-no-colubande\/#webpage"},"articleSection":"Shows S\u00e3o Gon\u00e7alo"},{"@type":"BreadcrumbList","@id":"https:\/\/www.encontrasaogoncalo.com.br\/sobre\/ultimo-fim-de-semana-de-junho-tera-caravana-no-amendoeira-e-no-colubande\/#breadcrumblist","itemListElement":[{"@type":"ListItem","@id":"https:\/\/www.encontrasaogoncalo.com.br\/sobre#listItem","position":1,"name":"In\u00edcio","item":"https:\/\/www.encontrasaogoncalo.com.br\/sobre","nextItem":{"@type":"ListItem","@id":"https:\/\/www.encontrasaogoncalo.com.br\/sobre\/shows-em-sao-goncalo\/#listItem","name":"Shows S\u00e3o Gon\u00e7alo"}},{"@type":"ListItem","@id":"https:\/\/www.encontrasaogoncalo.com.br\/sobre\/shows-em-sao-goncalo\/#listItem","position":2,"name":"Shows S\u00e3o Gon\u00e7alo","item":"https:\/\/www.encontrasaogoncalo.com.br\/sobre\/shows-em-sao-goncalo\/","nextItem":{"@type":"ListItem","@id":"https:\/\/www.encontrasaogoncalo.com.br\/sobre\/ultimo-fim-de-semana-de-junho-tera-caravana-no-amendoeira-e-no-colubande\/#listItem","name":"\u00daltimo fim de semana de junho ter\u00e1 Caravana no Amendoeira e no Coluband\u00ea"},"previousItem":{"@type":"ListItem","@id":"https:\/\/www.encontrasaogoncalo.com.br\/sobre#listItem","name":"In\u00edcio"}},{"@type":"ListItem","@id":"https:\/\/www.encontrasaogoncalo.com.br\/sobre\/ultimo-fim-de-semana-de-junho-tera-caravana-no-amendoeira-e-no-colubande\/#listItem","position":3,"name":"\u00daltimo fim de semana de junho ter\u00e1 Caravana no Amendoeira e no Coluband\u00ea","previousItem":{"@type":"ListItem","@id":"https:\/\/www.encontrasaogoncalo.com.br\/sobre\/shows-em-sao-goncalo\/#listItem","name":"Shows S\u00e3o Gon\u00e7alo"}}]},{"@type":"Organization","@id":"https:\/\/www.encontrasaogoncalo.com.br\/sobre\/#organization","name":"Encontra S\u00e3o Gon\u00e7alo","description":"Not\u00edcias, eventos, informa\u00e7\u00f5es e dicas da cidade de S\u00e3o Gon\u00e7alo e regi\u00e3o","url":"https:\/\/www.encontrasaogoncalo.com.br\/sobre\/"},{"@type":"Person","@id":"https:\/\/www.encontrasaogoncalo.com.br\/sobre\/author\/esaogoncalo\/#author","url":"https:\/\/www.encontrasaogoncalo.com.br\/sobre\/author\/esaogoncalo\/","name":"Encontra S\u00e3o Gon\u00e7alo","image":{"@type":"ImageObject","@id":"https:\/\/www.encontrasaogoncalo.com.br\/sobre\/ultimo-fim-de-semana-de-junho-tera-caravana-no-amendoeira-e-no-colubande\/#authorImage","url":"https:\/\/secure.gravatar.com\/avatar\/507340682b8270222e1f208e23198b6ae7e2c6a1033ae84e99bc6bce4f82a387?s=96&d=mm&r=g","width":96,"height":96,"caption":"Encontra S\u00e3o Gon\u00e7alo"}},{"@type":"WebPage","@id":"https:\/\/www.encontrasaogoncalo.com.br\/sobre\/ultimo-fim-de-semana-de-junho-tera-caravana-no-amendoeira-e-no-colubande\/#webpage","url":"https:\/\/www.encontrasaogoncalo.com.br\/sobre\/ultimo-fim-de-semana-de-junho-tera-caravana-no-amendoeira-e-no-colubande\/","name":"\u00daltimo fim de semana de junho ter\u00e1 Caravana no Amendoeira e no Coluband\u00ea | Encontra S\u00e3o Gon\u00e7alo","inLanguage":"pt-BR","isPartOf":{"@id":"https:\/\/www.encontrasaogoncalo.com.br\/sobre\/#website"},"breadcrumb":{"@id":"https:\/\/www.encontrasaogoncalo.com.br\/sobre\/ultimo-fim-de-semana-de-junho-tera-caravana-no-amendoeira-e-no-colubande\/#breadcrumblist"},"author":{"@id":"https:\/\/www.encontrasaogoncalo.com.br\/sobre\/author\/esaogoncalo\/#author"},"creator":{"@id":"https:\/\/www.encontrasaogoncalo.com.br\/sobre\/author\/esaogoncalo\/#author"},"image":{"@type":"ImageObject","url":"https:\/\/www.encontrasaogoncalo.com.br\/sobre\/wp-content\/uploads\/ultimo-fim-de-semana-de-junho-tera-caravana-no-amendoeira-e-no-colubande.webp","@id":"https:\/\/www.encontrasaogoncalo.com.br\/sobre\/ultimo-fim-de-semana-de-junho-tera-caravana-no-amendoeira-e-no-colubande\/#mainImage","width":280,"height":280,"caption":"Caravana de Arte e Lazer"},"primaryImageOfPage":{"@id":"https:\/\/www.encontrasaogoncalo.com.br\/sobre\/ultimo-fim-de-semana-de-junho-tera-caravana-no-amendoeira-e-no-colubande\/#mainImage"},"datePublished":"2026-07-15T23:02:57+00:00","dateModified":"2026-07-15T23:02:57+00:00"},{"@type":"WebSite","@id":"https:\/\/www.encontrasaogoncalo.com.br\/sobre\/#website","url":"https:\/\/www.encontrasaogoncalo.com.br\/sobre\/","name":"Encontra S\u00e3o Gon\u00e7alo","description":"Not\u00edcias, eventos, informa\u00e7\u00f5es e dicas da cidade de S\u00e3o Gon\u00e7alo e regi\u00e3o","inLanguage":"pt-BR","publisher":{"@id":"https:\/\/www.encontrasaogoncalo.com.br\/sobre\/#organization"}}]},"og:locale":"pt_BR","og:site_name":"Encontra S\u00e3o Gon\u00e7alo | Not\u00edcias, eventos, informa\u00e7\u00f5es e dicas da cidade de S\u00e3o Gon\u00e7alo e regi\u00e3o","og:type":"article","og:title":"\u00daltimo fim de semana de junho ter\u00e1 Caravana no Amendoeira e no Coluband\u00ea | Encontra S\u00e3o Gon\u00e7alo","og:url":"https:\/\/www.encontrasaogoncalo.com.br\/sobre\/ultimo-fim-de-semana-de-junho-tera-caravana-no-amendoeira-e-no-colubande\/","article:published_time":"2026-07-15T23:02:57+00:00","article:modified_time":"2026-07-15T23:02:57+00:00","twitter:card":"summary","twitter:title":"\u00daltimo fim de semana de junho ter\u00e1 Caravana no Amendoeira e no Coluband\u00ea | Encontra S\u00e3o Gon\u00e7alo"},"aioseo_meta_data":{"post_id":"2404","title":null,"description":null,"keywords":null,"keyphrases":null,"primary_term":null,"canonical_url":null,"og_title":null,"og_description":null,"og_object_type":"default","og_image_type":"default","og_image_url":null,"og_image_width":null,"og_image_height":null,"og_image_custom_url":null,"og_image_custom_fields":null,"og_video":null,"og_custom_url":null,"og_article_section":null,"og_article_tags":null,"twitter_use_og":false,"twitter_card":"default","twitter_image_type":"default","twitter_image_url":null,"twitter_image_custom_url":null,"twitter_image_custom_fields":null,"twitter_title":null,"twitter_description":null,"schema":{"blockGraphs":[],"customGraphs":[],"default":{"data":{"Article":[],"Course":[],"Dataset":[],"FAQPage":[],"Movie":[],"Person":[],"Product":[],"ProductReview":[],"Car":[],"Recipe":[],"Service":[],"SoftwareApplication":[],"WebPage":[]},"graphName":"Article","isEnabled":true},"graphs":[]},"schema_type":"default","schema_type_options":null,"pillar_content":false,"robots_default":true,"robots_noindex":false,"robots_noarchive":false,"robots_nosnippet":false,"robots_nofollow":false,"robots_noimageindex":false,"robots_noodp":false,"robots_notranslate":false,"robots_max_snippet":null,"robots_max_videopreview":null,"robots_max_imagepreview":"large","priority":null,"frequency":null,"local_seo":null,"breadcrumb_settings":null,"limit_modified_date":false,"ai":null,"created":"2026-07-15 23:03:02","updated":"2026-07-15 23:13:17","focus_keyword":null,"additional_keywords":null,"truseo_locale":null,"seo_analyzer_scan_date":null},"aioseo_breadcrumb":"<div class=\"aioseo-breadcrumbs\"><span class=\"aioseo-breadcrumb\">\n\t\t\t<a href=\"https:\/\/www.encontrasaogoncalo.com.br\/sobre\" title=\"In\u00edcio\">In\u00edcio<\/a>\n\t\t<\/span><span class=\"aioseo-breadcrumb-separator\">&raquo;<\/span><span class=\"aioseo-breadcrumb\">\n\t\t\t<a href=\"https:\/\/www.encontrasaogoncalo.com.br\/sobre\/shows-em-sao-goncalo\/\" title=\"Shows S\u00e3o Gon\u00e7alo\">Shows S\u00e3o Gon\u00e7alo<\/a>\n\t\t<\/span><span class=\"aioseo-breadcrumb-separator\">&raquo;<\/span><span class=\"aioseo-breadcrumb\">\n\t\t\t\u00daltimo fim de semana de junho ter\u00e1 Caravana no Amendoeira e no Coluband\u00ea\n\t\t<\/span><\/div>","aioseo_breadcrumb_json":[{"label":"In\u00edcio","link":"https:\/\/www.encontrasaogoncalo.com.br\/sobre"},{"label":"Shows S\u00e3o Gon\u00e7alo","link":"https:\/\/www.encontrasaogoncalo.com.br\/sobre\/shows-em-sao-goncalo\/"},{"label":"\u00daltimo fim de semana de junho ter\u00e1 Caravana no Amendoeira e no Coluband\u00ea","link":"https:\/\/www.encontrasaogoncalo.com.br\/sobre\/ultimo-fim-de-semana-de-junho-tera-caravana-no-amendoeira-e-no-colubande\/"}],"_links":{"self":[{"href":"https:\/\/www.encontrasaogoncalo.com.br\/sobre\/wp-json\/wp\/v2\/posts\/2404","targetHints":{"allow":["GET"]}}],"collection":[{"href":"https:\/\/www.encontrasaogoncalo.com.br\/sobre\/wp-json\/wp\/v2\/posts"}],"about":[{"href":"https:\/\/www.encontrasaogoncalo.com.br\/sobre\/wp-json\/wp\/v2\/types\/post"}],"author":[{"embeddable":true,"href":"https:\/\/www.encontrasaogoncalo.com.br\/sobre\/wp-json\/wp\/v2\/users\/1"}],"replies":[{"embeddable":true,"href":"https:\/\/www.encontrasaogoncalo.com.br\/sobre\/wp-json\/wp\/v2\/comments?post=2404"}],"version-history":[{"count":0,"href":"https:\/\/www.encontrasaogoncalo.com.br\/sobre\/wp-json\/wp\/v2\/posts\/2404\/revisions"}],"wp:featuredmedia":[{"embeddable":true,"href":"https:\/\/www.encontrasaogoncalo.com.br\/sobre\/wp-json\/wp\/v2\/media\/2403"}],"wp:attachment":[{"href":"https:\/\/www.encontrasaogoncalo.com.br\/sobre\/wp-json\/wp\/v2\/media?parent=2404"}],"wp:term":[{"taxonomy":"category","embeddable":true,"href":"https:\/\/www.encontrasaogoncalo.com.br\/sobre\/wp-json\/wp\/v2\/categories?post=2404"},{"taxonomy":"post_tag","embeddable":true,"href":"https:\/\/www.encontrasaogoncalo.com.br\/sobre\/wp-json\/wp\/v2\/tags?post=2404"}],"curies":[{"name":"wp","href":"https:\/\/api.w.org\/{rel}","templated":true}]}}