{"id":2410,"date":"2026-07-16T12:02:00","date_gmt":"2026-07-16T12:02:00","guid":{"rendered":"https:\/\/www.encontrasaogoncalo.com.br\/sobre\/ciclovia-do-muvi-comeca-a-tomar-forma-no-jardim-catarina\/"},"modified":"2026-07-16T12:02:00","modified_gmt":"2026-07-16T12:02:00","slug":"ciclovia-do-muvi-comeca-a-tomar-forma-no-jardim-catarina","status":"publish","type":"post","link":"https:\/\/www.encontrasaogoncalo.com.br\/sobre\/ciclovia-do-muvi-comeca-a-tomar-forma-no-jardim-catarina\/","title":{"rendered":"Ciclovia do Muvi come\u00e7a a tomar forma no Jardim Catarina"},"content":{"rendered":"<div class=\"558ebb280150f569344a3237cd236fe7\" data-index=\"1\" style=\"float: none; margin:0px;\">\n<!-- Anuncio display - global -->\r\n<ins class=\"adsbygoogle\"\r\n     style=\"display:block\"\r\n     data-ad-client=\"ca-pub-8585364105181520\"\r\n     data-ad-slot=\"8789329856\"\r\n     data-ad-format=\"auto\"\r\n     data-full-width-responsive=\"true\"><\/ins>\r\n<script>\r\n     (adsbygoogle = window.adsbygoogle || []).push({});\r\n<\/script>\n<\/div>\n<h2>O que \u00e9 a Ciclovia do Muvi?<\/h2>\n<p>A Ciclovia do Muvi, parte integrante do projeto de Mobilidade Urbana Verde Integrada, \u00e9 uma iniciativa voltada para a cria\u00e7\u00e3o de um corredor vi\u00e1rio exclusivo para ciclistas na cidade de S\u00e3o Gon\u00e7alo. Com uma extens\u00e3o total de 18 km, a ciclovia conecta a regi\u00e3o de Neves \u00e0 \u00e1rea de Guaxindiba, promovendo uma nova forma de locomo\u00e7\u00e3o sustent\u00e1vel e acess\u00edvel para a popula\u00e7\u00e3o local. Este projeto reflete o compromisso da administra\u00e7\u00e3o municipal em melhorar a mobilidade urbana e incentivar o uso de meios de transporte n\u00e3o poluentes.<\/p>\n<h2>Objetivos do Projeto de Mobilidade Urbana<\/h2>\n<p>Os principais objetivos do projeto MUVI incluem:<\/p>\n<ul>\n<li><strong>Incentivar o uso da bicicleta:<\/strong> Proporcionar uma infraestrutura adequada para ciclistas, aumentando o n\u00famero de pessoas que optam pela bicicleta como meio de transporte.<\/li>\n<li><strong>Melhoria da mobilidade:<\/strong> Facilitar o tr\u00e2nsito dentro da cidade, promovendo um sistema que descentraliza o tr\u00e1fego e melhora a fluidez nas vias urbanas.<\/li>\n<li><strong>Promo\u00e7\u00e3o do desenvolvimento sustent\u00e1vel:<\/strong> Reduzir a polui\u00e7\u00e3o do ar e o impacto ambiental, incentivando meios de transporte que n\u00e3o emitem gases poluentes.<\/li>\n<li><strong>Seguran\u00e7a para os ciclistas:<\/strong> Proporcionar uma infraestrutura segura para usu\u00e1rios de bicicletas, minimizando os riscos de acidentes e aumentando a aceita\u00e7\u00e3o do uso da bicicleta.<\/li>\n<\/ul>\n<h2>Benef\u00edcios da Ciclovia para a Comunidade<\/h2>\n<p>A implementa\u00e7\u00e3o da Ciclovia do Muvi traz uma s\u00e9rie de benef\u00edcios diretos para a comunidade, como:<\/p>\n<p><img decoding=\"async\" src=\"https:\/\/www.encontrasaogoncalo.com.br\/sobre\/wp-content\/uploads\/ciclovia-do-muvi-comeca-a-tomar-forma-no-jardim-catarina.webp\" alt=\"ciclovia do muvi\" loading=\"lazy\" \/><\/p>\n<ul>\n<li><strong>Redu\u00e7\u00e3o do tr\u00e2nsito:<\/strong> Com uma alternativa saud\u00e1vel ao uso de ve\u00edculos motorizados, a expectativa \u00e9 que o tr\u00e2nsito se torne mais fluido, especialmente nas horas de pico.<\/li>\n<li><strong>Promo\u00e7\u00e3o da sa\u00fade:<\/strong> Andar de bicicleta \u00e9 uma excelente forma de exerc\u00edcio, contribuindo para a sa\u00fade f\u00edsica e mental dos moradores.<\/li>\n<li><strong>Conex\u00e3o entre bairros:<\/strong> A ciclovia facilitar\u00e1 o acesso entre diferentes regi\u00f5es de S\u00e3o Gon\u00e7alo, promovendo a inclus\u00e3o social e a integra\u00e7\u00e3o entre os cidad\u00e3os.<\/li>\n<li><strong>Valoriza\u00e7\u00e3o imobili\u00e1ria:<\/strong> A presen\u00e7a de ciclovias pode aumentar o valor das propriedades nas \u00e1reas circunvizinhas, favorecendo o mercado imobili\u00e1rio local.<\/li>\n<\/ul>\n<h2>Como a Ciclovia Mudar\u00e1 o Tr\u00e2nsito?<\/h2>\n<p>A introdu\u00e7\u00e3o da Ciclovia do Muvi tem o potencial de transformar significativamente a din\u00e2mica do tr\u00e2nsito em S\u00e3o Gon\u00e7alo. Com a cria\u00e7\u00e3o de um espa\u00e7o dedicado aos ciclistas, espera-se uma diminui\u00e7\u00e3o no n\u00famero de ve\u00edculos nas vias urbanas, especialmente durante hor\u00e1rios de pico. Essa mudan\u00e7a pode resultar em:<\/p>\n<ul>\n<li><strong>Menos congestionamentos:<\/strong> Ao oferecer uma alternativa vi\u00e1vel e eficiente, mais pessoas poder\u00e3o optar pela bicicleta, o que pode aliviar o tr\u00e1fego nas principais ruas e avenidas.<\/li>\n<li><strong>Melhoria na qualidade do ar:<\/strong> A redu\u00e7\u00e3o do n\u00famero de carros circulando est\u00e1 diretamente ligada a uma diminui\u00e7\u00e3o na polui\u00e7\u00e3o atmosf\u00e9rica, contribuindo para um ambiente mais saud\u00e1vel.<\/li>\n<li><strong>Aumento da seguran\u00e7a vi\u00e1ria:<\/strong> Com ciclistas utilizando uma pista exclusiva, a probabilidade de acidentes envolvendo ve\u00edculos motorizados diminui.<\/li>\n<\/ul>\n<h2>Depoimentos de Ciclistas na Regi\u00e3o<\/h2>\n<p>Pessoas que j\u00e1 utilizam as ciclovias em S\u00e3o Gon\u00e7alo t\u00eam compartilhado experi\u00eancias positivas. Klayton Barcelos, um jovem de 19 anos e morador do Jardim Catarina, comenta:<\/p>\n<blockquote>\n<p>\u201cA ciclovia do MUVI tem sido um grande aux\u00edlio na minha rotina. Agora, levei apenas 10 minutos para chegar \u00e0 faculdade na Trindade de bicicleta. As melhorias recentes, como os trechos j\u00e1 conclu\u00eddos, tornaram o tr\u00e2nsito muito mais organizado em bairros como Neves e Vila Lage.\u201d<\/p>\n<\/blockquote>\n<h2>Investimento e Infraestrutura do MUVI<\/h2>\n<p>A implementa\u00e7\u00e3o do projeto MUVI representa um investimento significativo de R$ 287 milh\u00f5es, sendo considerado o maior projeto de mobilidade urbana j\u00e1 realizado em S\u00e3o Gon\u00e7alo. As obras compreendem n\u00e3o apenas a ciclovia, mas tamb\u00e9m:<\/p>\n<ul>\n<li><strong>Drenagem:<\/strong> Sistema de drenagem adequado para evitar alagamentos e garantir a durabilidade da ciclovia.<\/li>\n<li><strong>Pavimenta\u00e7\u00e3o:<\/strong> Melhora na qualidade das ruas, proporcionando um piso adequado para ciclistas.<\/li>\n<li><strong>Novas cal\u00e7adas:<\/strong> A cria\u00e7\u00e3o de cal\u00e7adas acess\u00edveis e seguras para pedestres, garantindo a conviv\u00eancia harmoniosa entre ciclistas e pedestres.<\/li>\n<li><strong>Paisagismo:<\/strong> Enriquecimento est\u00e9tico da \u00e1rea, melhorando a qualidade de vida e a est\u00e9tica urbana.<\/li>\n<\/ul>\n<h2>Impacto Ambiental e Paisag\u00edstico<\/h2>\n<p>Al\u00e9m dos benef\u00edcios diretos \u00e0 mobilidade, a Ciclovia do Muvi tem um papel importante na preserva\u00e7\u00e3o e melhora do meio ambiente. A promo\u00e7\u00e3o do uso de bicicletas reduz a depend\u00eancia de ve\u00edculos particulares, resultando em:<\/p>\n<ul>\n<li><strong>Menos emiss\u00f5es de CO2:<\/strong> Com menos carros na rua, h\u00e1 uma redu\u00e7\u00e3o na emiss\u00e3o de gases respons\u00e1veis pelo aquecimento global.<\/li>\n<li><strong>Recupera\u00e7\u00e3o de \u00e1reas verdes:<\/strong> O paisagismo ao redor das ciclovias pode envolver a recupera\u00e7\u00e3o de \u00e1reas degradadas e o aumento da cobertura vegetal.<\/li>\n<li><strong>Conscientiza\u00e7\u00e3o ambiental:<\/strong> O incentivo ao uso da bicicleta promove uma maior consci\u00eancia sobre quest\u00f5es ambientais entre os cidad\u00e3os.<\/li>\n<\/ul>\n<h2>Etapas da Constru\u00e7\u00e3o da Ciclovia<\/h2>\n<p>A constru\u00e7\u00e3o da Ciclovia do Muvi \u00e9 um processo que envolve diversas etapas, incluindo:<\/p>\n<ul>\n<li><strong>Planejamento e Projeto:<\/strong> Nesse primeiro passo, a Secretaria Municipal de Gest\u00e3o Integrada e Projetos Especiais (Semgipe) realiza o planejamento e a elabora\u00e7\u00e3o dos projetos necess\u00e1rios.<\/li>\n<li><strong>Execu\u00e7\u00e3o das obras:<\/strong> A Secretaria de Estado das Cidades supervisiona a implementa\u00e7\u00e3o das obras, que incluem a constru\u00e7\u00e3o das ciclovias, cal\u00e7adas e a pavimenta\u00e7\u00e3o das ruas.<\/li>\n<li><strong>Acompanhamento e Fiscaliza\u00e7\u00e3o:<\/strong> A fiscaliza\u00e7\u00e3o das obras \u00e9 crucial para garantir que os padr\u00f5es de qualidade e seguran\u00e7a sejam mantidos durante toda a execu\u00e7\u00e3o.<\/li>\n<\/ul>\n<h2>Pr\u00f3ximos Passos do Projeto MUVI<\/h2>\n<p>Com a ciclovia come\u00e7ando a tomar forma, os pr\u00f3ximos passos incluem:<\/p>\n<ul>\n<li><strong>Finaliza\u00e7\u00e3o de obras em andamento:<\/strong> Celeridade na conclus\u00e3o dos trechos que est\u00e3o em constru\u00e7\u00e3o.<\/li>\n<li><strong>Campanhas de conscientiza\u00e7\u00e3o:<\/strong> Informar a popula\u00e7\u00e3o sobre a import\u00e2ncia da mobilidade sustent\u00e1vel e o uso da bicicleta.<\/li>\n<li><strong>Avalia\u00e7\u00e3o cont\u00ednua:<\/strong> Medir o impacto do projeto na mobilidade urbana e realizar ajustes conforme necess\u00e1rio para maximizar os benef\u00edcios do MUVI.<\/li>\n<\/ul>\n<h2>A Import\u00e2ncia da Mobilidade Sustent\u00e1vel<\/h2>\n<p>A mobilidade sustent\u00e1vel \u00e9 um conceito essencial para o desenvolvimento urbano contempor\u00e2neo. Ela proporciona um sistema de transporte que n\u00e3o apenas \u00e9 eficiente, mas tamb\u00e9m saud\u00e1vel e que respeita o meio ambiente. Ao promover o uso de bicicletas e aumentar a infraestrutura ciclovi\u00e1ria, o projeto MUVI representa um passo importante em dire\u00e7\u00e3o a cidades mais sustent\u00e1veis e habit\u00e1veis. Com a ciclovia do Muvi em opera\u00e7\u00e3o, espera-se que S\u00e3o Gon\u00e7alo se torne um modelo de mobilidade urbana eficiente, saud\u00e1vel e sustent\u00e1vel.<\/p>\n\n<div style=\"font-size: 0px; height: 0px; line-height: 0px; margin: 0; padding: 0; clear: both;\"><\/div>","protected":false},"excerpt":{"rendered":"<p>Ciclovia do Muvi promete revolucionar o transporte no Jardim Catarina.<\/p>\n","protected":false},"author":1,"featured_media":2409,"comment_status":"open","ping_status":"closed","sticky":false,"template":"","format":"standard","meta":{"footnotes":""},"categories":[34],"tags":[],"class_list":["post-2410","post","type-post","status-publish","format-standard","has-post-thumbnail","hentry","category-lugares-em-sao-goncalo","has_thumb"],"aioseo_notices":[],"aioseo_head":"\n\t\t<!-- All in One SEO 5.0.0.1 - aioseo.com -->\n\t<meta name=\"robots\" content=\"max-image-preview:large\" \/>\n\t<meta name=\"author\" content=\"Encontra S\u00e3o Gon\u00e7alo\"\/>\n\t<link rel=\"canonical\" href=\"https:\/\/www.encontrasaogoncalo.com.br\/sobre\/ciclovia-do-muvi-comeca-a-tomar-forma-no-jardim-catarina\/\" \/>\n\t<meta name=\"generator\" content=\"All in One SEO (AIOSEO) 5.0.0.1\" \/>\n\t\t<meta property=\"og:locale\" content=\"pt_BR\" \/>\n\t\t<meta property=\"og:site_name\" content=\"Encontra S\u00e3o Gon\u00e7alo | Not\u00edcias, eventos, informa\u00e7\u00f5es e dicas da cidade de S\u00e3o Gon\u00e7alo e regi\u00e3o\" \/>\n\t\t<meta property=\"og:type\" content=\"article\" \/>\n\t\t<meta property=\"og:title\" content=\"Ciclovia do Muvi come\u00e7a a tomar forma no Jardim Catarina | Encontra S\u00e3o Gon\u00e7alo\" \/>\n\t\t<meta property=\"og:url\" content=\"https:\/\/www.encontrasaogoncalo.com.br\/sobre\/ciclovia-do-muvi-comeca-a-tomar-forma-no-jardim-catarina\/\" \/>\n\t\t<meta property=\"article:published_time\" content=\"2026-07-16T12:02:00+00:00\" \/>\n\t\t<meta property=\"article:modified_time\" content=\"2026-07-16T12:02:00+00:00\" \/>\n\t\t<meta name=\"twitter:card\" content=\"summary\" \/>\n\t\t<meta name=\"twitter:title\" content=\"Ciclovia do Muvi come\u00e7a a tomar forma no Jardim Catarina | Encontra S\u00e3o Gon\u00e7alo\" \/>\n\t\t<script type=\"application\/ld+json\" class=\"aioseo-schema\">\n\t\t\t{\"@context\":\"https:\\\/\\\/schema.org\",\"@graph\":[{\"@type\":\"Article\",\"@id\":\"https:\\\/\\\/www.encontrasaogoncalo.com.br\\\/sobre\\\/ciclovia-do-muvi-comeca-a-tomar-forma-no-jardim-catarina\\\/#article\",\"name\":\"Ciclovia do Muvi come\\u00e7a a tomar forma no Jardim Catarina | Encontra S\\u00e3o Gon\\u00e7alo\",\"headline\":\"Ciclovia do Muvi come\\u00e7a a tomar forma no Jardim Catarina\",\"author\":{\"@id\":\"https:\\\/\\\/www.encontrasaogoncalo.com.br\\\/sobre\\\/author\\\/esaogoncalo\\\/#author\"},\"publisher\":{\"@id\":\"https:\\\/\\\/www.encontrasaogoncalo.com.br\\\/sobre\\\/#organization\"},\"image\":{\"@type\":\"ImageObject\",\"url\":\"https:\\\/\\\/www.encontrasaogoncalo.com.br\\\/sobre\\\/wp-content\\\/uploads\\\/ciclovia-do-muvi-comeca-a-tomar-forma-no-jardim-catarina.webp\",\"width\":280,\"height\":280,\"caption\":\"ciclovia do muvi\"},\"datePublished\":\"2026-07-16T12:02:00+00:00\",\"dateModified\":\"2026-07-16T12:02:00+00:00\",\"inLanguage\":\"pt-BR\",\"mainEntityOfPage\":{\"@id\":\"https:\\\/\\\/www.encontrasaogoncalo.com.br\\\/sobre\\\/ciclovia-do-muvi-comeca-a-tomar-forma-no-jardim-catarina\\\/#webpage\"},\"isPartOf\":{\"@id\":\"https:\\\/\\\/www.encontrasaogoncalo.com.br\\\/sobre\\\/ciclovia-do-muvi-comeca-a-tomar-forma-no-jardim-catarina\\\/#webpage\"},\"articleSection\":\"Lugares em S\\u00e3o Gon\\u00e7alo\"},{\"@type\":\"BreadcrumbList\",\"@id\":\"https:\\\/\\\/www.encontrasaogoncalo.com.br\\\/sobre\\\/ciclovia-do-muvi-comeca-a-tomar-forma-no-jardim-catarina\\\/#breadcrumblist\",\"itemListElement\":[{\"@type\":\"ListItem\",\"@id\":\"https:\\\/\\\/www.encontrasaogoncalo.com.br\\\/sobre#listItem\",\"position\":1,\"name\":\"In\\u00edcio\",\"item\":\"https:\\\/\\\/www.encontrasaogoncalo.com.br\\\/sobre\",\"nextItem\":{\"@type\":\"ListItem\",\"@id\":\"https:\\\/\\\/www.encontrasaogoncalo.com.br\\\/sobre\\\/lugares-em-sao-goncalo\\\/#listItem\",\"name\":\"Lugares em S\\u00e3o Gon\\u00e7alo\"}},{\"@type\":\"ListItem\",\"@id\":\"https:\\\/\\\/www.encontrasaogoncalo.com.br\\\/sobre\\\/lugares-em-sao-goncalo\\\/#listItem\",\"position\":2,\"name\":\"Lugares em S\\u00e3o Gon\\u00e7alo\",\"item\":\"https:\\\/\\\/www.encontrasaogoncalo.com.br\\\/sobre\\\/lugares-em-sao-goncalo\\\/\",\"nextItem\":{\"@type\":\"ListItem\",\"@id\":\"https:\\\/\\\/www.encontrasaogoncalo.com.br\\\/sobre\\\/ciclovia-do-muvi-comeca-a-tomar-forma-no-jardim-catarina\\\/#listItem\",\"name\":\"Ciclovia do Muvi come\\u00e7a a tomar forma no Jardim Catarina\"},\"previousItem\":{\"@type\":\"ListItem\",\"@id\":\"https:\\\/\\\/www.encontrasaogoncalo.com.br\\\/sobre#listItem\",\"name\":\"In\\u00edcio\"}},{\"@type\":\"ListItem\",\"@id\":\"https:\\\/\\\/www.encontrasaogoncalo.com.br\\\/sobre\\\/ciclovia-do-muvi-comeca-a-tomar-forma-no-jardim-catarina\\\/#listItem\",\"position\":3,\"name\":\"Ciclovia do Muvi come\\u00e7a a tomar forma no Jardim Catarina\",\"previousItem\":{\"@type\":\"ListItem\",\"@id\":\"https:\\\/\\\/www.encontrasaogoncalo.com.br\\\/sobre\\\/lugares-em-sao-goncalo\\\/#listItem\",\"name\":\"Lugares em S\\u00e3o Gon\\u00e7alo\"}}]},{\"@type\":\"Organization\",\"@id\":\"https:\\\/\\\/www.encontrasaogoncalo.com.br\\\/sobre\\\/#organization\",\"name\":\"Encontra S\\u00e3o Gon\\u00e7alo\",\"description\":\"Not\\u00edcias, eventos, informa\\u00e7\\u00f5es e dicas da cidade de S\\u00e3o Gon\\u00e7alo e regi\\u00e3o\",\"url\":\"https:\\\/\\\/www.encontrasaogoncalo.com.br\\\/sobre\\\/\"},{\"@type\":\"Person\",\"@id\":\"https:\\\/\\\/www.encontrasaogoncalo.com.br\\\/sobre\\\/author\\\/esaogoncalo\\\/#author\",\"url\":\"https:\\\/\\\/www.encontrasaogoncalo.com.br\\\/sobre\\\/author\\\/esaogoncalo\\\/\",\"name\":\"Encontra S\\u00e3o Gon\\u00e7alo\",\"image\":{\"@type\":\"ImageObject\",\"@id\":\"https:\\\/\\\/www.encontrasaogoncalo.com.br\\\/sobre\\\/ciclovia-do-muvi-comeca-a-tomar-forma-no-jardim-catarina\\\/#authorImage\",\"url\":\"https:\\\/\\\/secure.gravatar.com\\\/avatar\\\/507340682b8270222e1f208e23198b6ae7e2c6a1033ae84e99bc6bce4f82a387?s=96&d=mm&r=g\",\"width\":96,\"height\":96,\"caption\":\"Encontra S\\u00e3o Gon\\u00e7alo\"}},{\"@type\":\"WebPage\",\"@id\":\"https:\\\/\\\/www.encontrasaogoncalo.com.br\\\/sobre\\\/ciclovia-do-muvi-comeca-a-tomar-forma-no-jardim-catarina\\\/#webpage\",\"url\":\"https:\\\/\\\/www.encontrasaogoncalo.com.br\\\/sobre\\\/ciclovia-do-muvi-comeca-a-tomar-forma-no-jardim-catarina\\\/\",\"name\":\"Ciclovia do Muvi come\\u00e7a a tomar forma no Jardim Catarina | Encontra S\\u00e3o Gon\\u00e7alo\",\"inLanguage\":\"pt-BR\",\"isPartOf\":{\"@id\":\"https:\\\/\\\/www.encontrasaogoncalo.com.br\\\/sobre\\\/#website\"},\"breadcrumb\":{\"@id\":\"https:\\\/\\\/www.encontrasaogoncalo.com.br\\\/sobre\\\/ciclovia-do-muvi-comeca-a-tomar-forma-no-jardim-catarina\\\/#breadcrumblist\"},\"author\":{\"@id\":\"https:\\\/\\\/www.encontrasaogoncalo.com.br\\\/sobre\\\/author\\\/esaogoncalo\\\/#author\"},\"creator\":{\"@id\":\"https:\\\/\\\/www.encontrasaogoncalo.com.br\\\/sobre\\\/author\\\/esaogoncalo\\\/#author\"},\"image\":{\"@type\":\"ImageObject\",\"url\":\"https:\\\/\\\/www.encontrasaogoncalo.com.br\\\/sobre\\\/wp-content\\\/uploads\\\/ciclovia-do-muvi-comeca-a-tomar-forma-no-jardim-catarina.webp\",\"@id\":\"https:\\\/\\\/www.encontrasaogoncalo.com.br\\\/sobre\\\/ciclovia-do-muvi-comeca-a-tomar-forma-no-jardim-catarina\\\/#mainImage\",\"width\":280,\"height\":280,\"caption\":\"ciclovia do muvi\"},\"primaryImageOfPage\":{\"@id\":\"https:\\\/\\\/www.encontrasaogoncalo.com.br\\\/sobre\\\/ciclovia-do-muvi-comeca-a-tomar-forma-no-jardim-catarina\\\/#mainImage\"},\"datePublished\":\"2026-07-16T12:02:00+00:00\",\"dateModified\":\"2026-07-16T12:02:00+00:00\"},{\"@type\":\"WebSite\",\"@id\":\"https:\\\/\\\/www.encontrasaogoncalo.com.br\\\/sobre\\\/#website\",\"url\":\"https:\\\/\\\/www.encontrasaogoncalo.com.br\\\/sobre\\\/\",\"name\":\"Encontra S\\u00e3o Gon\\u00e7alo\",\"description\":\"Not\\u00edcias, eventos, informa\\u00e7\\u00f5es e dicas da cidade de S\\u00e3o Gon\\u00e7alo e regi\\u00e3o\",\"inLanguage\":\"pt-BR\",\"publisher\":{\"@id\":\"https:\\\/\\\/www.encontrasaogoncalo.com.br\\\/sobre\\\/#organization\"}}]}\n\t\t<\/script>\n\t\t<!-- All in One SEO -->\n\n","aioseo_head_json":{"title":"Ciclovia do Muvi come\u00e7a a tomar forma no Jardim Catarina | Encontra S\u00e3o Gon\u00e7alo","description":"","canonical_url":"https:\/\/www.encontrasaogoncalo.com.br\/sobre\/ciclovia-do-muvi-comeca-a-tomar-forma-no-jardim-catarina\/","robots":"max-image-preview:large","keywords":"","webmasterTools":{"miscellaneous":""},"schema":{"@context":"https:\/\/schema.org","@graph":[{"@type":"Article","@id":"https:\/\/www.encontrasaogoncalo.com.br\/sobre\/ciclovia-do-muvi-comeca-a-tomar-forma-no-jardim-catarina\/#article","name":"Ciclovia do Muvi come\u00e7a a tomar forma no Jardim Catarina | Encontra S\u00e3o Gon\u00e7alo","headline":"Ciclovia do Muvi come\u00e7a a tomar forma no Jardim Catarina","author":{"@id":"https:\/\/www.encontrasaogoncalo.com.br\/sobre\/author\/esaogoncalo\/#author"},"publisher":{"@id":"https:\/\/www.encontrasaogoncalo.com.br\/sobre\/#organization"},"image":{"@type":"ImageObject","url":"https:\/\/www.encontrasaogoncalo.com.br\/sobre\/wp-content\/uploads\/ciclovia-do-muvi-comeca-a-tomar-forma-no-jardim-catarina.webp","width":280,"height":280,"caption":"ciclovia do muvi"},"datePublished":"2026-07-16T12:02:00+00:00","dateModified":"2026-07-16T12:02:00+00:00","inLanguage":"pt-BR","mainEntityOfPage":{"@id":"https:\/\/www.encontrasaogoncalo.com.br\/sobre\/ciclovia-do-muvi-comeca-a-tomar-forma-no-jardim-catarina\/#webpage"},"isPartOf":{"@id":"https:\/\/www.encontrasaogoncalo.com.br\/sobre\/ciclovia-do-muvi-comeca-a-tomar-forma-no-jardim-catarina\/#webpage"},"articleSection":"Lugares em S\u00e3o Gon\u00e7alo"},{"@type":"BreadcrumbList","@id":"https:\/\/www.encontrasaogoncalo.com.br\/sobre\/ciclovia-do-muvi-comeca-a-tomar-forma-no-jardim-catarina\/#breadcrumblist","itemListElement":[{"@type":"ListItem","@id":"https:\/\/www.encontrasaogoncalo.com.br\/sobre#listItem","position":1,"name":"In\u00edcio","item":"https:\/\/www.encontrasaogoncalo.com.br\/sobre","nextItem":{"@type":"ListItem","@id":"https:\/\/www.encontrasaogoncalo.com.br\/sobre\/lugares-em-sao-goncalo\/#listItem","name":"Lugares em S\u00e3o Gon\u00e7alo"}},{"@type":"ListItem","@id":"https:\/\/www.encontrasaogoncalo.com.br\/sobre\/lugares-em-sao-goncalo\/#listItem","position":2,"name":"Lugares em S\u00e3o Gon\u00e7alo","item":"https:\/\/www.encontrasaogoncalo.com.br\/sobre\/lugares-em-sao-goncalo\/","nextItem":{"@type":"ListItem","@id":"https:\/\/www.encontrasaogoncalo.com.br\/sobre\/ciclovia-do-muvi-comeca-a-tomar-forma-no-jardim-catarina\/#listItem","name":"Ciclovia do Muvi come\u00e7a a tomar forma no Jardim Catarina"},"previousItem":{"@type":"ListItem","@id":"https:\/\/www.encontrasaogoncalo.com.br\/sobre#listItem","name":"In\u00edcio"}},{"@type":"ListItem","@id":"https:\/\/www.encontrasaogoncalo.com.br\/sobre\/ciclovia-do-muvi-comeca-a-tomar-forma-no-jardim-catarina\/#listItem","position":3,"name":"Ciclovia do Muvi come\u00e7a a tomar forma no Jardim Catarina","previousItem":{"@type":"ListItem","@id":"https:\/\/www.encontrasaogoncalo.com.br\/sobre\/lugares-em-sao-goncalo\/#listItem","name":"Lugares em S\u00e3o Gon\u00e7alo"}}]},{"@type":"Organization","@id":"https:\/\/www.encontrasaogoncalo.com.br\/sobre\/#organization","name":"Encontra S\u00e3o Gon\u00e7alo","description":"Not\u00edcias, eventos, informa\u00e7\u00f5es e dicas da cidade de S\u00e3o Gon\u00e7alo e regi\u00e3o","url":"https:\/\/www.encontrasaogoncalo.com.br\/sobre\/"},{"@type":"Person","@id":"https:\/\/www.encontrasaogoncalo.com.br\/sobre\/author\/esaogoncalo\/#author","url":"https:\/\/www.encontrasaogoncalo.com.br\/sobre\/author\/esaogoncalo\/","name":"Encontra S\u00e3o Gon\u00e7alo","image":{"@type":"ImageObject","@id":"https:\/\/www.encontrasaogoncalo.com.br\/sobre\/ciclovia-do-muvi-comeca-a-tomar-forma-no-jardim-catarina\/#authorImage","url":"https:\/\/secure.gravatar.com\/avatar\/507340682b8270222e1f208e23198b6ae7e2c6a1033ae84e99bc6bce4f82a387?s=96&d=mm&r=g","width":96,"height":96,"caption":"Encontra S\u00e3o Gon\u00e7alo"}},{"@type":"WebPage","@id":"https:\/\/www.encontrasaogoncalo.com.br\/sobre\/ciclovia-do-muvi-comeca-a-tomar-forma-no-jardim-catarina\/#webpage","url":"https:\/\/www.encontrasaogoncalo.com.br\/sobre\/ciclovia-do-muvi-comeca-a-tomar-forma-no-jardim-catarina\/","name":"Ciclovia do Muvi come\u00e7a a tomar forma no Jardim Catarina | Encontra S\u00e3o Gon\u00e7alo","inLanguage":"pt-BR","isPartOf":{"@id":"https:\/\/www.encontrasaogoncalo.com.br\/sobre\/#website"},"breadcrumb":{"@id":"https:\/\/www.encontrasaogoncalo.com.br\/sobre\/ciclovia-do-muvi-comeca-a-tomar-forma-no-jardim-catarina\/#breadcrumblist"},"author":{"@id":"https:\/\/www.encontrasaogoncalo.com.br\/sobre\/author\/esaogoncalo\/#author"},"creator":{"@id":"https:\/\/www.encontrasaogoncalo.com.br\/sobre\/author\/esaogoncalo\/#author"},"image":{"@type":"ImageObject","url":"https:\/\/www.encontrasaogoncalo.com.br\/sobre\/wp-content\/uploads\/ciclovia-do-muvi-comeca-a-tomar-forma-no-jardim-catarina.webp","@id":"https:\/\/www.encontrasaogoncalo.com.br\/sobre\/ciclovia-do-muvi-comeca-a-tomar-forma-no-jardim-catarina\/#mainImage","width":280,"height":280,"caption":"ciclovia do muvi"},"primaryImageOfPage":{"@id":"https:\/\/www.encontrasaogoncalo.com.br\/sobre\/ciclovia-do-muvi-comeca-a-tomar-forma-no-jardim-catarina\/#mainImage"},"datePublished":"2026-07-16T12:02:00+00:00","dateModified":"2026-07-16T12:02:00+00:00"},{"@type":"WebSite","@id":"https:\/\/www.encontrasaogoncalo.com.br\/sobre\/#website","url":"https:\/\/www.encontrasaogoncalo.com.br\/sobre\/","name":"Encontra S\u00e3o Gon\u00e7alo","description":"Not\u00edcias, eventos, informa\u00e7\u00f5es e dicas da cidade de S\u00e3o Gon\u00e7alo e regi\u00e3o","inLanguage":"pt-BR","publisher":{"@id":"https:\/\/www.encontrasaogoncalo.com.br\/sobre\/#organization"}}]},"og:locale":"pt_BR","og:site_name":"Encontra S\u00e3o Gon\u00e7alo | Not\u00edcias, eventos, informa\u00e7\u00f5es e dicas da cidade de S\u00e3o Gon\u00e7alo e regi\u00e3o","og:type":"article","og:title":"Ciclovia do Muvi come\u00e7a a tomar forma no Jardim Catarina | Encontra S\u00e3o Gon\u00e7alo","og:url":"https:\/\/www.encontrasaogoncalo.com.br\/sobre\/ciclovia-do-muvi-comeca-a-tomar-forma-no-jardim-catarina\/","article:published_time":"2026-07-16T12:02:00+00:00","article:modified_time":"2026-07-16T12:02:00+00:00","twitter:card":"summary","twitter:title":"Ciclovia do Muvi come\u00e7a a tomar forma no Jardim Catarina | Encontra S\u00e3o Gon\u00e7alo"},"aioseo_meta_data":{"post_id":"2410","title":null,"description":null,"keywords":null,"keyphrases":null,"primary_term":null,"canonical_url":null,"og_title":null,"og_description":null,"og_object_type":"default","og_image_type":"default","og_image_url":null,"og_image_width":null,"og_image_height":null,"og_image_custom_url":null,"og_image_custom_fields":null,"og_video":null,"og_custom_url":null,"og_article_section":null,"og_article_tags":null,"twitter_use_og":false,"twitter_card":"default","twitter_image_type":"default","twitter_image_url":null,"twitter_image_custom_url":null,"twitter_image_custom_fields":null,"twitter_title":null,"twitter_description":null,"schema":{"blockGraphs":[],"customGraphs":[],"default":{"data":{"Article":[],"Course":[],"Dataset":[],"FAQPage":[],"Movie":[],"Person":[],"Product":[],"ProductReview":[],"Car":[],"Recipe":[],"Service":[],"SoftwareApplication":[],"WebPage":[]},"graphName":"Article","isEnabled":true},"graphs":[]},"schema_type":"default","schema_type_options":null,"pillar_content":false,"robots_default":true,"robots_noindex":false,"robots_noarchive":false,"robots_nosnippet":false,"robots_nofollow":false,"robots_noimageindex":false,"robots_noodp":false,"robots_notranslate":false,"robots_max_snippet":null,"robots_max_videopreview":null,"robots_max_imagepreview":"large","priority":null,"frequency":null,"local_seo":null,"breadcrumb_settings":null,"limit_modified_date":false,"ai":null,"created":"2026-07-16 12:02:02","updated":"2026-07-16 12:18:17","focus_keyword":null,"additional_keywords":null,"truseo_locale":null,"seo_analyzer_scan_date":null},"aioseo_breadcrumb":"<div class=\"aioseo-breadcrumbs\"><span class=\"aioseo-breadcrumb\">\n\t\t\t<a href=\"https:\/\/www.encontrasaogoncalo.com.br\/sobre\" title=\"In\u00edcio\">In\u00edcio<\/a>\n\t\t<\/span><span class=\"aioseo-breadcrumb-separator\">&raquo;<\/span><span class=\"aioseo-breadcrumb\">\n\t\t\t<a href=\"https:\/\/www.encontrasaogoncalo.com.br\/sobre\/lugares-em-sao-goncalo\/\" title=\"Lugares em S\u00e3o Gon\u00e7alo\">Lugares em S\u00e3o Gon\u00e7alo<\/a>\n\t\t<\/span><span class=\"aioseo-breadcrumb-separator\">&raquo;<\/span><span class=\"aioseo-breadcrumb\">\n\t\t\tCiclovia do Muvi come\u00e7a a tomar forma no Jardim Catarina\n\t\t<\/span><\/div>","aioseo_breadcrumb_json":[{"label":"In\u00edcio","link":"https:\/\/www.encontrasaogoncalo.com.br\/sobre"},{"label":"Lugares em S\u00e3o Gon\u00e7alo","link":"https:\/\/www.encontrasaogoncalo.com.br\/sobre\/lugares-em-sao-goncalo\/"},{"label":"Ciclovia do Muvi come\u00e7a a tomar forma no Jardim Catarina","link":"https:\/\/www.encontrasaogoncalo.com.br\/sobre\/ciclovia-do-muvi-comeca-a-tomar-forma-no-jardim-catarina\/"}],"_links":{"self":[{"href":"https:\/\/www.encontrasaogoncalo.com.br\/sobre\/wp-json\/wp\/v2\/posts\/2410","targetHints":{"allow":["GET"]}}],"collection":[{"href":"https:\/\/www.encontrasaogoncalo.com.br\/sobre\/wp-json\/wp\/v2\/posts"}],"about":[{"href":"https:\/\/www.encontrasaogoncalo.com.br\/sobre\/wp-json\/wp\/v2\/types\/post"}],"author":[{"embeddable":true,"href":"https:\/\/www.encontrasaogoncalo.com.br\/sobre\/wp-json\/wp\/v2\/users\/1"}],"replies":[{"embeddable":true,"href":"https:\/\/www.encontrasaogoncalo.com.br\/sobre\/wp-json\/wp\/v2\/comments?post=2410"}],"version-history":[{"count":0,"href":"https:\/\/www.encontrasaogoncalo.com.br\/sobre\/wp-json\/wp\/v2\/posts\/2410\/revisions"}],"wp:featuredmedia":[{"embeddable":true,"href":"https:\/\/www.encontrasaogoncalo.com.br\/sobre\/wp-json\/wp\/v2\/media\/2409"}],"wp:attachment":[{"href":"https:\/\/www.encontrasaogoncalo.com.br\/sobre\/wp-json\/wp\/v2\/media?parent=2410"}],"wp:term":[{"taxonomy":"category","embeddable":true,"href":"https:\/\/www.encontrasaogoncalo.com.br\/sobre\/wp-json\/wp\/v2\/categories?post=2410"},{"taxonomy":"post_tag","embeddable":true,"href":"https:\/\/www.encontrasaogoncalo.com.br\/sobre\/wp-json\/wp\/v2\/tags?post=2410"}],"curies":[{"name":"wp","href":"https:\/\/api.w.org\/{rel}","templated":true}]}}