{"id":2644,"date":"2026-08-19T05:55:39","date_gmt":"2026-08-19T05:55:39","guid":{"rendered":"https:\/\/www.encontrasaogoncalo.com.br\/sobre\/guarda-municipal-de-sao-goncalo-promove-acao-em-alusao-ao-agosto-lilas\/"},"modified":"2026-08-19T05:55:39","modified_gmt":"2026-08-19T05:55:39","slug":"guarda-municipal-de-sao-goncalo-promove-acao-em-alusao-ao-agosto-lilas","status":"publish","type":"post","link":"https:\/\/www.encontrasaogoncalo.com.br\/sobre\/guarda-municipal-de-sao-goncalo-promove-acao-em-alusao-ao-agosto-lilas\/","title":{"rendered":"Guarda Municipal de S\u00e3o Gon\u00e7alo promove a\u00e7\u00e3o em alus\u00e3o ao Agosto Lil\u00e1s"},"content":{"rendered":"<div class=\"558ebb280150f569344a3237cd236fe7\" data-index=\"1\" style=\"float: none; margin:0px;\">\n<!-- Anuncio display - global -->\r\n<ins class=\"adsbygoogle\"\r\n     style=\"display:block\"\r\n     data-ad-client=\"ca-pub-8585364105181520\"\r\n     data-ad-slot=\"8789329856\"\r\n     data-ad-format=\"auto\"\r\n     data-full-width-responsive=\"true\"><\/ins>\r\n<script>\r\n     (adsbygoogle = window.adsbygoogle || []).push({});\r\n<\/script>\n<\/div>\n<h2>A Import\u00e2ncia do Agosto Lil\u00e1s<\/h2>\n<p>Agosto Lil\u00e1s \u00e9 um m\u00eas que simboliza a luta e a conscientiza\u00e7\u00e3o sobre o enfrentamento da viol\u00eancia contra a mulher. Esta data \u00e9 essencial para promover discuss\u00f5es sobre temas como os direitos das mulheres, a preven\u00e7\u00e3o de abusos e a busca por uma sociedade mais igualit\u00e1ria. O movimento busca informar e educar n\u00e3o apenas as mulheres, mas toda a popula\u00e7\u00e3o, a respeito dos mecanismos de ajuda e suporte dispon\u00edveis para aquelas que sofrem viol\u00eancia.<\/p>\n<h2>A\u00e7\u00f5es da Guarda Municipal de S\u00e3o Gon\u00e7alo<\/h2>\n<p>A Guarda Municipal de S\u00e3o Gon\u00e7alo tem se mostrado atuante nas iniciativas de conscientiza\u00e7\u00e3o e preven\u00e7\u00e3o das viol\u00eancias que afetam as mulheres. Ao realizar atividades educativas e de informa\u00e7\u00e3o, essa institui\u00e7\u00e3o fortalece a rede de prote\u00e7\u00e3o e d\u00e1 voz \u00e0queles que precisam de apoio. No \u00faltimo dia 18 de agosto de 2026, a guarda promoveu uma a\u00e7\u00e3o significativa no S\u00e3o Gon\u00e7alo Shopping, envolvendo colaboradores nesse processo de conscientiza\u00e7\u00e3o.<\/p>\n<h2>Conscientiza\u00e7\u00e3o sobre Viol\u00eancia contra a Mulher<\/h2>\n<p>A atividade realizada pela Guarda Municipal teve como foco principal a conscientiza\u00e7\u00e3o sobre as diversas formas de viol\u00eancia contra a mulher, que incluem n\u00e3o apenas a viol\u00eancia f\u00edsica, mas tamb\u00e9m a psicol\u00f3gica, sexual e patrimonial. Durante a a\u00e7\u00e3o, foram apresentadas informa\u00e7\u00f5es sobre como identificar comportamentos abusivos, al\u00e9m de orienta\u00e7\u00f5es sobre o que fazer em situa\u00e7\u00f5es de emergencia.<\/p>\n<p><img decoding=\"async\" src=\"https:\/\/www.encontrasaogoncalo.com.br\/sobre\/wp-content\/uploads\/guarda-municipal-de-sao-goncalo-promove-acao-em-alusao-ao-agosto-lilas.webp\" alt=\"Guarda Municipal de S\u00e3o Gon\u00e7alo\" loading=\"lazy\" \/><\/p>\n<h2>Parceria com o S\u00e3o Gon\u00e7alo Shopping<\/h2>\n<p>Esta a\u00e7\u00e3o foi viabilizada atrav\u00e9s da parceria com o S\u00e3o Gon\u00e7alo Shopping, um espa\u00e7o de grande circula\u00e7\u00e3o que se tornou um ponto estrat\u00e9gico para disseminar conhecimento e informa\u00e7\u00f5es. Por meio dessa colabora\u00e7\u00e3o, a Guarda Municipal conseguiu alcan\u00e7ar um p\u00fablico amplo e engaj\u00e1-lo de maneira efetiva. As atividades realizadas contribu\u00edram para que os funcion\u00e1rios do shopping estivessem mais preparados para lidar com situa\u00e7\u00f5es de viol\u00eancia.<\/p>\n<h2>Atividades de Defesa Pessoal<\/h2>\n<p>Um dos destaques da a\u00e7\u00e3o no shopping foi a mini-aula de defesa pessoal ministrada pela guarda municipal Fabiana Portugal, expert em karat\u00ea e jiu-j\u00edtsu. A instru\u00e7\u00e3o visou capacitar as participantes para que, al\u00e9m de reconhecerem situa\u00e7\u00f5es de viol\u00eancia, se sintam confiantes em se defenderem caso necess\u00e1rio. Este treinamento n\u00e3o apenas amplia as habilidades, mas tamb\u00e9m proporciona empoderamento pessoal e seguran\u00e7a \u00e0s mulheres.<\/p>\n<h2>Capacita\u00e7\u00e3o para Funcion\u00e1rios do Shopping<\/h2>\n<p>Os funcion\u00e1rios do S\u00e3o Gon\u00e7alo Shopping participaram ativamente das discuss\u00f5es e atividades oferecidas durante a a\u00e7\u00e3o. A iniciativa teve como intuito formar multiplicadores que possam disseminar o conhecimento adquirido, ajudando a criar um ambiente mais seguro e atencioso. Essa capacita\u00e7\u00e3o \u00e9 fundamental, pois muitos funcion\u00e1rios podem se deparar com situa\u00e7\u00f5es de viol\u00eancia e \u00e9 crucial que eles estejam equipados com informa\u00e7\u00f5es e estrat\u00e9gias adequadas para lidar com esses casos.<\/p>\n<h2>Impacto da Conscientiza\u00e7\u00e3o na Comunidade<\/h2>\n<p>A a\u00e7\u00e3o promovida teve um efeito significativo na comunidade, gerando uma onda de conscientiza\u00e7\u00e3o sobre os problemas enfrentados pelas mulheres. Ao informar sobre os recursos dispon\u00edveis e a forma de agir, a Guarda Municipal contribuiu para que muitas pessoas se sentissem mais motivadas a se engajar no enfrentamento da viol\u00eancia. A intera\u00e7\u00e3o com os participantes tamb\u00e9m ajuda a construir uma rede de apoio comunit\u00e1rio.<\/p>\n<h2>Testemunhos dos Participantes<\/h2>\n<p>A participa\u00e7\u00e3o dos colaboradores do shopping na a\u00e7\u00e3o foi bastante positiva. A analista de RH do shopping, Thamiris Pe\u00e7anha, destacou como essas a\u00e7\u00f5es s\u00e3o de extrema relev\u00e2ncia, afirmando que muitos agentes podem nesse cen\u00e1rio de viol\u00eancia, e o conhecimento adquirido \u00e9 essencial para auxiliar mulheres que eventualmente possam estar enfrentando essas situa\u00e7\u00f5es de abuso. O retorno dos participantes demonstra a necessidade cont\u00ednua dessas iniciativas.<\/p>\n<h2>Rede de Atendimento \u00e0s V\u00edtimas<\/h2>\n<p>\u00c9 importante ressaltar que, al\u00e9m da conscientiza\u00e7\u00e3o, \u00e9 fundamental que as v\u00edtimas de viol\u00eancia saibam onde buscar apoio. A Guarda Municipal, em colabora\u00e7\u00e3o com outras institui\u00e7\u00f5es do munic\u00edpio, disponibiliza uma rede de atendimento que integra diversos servi\u00e7os: atendimento psicol\u00f3gico, jur\u00eddico e apoio social. Essa rede \u00e9 vital para garantir que as mulheres possam acessar suporte de forma efetiva e r\u00e1pida.<\/p>\n<h2>Como Denunciar Casos de Viol\u00eancia<\/h2>\n<p>Parte da conscientiza\u00e7\u00e3o tamb\u00e9m envolve informar sobre como denunciar casos de viol\u00eancia. A Guarda Municipal orientou durante a a\u00e7\u00e3o sobre os canais de den\u00fancia dispon\u00edveis, onde as mulheres podem se sentir seguras para reportar abusos e receber a assist\u00eancia necess\u00e1ria. \u00c9 crucial que a popula\u00e7\u00e3o esteja ciente de que existem mecanismos de prote\u00e7\u00e3o e que a denuncia \u00e9 um passo importante para a mudan\u00e7a.<\/p>\n<p>Atrav\u00e9s da mobiliza\u00e7\u00e3o e do engajamento em a\u00e7\u00f5es como a promovida pela Guarda Municipal de S\u00e3o Gon\u00e7alo, \u00e9 poss\u00edvel promover uma sociedade mais justa e segura para todas as mulheres. A participa\u00e7\u00e3o de cada indiv\u00edduo \u00e9 fundamental para que possamos avan\u00e7ar na luta contra a viol\u00eancia e construir um futuro mais igualit\u00e1rio.<\/p>\n\n<div style=\"font-size: 0px; height: 0px; line-height: 0px; margin: 0; padding: 0; clear: both;\"><\/div>","protected":false},"excerpt":{"rendered":"<p>A\u00e7\u00e3o da Guarda Municipal de S\u00e3o Gon\u00e7alo destaca o Agosto Lil\u00e1s e a viol\u00eancia contra mulheres.<\/p>\n","protected":false},"author":1,"featured_media":2643,"comment_status":"open","ping_status":"closed","sticky":false,"template":"","format":"standard","meta":{"footnotes":""},"categories":[6],"tags":[],"class_list":["post-2644","post","type-post","status-publish","format-standard","has-post-thumbnail","hentry","category-noticias-em-sao-goncalo","has_thumb"],"aioseo_notices":[],"aioseo_head":"\n\t\t<!-- All in One SEO 5.0.0.1 - aioseo.com -->\n\t<meta name=\"robots\" content=\"max-image-preview:large\" \/>\n\t<meta name=\"author\" content=\"Encontra S\u00e3o Gon\u00e7alo\"\/>\n\t<link rel=\"canonical\" href=\"https:\/\/www.encontrasaogoncalo.com.br\/sobre\/guarda-municipal-de-sao-goncalo-promove-acao-em-alusao-ao-agosto-lilas\/\" \/>\n\t<meta name=\"generator\" content=\"All in One SEO (AIOSEO) 5.0.0.1\" \/>\n\t\t<meta property=\"og:locale\" content=\"pt_BR\" \/>\n\t\t<meta property=\"og:site_name\" content=\"Encontra S\u00e3o Gon\u00e7alo | Not\u00edcias, eventos, informa\u00e7\u00f5es e dicas da cidade de S\u00e3o Gon\u00e7alo e regi\u00e3o\" \/>\n\t\t<meta property=\"og:type\" content=\"article\" \/>\n\t\t<meta property=\"og:title\" content=\"Guarda Municipal de S\u00e3o Gon\u00e7alo promove a\u00e7\u00e3o em alus\u00e3o ao Agosto Lil\u00e1s | Encontra S\u00e3o Gon\u00e7alo\" \/>\n\t\t<meta property=\"og:url\" content=\"https:\/\/www.encontrasaogoncalo.com.br\/sobre\/guarda-municipal-de-sao-goncalo-promove-acao-em-alusao-ao-agosto-lilas\/\" \/>\n\t\t<meta property=\"article:published_time\" content=\"2026-08-19T05:55:39+00:00\" \/>\n\t\t<meta property=\"article:modified_time\" content=\"2026-08-19T05:55:39+00:00\" \/>\n\t\t<meta name=\"twitter:card\" content=\"summary\" \/>\n\t\t<meta name=\"twitter:title\" content=\"Guarda Municipal de S\u00e3o Gon\u00e7alo promove a\u00e7\u00e3o em alus\u00e3o ao Agosto Lil\u00e1s | Encontra S\u00e3o Gon\u00e7alo\" \/>\n\t\t<script type=\"application\/ld+json\" class=\"aioseo-schema\">\n\t\t\t{\"@context\":\"https:\\\/\\\/schema.org\",\"@graph\":[{\"@type\":\"Article\",\"@id\":\"https:\\\/\\\/www.encontrasaogoncalo.com.br\\\/sobre\\\/guarda-municipal-de-sao-goncalo-promove-acao-em-alusao-ao-agosto-lilas\\\/#article\",\"name\":\"Guarda Municipal de S\\u00e3o Gon\\u00e7alo promove a\\u00e7\\u00e3o em alus\\u00e3o ao Agosto Lil\\u00e1s | Encontra S\\u00e3o Gon\\u00e7alo\",\"headline\":\"Guarda Municipal de S\\u00e3o Gon\\u00e7alo promove a\\u00e7\\u00e3o em alus\\u00e3o ao Agosto Lil\\u00e1s\",\"author\":{\"@id\":\"https:\\\/\\\/www.encontrasaogoncalo.com.br\\\/sobre\\\/author\\\/esaogoncalo\\\/#author\"},\"publisher\":{\"@id\":\"https:\\\/\\\/www.encontrasaogoncalo.com.br\\\/sobre\\\/#organization\"},\"image\":{\"@type\":\"ImageObject\",\"url\":\"https:\\\/\\\/www.encontrasaogoncalo.com.br\\\/sobre\\\/wp-content\\\/uploads\\\/guarda-municipal-de-sao-goncalo-promove-acao-em-alusao-ao-agosto-lilas.webp\",\"width\":280,\"height\":280,\"caption\":\"Guarda Municipal de S\\u00e3o Gon\\u00e7alo\"},\"datePublished\":\"2026-08-19T05:55:39+00:00\",\"dateModified\":\"2026-08-19T05:55:39+00:00\",\"inLanguage\":\"pt-BR\",\"mainEntityOfPage\":{\"@id\":\"https:\\\/\\\/www.encontrasaogoncalo.com.br\\\/sobre\\\/guarda-municipal-de-sao-goncalo-promove-acao-em-alusao-ao-agosto-lilas\\\/#webpage\"},\"isPartOf\":{\"@id\":\"https:\\\/\\\/www.encontrasaogoncalo.com.br\\\/sobre\\\/guarda-municipal-de-sao-goncalo-promove-acao-em-alusao-ao-agosto-lilas\\\/#webpage\"},\"articleSection\":\"Not\\u00edcias S\\u00e3o Gon\\u00e7alo\"},{\"@type\":\"BreadcrumbList\",\"@id\":\"https:\\\/\\\/www.encontrasaogoncalo.com.br\\\/sobre\\\/guarda-municipal-de-sao-goncalo-promove-acao-em-alusao-ao-agosto-lilas\\\/#breadcrumblist\",\"itemListElement\":[{\"@type\":\"ListItem\",\"@id\":\"https:\\\/\\\/www.encontrasaogoncalo.com.br\\\/sobre#listItem\",\"position\":1,\"name\":\"In\\u00edcio\",\"item\":\"https:\\\/\\\/www.encontrasaogoncalo.com.br\\\/sobre\",\"nextItem\":{\"@type\":\"ListItem\",\"@id\":\"https:\\\/\\\/www.encontrasaogoncalo.com.br\\\/sobre\\\/noticias-em-sao-goncalo\\\/#listItem\",\"name\":\"Not\\u00edcias S\\u00e3o Gon\\u00e7alo\"}},{\"@type\":\"ListItem\",\"@id\":\"https:\\\/\\\/www.encontrasaogoncalo.com.br\\\/sobre\\\/noticias-em-sao-goncalo\\\/#listItem\",\"position\":2,\"name\":\"Not\\u00edcias S\\u00e3o Gon\\u00e7alo\",\"item\":\"https:\\\/\\\/www.encontrasaogoncalo.com.br\\\/sobre\\\/noticias-em-sao-goncalo\\\/\",\"nextItem\":{\"@type\":\"ListItem\",\"@id\":\"https:\\\/\\\/www.encontrasaogoncalo.com.br\\\/sobre\\\/guarda-municipal-de-sao-goncalo-promove-acao-em-alusao-ao-agosto-lilas\\\/#listItem\",\"name\":\"Guarda Municipal de S\\u00e3o Gon\\u00e7alo promove a\\u00e7\\u00e3o em alus\\u00e3o ao Agosto Lil\\u00e1s\"},\"previousItem\":{\"@type\":\"ListItem\",\"@id\":\"https:\\\/\\\/www.encontrasaogoncalo.com.br\\\/sobre#listItem\",\"name\":\"In\\u00edcio\"}},{\"@type\":\"ListItem\",\"@id\":\"https:\\\/\\\/www.encontrasaogoncalo.com.br\\\/sobre\\\/guarda-municipal-de-sao-goncalo-promove-acao-em-alusao-ao-agosto-lilas\\\/#listItem\",\"position\":3,\"name\":\"Guarda Municipal de S\\u00e3o Gon\\u00e7alo promove a\\u00e7\\u00e3o em alus\\u00e3o ao Agosto Lil\\u00e1s\",\"previousItem\":{\"@type\":\"ListItem\",\"@id\":\"https:\\\/\\\/www.encontrasaogoncalo.com.br\\\/sobre\\\/noticias-em-sao-goncalo\\\/#listItem\",\"name\":\"Not\\u00edcias S\\u00e3o Gon\\u00e7alo\"}}]},{\"@type\":\"Organization\",\"@id\":\"https:\\\/\\\/www.encontrasaogoncalo.com.br\\\/sobre\\\/#organization\",\"name\":\"Encontra S\\u00e3o Gon\\u00e7alo\",\"description\":\"Not\\u00edcias, eventos, informa\\u00e7\\u00f5es e dicas da cidade de S\\u00e3o Gon\\u00e7alo e regi\\u00e3o\",\"url\":\"https:\\\/\\\/www.encontrasaogoncalo.com.br\\\/sobre\\\/\"},{\"@type\":\"Person\",\"@id\":\"https:\\\/\\\/www.encontrasaogoncalo.com.br\\\/sobre\\\/author\\\/esaogoncalo\\\/#author\",\"url\":\"https:\\\/\\\/www.encontrasaogoncalo.com.br\\\/sobre\\\/author\\\/esaogoncalo\\\/\",\"name\":\"Encontra S\\u00e3o Gon\\u00e7alo\",\"image\":{\"@type\":\"ImageObject\",\"@id\":\"https:\\\/\\\/www.encontrasaogoncalo.com.br\\\/sobre\\\/guarda-municipal-de-sao-goncalo-promove-acao-em-alusao-ao-agosto-lilas\\\/#authorImage\",\"url\":\"https:\\\/\\\/secure.gravatar.com\\\/avatar\\\/507340682b8270222e1f208e23198b6ae7e2c6a1033ae84e99bc6bce4f82a387?s=96&d=mm&r=g\",\"width\":96,\"height\":96,\"caption\":\"Encontra S\\u00e3o Gon\\u00e7alo\"}},{\"@type\":\"WebPage\",\"@id\":\"https:\\\/\\\/www.encontrasaogoncalo.com.br\\\/sobre\\\/guarda-municipal-de-sao-goncalo-promove-acao-em-alusao-ao-agosto-lilas\\\/#webpage\",\"url\":\"https:\\\/\\\/www.encontrasaogoncalo.com.br\\\/sobre\\\/guarda-municipal-de-sao-goncalo-promove-acao-em-alusao-ao-agosto-lilas\\\/\",\"name\":\"Guarda Municipal de S\\u00e3o Gon\\u00e7alo promove a\\u00e7\\u00e3o em alus\\u00e3o ao Agosto Lil\\u00e1s | Encontra S\\u00e3o Gon\\u00e7alo\",\"inLanguage\":\"pt-BR\",\"isPartOf\":{\"@id\":\"https:\\\/\\\/www.encontrasaogoncalo.com.br\\\/sobre\\\/#website\"},\"breadcrumb\":{\"@id\":\"https:\\\/\\\/www.encontrasaogoncalo.com.br\\\/sobre\\\/guarda-municipal-de-sao-goncalo-promove-acao-em-alusao-ao-agosto-lilas\\\/#breadcrumblist\"},\"author\":{\"@id\":\"https:\\\/\\\/www.encontrasaogoncalo.com.br\\\/sobre\\\/author\\\/esaogoncalo\\\/#author\"},\"creator\":{\"@id\":\"https:\\\/\\\/www.encontrasaogoncalo.com.br\\\/sobre\\\/author\\\/esaogoncalo\\\/#author\"},\"image\":{\"@type\":\"ImageObject\",\"url\":\"https:\\\/\\\/www.encontrasaogoncalo.com.br\\\/sobre\\\/wp-content\\\/uploads\\\/guarda-municipal-de-sao-goncalo-promove-acao-em-alusao-ao-agosto-lilas.webp\",\"@id\":\"https:\\\/\\\/www.encontrasaogoncalo.com.br\\\/sobre\\\/guarda-municipal-de-sao-goncalo-promove-acao-em-alusao-ao-agosto-lilas\\\/#mainImage\",\"width\":280,\"height\":280,\"caption\":\"Guarda Municipal de S\\u00e3o Gon\\u00e7alo\"},\"primaryImageOfPage\":{\"@id\":\"https:\\\/\\\/www.encontrasaogoncalo.com.br\\\/sobre\\\/guarda-municipal-de-sao-goncalo-promove-acao-em-alusao-ao-agosto-lilas\\\/#mainImage\"},\"datePublished\":\"2026-08-19T05:55:39+00:00\",\"dateModified\":\"2026-08-19T05:55:39+00:00\"},{\"@type\":\"WebSite\",\"@id\":\"https:\\\/\\\/www.encontrasaogoncalo.com.br\\\/sobre\\\/#website\",\"url\":\"https:\\\/\\\/www.encontrasaogoncalo.com.br\\\/sobre\\\/\",\"name\":\"Encontra S\\u00e3o Gon\\u00e7alo\",\"description\":\"Not\\u00edcias, eventos, informa\\u00e7\\u00f5es e dicas da cidade de S\\u00e3o Gon\\u00e7alo e regi\\u00e3o\",\"inLanguage\":\"pt-BR\",\"publisher\":{\"@id\":\"https:\\\/\\\/www.encontrasaogoncalo.com.br\\\/sobre\\\/#organization\"}}]}\n\t\t<\/script>\n\t\t<!-- All in One SEO -->\n\n","aioseo_head_json":{"title":"Guarda Municipal de S\u00e3o Gon\u00e7alo promove a\u00e7\u00e3o em alus\u00e3o ao Agosto Lil\u00e1s | Encontra S\u00e3o Gon\u00e7alo","description":"","canonical_url":"https:\/\/www.encontrasaogoncalo.com.br\/sobre\/guarda-municipal-de-sao-goncalo-promove-acao-em-alusao-ao-agosto-lilas\/","robots":"max-image-preview:large","keywords":"","webmasterTools":{"miscellaneous":""},"schema":{"@context":"https:\/\/schema.org","@graph":[{"@type":"Article","@id":"https:\/\/www.encontrasaogoncalo.com.br\/sobre\/guarda-municipal-de-sao-goncalo-promove-acao-em-alusao-ao-agosto-lilas\/#article","name":"Guarda Municipal de S\u00e3o Gon\u00e7alo promove a\u00e7\u00e3o em alus\u00e3o ao Agosto Lil\u00e1s | Encontra S\u00e3o Gon\u00e7alo","headline":"Guarda Municipal de S\u00e3o Gon\u00e7alo promove a\u00e7\u00e3o em alus\u00e3o ao Agosto Lil\u00e1s","author":{"@id":"https:\/\/www.encontrasaogoncalo.com.br\/sobre\/author\/esaogoncalo\/#author"},"publisher":{"@id":"https:\/\/www.encontrasaogoncalo.com.br\/sobre\/#organization"},"image":{"@type":"ImageObject","url":"https:\/\/www.encontrasaogoncalo.com.br\/sobre\/wp-content\/uploads\/guarda-municipal-de-sao-goncalo-promove-acao-em-alusao-ao-agosto-lilas.webp","width":280,"height":280,"caption":"Guarda Municipal de S\u00e3o Gon\u00e7alo"},"datePublished":"2026-08-19T05:55:39+00:00","dateModified":"2026-08-19T05:55:39+00:00","inLanguage":"pt-BR","mainEntityOfPage":{"@id":"https:\/\/www.encontrasaogoncalo.com.br\/sobre\/guarda-municipal-de-sao-goncalo-promove-acao-em-alusao-ao-agosto-lilas\/#webpage"},"isPartOf":{"@id":"https:\/\/www.encontrasaogoncalo.com.br\/sobre\/guarda-municipal-de-sao-goncalo-promove-acao-em-alusao-ao-agosto-lilas\/#webpage"},"articleSection":"Not\u00edcias S\u00e3o Gon\u00e7alo"},{"@type":"BreadcrumbList","@id":"https:\/\/www.encontrasaogoncalo.com.br\/sobre\/guarda-municipal-de-sao-goncalo-promove-acao-em-alusao-ao-agosto-lilas\/#breadcrumblist","itemListElement":[{"@type":"ListItem","@id":"https:\/\/www.encontrasaogoncalo.com.br\/sobre#listItem","position":1,"name":"In\u00edcio","item":"https:\/\/www.encontrasaogoncalo.com.br\/sobre","nextItem":{"@type":"ListItem","@id":"https:\/\/www.encontrasaogoncalo.com.br\/sobre\/noticias-em-sao-goncalo\/#listItem","name":"Not\u00edcias S\u00e3o Gon\u00e7alo"}},{"@type":"ListItem","@id":"https:\/\/www.encontrasaogoncalo.com.br\/sobre\/noticias-em-sao-goncalo\/#listItem","position":2,"name":"Not\u00edcias S\u00e3o Gon\u00e7alo","item":"https:\/\/www.encontrasaogoncalo.com.br\/sobre\/noticias-em-sao-goncalo\/","nextItem":{"@type":"ListItem","@id":"https:\/\/www.encontrasaogoncalo.com.br\/sobre\/guarda-municipal-de-sao-goncalo-promove-acao-em-alusao-ao-agosto-lilas\/#listItem","name":"Guarda Municipal de S\u00e3o Gon\u00e7alo promove a\u00e7\u00e3o em alus\u00e3o ao Agosto Lil\u00e1s"},"previousItem":{"@type":"ListItem","@id":"https:\/\/www.encontrasaogoncalo.com.br\/sobre#listItem","name":"In\u00edcio"}},{"@type":"ListItem","@id":"https:\/\/www.encontrasaogoncalo.com.br\/sobre\/guarda-municipal-de-sao-goncalo-promove-acao-em-alusao-ao-agosto-lilas\/#listItem","position":3,"name":"Guarda Municipal de S\u00e3o Gon\u00e7alo promove a\u00e7\u00e3o em alus\u00e3o ao Agosto Lil\u00e1s","previousItem":{"@type":"ListItem","@id":"https:\/\/www.encontrasaogoncalo.com.br\/sobre\/noticias-em-sao-goncalo\/#listItem","name":"Not\u00edcias S\u00e3o Gon\u00e7alo"}}]},{"@type":"Organization","@id":"https:\/\/www.encontrasaogoncalo.com.br\/sobre\/#organization","name":"Encontra S\u00e3o Gon\u00e7alo","description":"Not\u00edcias, eventos, informa\u00e7\u00f5es e dicas da cidade de S\u00e3o Gon\u00e7alo e regi\u00e3o","url":"https:\/\/www.encontrasaogoncalo.com.br\/sobre\/"},{"@type":"Person","@id":"https:\/\/www.encontrasaogoncalo.com.br\/sobre\/author\/esaogoncalo\/#author","url":"https:\/\/www.encontrasaogoncalo.com.br\/sobre\/author\/esaogoncalo\/","name":"Encontra S\u00e3o Gon\u00e7alo","image":{"@type":"ImageObject","@id":"https:\/\/www.encontrasaogoncalo.com.br\/sobre\/guarda-municipal-de-sao-goncalo-promove-acao-em-alusao-ao-agosto-lilas\/#authorImage","url":"https:\/\/secure.gravatar.com\/avatar\/507340682b8270222e1f208e23198b6ae7e2c6a1033ae84e99bc6bce4f82a387?s=96&d=mm&r=g","width":96,"height":96,"caption":"Encontra S\u00e3o Gon\u00e7alo"}},{"@type":"WebPage","@id":"https:\/\/www.encontrasaogoncalo.com.br\/sobre\/guarda-municipal-de-sao-goncalo-promove-acao-em-alusao-ao-agosto-lilas\/#webpage","url":"https:\/\/www.encontrasaogoncalo.com.br\/sobre\/guarda-municipal-de-sao-goncalo-promove-acao-em-alusao-ao-agosto-lilas\/","name":"Guarda Municipal de S\u00e3o Gon\u00e7alo promove a\u00e7\u00e3o em alus\u00e3o ao Agosto Lil\u00e1s | Encontra S\u00e3o Gon\u00e7alo","inLanguage":"pt-BR","isPartOf":{"@id":"https:\/\/www.encontrasaogoncalo.com.br\/sobre\/#website"},"breadcrumb":{"@id":"https:\/\/www.encontrasaogoncalo.com.br\/sobre\/guarda-municipal-de-sao-goncalo-promove-acao-em-alusao-ao-agosto-lilas\/#breadcrumblist"},"author":{"@id":"https:\/\/www.encontrasaogoncalo.com.br\/sobre\/author\/esaogoncalo\/#author"},"creator":{"@id":"https:\/\/www.encontrasaogoncalo.com.br\/sobre\/author\/esaogoncalo\/#author"},"image":{"@type":"ImageObject","url":"https:\/\/www.encontrasaogoncalo.com.br\/sobre\/wp-content\/uploads\/guarda-municipal-de-sao-goncalo-promove-acao-em-alusao-ao-agosto-lilas.webp","@id":"https:\/\/www.encontrasaogoncalo.com.br\/sobre\/guarda-municipal-de-sao-goncalo-promove-acao-em-alusao-ao-agosto-lilas\/#mainImage","width":280,"height":280,"caption":"Guarda Municipal de S\u00e3o Gon\u00e7alo"},"primaryImageOfPage":{"@id":"https:\/\/www.encontrasaogoncalo.com.br\/sobre\/guarda-municipal-de-sao-goncalo-promove-acao-em-alusao-ao-agosto-lilas\/#mainImage"},"datePublished":"2026-08-19T05:55:39+00:00","dateModified":"2026-08-19T05:55:39+00:00"},{"@type":"WebSite","@id":"https:\/\/www.encontrasaogoncalo.com.br\/sobre\/#website","url":"https:\/\/www.encontrasaogoncalo.com.br\/sobre\/","name":"Encontra S\u00e3o Gon\u00e7alo","description":"Not\u00edcias, eventos, informa\u00e7\u00f5es e dicas da cidade de S\u00e3o Gon\u00e7alo e regi\u00e3o","inLanguage":"pt-BR","publisher":{"@id":"https:\/\/www.encontrasaogoncalo.com.br\/sobre\/#organization"}}]},"og:locale":"pt_BR","og:site_name":"Encontra S\u00e3o Gon\u00e7alo | Not\u00edcias, eventos, informa\u00e7\u00f5es e dicas da cidade de S\u00e3o Gon\u00e7alo e regi\u00e3o","og:type":"article","og:title":"Guarda Municipal de S\u00e3o Gon\u00e7alo promove a\u00e7\u00e3o em alus\u00e3o ao Agosto Lil\u00e1s | Encontra S\u00e3o Gon\u00e7alo","og:url":"https:\/\/www.encontrasaogoncalo.com.br\/sobre\/guarda-municipal-de-sao-goncalo-promove-acao-em-alusao-ao-agosto-lilas\/","article:published_time":"2026-08-19T05:55:39+00:00","article:modified_time":"2026-08-19T05:55:39+00:00","twitter:card":"summary","twitter:title":"Guarda Municipal de S\u00e3o Gon\u00e7alo promove a\u00e7\u00e3o em alus\u00e3o ao Agosto Lil\u00e1s | Encontra S\u00e3o Gon\u00e7alo"},"aioseo_meta_data":{"post_id":"2644","title":null,"description":null,"keywords":null,"keyphrases":null,"primary_term":null,"canonical_url":null,"og_title":null,"og_description":null,"og_object_type":"default","og_image_type":"default","og_image_url":null,"og_image_width":null,"og_image_height":null,"og_image_custom_url":null,"og_image_custom_fields":null,"og_video":null,"og_custom_url":null,"og_article_section":null,"og_article_tags":null,"twitter_use_og":false,"twitter_card":"default","twitter_image_type":"default","twitter_image_url":null,"twitter_image_custom_url":null,"twitter_image_custom_fields":null,"twitter_title":null,"twitter_description":null,"schema":{"blockGraphs":[],"customGraphs":[],"default":{"data":{"Article":[],"Course":[],"Dataset":[],"FAQPage":[],"Movie":[],"Person":[],"Product":[],"ProductReview":[],"Car":[],"Recipe":[],"Service":[],"SoftwareApplication":[],"WebPage":[]},"graphName":"Article","isEnabled":true},"graphs":[]},"schema_type":"default","schema_type_options":null,"pillar_content":false,"robots_default":true,"robots_noindex":false,"robots_noarchive":false,"robots_nosnippet":false,"robots_nofollow":false,"robots_noimageindex":false,"robots_noodp":false,"robots_notranslate":false,"robots_max_snippet":null,"robots_max_videopreview":null,"robots_max_imagepreview":"large","priority":null,"frequency":null,"local_seo":null,"breadcrumb_settings":null,"limit_modified_date":false,"ai":null,"created":"2026-08-19 05:55:39","updated":"2026-08-19 07:11:12","focus_keyword":null,"additional_keywords":null,"truseo_locale":null,"seo_analyzer_scan_date":null},"aioseo_breadcrumb":"<div class=\"aioseo-breadcrumbs\"><span class=\"aioseo-breadcrumb\">\n\t\t\t<a href=\"https:\/\/www.encontrasaogoncalo.com.br\/sobre\" title=\"In\u00edcio\">In\u00edcio<\/a>\n\t\t<\/span><span class=\"aioseo-breadcrumb-separator\">&raquo;<\/span><span class=\"aioseo-breadcrumb\">\n\t\t\t<a href=\"https:\/\/www.encontrasaogoncalo.com.br\/sobre\/noticias-em-sao-goncalo\/\" title=\"Not\u00edcias S\u00e3o Gon\u00e7alo\">Not\u00edcias S\u00e3o Gon\u00e7alo<\/a>\n\t\t<\/span><span class=\"aioseo-breadcrumb-separator\">&raquo;<\/span><span class=\"aioseo-breadcrumb\">\n\t\t\tGuarda Municipal de S\u00e3o Gon\u00e7alo promove a\u00e7\u00e3o em alus\u00e3o ao Agosto Lil\u00e1s\n\t\t<\/span><\/div>","aioseo_breadcrumb_json":[{"label":"In\u00edcio","link":"https:\/\/www.encontrasaogoncalo.com.br\/sobre"},{"label":"Not\u00edcias S\u00e3o Gon\u00e7alo","link":"https:\/\/www.encontrasaogoncalo.com.br\/sobre\/noticias-em-sao-goncalo\/"},{"label":"Guarda Municipal de S\u00e3o Gon\u00e7alo promove a\u00e7\u00e3o em alus\u00e3o ao Agosto Lil\u00e1s","link":"https:\/\/www.encontrasaogoncalo.com.br\/sobre\/guarda-municipal-de-sao-goncalo-promove-acao-em-alusao-ao-agosto-lilas\/"}],"_links":{"self":[{"href":"https:\/\/www.encontrasaogoncalo.com.br\/sobre\/wp-json\/wp\/v2\/posts\/2644","targetHints":{"allow":["GET"]}}],"collection":[{"href":"https:\/\/www.encontrasaogoncalo.com.br\/sobre\/wp-json\/wp\/v2\/posts"}],"about":[{"href":"https:\/\/www.encontrasaogoncalo.com.br\/sobre\/wp-json\/wp\/v2\/types\/post"}],"author":[{"embeddable":true,"href":"https:\/\/www.encontrasaogoncalo.com.br\/sobre\/wp-json\/wp\/v2\/users\/1"}],"replies":[{"embeddable":true,"href":"https:\/\/www.encontrasaogoncalo.com.br\/sobre\/wp-json\/wp\/v2\/comments?post=2644"}],"version-history":[{"count":0,"href":"https:\/\/www.encontrasaogoncalo.com.br\/sobre\/wp-json\/wp\/v2\/posts\/2644\/revisions"}],"wp:featuredmedia":[{"embeddable":true,"href":"https:\/\/www.encontrasaogoncalo.com.br\/sobre\/wp-json\/wp\/v2\/media\/2643"}],"wp:attachment":[{"href":"https:\/\/www.encontrasaogoncalo.com.br\/sobre\/wp-json\/wp\/v2\/media?parent=2644"}],"wp:term":[{"taxonomy":"category","embeddable":true,"href":"https:\/\/www.encontrasaogoncalo.com.br\/sobre\/wp-json\/wp\/v2\/categories?post=2644"},{"taxonomy":"post_tag","embeddable":true,"href":"https:\/\/www.encontrasaogoncalo.com.br\/sobre\/wp-json\/wp\/v2\/tags?post=2644"}],"curies":[{"name":"wp","href":"https:\/\/api.w.org\/{rel}","templated":true}]}}