{"id":2646,"date":"2026-08-19T05:56:55","date_gmt":"2026-08-19T05:56:55","guid":{"rendered":"https:\/\/www.encontrasaogoncalo.com.br\/sobre\/caravana-vai-a-monjolos-e-santa-izabel-neste-fim-de-semana\/"},"modified":"2026-08-19T05:56:55","modified_gmt":"2026-08-19T05:56:55","slug":"caravana-vai-a-monjolos-e-santa-izabel-neste-fim-de-semana","status":"publish","type":"post","link":"https:\/\/www.encontrasaogoncalo.com.br\/sobre\/caravana-vai-a-monjolos-e-santa-izabel-neste-fim-de-semana\/","title":{"rendered":"Caravana vai a Monjolos e Santa Izabel neste fim de semana"},"content":{"rendered":"<div class=\"558ebb280150f569344a3237cd236fe7\" data-index=\"1\" style=\"float: none; margin:0px;\">\n<!-- Anuncio display - global -->\r\n<ins class=\"adsbygoogle\"\r\n     style=\"display:block\"\r\n     data-ad-client=\"ca-pub-8585364105181520\"\r\n     data-ad-slot=\"8789329856\"\r\n     data-ad-format=\"auto\"\r\n     data-full-width-responsive=\"true\"><\/ins>\r\n<script>\r\n     (adsbygoogle = window.adsbygoogle || []).push({});\r\n<\/script>\n<\/div>\n<h2>O que \u00e9 a Caravana de Arte e Lazer?<\/h2>\n<p>A Caravana de Arte e Lazer \u00e9 uma iniciativa da <strong>Funda\u00e7\u00e3o de Artes, Esporte e Lazer de S\u00e3o Gon\u00e7alo (Faelsg)<\/strong>, desenvolvida com o objetivo de oferecer momentos de entretenimento e intera\u00e7\u00e3o para as crian\u00e7as e suas fam\u00edlias. O projeto visa a promo\u00e7\u00e3o de atividades recreativas durante os finais de semana, contribuindo para o bem-estar e a divers\u00e3o dos pequenos na cidade.<\/p>\n<h2>Atividades Gratuitas para as Crian\u00e7as<\/h2>\n<p>Durante a Caravana, os participantes t\u00eam a oportunidade de desfrutar de uma variedade de atividades gratuitas, que incluem:<\/p>\n<ul>\n<li><strong>Camas el\u00e1sticas:<\/strong> Uma atra\u00e7\u00e3o que garante muita divers\u00e3o e movimento.<\/li>\n<li><strong>Infl\u00e1veis:<\/strong> Estruturas divertidas que permitem que as crian\u00e7as brinquem de forma segura.<\/li>\n<li><strong>Oficinas:<\/strong> Espa\u00e7os criativos onde as crian\u00e7as podem explorar seu potencial art\u00edstico.<\/li>\n<li><strong>Jogos e brincadeiras:<\/strong> Divers\u00e3o garantida com jogos tradicionais e novidades.<\/li>\n<li><strong>Lanchinhos:<\/strong> Oferecimento de pequenos lanches gratuitos para os participantes.<\/li>\n<\/ul>\n<h2>Datas e Locais da Caravana<\/h2>\n<p>A Caravana ocorrer\u00e1 em dois locais distintos. As informa\u00e7\u00f5es sobre as datas e os locais s\u00e3o as seguintes:<\/p>\n<p><img decoding=\"async\" src=\"https:\/\/www.encontrasaogoncalo.com.br\/sobre\/wp-content\/uploads\/caravana-vai-a-monjolos-e-santa-izabel-neste-fim-de-semana.webp\" alt=\"Caravana vai a Monjolos e Santa Izabel\" loading=\"lazy\" \/><\/p>\n<ul>\n<li><strong>S\u00e1bado (1\u00ba):<\/strong> Avenida Itamarati (Campo do Canequinho) \u2013 Monjolos, das 9h \u00e0s 13h.<\/li>\n<li><strong>Domingo (2):<\/strong> Rua Almerinda Veloso da Cunha (Pra\u00e7a de Itaitindiba) \u2013 Santa Izabel, das 9h \u00e0s 13h.<\/li>\n<\/ul>\n<h2>Hor\u00e1rio das Atividades<\/h2>\n<p>As atividades est\u00e3o programadas para ocorrer das 9h \u00e0s 13h, proporcionando uma manh\u00e3 inteira de divers\u00e3o. A popula\u00e7\u00e3o est\u00e1 convidada a participar e aproveitar os momentos de lazer.<\/p>\n<h2>Como Participar da Caravana?<\/h2>\n<p>A participa\u00e7\u00e3o \u00e9 totalmente gratuita. Os interessados devem comparecer aos locais indicados nas datas mencionadas. N\u00e3o \u00e9 necess\u00e1rio realizar qualquer tipo de inscri\u00e7\u00e3o ou cadastro pr\u00e9vio, basta chegar e se divertir!<\/p>\n<h2>Benef\u00edcios das Atividades para as Crian\u00e7as<\/h2>\n<p>A participa\u00e7\u00e3o nas atividades da Caravana traz diversos benef\u00edcios para as crian\u00e7as, entre eles:<\/p>\n<ul>\n<li><strong>Est\u00edmulo f\u00edsico:<\/strong> O envolvimento em atividades f\u00edsicas ajuda no desenvolvimento motor e na sa\u00fade.<\/li>\n<li><strong>Desenvolvimento social:<\/strong> As crian\u00e7as t\u00eam a oportunidade de interagir e fazer novas amizades durante as brincadeiras.<\/li>\n<li><strong>Estimula\u00e7\u00e3o creativa:<\/strong> As oficinas incentivam a criatividade e a express\u00e3o art\u00edstica.<\/li>\n<li><strong>Momentos de alegria:<\/strong> O ambiente festivo e divertido contribui para a felicidade infantil.<\/li>\n<\/ul>\n<h2>A Import\u00e2ncia do Lazer na Inf\u00e2ncia<\/h2>\n<p>O lazer \u00e9 fundamental para o desenvolvimento saud\u00e1vel das crian\u00e7as. Atividades recreativas ajudam na forma\u00e7\u00e3o da personalidade, promovem a sa\u00fade mental e fortalecem os la\u00e7os sociais. Brincar \u00e9 uma forma essencial pela qual as crian\u00e7as aprendem a interagir com o mundo e com os outros.<\/p>\n<h2>Organiza\u00e7\u00e3o e Apoio da Faelsg<\/h2>\n<p>A organiza\u00e7\u00e3o da Caravana \u00e9 realizada pela <strong>Funda\u00e7\u00e3o de Artes, Esporte e Lazer de S\u00e3o Gon\u00e7alo<\/strong>, que possui um compromisso com a promo\u00e7\u00e3o de atividades culturais e de lazer na cidade. O apoio da funda\u00e7\u00e3o \u00e9 fundamental para que eventos como este possam acontecer de maneira segura e estruturada.<\/p>\n<h2>Expectativas para Este Fim de Semana<\/h2>\n<p>Com a proximidade do primeiro fim de semana de agosto, as expectativas s\u00e3o altas por parte da comunidade. A Caravana de Arte e Lazer promete reunir um grande n\u00famero de crian\u00e7as e fam\u00edlias, proporcionando momentos de alegria e descontra\u00e7\u00e3o para os participantes.<\/p>\n<h2>Depoimentos de Participantes Anteriores<\/h2>\n<p>Participantes de edi\u00e7\u00f5es anteriores relataram experi\u00eancias positivas e inesquec\u00edveis durante as caravanas. As m\u00e3es e pais destacam a alegria dos filhos e a qualidade das atividades oferecidas, refor\u00e7ando a import\u00e2ncia desse projeto para a comunidade. As crian\u00e7as, por sua vez, adoram poder brincar, explorar e socializar com outras crian\u00e7as.<\/p>\n\n<div style=\"font-size: 0px; height: 0px; line-height: 0px; margin: 0; padding: 0; clear: both;\"><\/div>","protected":false},"excerpt":{"rendered":"<p>Caravana vai a Monjolos e Santa Izabel com atividades gratuitas para as crian\u00e7as.<\/p>\n","protected":false},"author":1,"featured_media":2645,"comment_status":"open","ping_status":"closed","sticky":false,"template":"","format":"standard","meta":{"footnotes":""},"categories":[34],"tags":[],"class_list":["post-2646","post","type-post","status-publish","format-standard","has-post-thumbnail","hentry","category-lugares-em-sao-goncalo","has_thumb"],"aioseo_notices":[],"aioseo_head":"\n\t\t<!-- All in One SEO 5.0.0.1 - aioseo.com -->\n\t<meta name=\"robots\" content=\"max-image-preview:large\" \/>\n\t<meta name=\"author\" content=\"Encontra S\u00e3o Gon\u00e7alo\"\/>\n\t<link rel=\"canonical\" href=\"https:\/\/www.encontrasaogoncalo.com.br\/sobre\/caravana-vai-a-monjolos-e-santa-izabel-neste-fim-de-semana\/\" \/>\n\t<meta name=\"generator\" content=\"All in One SEO (AIOSEO) 5.0.0.1\" \/>\n\t\t<meta property=\"og:locale\" content=\"pt_BR\" \/>\n\t\t<meta property=\"og:site_name\" content=\"Encontra S\u00e3o Gon\u00e7alo | Not\u00edcias, eventos, informa\u00e7\u00f5es e dicas da cidade de S\u00e3o Gon\u00e7alo e regi\u00e3o\" \/>\n\t\t<meta property=\"og:type\" content=\"article\" \/>\n\t\t<meta property=\"og:title\" content=\"Caravana vai a Monjolos e Santa Izabel neste fim de semana | Encontra S\u00e3o Gon\u00e7alo\" \/>\n\t\t<meta property=\"og:url\" content=\"https:\/\/www.encontrasaogoncalo.com.br\/sobre\/caravana-vai-a-monjolos-e-santa-izabel-neste-fim-de-semana\/\" \/>\n\t\t<meta property=\"article:published_time\" content=\"2026-08-19T05:56:55+00:00\" \/>\n\t\t<meta property=\"article:modified_time\" content=\"2026-08-19T05:56:55+00:00\" \/>\n\t\t<meta name=\"twitter:card\" content=\"summary\" \/>\n\t\t<meta name=\"twitter:title\" content=\"Caravana vai a Monjolos e Santa Izabel neste fim de semana | Encontra S\u00e3o Gon\u00e7alo\" \/>\n\t\t<script type=\"application\/ld+json\" class=\"aioseo-schema\">\n\t\t\t{\"@context\":\"https:\\\/\\\/schema.org\",\"@graph\":[{\"@type\":\"Article\",\"@id\":\"https:\\\/\\\/www.encontrasaogoncalo.com.br\\\/sobre\\\/caravana-vai-a-monjolos-e-santa-izabel-neste-fim-de-semana\\\/#article\",\"name\":\"Caravana vai a Monjolos e Santa Izabel neste fim de semana | Encontra S\\u00e3o Gon\\u00e7alo\",\"headline\":\"Caravana vai a Monjolos e Santa Izabel neste fim de semana\",\"author\":{\"@id\":\"https:\\\/\\\/www.encontrasaogoncalo.com.br\\\/sobre\\\/author\\\/esaogoncalo\\\/#author\"},\"publisher\":{\"@id\":\"https:\\\/\\\/www.encontrasaogoncalo.com.br\\\/sobre\\\/#organization\"},\"image\":{\"@type\":\"ImageObject\",\"url\":\"https:\\\/\\\/www.encontrasaogoncalo.com.br\\\/sobre\\\/wp-content\\\/uploads\\\/caravana-vai-a-monjolos-e-santa-izabel-neste-fim-de-semana.webp\",\"width\":280,\"height\":280,\"caption\":\"Caravana vai a Monjolos e Santa Izabel\"},\"datePublished\":\"2026-08-19T05:56:55+00:00\",\"dateModified\":\"2026-08-19T05:56:55+00:00\",\"inLanguage\":\"pt-BR\",\"mainEntityOfPage\":{\"@id\":\"https:\\\/\\\/www.encontrasaogoncalo.com.br\\\/sobre\\\/caravana-vai-a-monjolos-e-santa-izabel-neste-fim-de-semana\\\/#webpage\"},\"isPartOf\":{\"@id\":\"https:\\\/\\\/www.encontrasaogoncalo.com.br\\\/sobre\\\/caravana-vai-a-monjolos-e-santa-izabel-neste-fim-de-semana\\\/#webpage\"},\"articleSection\":\"Lugares em S\\u00e3o Gon\\u00e7alo\"},{\"@type\":\"BreadcrumbList\",\"@id\":\"https:\\\/\\\/www.encontrasaogoncalo.com.br\\\/sobre\\\/caravana-vai-a-monjolos-e-santa-izabel-neste-fim-de-semana\\\/#breadcrumblist\",\"itemListElement\":[{\"@type\":\"ListItem\",\"@id\":\"https:\\\/\\\/www.encontrasaogoncalo.com.br\\\/sobre#listItem\",\"position\":1,\"name\":\"In\\u00edcio\",\"item\":\"https:\\\/\\\/www.encontrasaogoncalo.com.br\\\/sobre\",\"nextItem\":{\"@type\":\"ListItem\",\"@id\":\"https:\\\/\\\/www.encontrasaogoncalo.com.br\\\/sobre\\\/lugares-em-sao-goncalo\\\/#listItem\",\"name\":\"Lugares em S\\u00e3o Gon\\u00e7alo\"}},{\"@type\":\"ListItem\",\"@id\":\"https:\\\/\\\/www.encontrasaogoncalo.com.br\\\/sobre\\\/lugares-em-sao-goncalo\\\/#listItem\",\"position\":2,\"name\":\"Lugares em S\\u00e3o Gon\\u00e7alo\",\"item\":\"https:\\\/\\\/www.encontrasaogoncalo.com.br\\\/sobre\\\/lugares-em-sao-goncalo\\\/\",\"nextItem\":{\"@type\":\"ListItem\",\"@id\":\"https:\\\/\\\/www.encontrasaogoncalo.com.br\\\/sobre\\\/caravana-vai-a-monjolos-e-santa-izabel-neste-fim-de-semana\\\/#listItem\",\"name\":\"Caravana vai a Monjolos e Santa Izabel neste fim de semana\"},\"previousItem\":{\"@type\":\"ListItem\",\"@id\":\"https:\\\/\\\/www.encontrasaogoncalo.com.br\\\/sobre#listItem\",\"name\":\"In\\u00edcio\"}},{\"@type\":\"ListItem\",\"@id\":\"https:\\\/\\\/www.encontrasaogoncalo.com.br\\\/sobre\\\/caravana-vai-a-monjolos-e-santa-izabel-neste-fim-de-semana\\\/#listItem\",\"position\":3,\"name\":\"Caravana vai a Monjolos e Santa Izabel neste fim de semana\",\"previousItem\":{\"@type\":\"ListItem\",\"@id\":\"https:\\\/\\\/www.encontrasaogoncalo.com.br\\\/sobre\\\/lugares-em-sao-goncalo\\\/#listItem\",\"name\":\"Lugares em S\\u00e3o Gon\\u00e7alo\"}}]},{\"@type\":\"Organization\",\"@id\":\"https:\\\/\\\/www.encontrasaogoncalo.com.br\\\/sobre\\\/#organization\",\"name\":\"Encontra S\\u00e3o Gon\\u00e7alo\",\"description\":\"Not\\u00edcias, eventos, informa\\u00e7\\u00f5es e dicas da cidade de S\\u00e3o Gon\\u00e7alo e regi\\u00e3o\",\"url\":\"https:\\\/\\\/www.encontrasaogoncalo.com.br\\\/sobre\\\/\"},{\"@type\":\"Person\",\"@id\":\"https:\\\/\\\/www.encontrasaogoncalo.com.br\\\/sobre\\\/author\\\/esaogoncalo\\\/#author\",\"url\":\"https:\\\/\\\/www.encontrasaogoncalo.com.br\\\/sobre\\\/author\\\/esaogoncalo\\\/\",\"name\":\"Encontra S\\u00e3o Gon\\u00e7alo\",\"image\":{\"@type\":\"ImageObject\",\"@id\":\"https:\\\/\\\/www.encontrasaogoncalo.com.br\\\/sobre\\\/caravana-vai-a-monjolos-e-santa-izabel-neste-fim-de-semana\\\/#authorImage\",\"url\":\"https:\\\/\\\/secure.gravatar.com\\\/avatar\\\/507340682b8270222e1f208e23198b6ae7e2c6a1033ae84e99bc6bce4f82a387?s=96&d=mm&r=g\",\"width\":96,\"height\":96,\"caption\":\"Encontra S\\u00e3o Gon\\u00e7alo\"}},{\"@type\":\"WebPage\",\"@id\":\"https:\\\/\\\/www.encontrasaogoncalo.com.br\\\/sobre\\\/caravana-vai-a-monjolos-e-santa-izabel-neste-fim-de-semana\\\/#webpage\",\"url\":\"https:\\\/\\\/www.encontrasaogoncalo.com.br\\\/sobre\\\/caravana-vai-a-monjolos-e-santa-izabel-neste-fim-de-semana\\\/\",\"name\":\"Caravana vai a Monjolos e Santa Izabel neste fim de semana | Encontra S\\u00e3o Gon\\u00e7alo\",\"inLanguage\":\"pt-BR\",\"isPartOf\":{\"@id\":\"https:\\\/\\\/www.encontrasaogoncalo.com.br\\\/sobre\\\/#website\"},\"breadcrumb\":{\"@id\":\"https:\\\/\\\/www.encontrasaogoncalo.com.br\\\/sobre\\\/caravana-vai-a-monjolos-e-santa-izabel-neste-fim-de-semana\\\/#breadcrumblist\"},\"author\":{\"@id\":\"https:\\\/\\\/www.encontrasaogoncalo.com.br\\\/sobre\\\/author\\\/esaogoncalo\\\/#author\"},\"creator\":{\"@id\":\"https:\\\/\\\/www.encontrasaogoncalo.com.br\\\/sobre\\\/author\\\/esaogoncalo\\\/#author\"},\"image\":{\"@type\":\"ImageObject\",\"url\":\"https:\\\/\\\/www.encontrasaogoncalo.com.br\\\/sobre\\\/wp-content\\\/uploads\\\/caravana-vai-a-monjolos-e-santa-izabel-neste-fim-de-semana.webp\",\"@id\":\"https:\\\/\\\/www.encontrasaogoncalo.com.br\\\/sobre\\\/caravana-vai-a-monjolos-e-santa-izabel-neste-fim-de-semana\\\/#mainImage\",\"width\":280,\"height\":280,\"caption\":\"Caravana vai a Monjolos e Santa Izabel\"},\"primaryImageOfPage\":{\"@id\":\"https:\\\/\\\/www.encontrasaogoncalo.com.br\\\/sobre\\\/caravana-vai-a-monjolos-e-santa-izabel-neste-fim-de-semana\\\/#mainImage\"},\"datePublished\":\"2026-08-19T05:56:55+00:00\",\"dateModified\":\"2026-08-19T05:56:55+00:00\"},{\"@type\":\"WebSite\",\"@id\":\"https:\\\/\\\/www.encontrasaogoncalo.com.br\\\/sobre\\\/#website\",\"url\":\"https:\\\/\\\/www.encontrasaogoncalo.com.br\\\/sobre\\\/\",\"name\":\"Encontra S\\u00e3o Gon\\u00e7alo\",\"description\":\"Not\\u00edcias, eventos, informa\\u00e7\\u00f5es e dicas da cidade de S\\u00e3o Gon\\u00e7alo e regi\\u00e3o\",\"inLanguage\":\"pt-BR\",\"publisher\":{\"@id\":\"https:\\\/\\\/www.encontrasaogoncalo.com.br\\\/sobre\\\/#organization\"}}]}\n\t\t<\/script>\n\t\t<!-- All in One SEO -->\n\n","aioseo_head_json":{"title":"Caravana vai a Monjolos e Santa Izabel neste fim de semana | Encontra S\u00e3o Gon\u00e7alo","description":"","canonical_url":"https:\/\/www.encontrasaogoncalo.com.br\/sobre\/caravana-vai-a-monjolos-e-santa-izabel-neste-fim-de-semana\/","robots":"max-image-preview:large","keywords":"","webmasterTools":{"miscellaneous":""},"schema":{"@context":"https:\/\/schema.org","@graph":[{"@type":"Article","@id":"https:\/\/www.encontrasaogoncalo.com.br\/sobre\/caravana-vai-a-monjolos-e-santa-izabel-neste-fim-de-semana\/#article","name":"Caravana vai a Monjolos e Santa Izabel neste fim de semana | Encontra S\u00e3o Gon\u00e7alo","headline":"Caravana vai a Monjolos e Santa Izabel neste fim de semana","author":{"@id":"https:\/\/www.encontrasaogoncalo.com.br\/sobre\/author\/esaogoncalo\/#author"},"publisher":{"@id":"https:\/\/www.encontrasaogoncalo.com.br\/sobre\/#organization"},"image":{"@type":"ImageObject","url":"https:\/\/www.encontrasaogoncalo.com.br\/sobre\/wp-content\/uploads\/caravana-vai-a-monjolos-e-santa-izabel-neste-fim-de-semana.webp","width":280,"height":280,"caption":"Caravana vai a Monjolos e Santa Izabel"},"datePublished":"2026-08-19T05:56:55+00:00","dateModified":"2026-08-19T05:56:55+00:00","inLanguage":"pt-BR","mainEntityOfPage":{"@id":"https:\/\/www.encontrasaogoncalo.com.br\/sobre\/caravana-vai-a-monjolos-e-santa-izabel-neste-fim-de-semana\/#webpage"},"isPartOf":{"@id":"https:\/\/www.encontrasaogoncalo.com.br\/sobre\/caravana-vai-a-monjolos-e-santa-izabel-neste-fim-de-semana\/#webpage"},"articleSection":"Lugares em S\u00e3o Gon\u00e7alo"},{"@type":"BreadcrumbList","@id":"https:\/\/www.encontrasaogoncalo.com.br\/sobre\/caravana-vai-a-monjolos-e-santa-izabel-neste-fim-de-semana\/#breadcrumblist","itemListElement":[{"@type":"ListItem","@id":"https:\/\/www.encontrasaogoncalo.com.br\/sobre#listItem","position":1,"name":"In\u00edcio","item":"https:\/\/www.encontrasaogoncalo.com.br\/sobre","nextItem":{"@type":"ListItem","@id":"https:\/\/www.encontrasaogoncalo.com.br\/sobre\/lugares-em-sao-goncalo\/#listItem","name":"Lugares em S\u00e3o Gon\u00e7alo"}},{"@type":"ListItem","@id":"https:\/\/www.encontrasaogoncalo.com.br\/sobre\/lugares-em-sao-goncalo\/#listItem","position":2,"name":"Lugares em S\u00e3o Gon\u00e7alo","item":"https:\/\/www.encontrasaogoncalo.com.br\/sobre\/lugares-em-sao-goncalo\/","nextItem":{"@type":"ListItem","@id":"https:\/\/www.encontrasaogoncalo.com.br\/sobre\/caravana-vai-a-monjolos-e-santa-izabel-neste-fim-de-semana\/#listItem","name":"Caravana vai a Monjolos e Santa Izabel neste fim de semana"},"previousItem":{"@type":"ListItem","@id":"https:\/\/www.encontrasaogoncalo.com.br\/sobre#listItem","name":"In\u00edcio"}},{"@type":"ListItem","@id":"https:\/\/www.encontrasaogoncalo.com.br\/sobre\/caravana-vai-a-monjolos-e-santa-izabel-neste-fim-de-semana\/#listItem","position":3,"name":"Caravana vai a Monjolos e Santa Izabel neste fim de semana","previousItem":{"@type":"ListItem","@id":"https:\/\/www.encontrasaogoncalo.com.br\/sobre\/lugares-em-sao-goncalo\/#listItem","name":"Lugares em S\u00e3o Gon\u00e7alo"}}]},{"@type":"Organization","@id":"https:\/\/www.encontrasaogoncalo.com.br\/sobre\/#organization","name":"Encontra S\u00e3o Gon\u00e7alo","description":"Not\u00edcias, eventos, informa\u00e7\u00f5es e dicas da cidade de S\u00e3o Gon\u00e7alo e regi\u00e3o","url":"https:\/\/www.encontrasaogoncalo.com.br\/sobre\/"},{"@type":"Person","@id":"https:\/\/www.encontrasaogoncalo.com.br\/sobre\/author\/esaogoncalo\/#author","url":"https:\/\/www.encontrasaogoncalo.com.br\/sobre\/author\/esaogoncalo\/","name":"Encontra S\u00e3o Gon\u00e7alo","image":{"@type":"ImageObject","@id":"https:\/\/www.encontrasaogoncalo.com.br\/sobre\/caravana-vai-a-monjolos-e-santa-izabel-neste-fim-de-semana\/#authorImage","url":"https:\/\/secure.gravatar.com\/avatar\/507340682b8270222e1f208e23198b6ae7e2c6a1033ae84e99bc6bce4f82a387?s=96&d=mm&r=g","width":96,"height":96,"caption":"Encontra S\u00e3o Gon\u00e7alo"}},{"@type":"WebPage","@id":"https:\/\/www.encontrasaogoncalo.com.br\/sobre\/caravana-vai-a-monjolos-e-santa-izabel-neste-fim-de-semana\/#webpage","url":"https:\/\/www.encontrasaogoncalo.com.br\/sobre\/caravana-vai-a-monjolos-e-santa-izabel-neste-fim-de-semana\/","name":"Caravana vai a Monjolos e Santa Izabel neste fim de semana | Encontra S\u00e3o Gon\u00e7alo","inLanguage":"pt-BR","isPartOf":{"@id":"https:\/\/www.encontrasaogoncalo.com.br\/sobre\/#website"},"breadcrumb":{"@id":"https:\/\/www.encontrasaogoncalo.com.br\/sobre\/caravana-vai-a-monjolos-e-santa-izabel-neste-fim-de-semana\/#breadcrumblist"},"author":{"@id":"https:\/\/www.encontrasaogoncalo.com.br\/sobre\/author\/esaogoncalo\/#author"},"creator":{"@id":"https:\/\/www.encontrasaogoncalo.com.br\/sobre\/author\/esaogoncalo\/#author"},"image":{"@type":"ImageObject","url":"https:\/\/www.encontrasaogoncalo.com.br\/sobre\/wp-content\/uploads\/caravana-vai-a-monjolos-e-santa-izabel-neste-fim-de-semana.webp","@id":"https:\/\/www.encontrasaogoncalo.com.br\/sobre\/caravana-vai-a-monjolos-e-santa-izabel-neste-fim-de-semana\/#mainImage","width":280,"height":280,"caption":"Caravana vai a Monjolos e Santa Izabel"},"primaryImageOfPage":{"@id":"https:\/\/www.encontrasaogoncalo.com.br\/sobre\/caravana-vai-a-monjolos-e-santa-izabel-neste-fim-de-semana\/#mainImage"},"datePublished":"2026-08-19T05:56:55+00:00","dateModified":"2026-08-19T05:56:55+00:00"},{"@type":"WebSite","@id":"https:\/\/www.encontrasaogoncalo.com.br\/sobre\/#website","url":"https:\/\/www.encontrasaogoncalo.com.br\/sobre\/","name":"Encontra S\u00e3o Gon\u00e7alo","description":"Not\u00edcias, eventos, informa\u00e7\u00f5es e dicas da cidade de S\u00e3o Gon\u00e7alo e regi\u00e3o","inLanguage":"pt-BR","publisher":{"@id":"https:\/\/www.encontrasaogoncalo.com.br\/sobre\/#organization"}}]},"og:locale":"pt_BR","og:site_name":"Encontra S\u00e3o Gon\u00e7alo | Not\u00edcias, eventos, informa\u00e7\u00f5es e dicas da cidade de S\u00e3o Gon\u00e7alo e regi\u00e3o","og:type":"article","og:title":"Caravana vai a Monjolos e Santa Izabel neste fim de semana | Encontra S\u00e3o Gon\u00e7alo","og:url":"https:\/\/www.encontrasaogoncalo.com.br\/sobre\/caravana-vai-a-monjolos-e-santa-izabel-neste-fim-de-semana\/","article:published_time":"2026-08-19T05:56:55+00:00","article:modified_time":"2026-08-19T05:56:55+00:00","twitter:card":"summary","twitter:title":"Caravana vai a Monjolos e Santa Izabel neste fim de semana | Encontra S\u00e3o Gon\u00e7alo"},"aioseo_meta_data":{"post_id":"2646","title":null,"description":null,"keywords":null,"keyphrases":null,"primary_term":null,"canonical_url":null,"og_title":null,"og_description":null,"og_object_type":"default","og_image_type":"default","og_image_url":null,"og_image_width":null,"og_image_height":null,"og_image_custom_url":null,"og_image_custom_fields":null,"og_video":null,"og_custom_url":null,"og_article_section":null,"og_article_tags":null,"twitter_use_og":false,"twitter_card":"default","twitter_image_type":"default","twitter_image_url":null,"twitter_image_custom_url":null,"twitter_image_custom_fields":null,"twitter_title":null,"twitter_description":null,"schema":{"blockGraphs":[],"customGraphs":[],"default":{"data":{"Article":[],"Course":[],"Dataset":[],"FAQPage":[],"Movie":[],"Person":[],"Product":[],"ProductReview":[],"Car":[],"Recipe":[],"Service":[],"SoftwareApplication":[],"WebPage":[]},"graphName":"Article","isEnabled":true},"graphs":[]},"schema_type":"default","schema_type_options":null,"pillar_content":false,"robots_default":true,"robots_noindex":false,"robots_noarchive":false,"robots_nosnippet":false,"robots_nofollow":false,"robots_noimageindex":false,"robots_noodp":false,"robots_notranslate":false,"robots_max_snippet":null,"robots_max_videopreview":null,"robots_max_imagepreview":"large","priority":null,"frequency":null,"local_seo":null,"breadcrumb_settings":null,"limit_modified_date":false,"ai":null,"created":"2026-08-19 05:56:56","updated":"2026-08-19 07:11:12","focus_keyword":null,"additional_keywords":null,"truseo_locale":null,"seo_analyzer_scan_date":null},"aioseo_breadcrumb":"<div class=\"aioseo-breadcrumbs\"><span class=\"aioseo-breadcrumb\">\n\t\t\t<a href=\"https:\/\/www.encontrasaogoncalo.com.br\/sobre\" title=\"In\u00edcio\">In\u00edcio<\/a>\n\t\t<\/span><span class=\"aioseo-breadcrumb-separator\">&raquo;<\/span><span class=\"aioseo-breadcrumb\">\n\t\t\t<a href=\"https:\/\/www.encontrasaogoncalo.com.br\/sobre\/lugares-em-sao-goncalo\/\" title=\"Lugares em S\u00e3o Gon\u00e7alo\">Lugares em S\u00e3o Gon\u00e7alo<\/a>\n\t\t<\/span><span class=\"aioseo-breadcrumb-separator\">&raquo;<\/span><span class=\"aioseo-breadcrumb\">\n\t\t\tCaravana vai a Monjolos e Santa Izabel neste fim de semana\n\t\t<\/span><\/div>","aioseo_breadcrumb_json":[{"label":"In\u00edcio","link":"https:\/\/www.encontrasaogoncalo.com.br\/sobre"},{"label":"Lugares em S\u00e3o Gon\u00e7alo","link":"https:\/\/www.encontrasaogoncalo.com.br\/sobre\/lugares-em-sao-goncalo\/"},{"label":"Caravana vai a Monjolos e Santa Izabel neste fim de semana","link":"https:\/\/www.encontrasaogoncalo.com.br\/sobre\/caravana-vai-a-monjolos-e-santa-izabel-neste-fim-de-semana\/"}],"_links":{"self":[{"href":"https:\/\/www.encontrasaogoncalo.com.br\/sobre\/wp-json\/wp\/v2\/posts\/2646","targetHints":{"allow":["GET"]}}],"collection":[{"href":"https:\/\/www.encontrasaogoncalo.com.br\/sobre\/wp-json\/wp\/v2\/posts"}],"about":[{"href":"https:\/\/www.encontrasaogoncalo.com.br\/sobre\/wp-json\/wp\/v2\/types\/post"}],"author":[{"embeddable":true,"href":"https:\/\/www.encontrasaogoncalo.com.br\/sobre\/wp-json\/wp\/v2\/users\/1"}],"replies":[{"embeddable":true,"href":"https:\/\/www.encontrasaogoncalo.com.br\/sobre\/wp-json\/wp\/v2\/comments?post=2646"}],"version-history":[{"count":0,"href":"https:\/\/www.encontrasaogoncalo.com.br\/sobre\/wp-json\/wp\/v2\/posts\/2646\/revisions"}],"wp:featuredmedia":[{"embeddable":true,"href":"https:\/\/www.encontrasaogoncalo.com.br\/sobre\/wp-json\/wp\/v2\/media\/2645"}],"wp:attachment":[{"href":"https:\/\/www.encontrasaogoncalo.com.br\/sobre\/wp-json\/wp\/v2\/media?parent=2646"}],"wp:term":[{"taxonomy":"category","embeddable":true,"href":"https:\/\/www.encontrasaogoncalo.com.br\/sobre\/wp-json\/wp\/v2\/categories?post=2646"},{"taxonomy":"post_tag","embeddable":true,"href":"https:\/\/www.encontrasaogoncalo.com.br\/sobre\/wp-json\/wp\/v2\/tags?post=2646"}],"curies":[{"name":"wp","href":"https:\/\/api.w.org\/{rel}","templated":true}]}}